{"id":84197,"date":"2025-01-26T12:50:16","date_gmt":"2025-01-26T11:50:16","guid":{"rendered":"https:\/\/www.startlap.hu\/utazas\/?p=84197"},"modified":"2025-01-26T12:50:16","modified_gmt":"2025-01-26T11:50:16","slug":"macska-repules-uj-zeland-ausztralia","status":"publish","type":"post","link":"https:\/\/www.startlap.hu\/utazas\/macska-repules-uj-zeland-ausztralia\/","title":{"rendered":"12 ezer kilom\u00e9tert rep\u00fclt Mittens, az elveszett cica, miel\u0151tt hazatal\u00e1lt"},"content":{"rendered":"<p>A 8 \u00e9ves Maine Coon macsk\u00e1nak az \u00faj-z\u00e9landi Christchurchb\u0151l az ausztr\u00e1liai Melbourne-ben l\u00e9v\u0151 \u00faj otthon\u00e1ba kellett volna eljutnia janu\u00e1r 13-\u00e1n. Mittens gazdija, Margo azonban \u00f3r\u00e1kon \u00e1t hi\u00e1ba v\u00e1rta, hogy el\u0151bukkanjon az \u00e1llata a rep\u00fcl\u0151g\u00e9p rakter\u00e9b\u0151l. V\u00e9g\u00fcl a f\u00f6ldi kiszolg\u00e1l\u00f3kt\u00f3l megtudta, hog<strong>y a macsk\u00e1ja v\u00e9letlen\u00fcl a rep\u00fcl\u0151vel egy\u00fctt visszat\u00e9rt sz\u00fcl\u0151haz\u00e1j\u00e1ba, \u00daj-Z\u00e9landra<\/strong>. A cicus ketrec\u00e9t egy kerekessz\u00e9k takarta el a csomagkezel\u0151 el\u0151l &#8211; \u00edrja a&nbsp;<strong><a href=\"https:\/\/edition.cnn.com\/2025\/01\/22\/travel\/mittens-cat-australia-new-zealand-intl-hnk\/index.html\" target=\"_blank\" target=\"_blank\" rel=\"noopener noreferrer\">CNN<\/a>.<\/strong><\/p>\n<figure id=\"attachment_84199\" aria-describedby=\"caption-attachment-84199\" style=\"width: 755px\" class=\"wp-caption alignnone\"><img loading=\"lazy\" decoding=\"async\" class=\"size-article-size-large-image wp-image-84199\" src=\"https:\/\/www.startlap.hu\/utazas\/uploads\/sites\/3\/2025\/01\/068_AA_02122017_648606-755x503.jpg\" alt=\"Maine Coon macska\" width=\"755\" height=\"503\" srcset=\"https:\/\/www.startlap.hu\/utazas\/uploads\/sites\/3\/2025\/01\/068_AA_02122017_648606-755x503.jpg 755w, https:\/\/www.startlap.hu\/utazas\/uploads\/sites\/3\/2025\/01\/068_AA_02122017_648606-526x350.jpg 526w, https:\/\/www.startlap.hu\/utazas\/uploads\/sites\/3\/2025\/01\/068_AA_02122017_648606.jpg 1024w\" sizes=\"auto, (max-width: 755px) 100vw, 755px\" \/><figcaption id=\"caption-attachment-84199\" class=\"wp-caption-text\">Fot\u00f3: AFP<\/figcaption><\/figure>\n<p>A <strong>7,5 \u00f3r\u00e1s utat igyekeztek a lehet\u0151 legk\u00e9nyelmesebb\u00e9 var\u00e1zsolni a v\u00e9letlen potyautasnak<\/strong>: miut\u00e1n az <a href=\"https:\/\/www.startlap.hu\/utazas\/emeletesagy-airnewzealand-turistaosztaly\/\" target=\"_blank\" rel=\"noopener noreferrer\"><strong>Air New Zealand<\/strong><\/a> pil\u00f3t\u00e1ja a rep\u00fcl\u00e9s sor\u00e1n \u00e9rtes\u00fclt a plusz utasr\u00f3l, bekapcsolta a f\u0171t\u00e9st a rakt\u00e9rben.<\/p>\n<p>Mittens utaz\u00e1s\u00e1t egy kis\u00e1llatokat sz\u00e1ll\u00edt\u00f3 c\u00e9g szervezte, akik Christchurchben tal\u00e1lkoztak a macsk\u00e1val, \u00e9s gondoskodtak r\u00f3la, hogy ism\u00e9t elinduljon Melbourne-be &#8211; \u00e9s ez\u00fattal el is hagyja a g\u00e9pet.<\/p>\n<blockquote class=\"article__extraTxt\"><p>A kis\u00e1llat s\u00e9rtetlen\u00fcl, ugyanakkor n\u00e9mi s\u00falyvesztes\u00e9ggel v\u00e9szelte \u00e1t az utat. \u00c9s a szem\u00e9lyis\u00e9ge is megv\u00e1ltozott egy kicsit.<\/p><\/blockquote>\n<p>Mittens gazd\u00e1ja elmondta, nagyon megk\u00f6nnyebb\u00fclt, amikor visszakapta <strong><a href=\"https:\/\/www.startlap.hu\/vasarlas\/elon-musk-tesla-macskajatek-2023\/\" target=\"_blank\" rel=\"noopener noreferrer\">macsk\u00e1j\u00e1t<\/a><\/strong>, aki szokatlanul b\u00faj\u00f3s lett, \u00e9s az\u00f3ta a lehet\u0151 legt\u00f6bb figyelmet szentelik neki.<\/p>\n<p>Az Air New Zealand k\u00f6z\u00f6lte, megt\u00e9r\u00edtik Mittens utaz\u00e1s\u00e1nak teljes k\u00f6lts\u00e9get, eln\u00e9z\u00e9st k\u00e9rtek, \u00e9s fogadkoztak, hogy mindent megtesznek annak \u00e9rdek\u00e9ben, hogy ilyesmi ne fordulhasson m\u00e9g egyszer el\u0151.<\/p>\n<div class=\"o-widget m-readMoreWidget -readMore u-shortDecorLineAfter row widget-container _ce_measure_widget bigdata-widget read-more\" data-ce-measure-widget=\"olvass tov\u00e1bb\">\n\t<div class=\"m-readMoreWidget__imgWrapper image-wrapper col-12 col-md-4 no-p\">\n\t\t<a class=\"m-readMoreWidget__imgLink\" href=\"https:\/\/www.startlap.hu\/utazas\/vak-latasserult-utas-hong-kong-legitarsasag\/\" >\n\t\t\t<img decoding=\"async\" src=\"https:\/\/www.startlap.hu\/utazas\/uploads\/sites\/3\/2024\/07\/hkexpress-350x285.jpg\" class=\"m-readMoreWidget__img\">\n\t\t<\/a>\n\t<\/div>\n\t<div class=\"m-readMoreWidget__titleWrapper title-wrapper col-12 col-md-8\">\n\t\t<span class=\"m-readMoreWidget__titleLabel u-shortDecorLineBefore label hidden-sm-up\">Ez is \u00e9rdekelhet:<\/span>\n\t\t<h3 class=\"m-readMoreWidget__title title\">\n\t\t\t<a class=\"m-readMoreWidget__titleLink -secondFont u-bold u-upperCase\" href=\"https:\/\/www.startlap.hu\/utazas\/vak-latasserult-utas-hong-kong-legitarsasag\/\" >Bocs\u00e1natot k\u00e9rt a l\u00e9git\u00e1rsas\u00e1g, miut\u00e1n vak utasokat t\u00e1vol\u00edtott el a fed\u00e9lzetr\u0151l<\/a>\n\t\t<\/h3>\n\t\t<a class=\"m-readMoreWidget__btn -coloredBack u-tC link\" href=\"https:\/\/www.startlap.hu\/utazas\/vak-latasserult-utas-hong-kong-legitarsasag\/\" >Elolvasom<\/a>\n\t<\/div>\n<\/div>\n","protected":false},"excerpt":{"rendered":"<p>T\u00e9ved\u00e9sb\u0151l gyakorlott l\u00e9giutas lett egy \u00faj-z\u00e9landi cic\u00e1b\u00f3l, aki 24 \u00f3ra leforg\u00e1sa alatt h\u00e1romszor tette meg az utat \u00daj-Z\u00e9land \u00e9s Ausztr\u00e1lia k\u00f6z\u00f6tt.<\/p>\n","protected":false},"author":14,"featured_media":84199,"comment_status":"closed","ping_status":"closed","sticky":false,"template":"","format":"standard","meta":{"footnotes":""},"categories":[70],"tags":[3893,1226,204],"class_list":["post-84197","post","type-post","status-publish","format-standard","has-post-thumbnail","hentry","category-vilag","tag-air-new-zealand","tag-macska","tag-repules"],"aioseo_notices":[],"_links":{"self":[{"href":"https:\/\/www.startlap.hu\/utazas\/wp-json\/wp\/v2\/posts\/84197","targetHints":{"allow":["GET"]}}],"collection":[{"href":"https:\/\/www.startlap.hu\/utazas\/wp-json\/wp\/v2\/posts"}],"about":[{"href":"https:\/\/www.startlap.hu\/utazas\/wp-json\/wp\/v2\/types\/post"}],"author":[{"embeddable":true,"href":"https:\/\/www.startlap.hu\/utazas\/wp-json\/wp\/v2\/users\/14"}],"replies":[{"embeddable":true,"href":"https:\/\/www.startlap.hu\/utazas\/wp-json\/wp\/v2\/comments?post=84197"}],"version-history":[{"count":2,"href":"https:\/\/www.startlap.hu\/utazas\/wp-json\/wp\/v2\/posts\/84197\/revisions"}],"predecessor-version":[{"id":84202,"href":"https:\/\/www.startlap.hu\/utazas\/wp-json\/wp\/v2\/posts\/84197\/revisions\/84202"}],"wp:featuredmedia":[{"embeddable":true,"href":"https:\/\/www.startlap.hu\/utazas\/wp-json\/wp\/v2\/media\/84199"}],"wp:attachment":[{"href":"https:\/\/www.startlap.hu\/utazas\/wp-json\/wp\/v2\/media?parent=84197"}],"wp:term":[{"taxonomy":"category","embeddable":true,"href":"https:\/\/www.startlap.hu\/utazas\/wp-json\/wp\/v2\/categories?post=84197"},{"taxonomy":"post_tag","embeddable":true,"href":"https:\/\/www.startlap.hu\/utazas\/wp-json\/wp\/v2\/tags?post=84197"}],"curies":[{"name":"wp","href":"https:\/\/api.w.org\/{rel}","templated":true}]}}