{"id":83867,"date":"2025-01-17T18:46:03","date_gmt":"2025-01-17T17:46:03","guid":{"rendered":"https:\/\/www.startlap.hu\/utazas\/?p=83867"},"modified":"2025-09-10T15:35:45","modified_gmt":"2025-09-10T13:35:45","slug":"szlovenia-makettpark-miniatur","status":"publish","type":"post","link":"https:\/\/www.startlap.hu\/utazas\/szlovenia-makettpark-miniatur\/","title":{"rendered":"Az isonz\u00f3i front \u00e9s koncentr\u00e1ci\u00f3s t\u00e1bor miniat\u0171rben: k\u00fcl\u00f6n\u00f6s park ny\u00edlt Szlov\u00e9ni\u00e1ban"},"content":{"rendered":"<p>A Szlov\u00e9nia Miniat\u0171rben M\u00fazeum nev\u0171 l\u00e9tes\u00edtm\u00e9ny, amely a Ljubljan\u00e1t\u00f3l \u00e9szakra fekv\u0151 Sencur v\u00e1rosk\u00e1ban, <strong>Fels\u0151-Krajn\u00e1ban (Gorenjska) ny\u00edlik meg a nagyk\u00f6z\u00f6ns\u00e9g el\u0151tt janu\u00e1r 25-\u00e9n<\/strong>,&nbsp;a t\u00f6rt\u00e9nelem el\u0151tti id\u0151kt\u0151l az eur\u00f3pai uni\u00f3s csatlakoz\u00e1sig id\u00e9zi fel a kis balk\u00e1ni orsz\u00e1g t\u00f6rt\u00e9net\u00e9t, \u00e9s mutatja be emblematikus objektumait, sorsford\u00edt\u00f3 esem\u00e9nyeit.<\/p>\n<p>Miniat\u0171r v\u00e1ltozatban l\u00e1that\u00f3 egyebek k\u00f6zt a szlov\u00e9n ter\u00fcleten l\u00e9tes\u00fclt egyetlen n\u00e1ci munkat\u00e1bor, a ljubelji (Loibl), amely a mauthauseni koncentr\u00e1ci\u00f3s t\u00e1bor egyik k\u00fcls\u0151 r\u00e9szlegek\u00e9nt m\u0171k\u00f6d\u00f6tt a m\u00e1sodik vil\u00e1gh\u00e1bor\u00fa alatt,<strong> a nehezen megk\u00f6zel\u00edthet\u0151 Pasica-hegytorokban elrejtett, 1943-t\u00f3l 1945-ig m\u0171k\u00f6d\u0151 Franja Partiz\u00e1nk\u00f3rh\u00e1z<\/strong>, a <strong>vil\u00e1g leghosszabb k\u00f6z\u00fati \u00e9s vas\u00fati viaduktja, az Isonz\u00f3 f\u00f6l\u00f6tt \u00e1t\u00edvel\u0151 Solkan-h\u00edd<\/strong> vagy a<strong> legmagasabb szlov\u00e9n hegycs\u00facs, a Triglav<\/strong>.<\/p>\n<figure id=\"attachment_83872\" aria-describedby=\"caption-attachment-83872\" style=\"width: 755px\" class=\"wp-caption alignnone\"><img loading=\"lazy\" decoding=\"async\" class=\"size-article-size-large-image wp-image-83872\" src=\"https:\/\/www.startlap.hu\/utazas\/uploads\/sites\/3\/2025\/01\/045_taar04685-755x503.jpg\" alt=\"Ljubljana v\u00e1rosa\" width=\"755\" height=\"503\" srcset=\"https:\/\/www.startlap.hu\/utazas\/uploads\/sites\/3\/2025\/01\/045_taar04685-755x503.jpg 755w, https:\/\/www.startlap.hu\/utazas\/uploads\/sites\/3\/2025\/01\/045_taar04685-526x350.jpg 526w, https:\/\/www.startlap.hu\/utazas\/uploads\/sites\/3\/2025\/01\/045_taar04685.jpg 1024w\" sizes=\"auto, (max-width: 755px) 100vw, 755px\" \/><figcaption id=\"caption-attachment-83872\" class=\"wp-caption-text\">Fot\u00f3: Armand Tamboly \/ Connect Images \/ Connect Images via AFP<\/figcaption><\/figure>\n<p>Kicsiny\u00edtett m\u00e1sa l\u00e1that\u00f3 a legnagyobb szlov\u00e9n k\u00f6lt\u0151, France Preseren \u00e9s a legnagyobb szlov\u00e9n \u00edr\u00f3, Ivan Cankar sz\u00fcl\u0151h\u00e1z\u00e1nak, \u00e9s alakot kapott egy jelent\u0151s irodalmi h\u0151s, a Toldy Mikl\u00f3sra eml\u00e9keztet\u0151 Martin Krpan.<\/p>\n<p>K\u00f6rnyezetmakettek jelen\u00edtik meg az els\u0151 vil\u00e1gh\u00e1bor\u00fas isonz\u00f3i frontot, a k\u00e9t vil\u00e1gh\u00e1bor\u00fa k\u00f6z\u00f6tti korszakot, a m\u00e1sodik vil\u00e1gh\u00e1bor\u00fat, a h\u00e1bor\u00fa ut\u00e1ni id\u0151ket \u00e9s az Eur\u00f3pai Uni\u00f3hoz val\u00f3 csatlakoz\u00e1st.<\/p>\n<p>Makettek id\u00e9zik fel az emberi fejl\u0151d\u00e9st a Kamnik mellett, Nevlj\u00e9ben tal\u00e1lt mamuttal \u00e9s a prehisztorikus c\u00f6l\u00f6plak\u00f3k \u00e9let\u00e9nek bemutat\u00e1s\u00e1val kezdve.<\/p>\n<blockquote class=\"article__extraTxt\"><p>Igor Grabnar fest\u0151m\u0171v\u00e9sz 2012 \u00f3ta mintegy 50 ezer \u00f3r\u00e1t dolgozott a maketteken seg\u00edt\u0151kkel egy\u00fctt, jelenleg a celjei v\u00e1r m\u00e1s\u00e1n dolgozik.<\/p><\/blockquote>\n<p>Munk\u00e1j\u00e1nak csak a szabad ter\u00fclet hi\u00e1nya szab hat\u00e1rt &#8211; mondta.<\/p>\n<p>Ciril Kozjek sencuri polg\u00e1rmester rem\u00e9li, hogy a Szlov\u00e9ni\u00e1ban egyed\u00fcl\u00e1ll\u00f3 makettpark komoly turisztikai attrakci\u00f3 lesz.<\/p>\n<p>(MTI)<\/p>\n<div class=\"o-widget m-readMoreWidget -readMore u-shortDecorLineAfter row widget-container _ce_measure_widget bigdata-widget read-more\" data-ce-measure-widget=\"olvass tov\u00e1bb\">\n\t<div class=\"m-readMoreWidget__imgWrapper image-wrapper col-12 col-md-4 no-p\">\n\t\t<a class=\"m-readMoreWidget__imgLink\" href=\"https:\/\/www.startlap.hu\/utazas\/penzmuzeum-europa-rekord-latogatoszam\/\" >\n\t\t\t<img decoding=\"async\" src=\"https:\/\/www.startlap.hu\/utazas\/uploads\/sites\/3\/2025\/01\/forint_huszezres_rengeteg-350x285.jpg\" class=\"m-readMoreWidget__img\">\n\t\t<\/a>\n\t<\/div>\n\t<div class=\"m-readMoreWidget__titleWrapper title-wrapper col-12 col-md-8\">\n\t\t<span class=\"m-readMoreWidget__titleLabel u-shortDecorLineBefore label hidden-sm-up\">Ez is \u00e9rdekelhet:<\/span>\n\t\t<h3 class=\"m-readMoreWidget__title title\">\n\t\t\t<a class=\"m-readMoreWidget__titleLink -secondFont u-bold u-upperCase\" href=\"https:\/\/www.startlap.hu\/utazas\/penzmuzeum-europa-rekord-latogatoszam\/\" >Egy magyar m\u00fazeum Eur\u00f3pa legjobbja lett<\/a>\n\t\t<\/h3>\n\t\t<a class=\"m-readMoreWidget__btn -coloredBack u-tC link\" href=\"https:\/\/www.startlap.hu\/utazas\/penzmuzeum-europa-rekord-latogatoszam\/\" >Elolvasom<\/a>\n\t<\/div>\n<\/div>\n","protected":false},"excerpt":{"rendered":"<p>N\u00e1ci munkat\u00e1bor, partiz\u00e1nk\u00f3rh\u00e1z, prehisztorikus c\u00f6l\u00f6ph\u00e1z kicsiny\u00edtett m\u00e1sa is l\u00e1that\u00f3 Szlov\u00e9nia els\u0151 makettparkj\u00e1ban, amely janu\u00e1rban nyitja meg kapuit egy k\u00e9pz\u0151m\u0171v\u00e9sz13 \u00e9vi munk\u00e1ja gy\u00fcm\u00f6lcsek\u00e9nt.<\/p>\n","protected":false},"author":14,"featured_media":83872,"comment_status":"closed","ping_status":"closed","sticky":false,"template":"","format":"standard","meta":{"footnotes":""},"categories":[70],"tags":[79],"class_list":["post-83867","post","type-post","status-publish","format-standard","has-post-thumbnail","hentry","category-vilag","tag-szlovenia"],"aioseo_notices":[],"_links":{"self":[{"href":"https:\/\/www.startlap.hu\/utazas\/wp-json\/wp\/v2\/posts\/83867","targetHints":{"allow":["GET"]}}],"collection":[{"href":"https:\/\/www.startlap.hu\/utazas\/wp-json\/wp\/v2\/posts"}],"about":[{"href":"https:\/\/www.startlap.hu\/utazas\/wp-json\/wp\/v2\/types\/post"}],"author":[{"embeddable":true,"href":"https:\/\/www.startlap.hu\/utazas\/wp-json\/wp\/v2\/users\/14"}],"replies":[{"embeddable":true,"href":"https:\/\/www.startlap.hu\/utazas\/wp-json\/wp\/v2\/comments?post=83867"}],"version-history":[{"count":3,"href":"https:\/\/www.startlap.hu\/utazas\/wp-json\/wp\/v2\/posts\/83867\/revisions"}],"predecessor-version":[{"id":83874,"href":"https:\/\/www.startlap.hu\/utazas\/wp-json\/wp\/v2\/posts\/83867\/revisions\/83874"}],"wp:featuredmedia":[{"embeddable":true,"href":"https:\/\/www.startlap.hu\/utazas\/wp-json\/wp\/v2\/media\/83872"}],"wp:attachment":[{"href":"https:\/\/www.startlap.hu\/utazas\/wp-json\/wp\/v2\/media?parent=83867"}],"wp:term":[{"taxonomy":"category","embeddable":true,"href":"https:\/\/www.startlap.hu\/utazas\/wp-json\/wp\/v2\/categories?post=83867"},{"taxonomy":"post_tag","embeddable":true,"href":"https:\/\/www.startlap.hu\/utazas\/wp-json\/wp\/v2\/tags?post=83867"}],"curies":[{"name":"wp","href":"https:\/\/api.w.org\/{rel}","templated":true}]}}