{"id":83763,"date":"2025-01-14T19:15:32","date_gmt":"2025-01-14T18:15:32","guid":{"rendered":"https:\/\/www.startlap.hu\/utazas\/?p=83763"},"modified":"2025-01-15T10:06:11","modified_gmt":"2025-01-15T09:06:11","slug":"penzmuzeum-europa-rekord-latogatoszam","status":"publish","type":"post","link":"https:\/\/www.startlap.hu\/utazas\/penzmuzeum-europa-rekord-latogatoszam\/","title":{"rendered":"Egy magyar m\u00fazeum Eur\u00f3pa legjobbja lett"},"content":{"rendered":"<p>Csalami Csaba kommunik\u00e1ci\u00f3s vezet\u0151 elmondta, hogy a <strong>l\u00e1togat\u00f3sz\u00e1m vil\u00e1gviszonylatban is kiemelked\u0151<\/strong>, a vizsg\u00e1lt 46 hasonl\u00f3 tematik\u00e1val foglalkoz\u00f3 int\u00e9zm\u00e9ny rangsor\u00e1ban ezzel a <strong>harmadik-negyedik helyen szerepel<\/strong> a jegybank fenntart\u00e1s\u00e1ban m\u0171k\u00f6d\u0151 P\u00e9nzm\u00fazeum.<\/p>\n<p>A k\u00f6zlem\u00e9ny szerint tavaly mintegy <strong>104 ezren l\u00e1tt\u00e1k a P\u00e9nz \u00fatja c\u00edm\u0171 \u00e1lland\u00f3 ki\u00e1ll\u00edt\u00e1st<\/strong>. K\u00f6z\u00f6lt\u00e9k: a t\u00f6bb mint f\u00e9lsz\u00e1z, l\u00e1tv\u00e1nyos install\u00e1ci\u00f3val felszerelt, interakt\u00edv p\u00e9nz\u00fcgyi tud\u00e1sk\u00f6zpontban tavaly 251 m\u00fazeumpedag\u00f3giai foglalkoz\u00e1st tartottak 11 k\u00fcl\u00f6nb\u00f6z\u0151 tematik\u00e1ban.<\/p>\n<p>A P\u00e9nzm\u00fazeum kiemelt c\u00e9lcsoportj\u00e1t jelent\u0151 7-12. \u00e9vfolyamos tanul\u00f3k kihelyezett tan\u00f3ra keret\u00e9ben, tan\u00e1ri k\u00eds\u00e9rettel keresik fel a <strong><a href=\"https:\/\/www.startlap.hu\/utazas\/olivaolaj-muzeum-andaluzia-szurrealis-latnivalo\/\" target=\"_blank\" rel=\"noopener noreferrer\">m\u00fazeumot<\/a><\/strong>, de az int\u00e9zm\u00e9ny pedag\u00f3gusai tavaly 160 iskol\u00e1ban mintegy <strong>22 ezer di\u00e1k r\u00e9sz\u00e9re tartottak kihelyezett \u00f3r\u00e1kat a B\u0151r\u00f6ndm\u00fazeum<\/strong> &#8211; Utaz\u00e1s a p\u00e9nz k\u00f6r\u00fcl elnevez\u00e9s\u0171 program keret\u00e9ben.<\/p>\n<figure id=\"attachment_83764\" aria-describedby=\"caption-attachment-83764\" style=\"width: 755px\" class=\"wp-caption alignnone\"><img loading=\"lazy\" decoding=\"async\" class=\"size-article-size-large-image wp-image-83764\" src=\"https:\/\/www.startlap.hu\/utazas\/uploads\/sites\/3\/2025\/01\/forint_huszezres_rengeteg-755x503.jpg\" alt=\"H\u00faszezresek egym\u00e1s mellett\" width=\"755\" height=\"503\" srcset=\"https:\/\/www.startlap.hu\/utazas\/uploads\/sites\/3\/2025\/01\/forint_huszezres_rengeteg-755x503.jpg 755w, https:\/\/www.startlap.hu\/utazas\/uploads\/sites\/3\/2025\/01\/forint_huszezres_rengeteg-525x350.jpg 525w, https:\/\/www.startlap.hu\/utazas\/uploads\/sites\/3\/2025\/01\/forint_huszezres_rengeteg.jpg 1200w\" sizes=\"auto, (max-width: 755px) 100vw, 755px\" \/><figcaption id=\"caption-attachment-83764\" class=\"wp-caption-text\">Fot\u00f3: Getty Images<\/figcaption><\/figure>\n<p>A ny\u00e1ri sz\u00fcnetben pedig a Z\u00e1nkai Erzs\u00e9bet T\u00e1borban t\u00f6bb mint 3000 di\u00e1k vehetett r\u00e9szt j\u00e1t\u00e9kos p\u00e9nz\u00fcgyi nevel\u00e9sben &#8211; \u00edrt\u00e1k. Kiemelt\u00e9k: tavaly a legn\u00e9pszer\u0171bbek a Korszer\u0171 p\u00e9nzkezel\u00e9s \u00e9s a Csal\u00e1di k\u00f6lts\u00e9gvet\u00e9s t\u00e9m\u00e1j\u00e1ban tartott foglalkoz\u00e1sok voltak.<\/p>\n<p>A P\u00e9nzm\u00fazeumban tavaly t\u00f6bb mint <strong>300 k\u00fcl\u00f6nf\u00e9le program<\/strong> &#8211; numizmatikai workshopok, k\u00e1v\u00e9h\u00e1zi besz\u00e9lget\u00e9sek, robotika foglalkoz\u00e1sok, p\u00e9nz\u00fcgyi vet\u00e9lked\u0151k &#8211; kapott helyet, amelyek id\u00e9n is folytat\u00f3dnak. A dokumentumfilmek k\u00f6z\u00fcl az Aranyvonatot \u00e9s 2024-ben a jegybank alap\u00edt\u00e1s\u00e1nak sz\u00e1zadik \u00e9vfordul\u00f3j\u00e1ra elk\u00e9sz\u00fclt Az Alap\u00edt\u00e1s c\u00edm\u0171 alkot\u00e1st tekinthetik meg az \u00e9rdekl\u0151d\u0151k.<\/p>\n<p>A t\u00e1j\u00e9koztat\u00e1s szerint a P\u00e9nzm\u00fazeum valamennyi ki\u00e1ll\u00edt\u00e1sa \u00e9s programja ingyenes, az int\u00e9zm\u00e9ny akad\u00e1lymentesen l\u00e1togathat\u00f3.<\/p>\n<div class=\"o-widget m-readMoreWidget -readMore u-shortDecorLineAfter row widget-container _ce_measure_widget bigdata-widget read-more\" data-ce-measure-widget=\"olvass tov\u00e1bb\">\n\t<div class=\"m-readMoreWidget__imgWrapper image-wrapper col-12 col-md-4 no-p\">\n\t\t<a class=\"m-readMoreWidget__imgLink\" href=\"https:\/\/www.startlap.hu\/utazas\/hollandia-corpus-muzem-emberi-test\/\" >\n\t\t\t<img decoding=\"async\" src=\"https:\/\/www.startlap.hu\/utazas\/uploads\/sites\/3\/2024\/10\/GettyImages-1323907500_11zon-350x285.jpg\" class=\"m-readMoreWidget__img\">\n\t\t<\/a>\n\t<\/div>\n\t<div class=\"m-readMoreWidget__titleWrapper title-wrapper col-12 col-md-8\">\n\t\t<span class=\"m-readMoreWidget__titleLabel u-shortDecorLineBefore label hidden-sm-up\">Ez is \u00e9rdekelhet:<\/span>\n\t\t<h3 class=\"m-readMoreWidget__title title\">\n\t\t\t<a class=\"m-readMoreWidget__titleLink -secondFont u-bold u-upperCase\" href=\"https:\/\/www.startlap.hu\/utazas\/hollandia-corpus-muzem-emberi-test\/\" >Enn\u00e9l bizarrabb m\u00fazeumot m\u00e9g nem l\u00e1ttunk<\/a>\n\t\t<\/h3>\n\t\t<a class=\"m-readMoreWidget__btn -coloredBack u-tC link\" href=\"https:\/\/www.startlap.hu\/utazas\/hollandia-corpus-muzem-emberi-test\/\" >Elolvasom<\/a>\n\t<\/div>\n<\/div>\n","protected":false},"excerpt":{"rendered":"<p>T\u00f6bb mint 300 ezer f\u0151 l\u00e1togatta meg a Magyar P\u00e9nzm\u00fazeumot a 2022. m\u00e1rcius 15-i nyit\u00e1sa \u00f3ta, ezzel az int\u00e9zm\u00e9ny Eur\u00f3pa legl\u00e1togatottabb p\u00e9nz\u00fcgyi tematik\u00e1j\u00fa m\u00fazeuma &#8211; t\u00e1j\u00e9koztatott az int\u00e9zm\u00e9ny kedden.\u00a0<\/p>\n","protected":false},"author":8,"featured_media":83764,"comment_status":"closed","ping_status":"closed","sticky":false,"template":"","format":"standard","meta":{"footnotes":""},"categories":[7],"tags":[9688,5397,4904],"class_list":["post-83763","post","type-post","status-publish","format-standard","has-post-thumbnail","hentry","category-belfold-utazas","tag-latogatoszam","tag-penzmuzeum","tag-rekord"],"aioseo_notices":[],"_links":{"self":[{"href":"https:\/\/www.startlap.hu\/utazas\/wp-json\/wp\/v2\/posts\/83763","targetHints":{"allow":["GET"]}}],"collection":[{"href":"https:\/\/www.startlap.hu\/utazas\/wp-json\/wp\/v2\/posts"}],"about":[{"href":"https:\/\/www.startlap.hu\/utazas\/wp-json\/wp\/v2\/types\/post"}],"author":[{"embeddable":true,"href":"https:\/\/www.startlap.hu\/utazas\/wp-json\/wp\/v2\/users\/8"}],"replies":[{"embeddable":true,"href":"https:\/\/www.startlap.hu\/utazas\/wp-json\/wp\/v2\/comments?post=83763"}],"version-history":[{"count":6,"href":"https:\/\/www.startlap.hu\/utazas\/wp-json\/wp\/v2\/posts\/83763\/revisions"}],"predecessor-version":[{"id":83778,"href":"https:\/\/www.startlap.hu\/utazas\/wp-json\/wp\/v2\/posts\/83763\/revisions\/83778"}],"wp:featuredmedia":[{"embeddable":true,"href":"https:\/\/www.startlap.hu\/utazas\/wp-json\/wp\/v2\/media\/83764"}],"wp:attachment":[{"href":"https:\/\/www.startlap.hu\/utazas\/wp-json\/wp\/v2\/media?parent=83763"}],"wp:term":[{"taxonomy":"category","embeddable":true,"href":"https:\/\/www.startlap.hu\/utazas\/wp-json\/wp\/v2\/categories?post=83763"},{"taxonomy":"post_tag","embeddable":true,"href":"https:\/\/www.startlap.hu\/utazas\/wp-json\/wp\/v2\/tags?post=83763"}],"curies":[{"name":"wp","href":"https:\/\/api.w.org\/{rel}","templated":true}]}}