{"id":83754,"date":"2025-01-13T21:06:31","date_gmt":"2025-01-13T20:06:31","guid":{"rendered":"https:\/\/www.startlap.hu\/utazas\/?p=83754"},"modified":"2025-01-13T21:06:31","modified_gmt":"2025-01-13T20:06:31","slug":"belgium-repuloter-jarattorles","status":"publish","type":"post","link":"https:\/\/www.startlap.hu\/utazas\/belgium-repuloter-jarattorles\/","title":{"rendered":"Megb\u00e9nult Belgium egyik legnagyobb reptere: minden j\u00e1ratot t\u00f6r\u00f6ltek"},"content":{"rendered":"<p>Minden indul\u00f3 j\u00e1ratot t\u00f6r\u00f6ltek, egyetlen <strong><a href=\"https:\/\/www.startlap.hu\/utazas\/repulogep-baleset-tuleles-tippek-esely\/\" target=\"_blank\" rel=\"noopener noreferrer\">rep\u00fcl\u0151g\u00e9p<\/a><\/strong> sem sz\u00e1ll fel h\u00e9tf\u0151n a <strong>budapesti j\u00e1ratokat is ind\u00edt\u00f3-fogad\u00f3 belgiumi Charleroi<\/strong> rep\u00fcl\u0151ter\u00e9r\u0151l a tervezett nyugd\u00edjreform elleni tiltakoz\u00e1s miatt &#8211; t\u00e1j\u00e9koztatott a vall\u00f3niai l\u00e9gikik\u00f6t\u0151 internetes oldal\u00e1n h\u00e9tf\u0151n. A munkabesz\u00fcntet\u00e9ssel is j\u00e1r\u00f3 megmozdul\u00e1s az orsz\u00e1gos t\u00f6megk\u00f6zleked\u00e9s\u00e9ben is zavarokat okoz.<\/p>\n<p>A charleroi-i rep\u00fcl\u0151t\u00e9r kommunik\u00e1ci\u00f3s igazgat\u00f3s\u00e1ga k\u00f6z\u00f6lte, a j\u00e1ratt\u00f6rl\u00e9sek oka a f\u00f6ldi szem\u00e9lyzet munkabesz\u00fcntet\u00e9se mellett az, hogy a rep\u00fcl\u0151g\u00e9peknek a <strong>fagyos id\u0151j\u00e1r\u00e1s miatt sz\u00fcks\u00e9ges j\u00e9gtelen\u00edt\u00e9s\u00e9t<\/strong> v\u00e9gz\u0151 v\u00e1llalat dolgoz\u00f3i is csatlakoztak a megmozdul\u00e1shoz.<\/p>\n<figure id=\"attachment_83755\" aria-describedby=\"caption-attachment-83755\" style=\"width: 755px\" class=\"wp-caption alignnone\"><img loading=\"lazy\" decoding=\"async\" class=\"size-article-size-large-image wp-image-83755\" src=\"https:\/\/www.startlap.hu\/utazas\/uploads\/sites\/3\/2025\/01\/belgium_repuloter-755x503.jpg\" alt=\"Charleroi reptere Br\u00fcsszelben\" width=\"755\" height=\"503\" srcset=\"https:\/\/www.startlap.hu\/utazas\/uploads\/sites\/3\/2025\/01\/belgium_repuloter-755x503.jpg 755w, https:\/\/www.startlap.hu\/utazas\/uploads\/sites\/3\/2025\/01\/belgium_repuloter-525x350.jpg 525w, https:\/\/www.startlap.hu\/utazas\/uploads\/sites\/3\/2025\/01\/belgium_repuloter.jpg 1200w\" sizes=\"auto, (max-width: 755px) 100vw, 755px\" \/><figcaption id=\"caption-attachment-83755\" class=\"wp-caption-text\">Fot\u00f3: Getty Images<\/figcaption><\/figure>\n<p>A d\u00e9l-belgiumi Vall\u00f3nia rep\u00fcl\u0151tere, a charleroi-i l\u00e9gikik\u00f6t\u0151 mellett fennakad\u00e1sok nehez\u00edtik a br\u00fcsszeli Zaventem nemzetk\u00f6zi rep\u00fcl\u0151t\u00e9r forgalm\u00e1t is, ahol az indul\u00f3 j\u00e1ratok legkevesebb egyharmad\u00e1t t\u00f6r\u00f6lt\u00e9k. A Brussels Airlines belga l\u00e9git\u00e1rsas\u00e1g h\u00e9tf\u0151n j\u00e1ratainak t\u00f6bb mint fel\u00e9t t\u00f6r\u00f6lte, mivel a poggy\u00e1szkezel\u0151 t\u00e1rsas\u00e1gok alkalmazottainak nagy r\u00e9sze nem vette fel a munk\u00e1t.<\/p>\n<p>A besz\u00e1mol\u00f3 szerint a br\u00fcsszeli rend\u0151rs\u00e9g jelent\u0151s forgalmi dug\u00f3kr\u00f3l sz\u00e1molt be a belga f\u0151v\u00e1ros t\u00f6bb pontj\u00e1n is. A rend\u0151rs\u00e9g nem <strong>javasolja az aut\u00f3z\u00e1st Br\u00fcsszelben<\/strong>, mivel &#8211; mint kiemelt\u00e9k &#8211; a t\u00f6megk\u00f6zleked\u00e9s zavarai miatt a halad\u00e1s nagyon korl\u00e1tozott.<\/p>\n<p>Az orsz\u00e1gos sztr\u00e1jk fennakad\u00e1sokat okoz a br\u00fcsszeli t\u00f6megk\u00f6zleked\u00e9s mellett az <strong>orsz\u00e1gos vas\u00fati \u00e9s buszk\u00f6zleked\u00e9sben is.<\/strong> A belga vas\u00fatt\u00e1rsas\u00e1g (SNCB) internetes oldal\u00e1n k\u00f6z\u00f6lte, hogy a nagyv\u00e1rosokat \u00f6sszek\u00f6t\u0151 vonatok mintegy harmada, a region\u00e1lis vonatok k\u00f6zel 20 sz\u00e1zal\u00e9ka k\u00f6zlekedik csak, m\u00edg egyes vonalakon teljesen sz\u00fcnetel a vonatforgalom. A vas\u00fati munkabesz\u00fcntet\u00e9s vas\u00e1rnap este 10 \u00f3rakor kezd\u0151d\u00f6tt \u00e9s h\u00e9tf\u0151 este 10 \u00f3r\u00e1ig tart.<\/p>\n<p>(MTI)<\/p>\n<div class=\"o-widget m-readMoreWidget -readMore u-shortDecorLineAfter row widget-container _ce_measure_widget bigdata-widget read-more\" data-ce-measure-widget=\"olvass tov\u00e1bb\">\n\t<div class=\"m-readMoreWidget__imgWrapper image-wrapper col-12 col-md-4 no-p\">\n\t\t<a class=\"m-readMoreWidget__imgLink\" href=\"https:\/\/www.startlap.hu\/utazas\/ryanair-per-15-ezer-euro-utas-helytelen-viselkedes\/\" >\n\t\t\t<img decoding=\"async\" src=\"https:\/\/www.startlap.hu\/utazas\/uploads\/sites\/3\/2022\/07\/ryanair-350x285.jpg\" class=\"m-readMoreWidget__img\">\n\t\t<\/a>\n\t<\/div>\n\t<div class=\"m-readMoreWidget__titleWrapper title-wrapper col-12 col-md-8\">\n\t\t<span class=\"m-readMoreWidget__titleLabel u-shortDecorLineBefore label hidden-sm-up\">Ez is \u00e9rdekelhet:<\/span>\n\t\t<h3 class=\"m-readMoreWidget__title title\">\n\t\t\t<a class=\"m-readMoreWidget__titleLink -secondFont u-bold u-upperCase\" href=\"https:\/\/www.startlap.hu\/utazas\/ryanair-per-15-ezer-euro-utas-helytelen-viselkedes\/\" >P\u00e9ld\u00e1t statu\u00e1l a Ryanair a rendbont\u00f3 utassal, 15 ezer eur\u00f3ra perelik<\/a>\n\t\t<\/h3>\n\t\t<a class=\"m-readMoreWidget__btn -coloredBack u-tC link\" href=\"https:\/\/www.startlap.hu\/utazas\/ryanair-per-15-ezer-euro-utas-helytelen-viselkedes\/\" >Elolvasom<\/a>\n\t<\/div>\n<\/div>\n","protected":false},"excerpt":{"rendered":"<p>Teljesen megb\u00e9nult a sztr\u00e1jk miatt a br Charleroi rep\u00fcl\u0151t\u00e9rt<\/p>\n","protected":false},"author":8,"featured_media":83755,"comment_status":"closed","ping_status":"closed","sticky":false,"template":"","format":"standard","meta":{"footnotes":""},"categories":[70],"tags":[1639,1011,731,785],"class_list":["post-83754","post","type-post","status-publish","format-standard","has-post-thumbnail","hentry","category-vilag","tag-belgium","tag-brusszel","tag-repter","tag-sztrajk"],"aioseo_notices":[],"_links":{"self":[{"href":"https:\/\/www.startlap.hu\/utazas\/wp-json\/wp\/v2\/posts\/83754","targetHints":{"allow":["GET"]}}],"collection":[{"href":"https:\/\/www.startlap.hu\/utazas\/wp-json\/wp\/v2\/posts"}],"about":[{"href":"https:\/\/www.startlap.hu\/utazas\/wp-json\/wp\/v2\/types\/post"}],"author":[{"embeddable":true,"href":"https:\/\/www.startlap.hu\/utazas\/wp-json\/wp\/v2\/users\/8"}],"replies":[{"embeddable":true,"href":"https:\/\/www.startlap.hu\/utazas\/wp-json\/wp\/v2\/comments?post=83754"}],"version-history":[{"count":2,"href":"https:\/\/www.startlap.hu\/utazas\/wp-json\/wp\/v2\/posts\/83754\/revisions"}],"predecessor-version":[{"id":83757,"href":"https:\/\/www.startlap.hu\/utazas\/wp-json\/wp\/v2\/posts\/83754\/revisions\/83757"}],"wp:featuredmedia":[{"embeddable":true,"href":"https:\/\/www.startlap.hu\/utazas\/wp-json\/wp\/v2\/media\/83755"}],"wp:attachment":[{"href":"https:\/\/www.startlap.hu\/utazas\/wp-json\/wp\/v2\/media?parent=83754"}],"wp:term":[{"taxonomy":"category","embeddable":true,"href":"https:\/\/www.startlap.hu\/utazas\/wp-json\/wp\/v2\/categories?post=83754"},{"taxonomy":"post_tag","embeddable":true,"href":"https:\/\/www.startlap.hu\/utazas\/wp-json\/wp\/v2\/tags?post=83754"}],"curies":[{"name":"wp","href":"https:\/\/api.w.org\/{rel}","templated":true}]}}