{"id":83510,"date":"2025-01-08T13:04:08","date_gmt":"2025-01-08T12:04:08","guid":{"rendered":"https:\/\/www.startlap.hu\/utazas\/?p=83510"},"modified":"2025-01-08T13:04:08","modified_gmt":"2025-01-08T12:04:08","slug":"mav-volan-valtozasok-keses-jegyar-visszaterites","status":"publish","type":"post","link":"https:\/\/www.startlap.hu\/utazas\/mav-volan-valtozasok-keses-jegyar-visszaterites\/","title":{"rendered":"\u00d3ri\u00e1si v\u00e1ltoz\u00e1s j\u00f6n a M\u00c1V-Vol\u00e1n-csoportn\u00e1l: ennyi p\u00e9nzt kapsz vissza, ha k\u00e9sik a vonatod, buszod"},"content":{"rendered":"<p>Az \u00e9p\u00edt\u00e9si \u00e9s k\u00f6zleked\u00e9si miniszter a szerdai sajt\u00f3t\u00e1j\u00e9koztat\u00f3j\u00e1n elismerte, hogy <strong>&#8222;komoly probl\u00e9m\u00e1k vannak a k\u00f6zszolg\u00e1ltat\u00e1sokkal&#8221; a <a href=\"https:\/\/www.startlap.hu\/utazas\/mav-volan-uj-logo-arculatvaltas-valtozas\/\" target=\"_blank\" rel=\"noopener noreferrer\">t\u00f6megk\u00f6zleked\u00e9sben<\/a><\/strong>, de szerinte a mobilit\u00e1s ennek ellen\u00e9re is biztos\u00edtott 4,5 milli\u00f3 ember sz\u00e1m\u00e1ra az &nbsp;orsz\u00e1gban.<\/p>\n<p>A 2025-\u00f6s \u00e9vre L\u00e1z\u00e1r J\u00e1nos 10, a k\u00f6z\u00f6ss\u00e9gi k\u00f6zleked\u00e9s sz\u00ednvonal\u00e1t v\u00e1rhat\u00f3an \u00e9rdemben jav\u00edt\u00f3 v\u00e1llal\u00e1st tett. Ezek a k\u00f6vetkez\u0151ek:<\/p>\n<ol>\n<li>\u00daj int\u00e9zm\u00e9nyk\u00e9nt <strong>bevezetik a k\u00e9s\u00e9i biztos\u00edt\u00e1s int\u00e9zm\u00e9ny\u00e9t<\/strong>. J\u00fanius elsej\u00e9t\u0151l a busz vagy vas\u00fati menetjegy\u00e1r fel\u00e9t visszafizetik annak, akinek a vonata vagy a busza 20 percet vagy azt meghalad\u00f3 m\u00e9rt\u00e9kben k\u00e9sik. Ez egy objekt\u00edv felel\u0151ss\u00e9g: az utasnak nem kell semmit tennie, nem kell semmit bizony\u00edtania, sem b\u00fcrokratikus elj\u00e1r\u00e1sban r\u00e9szt vennie. Aki telefonos applik\u00e1ci\u00f3val vette a jegy\u00e9t, az automatikusan visszakapja az \u00f6sszeget a banksz\u00e1ml\u00e1j\u00e1ra. Aki az interneten, automat\u00e1ban vagy a jegyp\u00e9nzt\u00e1rn\u00e1l v\u00e1s\u00e1rolt jegyet, az az \u00fati c\u00e9l befejez\u00e9se ut\u00e1n a c\u00e9l\u00e1llom\u00e1s jegyp\u00e9nzt\u00e1r\u00e1ban a jegy leolvas\u00e1s\u00e1val kapja vissza a jegy \u00e1r\u00e1nak fel\u00e9t. <strong>A visszat\u00e9r\u00edt\u00e9s a b\u00e9rletesekre is vonatkozik<\/strong>: ha a havi b\u00e9rletes adott h\u00f3napban azzal szembes\u00fcl, hogy legal\u00e1bb 5 alkalommal, alkalmank\u00e9nt legal\u00e1bb 20 percet k\u00e9sett a j\u00e1rata, akkor a k\u00f6vetkez\u0151 havi b\u00e9rletb\u0151l 10% kedvezm\u00e9nyt kap. Mindehhez a M\u00c1V applik\u00e1ci\u00f3ban be kell majd kapcsolni az \u00faj funkci\u00f3t, a &#8222;k\u00e9s\u00e9si biztos\u00edt\u00e1st&#8221;.<\/li>\n<li>2026. janu\u00e1r elsej\u00e9re a <strong><a href=\"https:\/\/www.startlap.hu\/utazas\/ingyenes-berlet-kutya-kerekpar-mav-jaratok\/\" target=\"_blank\" rel=\"noopener noreferrer\">M\u00c1V-<\/a> \u00e9s <a href=\"https:\/\/www.startlap.hu\/utazas\/volan-helyjegy-foglalas-emma\/\" target=\"_blank\" rel=\"noopener noreferrer\">Vol\u00e1n-csoport<\/a> \u00f6sszes mosd\u00f3j\u00e1t fel\u00faj\u00edtj\u00e1k<\/strong>. A MOL-benzinkutakhoz hasonl\u00f3 rendszert terveznek, teh\u00e1t a nagyobb p\u00e1lyaudvarokon a mosd\u00f3k haszn\u00e1lata fizet\u00e9ses lesz, de a M\u00c1V- \u00e9s Vol\u00e1n-csoport utasai ingyen haszn\u00e1lhatj\u00e1k ak\u00e1r applik\u00e1ci\u00f3val, ak\u00e1r \u00e9rv\u00e9nyes jeggyel vagy b\u00e9rlettel.<\/li>\n<li>\u00c1prilis 1-j\u00e9t\u0151l <strong>minden Intercity-j\u00e1raton takar\u00edt\u00f3szem\u00e9lyzet fog szolg\u00e1latot teljes\u00edteni<\/strong>.<\/li>\n<li>2026. \u00e1prilis 30-\u00e1ig <strong>ezer darab \u00faj aut\u00f3buszt v\u00e1s\u00e1rolnak<\/strong>.<\/li>\n<li>Meger\u0151s\u00edtik a mozdonyflott\u00e1t: jelenleg 50 darab korszer\u0171 a napi 200 darabos villanymozdony-\u00e1llom\u00e1nyb\u00f3l. V\u00e1llalj\u00e1k, hogy <strong>2026 nyar\u00e1ig minden m\u00e1sodik mozdony meg\u00fajul<\/strong>.<\/li>\n<li><strong>Cs\u00f6kkentik az Intercity-kocsik eset\u00e9ben fenn\u00e1ll\u00f3 hi\u00e1nyt.<\/strong> A ny\u00e1ri f\u0151szezonra 100 fel\u00faj\u00edtott kocsi \u00e1ll p\u00e1ly\u00e1ra. Ezen fel\u00fcl id\u00e9n 330 milli\u00e1rd forint \u00e9rt\u00e9kben megrendelnek 285 darab vadonat\u00faj kocsit is.<\/li>\n<li>A magyar korm\u00e1ny <strong>felv\u00e1s\u00e1rolja a <a href=\"https:\/\/www.startlap.hu\/utazas\/gysev-szemelyvonat-uj-megallasi-rend\/\" target=\"_blank\" rel=\"noopener noreferrer\">GYSEV<\/a>-et<\/strong>, m\u00e1r csak egy kis r\u00e9sz k\u00e9pezi Ausztria tulajdon\u00e1t. \u00c1tadnak p\u00e1lyaszakaszokat a GYSEV \u00fczemeltet\u00e9s\u00e9be: Gy\u0151r, Vas, Zala, \u00e9s r\u00e9szben Veszpr\u00e9m megye vas\u00fati k\u00f6zleked\u00e9s\u00e9t a GYSEV veszi \u00e1t, az ott dolgoz\u00f3 M\u00c1V-munkav\u00e1llal\u00f3k GYSEV-es munkav\u00e1llal\u00f3k lesznek, a vas\u00fati p\u00e1lya a GYSEV \u00fczemeltet\u00e9s\u00e9be ker\u00fcl. <strong>A GYSEV j\u00e1rm\u0171veit pedig beforgatj\u00e1k a magyarorsz\u00e1gi k\u00f6zleked\u00e9sbe.<\/strong>&nbsp; 11 darab \u00faj Stadler motorvonatot rendeltek a GYSEV-n\u00e9l. Ausztri\u00e1b\u00f3l nem fog kivonul a GYSEV, itthon pedig n\u00f6velik a kapacit\u00e1s\u00e1t.<\/li>\n<li>A ny\u00e1ri szezon jelenti a legnagyobb kih\u00edv\u00e1st. <strong>\u00daj szolg\u00e1ltat\u00e1s alak\u00edtanak ki: a M\u00c1V-buszt.<\/strong> Ezek er\u0151s\u00edt\u0151 buszj\u00e1ratok lesznek. T\u00f6bb sz\u00e1z buszt bocs\u00e1tanak a M\u00c1V rendelkez\u00e9s\u00e9re.<\/li>\n<li>Kl\u00edmagarancia a 2025-\u00f6s \u00e9vre: <strong>aki jegyet v\u00e1s\u00e1rol, az id\u00e9n m\u00e1r tudni fogja, hogy azon a j\u00e1raton van-e <a href=\"https:\/\/www.startlap.hu\/vasarlas\/a-legjobb-mobil-klimak-2024\/\" target=\"_blank\" rel=\"noopener noreferrer\">kl\u00edma<\/a><\/strong>. Vagy kl\u00edm\u00e1s aut\u00f3busz, vagy kl\u00edm\u00e1s vonat mindenk\u00e9ppen rendelkez\u00e9sre fog \u00e1llni ugyanazon az \u00fatvonalon ny\u00e1ron.<\/li>\n<li><strong>\u00c1prilisban elindul a M\u00c1V+ \u00faj applik\u00e1ci\u00f3<\/strong>, amely folyamatosan b\u0151v\u00fcl\u0151 szolg\u00e1ltat\u00e1sokkal az \u00e9v m\u00e1sodik fel\u00e9re lesz teljesen k\u00e9szen. Addig a r\u00e9gi M\u00c1V-applik\u00e1ci\u00f3 is m\u0171k\u00f6dni fog.<\/li>\n<\/ol>\n<p><iframe loading=\"lazy\" width=\"720\" height=\"415\" frameborder=\"0\" src=\"\/\/www.youtube.com\/embed\/c6VBcf4OpcE?si=2QH-nMuGjHXFF18n\"><\/iframe><\/p>\n<div class=\"o-widget m-readMoreWidget -readMore u-shortDecorLineAfter row widget-container _ce_measure_widget bigdata-widget read-more\" data-ce-measure-widget=\"olvass tov\u00e1bb\">\n\t<div class=\"m-readMoreWidget__imgWrapper image-wrapper col-12 col-md-4 no-p\">\n\t\t<a class=\"m-readMoreWidget__imgLink\" href=\"https:\/\/www.startlap.hu\/utazas\/piramis-indonezia-kutatas-regeszet-gunungpadang\/\" >\n\t\t\t<img decoding=\"async\" src=\"https:\/\/www.startlap.hu\/utazas\/uploads\/sites\/3\/2025\/01\/indonez-piramis_11zon-350x285.jpg\" class=\"m-readMoreWidget__img\">\n\t\t<\/a>\n\t<\/div>\n\t<div class=\"m-readMoreWidget__titleWrapper title-wrapper col-12 col-md-8\">\n\t\t<span class=\"m-readMoreWidget__titleLabel u-shortDecorLineBefore label hidden-sm-up\">Ez is \u00e9rdekelhet:<\/span>\n\t\t<h3 class=\"m-readMoreWidget__title title\">\n\t\t\t<a class=\"m-readMoreWidget__titleLink -secondFont u-bold u-upperCase\" href=\"https:\/\/www.startlap.hu\/utazas\/piramis-indonezia-kutatas-regeszet-gunungpadang\/\" >Csal\u00f3dni fogsz, ha megtudod, hogyan \u00e9p\u00fclhetett a 25 ezer \u00e9ves indon\u00e9z piramis<\/a>\n\t\t<\/h3>\n\t\t<a class=\"m-readMoreWidget__btn -coloredBack u-tC link\" href=\"https:\/\/www.startlap.hu\/utazas\/piramis-indonezia-kutatas-regeszet-gunungpadang\/\" >Elolvasom<\/a>\n\t<\/div>\n<\/div>\n","protected":false},"excerpt":{"rendered":"<p>L\u00e1z\u00e1r J\u00e1nos szerd\u00e1n K\u00f6zleked\u00e9sInf\u00f3 c\u00edmmel tartott sajt\u00f3t\u00e1j\u00e9koztat\u00f3t, amelyen t\u00f6bb bejelent\u00e9st is tett a vonat- \u00e9s buszk\u00f6zleked\u00e9s meg\u00faj\u00edt\u00e1s\u00e1val kapcsolatban.<\/p>\n","protected":false},"author":7,"featured_media":83512,"comment_status":"closed","ping_status":"closed","sticky":false,"template":"","format":"standard","meta":{"footnotes":""},"categories":[7],"tags":[7576,5061],"class_list":["post-83510","post","type-post","status-publish","format-standard","has-post-thumbnail","hentry","category-belfold-utazas","tag-lazar-janos","tag-mav-volan-csoport"],"aioseo_notices":[],"_links":{"self":[{"href":"https:\/\/www.startlap.hu\/utazas\/wp-json\/wp\/v2\/posts\/83510","targetHints":{"allow":["GET"]}}],"collection":[{"href":"https:\/\/www.startlap.hu\/utazas\/wp-json\/wp\/v2\/posts"}],"about":[{"href":"https:\/\/www.startlap.hu\/utazas\/wp-json\/wp\/v2\/types\/post"}],"author":[{"embeddable":true,"href":"https:\/\/www.startlap.hu\/utazas\/wp-json\/wp\/v2\/users\/7"}],"replies":[{"embeddable":true,"href":"https:\/\/www.startlap.hu\/utazas\/wp-json\/wp\/v2\/comments?post=83510"}],"version-history":[{"count":1,"href":"https:\/\/www.startlap.hu\/utazas\/wp-json\/wp\/v2\/posts\/83510\/revisions"}],"predecessor-version":[{"id":83511,"href":"https:\/\/www.startlap.hu\/utazas\/wp-json\/wp\/v2\/posts\/83510\/revisions\/83511"}],"wp:featuredmedia":[{"embeddable":true,"href":"https:\/\/www.startlap.hu\/utazas\/wp-json\/wp\/v2\/media\/83512"}],"wp:attachment":[{"href":"https:\/\/www.startlap.hu\/utazas\/wp-json\/wp\/v2\/media?parent=83510"}],"wp:term":[{"taxonomy":"category","embeddable":true,"href":"https:\/\/www.startlap.hu\/utazas\/wp-json\/wp\/v2\/categories?post=83510"},{"taxonomy":"post_tag","embeddable":true,"href":"https:\/\/www.startlap.hu\/utazas\/wp-json\/wp\/v2\/tags?post=83510"}],"curies":[{"name":"wp","href":"https:\/\/api.w.org\/{rel}","templated":true}]}}