{"id":83085,"date":"2024-12-28T06:47:10","date_gmt":"2024-12-28T05:47:10","guid":{"rendered":"https:\/\/www.startlap.hu\/utazas\/?p=83085"},"modified":"2024-12-27T22:02:33","modified_gmt":"2024-12-27T21:02:33","slug":"trevi-kut-olaszorszag-roma-nyitas-korlatozas","status":"publish","type":"post","link":"https:\/\/www.startlap.hu\/utazas\/trevi-kut-olaszorszag-roma-nyitas-korlatozas\/","title":{"rendered":"\u00dajranyitott a r\u00f3mai Trevi-k\u00fat, de szigor\u00fa szab\u00e1lyokkal korl\u00e1tozz\u00e1k a l\u00e1togat\u00e1s\u00e1t"},"content":{"rendered":"<p>H\u00e1rom h\u00f3napos tiszt\u00edt\u00e1si \u00e9s fel\u00faj\u00edt\u00e1si munk\u00e1latok ut\u00e1n \u00fajra megnyitott\u00e1k a vil\u00e1gh\u00edr\u0171 Trevi-kutat R\u00f3m\u00e1ban.&nbsp; A sz\u00f6k\u0151k\u00fat \u00e9s m\u00e1s kulcsfontoss\u00e1g\u00fa v\u00e1rosi helysz\u00ednek a r\u00f3mai katolikus egyh\u00e1z szent\u00e9ve el\u0151tt tisztultak meg, amely kar\u00e1csony este kezd\u0151d\u00f6tt \u2013 \u00edrja a <a href=\"https:\/\/www.bbc.com\/news\/articles\/cwypvvplj05o\" target=\"_blank\" target=\"_blank\" rel=\"noopener noreferrer\">BBC<\/a>.<\/p>\n<p>A 18. sz\u00e1zadban Nicola Salvi olasz \u00e9p\u00edt\u00e9sz \u00e1ltal a Poli-palota homlokzat\u00e1ra \u00e9p\u00edtett t\u00f6rt\u00e9nelmi sz\u00f6k\u0151k\u00fat R\u00f3ma egyik legl\u00e1togatottabb helysz\u00edne.<\/p>\n<figure id=\"attachment_83106\" aria-describedby=\"caption-attachment-83106\" style=\"width: 755px\" class=\"wp-caption alignnone\"><a href=\"https:\/\/www.startlap.hu\/utazas\/uploads\/sites\/3\/2024\/12\/trevi-kut-2-scaled.jpg\"><img loading=\"lazy\" decoding=\"async\" class=\"size-article-size-large-image wp-image-83106\" src=\"https:\/\/www.startlap.hu\/utazas\/uploads\/sites\/3\/2024\/12\/trevi-kut-2-755x502.jpg\" alt=\"\u00dajra nyitva a r\u00f3mai Trevi-k\u00fat a l\u00e1togat\u00f3k el\u0151tt\" width=\"755\" height=\"502\" srcset=\"https:\/\/www.startlap.hu\/utazas\/uploads\/sites\/3\/2024\/12\/trevi-kut-2-755x502.jpg 755w, https:\/\/www.startlap.hu\/utazas\/uploads\/sites\/3\/2024\/12\/trevi-kut-2-1536x1020.jpg 1536w, https:\/\/www.startlap.hu\/utazas\/uploads\/sites\/3\/2024\/12\/trevi-kut-2-2048x1361.jpg 2048w, https:\/\/www.startlap.hu\/utazas\/uploads\/sites\/3\/2024\/12\/trevi-kut-2-250x165.jpg 250w, https:\/\/www.startlap.hu\/utazas\/uploads\/sites\/3\/2024\/12\/trevi-kut-2-527x350.jpg 527w\" sizes=\"auto, (max-width: 755px) 100vw, 755px\" \/><\/a><figcaption id=\"caption-attachment-83106\" class=\"wp-caption-text\">Fot\u00f3: AFP<\/figcaption><\/figure>\n<p>Kor\u00e1bban napi 10-12 ezer turista kereste fel a Trevi-kutat, ez\u00e9rt a v\u00e1rosvezet\u00e9s \u00fagy d\u00f6nt\u00f6tt, hogy a bel\u00e9p\u00e9st korl\u00e1tozza, hogy mindenki k\u00e9nyelmesebben \u00e9lvezhesse a l\u00e1tv\u00e1nyoss\u00e1got.<\/p>\n<p>A legenda szerint a v\u00edzforr\u00e1st Kr. e. 19-ben fedezt\u00e9k fel a szomjas r\u00f3mai katon\u00e1k, akiket<strong> egy fiatal sz\u0171z vezetett a helysz\u00ednhez.&nbsp;<\/strong><\/p>\n<blockquote class=\"article__extraTxt\"><p>A hagyom\u00e1ny szerint, aki a sz\u00f6k\u0151k\u00fatba \u00e9rm\u00e9t dob, annak teljes\u00fcl egy k\u00edv\u00e1ns\u00e1ga.<\/p><\/blockquote>\n<p>A v\u00e1rosi hat\u00f3s\u00e1gok hetente k\u00f6r\u00fclbel\u00fcl <strong>10 000 eur\u00f3t (t\u00f6bb mint n\u00e9gymilli\u00f3 forintot) gy\u0171jtenek \u00f6ssze a v\u00edzb\u0151l<\/strong>&#8211; &nbsp;amelyet j\u00f3t\u00e9konys\u00e1gi szervezeteknek adnak \u00e1t. Am\u00edg a fel\u00faj\u00edt\u00e1s zajlott, addig egy <a href=\"https:\/\/www.startlap.hu\/utazas\/trevi-kut-mini-medence-penz\/\" target=\"_blank\" rel=\"noopener noreferrer\">\u00fcvegmedenc\u00e9be<\/a> lehetett dob\u00e1lni az \u00e9rm\u00e9ket. A sz\u00f6k\u0151k\u00fatba dobott \u00e9rm\u00e9k hagyom\u00e1ny\u00e1t egy\u00e9bk\u00e9nt Frank Sinatra is n\u00e9pszer\u0171s\u00edtette, egy 1954-es romantikus v\u00edgj\u00e1t\u00e9kban.<\/p>\n<p>Roberto Gualtieri, R\u00f3ma polg\u00e1rmestere elmondta, hogy a korl\u00e1toz\u00e1s lehet\u0151v\u00e9 teszi a turist\u00e1k sz\u00e1m\u00e1ra a nyugodt \u00e9lm\u00e9nyt, \u00e9s <strong>a v\u00e1ros fontolgatja a bel\u00e9p\u0151d\u00edjat is, a k\u00fat fenntart\u00e1s\u00e1nak finansz\u00edroz\u00e1s\u00e1ra.<\/strong><\/p>\n<h2>Bel\u00e9ptet\u00e9si rendszert vezettek be<\/h2>\n<p>Az \u00faj szab\u00e1lyoz\u00e1s szerint a bel\u00e9p\u00e9s mostant\u00f3l csak a k\u00f6zponti l\u00e9pcs\u0151n lehets\u00e9ges, egyszerre maximum 400 l\u00e1togat\u00f3 tart\u00f3zkodhat a k\u00fatn\u00e1l. A kij\u00e1rat a Via dei Crociferi utc\u00e1n kereszt\u00fcl t\u00f6rt\u00e9nik.<\/p>\n<p>A bel\u00e9ptet\u00e9si rendszer kedden, szerd\u00e1n, cs\u00fct\u00f6rt\u00f6k\u00f6n, szombaton \u00e9s vas\u00e1rnap 9:00 \u00e9s 21:00 \u00f3ra k\u00f6z\u00f6tt m\u0171k\u00f6dik, m\u00edg h\u00e9tf\u0151n \u00e9s p\u00e9nteken 12:00-t\u00f3l nyitj\u00e1k meg a l\u00e1togat\u00e1st. Minden m\u00e1sodik h\u00e9tf\u0151n csak k\u00e9s\u0151bb, 14:00-kor kezd\u0151dik a l\u00e1togat\u00e1s, hogy a medence \u00fcr\u00edt\u00e9se \u00e9s tiszt\u00edt\u00e1sa miatt. Este 9 \u00f3ra ut\u00e1n azonban nincs korl\u00e1toz\u00e1s.A l\u00e1togat\u00f3k szabadon mozoghatnak a sz\u00f6k\u0151k\u00fat el\u0151ter\u00e9ben, de tilos a medence sz\u00e9l\u00e9re \u00fclni, ev\u00e9s-iv\u00e1s \u00e9s doh\u00e1nyz\u00e1s is tilos a ter\u00fcleten.<\/p>\n<div class=\"o-widget m-readMoreWidget -readMore u-shortDecorLineAfter row widget-container _ce_measure_widget bigdata-widget read-more\" data-ce-measure-widget=\"olvass tov\u00e1bb\">\n\t<div class=\"m-readMoreWidget__imgWrapper image-wrapper col-12 col-md-4 no-p\">\n\t\t<a class=\"m-readMoreWidget__imgLink\" href=\"https:\/\/www.startlap.hu\/utazas\/milano-cigaretta-tiltas-szigoritas\/\" >\n\t\t\t<img decoding=\"async\" src=\"https:\/\/www.startlap.hu\/utazas\/uploads\/sites\/3\/2024\/07\/milanodom_11zon-350x285.jpg\" class=\"m-readMoreWidget__img\">\n\t\t<\/a>\n\t<\/div>\n\t<div class=\"m-readMoreWidget__titleWrapper title-wrapper col-12 col-md-8\">\n\t\t<span class=\"m-readMoreWidget__titleLabel u-shortDecorLineBefore label hidden-sm-up\">Ez is \u00e9rdekelhet:<\/span>\n\t\t<h3 class=\"m-readMoreWidget__title title\">\n\t\t\t<a class=\"m-readMoreWidget__titleLink -secondFont u-bold u-upperCase\" href=\"https:\/\/www.startlap.hu\/utazas\/milano-cigaretta-tiltas-szigoritas\/\" >Magyar turist\u00e1kat is \u00e9rint\u0151 szigor\u00edt\u00e1sok j\u00f6nnek Mil\u00e1n\u00f3ban<\/a>\n\t\t<\/h3>\n\t\t<a class=\"m-readMoreWidget__btn -coloredBack u-tC link\" href=\"https:\/\/www.startlap.hu\/utazas\/milano-cigaretta-tiltas-szigoritas\/\" >Elolvasom<\/a>\n\t<\/div>\n<\/div>\n","protected":false},"excerpt":{"rendered":"<p>A r\u00f3mai Trevi-k\u00fat \u00fajranyitott h\u00e1rom h\u00f3napos fel\u00faj\u00edt\u00e1sa ut\u00e1n, de a zs\u00fafolts\u00e1g elker\u00fcl\u00e9se \u00e9rdek\u00e9ben \u00faj sorban\u00e1ll\u00e1si rendszert vezettek be. A polg\u00e1rmester szerint a korl\u00e1toz\u00e1sok lehet\u0151v\u00e9 teszik, hogy a l\u00e1togat\u00f3k jobban \u00e9lvezhess\u00e9k a sz\u00f6k\u0151k\u00fat l\u00e1tv\u00e1ny\u00e1t, t\u00f6meg \u00e9s z\u0171rzavar n\u00e9lk\u00fcl.<\/p>\n","protected":false},"author":64,"featured_media":83106,"comment_status":"closed","ping_status":"closed","sticky":false,"template":"","format":"standard","meta":{"footnotes":""},"categories":[70],"tags":[15,1127,408],"class_list":["post-83085","post","type-post","status-publish","format-standard","has-post-thumbnail","hentry","category-vilag","tag-olaszorszag","tag-trevi-kut","tag-turizmus"],"aioseo_notices":[],"_links":{"self":[{"href":"https:\/\/www.startlap.hu\/utazas\/wp-json\/wp\/v2\/posts\/83085","targetHints":{"allow":["GET"]}}],"collection":[{"href":"https:\/\/www.startlap.hu\/utazas\/wp-json\/wp\/v2\/posts"}],"about":[{"href":"https:\/\/www.startlap.hu\/utazas\/wp-json\/wp\/v2\/types\/post"}],"author":[{"embeddable":true,"href":"https:\/\/www.startlap.hu\/utazas\/wp-json\/wp\/v2\/users\/64"}],"replies":[{"embeddable":true,"href":"https:\/\/www.startlap.hu\/utazas\/wp-json\/wp\/v2\/comments?post=83085"}],"version-history":[{"count":9,"href":"https:\/\/www.startlap.hu\/utazas\/wp-json\/wp\/v2\/posts\/83085\/revisions"}],"predecessor-version":[{"id":83107,"href":"https:\/\/www.startlap.hu\/utazas\/wp-json\/wp\/v2\/posts\/83085\/revisions\/83107"}],"wp:featuredmedia":[{"embeddable":true,"href":"https:\/\/www.startlap.hu\/utazas\/wp-json\/wp\/v2\/media\/83106"}],"wp:attachment":[{"href":"https:\/\/www.startlap.hu\/utazas\/wp-json\/wp\/v2\/media?parent=83085"}],"wp:term":[{"taxonomy":"category","embeddable":true,"href":"https:\/\/www.startlap.hu\/utazas\/wp-json\/wp\/v2\/categories?post=83085"},{"taxonomy":"post_tag","embeddable":true,"href":"https:\/\/www.startlap.hu\/utazas\/wp-json\/wp\/v2\/tags?post=83085"}],"curies":[{"name":"wp","href":"https:\/\/api.w.org\/{rel}","templated":true}]}}