{"id":82944,"date":"2024-12-22T18:03:43","date_gmt":"2024-12-22T17:03:43","guid":{"rendered":"https:\/\/www.startlap.hu\/utazas\/?p=82944"},"modified":"2024-12-22T18:04:41","modified_gmt":"2024-12-22T17:04:41","slug":"tek-rendorseg-karacsonyi-vasar-biztositasa-magdeburg-gazolas-fotok","status":"publish","type":"post","link":"https:\/\/www.startlap.hu\/utazas\/tek-rendorseg-karacsonyi-vasar-biztositasa-magdeburg-gazolas-fotok\/","title":{"rendered":"A TEK p\u00e1nc\u00e9laut\u00f3kkal vonult ki a hazai kar\u00e1csonyi v\u00e1s\u00e1rokra"},"content":{"rendered":"<p>&nbsp;Civil ruh\u00e1s b\u0171n\u00fcgyi \u00e9s egyenruh\u00e1s \u00e1llom\u00e1nnyal, megn\u00f6velt l\u00e9tsz\u00e1mmal biztos\u00edtja a rend\u0151rs\u00e9g a kar\u00e1csonyi v\u00e1s\u00e1rokat. A <a href=\"https:\/\/www.startlap.hu\/kiemelt-hirek\/magdeburgi-karacsonyi-vasar-tamadas\/\" target=\"_blank\" rel=\"noopener noreferrer\">magdeburgi kar\u00e1csonyi v\u00e1s\u00e1ron elk\u00f6vetett t\u00f6meges g\u00e1zol\u00e1s<\/a> ut\u00e1n sz\u00e1mos m\u00e1s orsz\u00e1gban is \u00edgy tettek a hat\u00f3s\u00e1gok.<\/p>\n<p>A TEK egys\u00e9gei jelen vannak a vid\u00e9ki \u00e9s a f\u0151v\u00e1rosi kar\u00e1csonyi v\u00e1s\u00e1rokon: Szeksz\u00e1rdon, valamint az <a href=\"https:\/\/www.startlap.hu\/utazas\/budapest-karacsonyi-vasar-advent-bazilika-vorosmarty-classic-xmas-arak-fotok\/\" target=\"_blank\" rel=\"noopener noreferrer\">Advent Bazilika<\/a> el\u0151tt is meg\u00f6r\u00f6k\u00edtett\u00e9k a parkol\u00f3 p\u00e1nc\u00e9laut\u00f3kat.<\/p>\n\n\t<div id=\"cegPostCnt_1\" class=\"o-cegPostCnt -inContent\" data-title=\"A TEK p\u00e1nc\u00e9laut\u00f3kkal vonult ki a hazai kar\u00e1csonyi v\u00e1s\u00e1rokra\">\n\t\t<a class=\"o-cegPostCnt__opener m-cegOpener _ce_measure_widget _ce_measure_link\" data-ce-measure-widget=\"gallery-open\"\n   href=\"?gallery=1\/1\/tek-budapest-karacsonyi-vasar2-scaled\">\n\t<img decoding=\"async\" src=\"https:\/\/www.startlap.hu\/utazas\/uploads\/sites\/3\/2024\/12\/tek-budapest-karacsonyi-vasar2-scaled.jpg\" class=\"m-cegOpener__image\" alt=\"A Terrorelh\u00e1r\u00edt\u00e1si K\u00f6zpont (TEK) egys\u00e9ge egy Lenco p\u00e1nc\u00e9lozott j\u00e1rm\u0171vel a Szent Istv\u00e1n-bazilika el\u0151tt kar\u00e1csonyi v\u00e1s\u00e1r helysz\u00edn\u00e9n Budapesten 2024. december 22-\u00e9n. A TEK egys\u00e9gei jelen vannak a vid\u00e9ki \u00e9s a f\u0151v\u00e1rosi kar\u00e1csonyi v\u00e1s\u00e1rokon.\" sizes=\"(max-width: 991px) 100vw, (max-width: 1039px) 66vw, 684px\" srcset=\"https:\/\/www.startlap.hu\/utazas\/uploads\/sites\/3\/2024\/12\/tek-budapest-karacsonyi-vasar2-scaled.jpg 2560w, https:\/\/www.startlap.hu\/utazas\/uploads\/sites\/3\/2024\/12\/tek-budapest-karacsonyi-vasar2-1536x1024.jpg 1536w, https:\/\/www.startlap.hu\/utazas\/uploads\/sites\/3\/2024\/12\/tek-budapest-karacsonyi-vasar2-2048x1365.jpg 2048w, https:\/\/www.startlap.hu\/utazas\/uploads\/sites\/3\/2024\/12\/tek-budapest-karacsonyi-vasar2-755x503.jpg 755w, https:\/\/www.startlap.hu\/utazas\/uploads\/sites\/3\/2024\/12\/tek-budapest-karacsonyi-vasar2-525x350.jpg 525w\" \/>\t<div class=\"m-cegOpener__btn\"><i class=\"far fa-clone\"><\/i><\/div>\n<\/a>\n<div class=\"o-cegPostCnt__layer m-cegLayer _ce_measure_widget\" data-ce-measure-widget=\"gallery-layer\" style=\"display: none\">\n\t<div class=\"m-cegLayer__top m-cegHeader _ce_measure_widget\" data-ce-measure-widget=\"gallery-header\">\n\t\t\t\t\t<span class=\"m-cegHeader__logo\"><span class=\"a-cegLogo\"><\/span><\/span>\n\t\t\t\t<div class=\"m-cegHeader__imgCnt\">\n\t\t\t<img decoding=\"async\" src=\"https:\/\/www.startlap.hu\/utazas\/uploads\/sites\/3\/2024\/12\/tek-budapest-karacsonyi-vasar2-scaled.jpg\" class=\"m-cegHeader__imgOpener\" alt=\"A Terrorelh\u00e1r\u00edt\u00e1si K\u00f6zpont (TEK) egys\u00e9ge egy Lenco p\u00e1nc\u00e9lozott j\u00e1rm\u0171vel a Szent Istv\u00e1n-bazilika el\u0151tt kar\u00e1csonyi v\u00e1s\u00e1r helysz\u00edn\u00e9n Budapesten 2024. december 22-\u00e9n. A TEK egys\u00e9gei jelen vannak a vid\u00e9ki \u00e9s a f\u0151v\u00e1rosi kar\u00e1csonyi v\u00e1s\u00e1rokon.\" \/>\t\t<\/div>\n\t\t<h2 class=\"m-cegHeader__title a-cegGalleryTitle\"><i class=\"fa fa-angle-left\"><\/i>A TEK p\u00e1nc\u00e9laut\u00f3kkal vonult ki a hazai kar\u00e1csonyi v\u00e1s\u00e1rokra<\/h2>\n\t\t<div class=\"m-cegHeader__pagination a-cegPagination\"><\/div>\n\t\t<div class=\"m-cegHeader__closeBtn close-button nlc-icon-close _ce_measure_link _ce_measure_widget\" data-ce-measure-widget=\"gallery-close-btn\"><i class=\"fa fa-times\" aria-hidden=\"true\"><\/i><\/div>\n\t<\/div>\n\t<div class=\"m-cegLayer__screen\">\n\t\t<div class=\"m-cegLayer__carousel m-cegCarousel\">\n\t\t\t\t\t\t\t\n\t\t\t\t<div\n\t\t\t\t\tclass=\"m-cegCarousel__item\"\n\t\t\t\t\tdata-type=\"image\"\n\t\t\t\t\tdata-id=\"1\/1\/tek-budapest-karacsonyi-vasar2-scaled\"\n\t\t\t\t\tdata-image-url=\"https:\/\/www.startlap.hu\/utazas\/uploads\/sites\/3\/2024\/12\/tek-budapest-karacsonyi-vasar2-scaled.jpg\"\n\t\t\t\t\tdata-title=\"tek-budapest-karacsonyi-vasar2\"\n\t\t\t\t\tdata-desc=\"A Terrorelh\u00e1r\u00edt\u00e1si K\u00f6zpont (TEK) egys\u00e9ge egy Lenco p\u00e1nc\u00e9lozott j\u00e1rm\u0171vel a Szent Istv\u00e1n-bazilika el\u0151tt kar\u00e1csonyi v\u00e1s\u00e1r helysz\u00edn\u00e9n Budapesten 2024. december 22-\u00e9n. A TEK egys\u00e9gei jelen vannak a vid\u00e9ki \u00e9s a f\u0151v\u00e1rosi kar\u00e1csonyi v\u00e1s\u00e1rokon. Fot\u00f3: MTI\/Kocsis Zolt\u00e1n\">\n\n\t\t\t\t\t<!-- image -->\n\t\t\t\t\t<div class=\"m-cegCarousel__floatingCnt\">\n\t\t\t\t\t\t<img decoding=\"async\" src=\"https:\/\/www.startlap.hu\/utazas\/uploads\/sites\/3\/2024\/12\/tek-budapest-karacsonyi-vasar2-scaled.jpg\" class=\"m-cegCarousel__image\" alt=\"A Terrorelh\u00e1r\u00edt\u00e1si K\u00f6zpont (TEK) egys\u00e9ge egy Lenco p\u00e1nc\u00e9lozott j\u00e1rm\u0171vel a Szent Istv\u00e1n-bazilika el\u0151tt kar\u00e1csonyi v\u00e1s\u00e1r helysz\u00edn\u00e9n Budapesten 2024. december 22-\u00e9n. A TEK egys\u00e9gei jelen vannak a vid\u00e9ki \u00e9s a f\u0151v\u00e1rosi kar\u00e1csonyi v\u00e1s\u00e1rokon.\" \/>\t\t\t\t\t\t<span class=\"fa m-cegCarousel__zoom _ce_measure_link _ce_measure_widget\" data-ce-measure-widget=\"gallery-zoom-btn\"><\/span>\n\t\t\t\t\t<\/div>\n\n\t\t\t\t\t<!-- thumb icon \/ counter, caption  -->\n\t\t\t\t\t<div class=\"m-cegCarousel__captionCnt m-cegCaption\">\n\t\t\t\t\t\t<span class=\"m-cegCaption__thumbIcon a-cegThumbIcon _ce_measure_widget _ce_measure_link\"\n\t\t\t\t\t\t\t  data-ce-measure-widget=\"thumbnails-btn\"\n\t\t\t\t\t\t\t  data-ce-measure-widget=\"gallery-thumbnails\"><i class=\" fa fa-th-large\"><\/i><\/span>\n\t\t\t\t\t\t<span class=\"m-cegCaption__pagination a-cegPagination\">\n\t\t\t\t\t\t\t<span class=\"a-cegPagination__current\">1<\/span>\/9\t\t\t\t\t\t<\/span>\n\t\t\t\t\t\t<span class=\"m-cegCaption__caption\">tek-budapest-karacsonyi-vasar2<\/span>\n\t\t\t\t\t<\/div>\n\n\t\t\t\t\t<!-- Image description -->\n\t\t\t\t\t<div class=\"m-cegCarousel__desc a-cegDesc\">A Terrorelh\u00e1r\u00edt\u00e1si K\u00f6zpont (TEK) egys\u00e9ge egy Lenco p\u00e1nc\u00e9lozott j\u00e1rm\u0171vel a Szent Istv\u00e1n-bazilika el\u0151tt kar\u00e1csonyi v\u00e1s\u00e1r helysz\u00edn\u00e9n Budapesten 2024. december 22-\u00e9n. A TEK egys\u00e9gei jelen vannak a vid\u00e9ki \u00e9s a f\u0151v\u00e1rosi kar\u00e1csonyi v\u00e1s\u00e1rokon. Fot\u00f3: MTI\/Kocsis Zolt\u00e1n<\/div>\n\n\t\t\t\t\t<!-- Image social share icons -->\n\t\t\t\t\t<div class=\"m-cegCarousel__socialCnt m-cegSocial\">\n\t\t\t\t\t\t<span class=\"m-cegSocial__text\">Fot\u00f3 megoszt\u00e1sa:<\/span><span class=\"m-cegSocial__iconWrap\"><span class=\"m-cegSocial__icon -facebook _ce_measure_link _ce_measure_widget\" data-ce-measure-widget=\"facebookGallery-btn\"><i class=\"fab fa-facebook-f\"><\/i><\/span><span class=\"m-cegSocial__icon -pinterest _ce_measure_link _ce_measure_widget\" data-ce-measure-widget=\"printeresGallery-btn\"><i class=\"fab fa-pinterest-p\"><\/i><\/span><span class=\"m-cegSocial__icon -email _ce_measure_link _ce_measure_widget\" data-ce-measure-widget=\"emailGallery-btn\"><i class=\"far fa-envelope\"><\/i><\/span><span class=\"m-cegSocial__icon -clipboard _ce_measure_link _ce_measure_widget\" data-ce-measure-widget=\"clipboardGallery-btn\"><i class=\"fa fa-link\"><\/i><\/span><\/span>\t\t\t\t\t<\/div>\n\t\t\t\t<\/div>\n\t\t\t\t\t\t\t\n\t\t\t\t<div\n\t\t\t\t\tclass=\"m-cegCarousel__item\"\n\t\t\t\t\tdata-type=\"image\"\n\t\t\t\t\tdata-id=\"1\/2\/tek-budapest-karacsonyi-vasar\"\n\t\t\t\t\tdata-image-url=\"https:\/\/www.startlap.hu\/utazas\/uploads\/sites\/3\/2024\/12\/tek-budapest-karacsonyi-vasar.jpg\"\n\t\t\t\t\tdata-title=\"tek-budapest-karacsonyi-vasar\"\n\t\t\t\t\tdata-desc=\"A Terrorelh\u00e1r\u00edt\u00e1si K\u00f6zpont (TEK) egys\u00e9ge egy Lenco p\u00e1nc\u00e9lozott j\u00e1rm\u0171vel a Szent Istv\u00e1n-bazilika el\u0151tt kar\u00e1csonyi v\u00e1s\u00e1r helysz\u00edn\u00e9n Budapesten 2024. december 22-\u00e9n. A TEK egys\u00e9gei jelen vannak a vid\u00e9ki \u00e9s a f\u0151v\u00e1rosi kar\u00e1csonyi v\u00e1s\u00e1rokon. Fot\u00f3: MTI\/Kocsis Zolt\u00e1n\">\n\n\t\t\t\t\t<!-- image -->\n\t\t\t\t\t<div class=\"m-cegCarousel__floatingCnt\">\n\t\t\t\t\t\t<img decoding=\"async\" src=\"https:\/\/www.startlap.hu\/utazas\/uploads\/sites\/3\/2024\/12\/tek-budapest-karacsonyi-vasar.jpg\" class=\"m-cegCarousel__image\" alt=\"\" \/>\t\t\t\t\t\t<span class=\"fa m-cegCarousel__zoom _ce_measure_link _ce_measure_widget\" data-ce-measure-widget=\"gallery-zoom-btn\"><\/span>\n\t\t\t\t\t<\/div>\n\n\t\t\t\t\t<!-- thumb icon \/ counter, caption  -->\n\t\t\t\t\t<div class=\"m-cegCarousel__captionCnt m-cegCaption\">\n\t\t\t\t\t\t<span class=\"m-cegCaption__thumbIcon a-cegThumbIcon _ce_measure_widget _ce_measure_link\"\n\t\t\t\t\t\t\t  data-ce-measure-widget=\"thumbnails-btn\"\n\t\t\t\t\t\t\t  data-ce-measure-widget=\"gallery-thumbnails\"><i class=\" fa fa-th-large\"><\/i><\/span>\n\t\t\t\t\t\t<span class=\"m-cegCaption__pagination a-cegPagination\">\n\t\t\t\t\t\t\t<span class=\"a-cegPagination__current\">2<\/span>\/9\t\t\t\t\t\t<\/span>\n\t\t\t\t\t\t<span class=\"m-cegCaption__caption\">tek-budapest-karacsonyi-vasar<\/span>\n\t\t\t\t\t<\/div>\n\n\t\t\t\t\t<!-- Image description -->\n\t\t\t\t\t<div class=\"m-cegCarousel__desc a-cegDesc\">A Terrorelh\u00e1r\u00edt\u00e1si K\u00f6zpont (TEK) egys\u00e9ge egy Lenco p\u00e1nc\u00e9lozott j\u00e1rm\u0171vel a Szent Istv\u00e1n-bazilika el\u0151tt kar\u00e1csonyi v\u00e1s\u00e1r helysz\u00edn\u00e9n Budapesten 2024. december 22-\u00e9n. A TEK egys\u00e9gei jelen vannak a vid\u00e9ki \u00e9s a f\u0151v\u00e1rosi kar\u00e1csonyi v\u00e1s\u00e1rokon. Fot\u00f3: MTI\/Kocsis Zolt\u00e1n<\/div>\n\n\t\t\t\t\t<!-- Image social share icons -->\n\t\t\t\t\t<div class=\"m-cegCarousel__socialCnt m-cegSocial\">\n\t\t\t\t\t\t<span class=\"m-cegSocial__text\">Fot\u00f3 megoszt\u00e1sa:<\/span><span class=\"m-cegSocial__iconWrap\"><span class=\"m-cegSocial__icon -facebook _ce_measure_link _ce_measure_widget\" data-ce-measure-widget=\"facebookGallery-btn\"><i class=\"fab fa-facebook-f\"><\/i><\/span><span class=\"m-cegSocial__icon -pinterest _ce_measure_link _ce_measure_widget\" data-ce-measure-widget=\"printeresGallery-btn\"><i class=\"fab fa-pinterest-p\"><\/i><\/span><span class=\"m-cegSocial__icon -email _ce_measure_link _ce_measure_widget\" data-ce-measure-widget=\"emailGallery-btn\"><i class=\"far fa-envelope\"><\/i><\/span><span class=\"m-cegSocial__icon -clipboard _ce_measure_link _ce_measure_widget\" data-ce-measure-widget=\"clipboardGallery-btn\"><i class=\"fa fa-link\"><\/i><\/span><\/span>\t\t\t\t\t<\/div>\n\t\t\t\t<\/div>\n\t\t\t\t\t\t\t\n\t\t\t\t<div\n\t\t\t\t\tclass=\"m-cegCarousel__item\"\n\t\t\t\t\tdata-type=\"image\"\n\t\t\t\t\tdata-id=\"1\/3\/tek-budapest-karacsonyi-vasar3\"\n\t\t\t\t\tdata-image-url=\"https:\/\/www.startlap.hu\/utazas\/uploads\/sites\/3\/2024\/12\/tek-budapest-karacsonyi-vasar3.jpg\"\n\t\t\t\t\tdata-title=\"tek-budapest-karacsonyi-vasar3\"\n\t\t\t\t\tdata-desc=\"A Terrorelh\u00e1r\u00edt\u00e1si K\u00f6zpont (TEK) egys\u00e9ge egy Lenco p\u00e1nc\u00e9lozott j\u00e1rm\u0171vel a Szent Istv\u00e1n-bazilika el\u0151tt kar\u00e1csonyi v\u00e1s\u00e1r helysz\u00edn\u00e9n Budapesten 2024. december 22-\u00e9n. A TEK egys\u00e9gei jelen vannak a vid\u00e9ki \u00e9s a f\u0151v\u00e1rosi kar\u00e1csonyi v\u00e1s\u00e1rokon. Fot\u00f3: MTI\/Kocsis Zolt\u00e1n\">\n\n\t\t\t\t\t<!-- image -->\n\t\t\t\t\t<div class=\"m-cegCarousel__floatingCnt\">\n\t\t\t\t\t\t<img decoding=\"async\" src=\"https:\/\/www.startlap.hu\/utazas\/uploads\/sites\/3\/2024\/12\/tek-budapest-karacsonyi-vasar3.jpg\" class=\"m-cegCarousel__image\" alt=\"A Terrorelh\u00e1r\u00edt\u00e1si K\u00f6zpont (TEK) egys\u00e9ge egy Lenco p\u00e1nc\u00e9lozott j\u00e1rm\u0171vel a Szent Istv\u00e1n-bazilika el\u0151tt kar\u00e1csonyi v\u00e1s\u00e1r helysz\u00edn\u00e9n Budapesten 2024. december 22-\u00e9n. A TEK egys\u00e9gei jelen vannak a vid\u00e9ki \u00e9s a f\u0151v\u00e1rosi kar\u00e1csonyi v\u00e1s\u00e1rokon.\" \/>\t\t\t\t\t\t<span class=\"fa m-cegCarousel__zoom _ce_measure_link _ce_measure_widget\" data-ce-measure-widget=\"gallery-zoom-btn\"><\/span>\n\t\t\t\t\t<\/div>\n\n\t\t\t\t\t<!-- thumb icon \/ counter, caption  -->\n\t\t\t\t\t<div class=\"m-cegCarousel__captionCnt m-cegCaption\">\n\t\t\t\t\t\t<span class=\"m-cegCaption__thumbIcon a-cegThumbIcon _ce_measure_widget _ce_measure_link\"\n\t\t\t\t\t\t\t  data-ce-measure-widget=\"thumbnails-btn\"\n\t\t\t\t\t\t\t  data-ce-measure-widget=\"gallery-thumbnails\"><i class=\" fa fa-th-large\"><\/i><\/span>\n\t\t\t\t\t\t<span class=\"m-cegCaption__pagination a-cegPagination\">\n\t\t\t\t\t\t\t<span class=\"a-cegPagination__current\">3<\/span>\/9\t\t\t\t\t\t<\/span>\n\t\t\t\t\t\t<span class=\"m-cegCaption__caption\">tek-budapest-karacsonyi-vasar3<\/span>\n\t\t\t\t\t<\/div>\n\n\t\t\t\t\t<!-- Image description -->\n\t\t\t\t\t<div class=\"m-cegCarousel__desc a-cegDesc\">A Terrorelh\u00e1r\u00edt\u00e1si K\u00f6zpont (TEK) egys\u00e9ge egy Lenco p\u00e1nc\u00e9lozott j\u00e1rm\u0171vel a Szent Istv\u00e1n-bazilika el\u0151tt kar\u00e1csonyi v\u00e1s\u00e1r helysz\u00edn\u00e9n Budapesten 2024. december 22-\u00e9n. A TEK egys\u00e9gei jelen vannak a vid\u00e9ki \u00e9s a f\u0151v\u00e1rosi kar\u00e1csonyi v\u00e1s\u00e1rokon. Fot\u00f3: MTI\/Kocsis Zolt\u00e1n<\/div>\n\n\t\t\t\t\t<!-- Image social share icons -->\n\t\t\t\t\t<div class=\"m-cegCarousel__socialCnt m-cegSocial\">\n\t\t\t\t\t\t<span class=\"m-cegSocial__text\">Fot\u00f3 megoszt\u00e1sa:<\/span><span class=\"m-cegSocial__iconWrap\"><span class=\"m-cegSocial__icon -facebook _ce_measure_link _ce_measure_widget\" data-ce-measure-widget=\"facebookGallery-btn\"><i class=\"fab fa-facebook-f\"><\/i><\/span><span class=\"m-cegSocial__icon -pinterest _ce_measure_link _ce_measure_widget\" data-ce-measure-widget=\"printeresGallery-btn\"><i class=\"fab fa-pinterest-p\"><\/i><\/span><span class=\"m-cegSocial__icon -email _ce_measure_link _ce_measure_widget\" data-ce-measure-widget=\"emailGallery-btn\"><i class=\"far fa-envelope\"><\/i><\/span><span class=\"m-cegSocial__icon -clipboard _ce_measure_link _ce_measure_widget\" data-ce-measure-widget=\"clipboardGallery-btn\"><i class=\"fa fa-link\"><\/i><\/span><\/span>\t\t\t\t\t<\/div>\n\t\t\t\t<\/div>\n\t\t\t\t\t\t\t\t\t\t\t\t<div\n\t\t\t\t\t\tclass=\"m-cegCarousel__item -banner\"\n\t\t\t\t\t\tdata-type=\"banner\"\n\t\t\t\t\t\tdata-id=\"1\/4\/banner\"\n\t\t\t\t\t\tdata-image-url=\"\"\n\t\t\t\t\t\tdata-title=\"\"\n\t\t\t\t\t\tdata-desc=\"\">\n\n\t\t\t\t\t\t<div class=\"m-cegCarousel__floatingCnt banner-container gallery-content010\"><\/div>\n\n\t\t\t\t\t<\/div>\n\t\t\t\t\t\t\t\t\t\n\t\t\t\t<div\n\t\t\t\t\tclass=\"m-cegCarousel__item\"\n\t\t\t\t\tdata-type=\"image\"\n\t\t\t\t\tdata-id=\"1\/5\/tek-jarmu-karacsonyi-vasar-scaled\"\n\t\t\t\t\tdata-image-url=\"https:\/\/www.startlap.hu\/utazas\/uploads\/sites\/3\/2024\/12\/tek-jarmu-karacsonyi-vasar-scaled.jpg\"\n\t\t\t\t\tdata-title=\"tek-jarmu-karacsonyi-vasar\"\n\t\t\t\t\tdata-desc=\"A Magyar Terrorelh\u00e1r\u00edt\u00e1si K\u00f6zpont p\u00e1nc\u00e9lozott j\u00e1rm\u0171ve parkol egy kar\u00e1csonyi v\u00e1s\u00e1r el\u0151tt Budapesten december 22-\u00e9n. Fot\u00f3: Szentgallay B\u00e1lint\/AFP\">\n\n\t\t\t\t\t<!-- image -->\n\t\t\t\t\t<div class=\"m-cegCarousel__floatingCnt\">\n\t\t\t\t\t\t<img decoding=\"async\" src=\"https:\/\/www.startlap.hu\/utazas\/uploads\/sites\/3\/2024\/12\/tek-jarmu-karacsonyi-vasar-scaled.jpg\" class=\"m-cegCarousel__image\" alt=\"A Magyar Terrorelh\u00e1r\u00edt\u00e1si K\u00f6zpont p\u00e1nc\u00e9lozott j\u00e1rm\u0171ve parkol egy kar\u00e1csonyi v\u00e1s\u00e1r el\u0151tt Budapesten.\" \/>\t\t\t\t\t\t<span class=\"fa m-cegCarousel__zoom _ce_measure_link _ce_measure_widget\" data-ce-measure-widget=\"gallery-zoom-btn\"><\/span>\n\t\t\t\t\t<\/div>\n\n\t\t\t\t\t<!-- thumb icon \/ counter, caption  -->\n\t\t\t\t\t<div class=\"m-cegCarousel__captionCnt m-cegCaption\">\n\t\t\t\t\t\t<span class=\"m-cegCaption__thumbIcon a-cegThumbIcon _ce_measure_widget _ce_measure_link\"\n\t\t\t\t\t\t\t  data-ce-measure-widget=\"thumbnails-btn\"\n\t\t\t\t\t\t\t  data-ce-measure-widget=\"gallery-thumbnails\"><i class=\" fa fa-th-large\"><\/i><\/span>\n\t\t\t\t\t\t<span class=\"m-cegCaption__pagination a-cegPagination\">\n\t\t\t\t\t\t\t<span class=\"a-cegPagination__current\">5<\/span>\/9\t\t\t\t\t\t<\/span>\n\t\t\t\t\t\t<span class=\"m-cegCaption__caption\">tek-jarmu-karacsonyi-vasar<\/span>\n\t\t\t\t\t<\/div>\n\n\t\t\t\t\t<!-- Image description -->\n\t\t\t\t\t<div class=\"m-cegCarousel__desc a-cegDesc\">A Magyar Terrorelh\u00e1r\u00edt\u00e1si K\u00f6zpont p\u00e1nc\u00e9lozott j\u00e1rm\u0171ve parkol egy kar\u00e1csonyi v\u00e1s\u00e1r el\u0151tt Budapesten december 22-\u00e9n. Fot\u00f3: Szentgallay B\u00e1lint\/AFP<\/div>\n\n\t\t\t\t\t<!-- Image social share icons -->\n\t\t\t\t\t<div class=\"m-cegCarousel__socialCnt m-cegSocial\">\n\t\t\t\t\t\t<span class=\"m-cegSocial__text\">Fot\u00f3 megoszt\u00e1sa:<\/span><span class=\"m-cegSocial__iconWrap\"><span class=\"m-cegSocial__icon -facebook _ce_measure_link _ce_measure_widget\" data-ce-measure-widget=\"facebookGallery-btn\"><i class=\"fab fa-facebook-f\"><\/i><\/span><span class=\"m-cegSocial__icon -pinterest _ce_measure_link _ce_measure_widget\" data-ce-measure-widget=\"printeresGallery-btn\"><i class=\"fab fa-pinterest-p\"><\/i><\/span><span class=\"m-cegSocial__icon -email _ce_measure_link _ce_measure_widget\" data-ce-measure-widget=\"emailGallery-btn\"><i class=\"far fa-envelope\"><\/i><\/span><span class=\"m-cegSocial__icon -clipboard _ce_measure_link _ce_measure_widget\" data-ce-measure-widget=\"clipboardGallery-btn\"><i class=\"fa fa-link\"><\/i><\/span><\/span>\t\t\t\t\t<\/div>\n\t\t\t\t<\/div>\n\t\t\t\t\t\t\t\n\t\t\t\t<div\n\t\t\t\t\tclass=\"m-cegCarousel__item\"\n\t\t\t\t\tdata-type=\"image\"\n\t\t\t\t\tdata-id=\"1\/6\/tek-jarmu-karacsonyi-vasar2-scaled\"\n\t\t\t\t\tdata-image-url=\"https:\/\/www.startlap.hu\/utazas\/uploads\/sites\/3\/2024\/12\/tek-jarmu-karacsonyi-vasar2-scaled.jpg\"\n\t\t\t\t\tdata-title=\"tek-jarmu-karacsonyi-vasar2\"\n\t\t\t\t\tdata-desc=\"A Magyar Terrorelh\u00e1r\u00edt\u00e1si K\u00f6zpont p\u00e1nc\u00e9lozott j\u00e1rm\u0171ve parkol egy kar\u00e1csonyi v\u00e1s\u00e1r el\u0151tt Budapesten december 22-\u00e9n. Fot\u00f3: Szentgallay B\u00e1lint\/AFP\">\n\n\t\t\t\t\t<!-- image -->\n\t\t\t\t\t<div class=\"m-cegCarousel__floatingCnt\">\n\t\t\t\t\t\t<img decoding=\"async\" src=\"https:\/\/www.startlap.hu\/utazas\/uploads\/sites\/3\/2024\/12\/tek-jarmu-karacsonyi-vasar2-scaled.jpg\" class=\"m-cegCarousel__image\" alt=\"A Magyar Terrorelh\u00e1r\u00edt\u00e1si K\u00f6zpont p\u00e1nc\u00e9lozott j\u00e1rm\u0171ve parkol egy kar\u00e1csonyi v\u00e1s\u00e1r el\u0151tt Budapesten.\" \/>\t\t\t\t\t\t<span class=\"fa m-cegCarousel__zoom _ce_measure_link _ce_measure_widget\" data-ce-measure-widget=\"gallery-zoom-btn\"><\/span>\n\t\t\t\t\t<\/div>\n\n\t\t\t\t\t<!-- thumb icon \/ counter, caption  -->\n\t\t\t\t\t<div class=\"m-cegCarousel__captionCnt m-cegCaption\">\n\t\t\t\t\t\t<span class=\"m-cegCaption__thumbIcon a-cegThumbIcon _ce_measure_widget _ce_measure_link\"\n\t\t\t\t\t\t\t  data-ce-measure-widget=\"thumbnails-btn\"\n\t\t\t\t\t\t\t  data-ce-measure-widget=\"gallery-thumbnails\"><i class=\" fa fa-th-large\"><\/i><\/span>\n\t\t\t\t\t\t<span class=\"m-cegCaption__pagination a-cegPagination\">\n\t\t\t\t\t\t\t<span class=\"a-cegPagination__current\">6<\/span>\/9\t\t\t\t\t\t<\/span>\n\t\t\t\t\t\t<span class=\"m-cegCaption__caption\">tek-jarmu-karacsonyi-vasar2<\/span>\n\t\t\t\t\t<\/div>\n\n\t\t\t\t\t<!-- Image description -->\n\t\t\t\t\t<div class=\"m-cegCarousel__desc a-cegDesc\">A Magyar Terrorelh\u00e1r\u00edt\u00e1si K\u00f6zpont p\u00e1nc\u00e9lozott j\u00e1rm\u0171ve parkol egy kar\u00e1csonyi v\u00e1s\u00e1r el\u0151tt Budapesten december 22-\u00e9n. Fot\u00f3: Szentgallay B\u00e1lint\/AFP<\/div>\n\n\t\t\t\t\t<!-- Image social share icons -->\n\t\t\t\t\t<div class=\"m-cegCarousel__socialCnt m-cegSocial\">\n\t\t\t\t\t\t<span class=\"m-cegSocial__text\">Fot\u00f3 megoszt\u00e1sa:<\/span><span class=\"m-cegSocial__iconWrap\"><span class=\"m-cegSocial__icon -facebook _ce_measure_link _ce_measure_widget\" data-ce-measure-widget=\"facebookGallery-btn\"><i class=\"fab fa-facebook-f\"><\/i><\/span><span class=\"m-cegSocial__icon -pinterest _ce_measure_link _ce_measure_widget\" data-ce-measure-widget=\"printeresGallery-btn\"><i class=\"fab fa-pinterest-p\"><\/i><\/span><span class=\"m-cegSocial__icon -email _ce_measure_link _ce_measure_widget\" data-ce-measure-widget=\"emailGallery-btn\"><i class=\"far fa-envelope\"><\/i><\/span><span class=\"m-cegSocial__icon -clipboard _ce_measure_link _ce_measure_widget\" data-ce-measure-widget=\"clipboardGallery-btn\"><i class=\"fa fa-link\"><\/i><\/span><\/span>\t\t\t\t\t<\/div>\n\t\t\t\t<\/div>\n\t\t\t\t\t\t\t\n\t\t\t\t<div\n\t\t\t\t\tclass=\"m-cegCarousel__item\"\n\t\t\t\t\tdata-type=\"image\"\n\t\t\t\t\tdata-id=\"1\/7\/tek-szekszard-karacsonyi-vasar-scaled\"\n\t\t\t\t\tdata-image-url=\"https:\/\/www.startlap.hu\/utazas\/uploads\/sites\/3\/2024\/12\/tek-szekszard-karacsonyi-vasar-scaled.jpg\"\n\t\t\t\t\tdata-title=\"tek-szekszard-karacsonyi-vasar\"\n\t\t\t\t\tdata-desc=\" A Terrorelh\u00e1r\u00edt\u00e1si K\u00f6zpont (TEK) egys\u00e9ge egy Scorpion p\u00e1nc\u00e9lozott j\u00e1rm\u0171vel Szeksz\u00e1rd s\u00e9t\u00e1l\u00f3utc\u00e1ja el\u0151tt, a kar\u00e1csonyi v\u00e1s\u00e1r helysz\u00edne k\u00f6zel\u00e9ben 2024. december 22-\u00e9n. Fot\u00f3:  MTI\/Kiss D\u00e1niel\">\n\n\t\t\t\t\t<!-- image -->\n\t\t\t\t\t<div class=\"m-cegCarousel__floatingCnt\">\n\t\t\t\t\t\t<img decoding=\"async\" src=\"https:\/\/www.startlap.hu\/utazas\/uploads\/sites\/3\/2024\/12\/tek-szekszard-karacsonyi-vasar-scaled.jpg\" class=\"m-cegCarousel__image\" alt=\"A Terrorelh\u00e1r\u00edt\u00e1si K\u00f6zpont (TEK) egys\u00e9ge egy Scorpion p\u00e1nc\u00e9lozott j\u00e1rm\u0171vel Szeksz\u00e1rd s\u00e9t\u00e1l\u00f3utc\u00e1ja el\u0151tt, a kar\u00e1csonyi v\u00e1s\u00e1r helysz\u00edne k\u00f6zel\u00e9ben\" \/>\t\t\t\t\t\t<span class=\"fa m-cegCarousel__zoom _ce_measure_link _ce_measure_widget\" data-ce-measure-widget=\"gallery-zoom-btn\"><\/span>\n\t\t\t\t\t<\/div>\n\n\t\t\t\t\t<!-- thumb icon \/ counter, caption  -->\n\t\t\t\t\t<div class=\"m-cegCarousel__captionCnt m-cegCaption\">\n\t\t\t\t\t\t<span class=\"m-cegCaption__thumbIcon a-cegThumbIcon _ce_measure_widget _ce_measure_link\"\n\t\t\t\t\t\t\t  data-ce-measure-widget=\"thumbnails-btn\"\n\t\t\t\t\t\t\t  data-ce-measure-widget=\"gallery-thumbnails\"><i class=\" fa fa-th-large\"><\/i><\/span>\n\t\t\t\t\t\t<span class=\"m-cegCaption__pagination a-cegPagination\">\n\t\t\t\t\t\t\t<span class=\"a-cegPagination__current\">7<\/span>\/9\t\t\t\t\t\t<\/span>\n\t\t\t\t\t\t<span class=\"m-cegCaption__caption\">tek-szekszard-karacsonyi-vasar<\/span>\n\t\t\t\t\t<\/div>\n\n\t\t\t\t\t<!-- Image description -->\n\t\t\t\t\t<div class=\"m-cegCarousel__desc a-cegDesc\"> A Terrorelh\u00e1r\u00edt\u00e1si K\u00f6zpont (TEK) egys\u00e9ge egy Scorpion p\u00e1nc\u00e9lozott j\u00e1rm\u0171vel Szeksz\u00e1rd s\u00e9t\u00e1l\u00f3utc\u00e1ja el\u0151tt, a kar\u00e1csonyi v\u00e1s\u00e1r helysz\u00edne k\u00f6zel\u00e9ben 2024. december 22-\u00e9n. Fot\u00f3:  MTI\/Kiss D\u00e1niel<\/div>\n\n\t\t\t\t\t<!-- Image social share icons -->\n\t\t\t\t\t<div class=\"m-cegCarousel__socialCnt m-cegSocial\">\n\t\t\t\t\t\t<span class=\"m-cegSocial__text\">Fot\u00f3 megoszt\u00e1sa:<\/span><span class=\"m-cegSocial__iconWrap\"><span class=\"m-cegSocial__icon -facebook _ce_measure_link _ce_measure_widget\" data-ce-measure-widget=\"facebookGallery-btn\"><i class=\"fab fa-facebook-f\"><\/i><\/span><span class=\"m-cegSocial__icon -pinterest _ce_measure_link _ce_measure_widget\" data-ce-measure-widget=\"printeresGallery-btn\"><i class=\"fab fa-pinterest-p\"><\/i><\/span><span class=\"m-cegSocial__icon -email _ce_measure_link _ce_measure_widget\" data-ce-measure-widget=\"emailGallery-btn\"><i class=\"far fa-envelope\"><\/i><\/span><span class=\"m-cegSocial__icon -clipboard _ce_measure_link _ce_measure_widget\" data-ce-measure-widget=\"clipboardGallery-btn\"><i class=\"fa fa-link\"><\/i><\/span><\/span>\t\t\t\t\t<\/div>\n\t\t\t\t<\/div>\n\t\t\t\t\t\t\t\t\t\t\t\t<div\n\t\t\t\t\t\tclass=\"m-cegCarousel__item -banner\"\n\t\t\t\t\t\tdata-type=\"banner\"\n\t\t\t\t\t\tdata-id=\"1\/8\/banner\"\n\t\t\t\t\t\tdata-image-url=\"\"\n\t\t\t\t\t\tdata-title=\"\"\n\t\t\t\t\t\tdata-desc=\"\">\n\n\t\t\t\t\t\t<div class=\"m-cegCarousel__floatingCnt banner-container gallery-content020\"><\/div>\n\n\t\t\t\t\t<\/div>\n\t\t\t\t\t\t\t\t\t\n\t\t\t\t<div\n\t\t\t\t\tclass=\"m-cegCarousel__item\"\n\t\t\t\t\tdata-type=\"image\"\n\t\t\t\t\tdata-id=\"1\/9\/tek-szekszard-karacsonyi-vasar2\"\n\t\t\t\t\tdata-image-url=\"https:\/\/www.startlap.hu\/utazas\/uploads\/sites\/3\/2024\/12\/tek-szekszard-karacsonyi-vasar2.jpg\"\n\t\t\t\t\tdata-title=\"tek-szekszard-karacsonyi-vasar2\"\n\t\t\t\t\tdata-desc=\" A Terrorelh\u00e1r\u00edt\u00e1si K\u00f6zpont (TEK) egys\u00e9ge egy Scorpion p\u00e1nc\u00e9lozott j\u00e1rm\u0171vel Szeksz\u00e1rd s\u00e9t\u00e1l\u00f3utc\u00e1ja el\u0151tt, a kar\u00e1csonyi v\u00e1s\u00e1r helysz\u00edne k\u00f6zel\u00e9ben 2024. december 22-\u00e9n. Fot\u00f3:  MTI\/Kiss D\u00e1niel\">\n\n\t\t\t\t\t<!-- image -->\n\t\t\t\t\t<div class=\"m-cegCarousel__floatingCnt\">\n\t\t\t\t\t\t<img decoding=\"async\" src=\"https:\/\/www.startlap.hu\/utazas\/uploads\/sites\/3\/2024\/12\/tek-szekszard-karacsonyi-vasar2.jpg\" class=\"m-cegCarousel__image\" alt=\"A Terrorelh\u00e1r\u00edt\u00e1si K\u00f6zpont (TEK) egys\u00e9ge egy Scorpion p\u00e1nc\u00e9lozott j\u00e1rm\u0171vel Szeksz\u00e1rd s\u00e9t\u00e1l\u00f3utc\u00e1ja el\u0151tt, a kar\u00e1csonyi v\u00e1s\u00e1r helysz\u00edne k\u00f6zel\u00e9ben\" \/>\t\t\t\t\t\t<span class=\"fa m-cegCarousel__zoom _ce_measure_link _ce_measure_widget\" data-ce-measure-widget=\"gallery-zoom-btn\"><\/span>\n\t\t\t\t\t<\/div>\n\n\t\t\t\t\t<!-- thumb icon \/ counter, caption  -->\n\t\t\t\t\t<div class=\"m-cegCarousel__captionCnt m-cegCaption\">\n\t\t\t\t\t\t<span class=\"m-cegCaption__thumbIcon a-cegThumbIcon _ce_measure_widget _ce_measure_link\"\n\t\t\t\t\t\t\t  data-ce-measure-widget=\"thumbnails-btn\"\n\t\t\t\t\t\t\t  data-ce-measure-widget=\"gallery-thumbnails\"><i class=\" fa fa-th-large\"><\/i><\/span>\n\t\t\t\t\t\t<span class=\"m-cegCaption__pagination a-cegPagination\">\n\t\t\t\t\t\t\t<span class=\"a-cegPagination__current\">9<\/span>\/9\t\t\t\t\t\t<\/span>\n\t\t\t\t\t\t<span class=\"m-cegCaption__caption\">tek-szekszard-karacsonyi-vasar2<\/span>\n\t\t\t\t\t<\/div>\n\n\t\t\t\t\t<!-- Image description -->\n\t\t\t\t\t<div class=\"m-cegCarousel__desc a-cegDesc\"> A Terrorelh\u00e1r\u00edt\u00e1si K\u00f6zpont (TEK) egys\u00e9ge egy Scorpion p\u00e1nc\u00e9lozott j\u00e1rm\u0171vel Szeksz\u00e1rd s\u00e9t\u00e1l\u00f3utc\u00e1ja el\u0151tt, a kar\u00e1csonyi v\u00e1s\u00e1r helysz\u00edne k\u00f6zel\u00e9ben 2024. december 22-\u00e9n. Fot\u00f3:  MTI\/Kiss D\u00e1niel<\/div>\n\n\t\t\t\t\t<!-- Image social share icons -->\n\t\t\t\t\t<div class=\"m-cegCarousel__socialCnt m-cegSocial\">\n\t\t\t\t\t\t<span class=\"m-cegSocial__text\">Fot\u00f3 megoszt\u00e1sa:<\/span><span class=\"m-cegSocial__iconWrap\"><span class=\"m-cegSocial__icon -facebook _ce_measure_link _ce_measure_widget\" data-ce-measure-widget=\"facebookGallery-btn\"><i class=\"fab fa-facebook-f\"><\/i><\/span><span class=\"m-cegSocial__icon -pinterest _ce_measure_link _ce_measure_widget\" data-ce-measure-widget=\"printeresGallery-btn\"><i class=\"fab fa-pinterest-p\"><\/i><\/span><span class=\"m-cegSocial__icon -email _ce_measure_link _ce_measure_widget\" data-ce-measure-widget=\"emailGallery-btn\"><i class=\"far fa-envelope\"><\/i><\/span><span class=\"m-cegSocial__icon -clipboard _ce_measure_link _ce_measure_widget\" data-ce-measure-widget=\"clipboardGallery-btn\"><i class=\"fa fa-link\"><\/i><\/span><\/span>\t\t\t\t\t<\/div>\n\t\t\t\t<\/div>\n\t\t\t\t\t\t\t\t<\/div>\n\t\t<div class=\"m-cegLayer__thumbnails m-cegThumbList _ce_measure_widget\" data-ce-measure-widget=\"gallery-thumb-list\">\n\t\t\t\t\t\t\t\t\t\t\t<div class=\"m-cegThumbList__item\"\n\t\t\t\t\tdata-id=\"1\/1\/tek-budapest-karacsonyi-vasar2-scaled\"\n\t\t\t\t\tdata-index=\"0\">\n\t\t\t\t\t<img decoding=\"async\" src=\"https:\/\/www.startlap.hu\/utazas\/uploads\/sites\/3\/2024\/12\/tek-budapest-karacsonyi-vasar2-scaled.jpg\" class=\"m-cegThumbList__image _ce_measure_link\" alt=\"A Terrorelh\u00e1r\u00edt\u00e1si K\u00f6zpont (TEK) egys\u00e9ge egy Lenco p\u00e1nc\u00e9lozott j\u00e1rm\u0171vel a Szent Istv\u00e1n-bazilika el\u0151tt kar\u00e1csonyi v\u00e1s\u00e1r helysz\u00edn\u00e9n Budapesten 2024. december 22-\u00e9n. A TEK egys\u00e9gei jelen vannak a vid\u00e9ki \u00e9s a f\u0151v\u00e1rosi kar\u00e1csonyi v\u00e1s\u00e1rokon.\" \/>\t\t\t\t<\/div>\n\t\t\t\t\t\t\t\t\t\t\t<div class=\"m-cegThumbList__item\"\n\t\t\t\t\tdata-id=\"1\/2\/tek-budapest-karacsonyi-vasar\"\n\t\t\t\t\tdata-index=\"1\">\n\t\t\t\t\t<img decoding=\"async\" src=\"https:\/\/www.startlap.hu\/utazas\/uploads\/sites\/3\/2024\/12\/tek-budapest-karacsonyi-vasar.jpg\" class=\"m-cegThumbList__image _ce_measure_link\" alt=\"\" \/>\t\t\t\t<\/div>\n\t\t\t\t\t\t\t\t\t\t\t<div class=\"m-cegThumbList__item\"\n\t\t\t\t\tdata-id=\"1\/3\/tek-budapest-karacsonyi-vasar3\"\n\t\t\t\t\tdata-index=\"2\">\n\t\t\t\t\t<img decoding=\"async\" src=\"https:\/\/www.startlap.hu\/utazas\/uploads\/sites\/3\/2024\/12\/tek-budapest-karacsonyi-vasar3.jpg\" class=\"m-cegThumbList__image _ce_measure_link\" alt=\"A Terrorelh\u00e1r\u00edt\u00e1si K\u00f6zpont (TEK) egys\u00e9ge egy Lenco p\u00e1nc\u00e9lozott j\u00e1rm\u0171vel a Szent Istv\u00e1n-bazilika el\u0151tt kar\u00e1csonyi v\u00e1s\u00e1r helysz\u00edn\u00e9n Budapesten 2024. december 22-\u00e9n. A TEK egys\u00e9gei jelen vannak a vid\u00e9ki \u00e9s a f\u0151v\u00e1rosi kar\u00e1csonyi v\u00e1s\u00e1rokon.\" \/>\t\t\t\t<\/div>\n\t\t\t\t\t\t\t\t\t\t\t\t\t\t\t<div class=\"m-cegThumbList__item\"\n\t\t\t\t\tdata-id=\"1\/5\/tek-jarmu-karacsonyi-vasar-scaled\"\n\t\t\t\t\tdata-index=\"4\">\n\t\t\t\t\t<img decoding=\"async\" src=\"https:\/\/www.startlap.hu\/utazas\/uploads\/sites\/3\/2024\/12\/tek-jarmu-karacsonyi-vasar-scaled.jpg\" class=\"m-cegThumbList__image _ce_measure_link\" alt=\"A Magyar Terrorelh\u00e1r\u00edt\u00e1si K\u00f6zpont p\u00e1nc\u00e9lozott j\u00e1rm\u0171ve parkol egy kar\u00e1csonyi v\u00e1s\u00e1r el\u0151tt Budapesten.\" \/>\t\t\t\t<\/div>\n\t\t\t\t\t\t\t\t\t\t\t<div class=\"m-cegThumbList__item\"\n\t\t\t\t\tdata-id=\"1\/6\/tek-jarmu-karacsonyi-vasar2-scaled\"\n\t\t\t\t\tdata-index=\"5\">\n\t\t\t\t\t<img decoding=\"async\" src=\"https:\/\/www.startlap.hu\/utazas\/uploads\/sites\/3\/2024\/12\/tek-jarmu-karacsonyi-vasar2-scaled.jpg\" class=\"m-cegThumbList__image _ce_measure_link\" alt=\"A Magyar Terrorelh\u00e1r\u00edt\u00e1si K\u00f6zpont p\u00e1nc\u00e9lozott j\u00e1rm\u0171ve parkol egy kar\u00e1csonyi v\u00e1s\u00e1r el\u0151tt Budapesten.\" \/>\t\t\t\t<\/div>\n\t\t\t\t\t\t\t\t\t\t\t<div class=\"m-cegThumbList__item\"\n\t\t\t\t\tdata-id=\"1\/7\/tek-szekszard-karacsonyi-vasar-scaled\"\n\t\t\t\t\tdata-index=\"6\">\n\t\t\t\t\t<img decoding=\"async\" src=\"https:\/\/www.startlap.hu\/utazas\/uploads\/sites\/3\/2024\/12\/tek-szekszard-karacsonyi-vasar-scaled.jpg\" class=\"m-cegThumbList__image _ce_measure_link\" alt=\"A Terrorelh\u00e1r\u00edt\u00e1si K\u00f6zpont (TEK) egys\u00e9ge egy Scorpion p\u00e1nc\u00e9lozott j\u00e1rm\u0171vel Szeksz\u00e1rd s\u00e9t\u00e1l\u00f3utc\u00e1ja el\u0151tt, a kar\u00e1csonyi v\u00e1s\u00e1r helysz\u00edne k\u00f6zel\u00e9ben\" \/>\t\t\t\t<\/div>\n\t\t\t\t\t\t\t\t\t\t\t\t\t\t\t<div class=\"m-cegThumbList__item\"\n\t\t\t\t\tdata-id=\"1\/9\/tek-szekszard-karacsonyi-vasar2\"\n\t\t\t\t\tdata-index=\"8\">\n\t\t\t\t\t<img decoding=\"async\" src=\"https:\/\/www.startlap.hu\/utazas\/uploads\/sites\/3\/2024\/12\/tek-szekszard-karacsonyi-vasar2.jpg\" class=\"m-cegThumbList__image _ce_measure_link\" alt=\"A Terrorelh\u00e1r\u00edt\u00e1si K\u00f6zpont (TEK) egys\u00e9ge egy Scorpion p\u00e1nc\u00e9lozott j\u00e1rm\u0171vel Szeksz\u00e1rd s\u00e9t\u00e1l\u00f3utc\u00e1ja el\u0151tt, a kar\u00e1csonyi v\u00e1s\u00e1r helysz\u00edne k\u00f6zel\u00e9ben\" \/>\t\t\t\t<\/div>\n\t\t\t\t\t<\/div>\n\t<\/div>\n\t<div class=\"m-cegLayer__sidebar m-cegSidebar _ce_measure_widget\" data-ce-measure-widget=\"gallery-sidebar\">\n\n\t\t<div class=\"m-cegSidebar__desc a-cegDesc _ce_measure_widget\" data-ce-measure-widget=\"gallery-desc\"><\/div>\n\n\t\t<div class=\"m-cegSidebar__socialCnt m-cegSocial -sidebar _ce_measure_widget\" data-ce-measure-widget=\"gallery-social\">\n\t\t\t<span class=\"m-cegSocial__text\">Fot\u00f3 megoszt\u00e1sa:<\/span><span class=\"m-cegSocial__iconWrap\"><span class=\"m-cegSocial__icon -facebook _ce_measure_link _ce_measure_widget\" data-ce-measure-widget=\"facebookGallery-btn\"><i class=\"fab fa-facebook-f\"><\/i><\/span><span class=\"m-cegSocial__icon -pinterest _ce_measure_link _ce_measure_widget\" data-ce-measure-widget=\"printeresGallery-btn\"><i class=\"fab fa-pinterest-p\"><\/i><\/span><span class=\"m-cegSocial__icon -email _ce_measure_link _ce_measure_widget\" data-ce-measure-widget=\"emailGallery-btn\"><i class=\"far fa-envelope\"><\/i><\/span><span class=\"m-cegSocial__icon -clipboard _ce_measure_link _ce_measure_widget\" data-ce-measure-widget=\"clipboardGallery-btn\"><i class=\"fa fa-link\"><\/i><\/span><\/span>\t\t<\/div>\n\n\t\t<div class=\"gallery-right010 banner-container\"><\/div>\n\t\t<div class=\"gallery-right020 banner-container\"><\/div>\n\n\t<\/div>\n<\/div>\n\t<\/div>\n\n\t<script>\n\t\tjQuery(function () {\n\t\t\tvar id = '#cegPostCnt_1';\n\t\t\tjQuery( id ).articleGallery({\n\t\t\t\tonChanged: function (event) {\n\t\t\t\t\t\tthis.renderSidebarCTS( 'gallery-right010' );\n\t\t\t\t\t\tthis.renderSidebarCTS( 'gallery-right020' );\n\t\t\t\t\t\tthis.renderBannerSlideCTS(  event,\n\t\t\t\t\t\t\t\t\t\t\t\t\t[\n\t\t\t\t\t\t\t\t\t\t\t\t\t\t'gallery-content010',\n\t\t\t\t\t\t\t\t\t\t\t\t\t\t'gallery-content020',\n\t\t\t\t\t\t\t\t\t\t\t\t\t\t'gallery-content030'\n\t\t\t\t\t\t\t\t\t\t\t\t\t]);\n\t\t\t\t}\n\t\t\t});\n\t\t});\n\t<\/script>\t\n<h2>N\u00f6velik a biztons\u00e1g\u00e9rzetet<\/h2>\n<p>A rend\u0151rs\u00e9g a k\u00f6zter\u00fcleti b\u0171ncselekm\u00e9nyek megel\u0151z\u00e9se, megakad\u00e1lyoz\u00e1sa, valamint a szubjekt\u00edv biztons\u00e1g\u00e9rzet n\u00f6vel\u00e9se \u00e9rdek\u00e9ben \u00e1lland\u00f3, meger\u0151s\u00edtett civil ruh\u00e1s b\u0171n\u00fcgyi \u00e9s egyenruh\u00e1s rend\u0151ri jelenl\u00e9tet biztos\u00edt a v\u00e1s\u00e1rokban \u00e9s azok k\u00f6zvetlen k\u00f6rnyezet\u00e9ben, illetve az oda vezet\u0151 f\u0151bb \u00fatvonalakon &#8211; \u00edrja a <a href=\"https:\/\/www.police.hu\/hu\/hirek-es-informaciok\/legfrissebb-hireink\/kozrendvedelem\/fokozott-rendori-jelenlet\" target=\"_blank\" target=\"_blank\" rel=\"noopener noreferrer\">police.hu<\/a>.<\/p>\n<p><strong>A l\u00e1togat\u00f3k a megn\u00f6velt l\u00e9tsz\u00e1m mellett, az \u00e9rintett ter\u00fcleteken fizikai akad\u00e1lyokkal is tal\u00e1lkozhatnak, amelyek a biztons\u00e1got szolg\u00e1lj\u00e1k.<\/strong><\/p>\n<p>A rend\u0151rs\u00e9g k\u00e9ri, hogy a v\u00e1s\u00e1rokban fokozottan figyeljenek az \u00e9rt\u00e9keikre a l\u00e1togat\u00f3k, \u00e9s k\u00f6vess\u00e9k a kihelyezett t\u00e1bl\u00e1k, valamint a koll\u00e9g\u00e1ik utas\u00edt\u00e1sait.&nbsp;<\/p>\n<div class=\"o-widget m-readMoreWidget -readMore u-shortDecorLineAfter row widget-container _ce_measure_widget bigdata-widget read-more\" data-ce-measure-widget=\"olvass tov\u00e1bb\">\n\t<div class=\"m-readMoreWidget__imgWrapper image-wrapper col-12 col-md-4 no-p\">\n\t\t<a class=\"m-readMoreWidget__imgLink\" href=\"https:\/\/www.startlap.hu\/utazas\/megyeri-hid-diszkivilagitas-karacsony-budapest\/\" >\n\t\t\t<img decoding=\"async\" src=\"https:\/\/www.startlap.hu\/utazas\/uploads\/sites\/3\/2024\/12\/megyeri-hid-karacsony-diszkivilagitas-350x285.jpg\" class=\"m-readMoreWidget__img\">\n\t\t<\/a>\n\t<\/div>\n\t<div class=\"m-readMoreWidget__titleWrapper title-wrapper col-12 col-md-8\">\n\t\t<span class=\"m-readMoreWidget__titleLabel u-shortDecorLineBefore label hidden-sm-up\">Ez is \u00e9rdekelhet:<\/span>\n\t\t<h3 class=\"m-readMoreWidget__title title\">\n\t\t\t<a class=\"m-readMoreWidget__titleLink -secondFont u-bold u-upperCase\" href=\"https:\/\/www.startlap.hu\/utazas\/megyeri-hid-diszkivilagitas-karacsony-budapest\/\" >Semmik\u00e9ppen se \u00e1llj meg a le\u00e1ll\u00f3s\u00e1vban! Ism\u00e9t gigantikus kar\u00e1csonyf\u00e1v\u00e1 v\u00e1ltozik a Megyeri h\u00edd<\/a>\n\t\t<\/h3>\n\t\t<a class=\"m-readMoreWidget__btn -coloredBack u-tC link\" href=\"https:\/\/www.startlap.hu\/utazas\/megyeri-hid-diszkivilagitas-karacsony-budapest\/\" >Elolvasom<\/a>\n\t<\/div>\n<\/div>\n","protected":false},"excerpt":{"rendered":"<p>Vil\u00e1gszerte meger\u0151s\u00edtett\u00e9k a rend\u0151ri jelenl\u00e9tet a magdeburgi trag\u00e9dia ut\u00e1n a kar\u00e1csonyi v\u00e1s\u00e1rokban \u00e9s k\u00f6rny\u00e9k\u00fck\u00f6n, Magyarorsz\u00e1gon is \u00edgy tettek a hat\u00f3s\u00e1gok.<\/p>\n","protected":false},"author":45,"featured_media":82945,"comment_status":"closed","ping_status":"closed","sticky":false,"template":"","format":"standard","meta":{"footnotes":""},"categories":[7],"tags":[944,1750],"class_list":["post-82944","post","type-post","status-publish","format-standard","has-post-thumbnail","hentry","category-belfold-utazas","tag-karacsonyi-vasar","tag-rendorseg"],"aioseo_notices":[],"_links":{"self":[{"href":"https:\/\/www.startlap.hu\/utazas\/wp-json\/wp\/v2\/posts\/82944","targetHints":{"allow":["GET"]}}],"collection":[{"href":"https:\/\/www.startlap.hu\/utazas\/wp-json\/wp\/v2\/posts"}],"about":[{"href":"https:\/\/www.startlap.hu\/utazas\/wp-json\/wp\/v2\/types\/post"}],"author":[{"embeddable":true,"href":"https:\/\/www.startlap.hu\/utazas\/wp-json\/wp\/v2\/users\/45"}],"replies":[{"embeddable":true,"href":"https:\/\/www.startlap.hu\/utazas\/wp-json\/wp\/v2\/comments?post=82944"}],"version-history":[{"count":1,"href":"https:\/\/www.startlap.hu\/utazas\/wp-json\/wp\/v2\/posts\/82944\/revisions"}],"predecessor-version":[{"id":82952,"href":"https:\/\/www.startlap.hu\/utazas\/wp-json\/wp\/v2\/posts\/82944\/revisions\/82952"}],"wp:featuredmedia":[{"embeddable":true,"href":"https:\/\/www.startlap.hu\/utazas\/wp-json\/wp\/v2\/media\/82945"}],"wp:attachment":[{"href":"https:\/\/www.startlap.hu\/utazas\/wp-json\/wp\/v2\/media?parent=82944"}],"wp:term":[{"taxonomy":"category","embeddable":true,"href":"https:\/\/www.startlap.hu\/utazas\/wp-json\/wp\/v2\/categories?post=82944"},{"taxonomy":"post_tag","embeddable":true,"href":"https:\/\/www.startlap.hu\/utazas\/wp-json\/wp\/v2\/tags?post=82944"}],"curies":[{"name":"wp","href":"https:\/\/api.w.org\/{rel}","templated":true}]}}