{"id":81943,"date":"2024-11-29T21:49:27","date_gmt":"2024-11-29T20:49:27","guid":{"rendered":"https:\/\/www.startlap.hu\/utazas\/?p=81943"},"modified":"2024-11-29T21:49:27","modified_gmt":"2024-11-29T20:49:27","slug":"akadalymentesites-varos-dij","status":"publish","type":"post","link":"https:\/\/www.startlap.hu\/utazas\/akadalymentesites-varos-dij\/","title":{"rendered":"Ezekbe a v\u00e1rosokba \u00e9rdemes utazni \u00e9s k\u00f6lt\u00f6zni fogyat\u00e9kkal \u00e9l\u0151kkel"},"content":{"rendered":"<p>Az akad\u00e1lymentes\u00edt\u00e9s \u00e9rdek\u00e9ben tett kiemelked\u0151 er\u0151fesz\u00edt\u00e9sei\u00e9rt<strong> az osztr\u00e1k f\u0151v\u00e1ros, B\u00e9cs kapta az Eur\u00f3pai Bizotts\u00e1g \u00e9s az Eur\u00f3pai Fogyat\u00e9kos\u00fcgyi F\u00f3rum k\u00f6z\u00f6sen alap\u00edtott Access City (hozz\u00e1f\u00e9rhet\u0151 v\u00e1ros) 2025-\u00f6s d\u00edj\u00e1t<\/strong> &#8211; k\u00f6z\u00f6lte az uni\u00f3s bizotts\u00e1g p\u00e9nteken.<\/p>\n<p>Az osztr\u00e1k f\u0151v\u00e1ros azzal \u00e9rdemelte ki az elismer\u00e9st, hogy a k\u00f6zter\u00fcletekhez, a t\u00f6megk\u00f6zleked\u00e9shez, az inform\u00e1ci\u00f3s \u00e9s kommunik\u00e1ci\u00f3s eszk\u00f6z\u00f6kh\u00f6z, valamint a k\u00f6zszolg\u00e1ltat\u00e1sokhoz val\u00f3 hozz\u00e1f\u00e9r\u00e9s jav\u00edt\u00e1s\u00e1ra ir\u00e1nyul\u00f3 kezdem\u00e9nyez\u00e9sei jelent\u0151sen jav\u00edtott\u00e1k a fogyat\u00e9koss\u00e1ggal \u00e9l\u0151k \u00e9let\u00e9t.<\/p>\n<p>A v\u00e1ros int\u00e9zked\u00e9sei \u00f6tv\u00f6zik a t\u00e1rsadalmi, gazdas\u00e1gi \u00e9s k\u00f6rnyezeti fenntarthat\u00f3s\u00e1got, amely<strong> kiv\u00e1l\u00f3 p\u00e9ld\u00e1ja annak, hogy a nagyv\u00e1rosok mik\u00e9nt tudj\u00e1k sikeresen megval\u00f3s\u00edtani az akad\u00e1lymentes\u00edt\u00e9st a v\u00e1rosi \u00e9let minden ter\u00fclet\u00e9n<\/strong>. Salzburg ut\u00e1n &#8211; mely 2012-ben nyerte el a d\u00edjat &#8211; B\u00e9cs a m\u00e1sodik Access City d\u00edjjal kit\u00fcntetett osztr\u00e1k v\u00e1ros.<\/p>\n<figure id=\"attachment_81944\" aria-describedby=\"caption-attachment-81944\" style=\"width: 755px\" class=\"wp-caption alignnone\"><img loading=\"lazy\" decoding=\"async\" class=\"size-article-size-large-image wp-image-81944\" src=\"https:\/\/www.startlap.hu\/utazas\/uploads\/sites\/3\/2024\/11\/075_contini-everyday240404_np0JO-755x503.jpg\" alt=\"\" width=\"755\" height=\"503\" srcset=\"https:\/\/www.startlap.hu\/utazas\/uploads\/sites\/3\/2024\/11\/075_contini-everyday240404_np0JO-755x503.jpg 755w, https:\/\/www.startlap.hu\/utazas\/uploads\/sites\/3\/2024\/11\/075_contini-everyday240404_np0JO-526x350.jpg 526w, https:\/\/www.startlap.hu\/utazas\/uploads\/sites\/3\/2024\/11\/075_contini-everyday240404_np0JO.jpg 1024w\" sizes=\"auto, (max-width: 755px) 100vw, 755px\" \/><figcaption id=\"caption-attachment-81944\" class=\"wp-caption-text\">Fot\u00f3: AFP<\/figcaption><\/figure>\n<p>Helena Dalli es\u00e9lyegyenl\u0151s\u00e9g\u00e9rt felel\u0151s uni\u00f3s biztos azt mondta: az osztr\u00e1k f\u0151v\u00e1ros olyan projektjei, mint<strong> az akad\u00e1lymentes\u00edtett uszod\u00e1k, az intelligens k\u00f6zleked\u00e9si l\u00e1mp\u00e1k vagy a lakhat\u00e1si \u00e9s foglalkoztat\u00e1si integr\u00e1ci\u00f3 t\u00e1mogat\u00e1sa, jelent\u0151sen hozz\u00e1j\u00e1rultak B\u00e9cs el\u00e9rhet\u0151bb\u00e9 \u00e9s befogad\u00f3bb\u00e1 t\u00e9tel\u00e9hez<\/strong> a fogyat\u00e9koss\u00e1ggal \u00e9l\u0151k sz\u00e1m\u00e1ra. A metr\u00f3\u00e1llom\u00e1sok, valamint<strong> a busz- \u00e9s villamosmeg\u00e1ll\u00f3k t\u00f6bb mint 95 sz\u00e1zal\u00e9k\u00e1t szerelt\u00e9k fel kitapinthat\u00f3 ir\u00e1ny\u00edt\u00f3rendszerekkel<\/strong>, illetve v\u00e1ltak el\u00e9rhet\u0151v\u00e9 alacsonypadl\u00f3s j\u00e1rm\u0171vek \u00e9s multiszenzoros v\u00e9szhelyzeti rendszerek seg\u00edts\u00e9g\u00e9vel.<\/p>\n<h2>B\u00e9cs ut\u00e1n egy n\u00e9met \u00e9s egy spanyol v\u00e1ros k\u00f6vetkezik<\/h2>\n<p>A d\u00edj <strong>m\u00e1sodik helyezettje a n\u00e9metorsz\u00e1gi N\u00fcrnberg lett<\/strong>, amely az akad\u00e1lymentes\u00edt\u00e9s elk\u00f6telezett \u00e9s strat\u00e9giai megk\u00f6zel\u00edt\u00e9s\u00e9\u00e9rt tett olyan ter\u00fcleteken, mint a k\u00f6zleked\u00e9s, a foglalkoztat\u00e1s, a sport \u00e9s a szabadid\u0151s tev\u00e9kenys\u00e9gek. A <strong>spanyolorsz\u00e1gi Cartagena a harmadik helyezett<\/strong> d\u00edj\u00e1t kapta az idegenforgalom \u00e9s a kultur\u00e1lis \u00e9let fogyat\u00e9koss\u00e1ggal \u00e9l\u0151k sz\u00e1m\u00e1ra hozz\u00e1f\u00e9rhet\u0151bb\u00e9 t\u00e9tele \u00e9rdek\u00e9ben tett er\u0151fesz\u00edt\u00e9sei\u00e9rt. A <strong>sv\u00e9dorsz\u00e1gi Boras k\u00fcl\u00f6n elismer\u00e9sben r\u00e9szes\u00fclt<\/strong> a k\u00f6z\u00e9p\u00fcletek \u00e9s a k\u00f6zleked\u00e9s akad\u00e1lymentes\u00edt\u00e9se ter\u00e9n ny\u00fajtott kezdem\u00e9nyez\u00e9sei\u00e9rt. A sv\u00e9d v\u00e1ros 2015-ben m\u00e1r elnyerte az Access City Award d\u00edjat, \u00e9s folytatta kitart\u00f3 er\u0151fesz\u00edt\u00e9seit a fogyat\u00e9koss\u00e1ggal \u00e9l\u0151k akad\u00e1lyainak felsz\u00e1mol\u00e1s\u00e1ra.<\/p>\n<p>A kor\u00e1bbi d\u00edjazott v\u00e1rosok k\u00f6z\u00f6tt van \u00c1vila (Spanyolorsz\u00e1g, 2011), Salzburg (Ausztria, 2012), Berlin (N\u00e9metorsz\u00e1g, 2013), G\u00f6teborg (Sv\u00e9dorsz\u00e1g, 2014), Boras (Sv\u00e9dorsz\u00e1g, 2015), Mil\u00e1n\u00f3 (Olaszorsz\u00e1g, 2016), Chester (Egyes\u00fclt Kir\u00e1lys\u00e1g, 2017), Lyon (Franciaorsz\u00e1g, 2018), Breda (Hollandia, 2019), Vars\u00f3 (Lengyelorsz\u00e1g, 2020), J\u00f6nk\u00f6ping (Sv\u00e9dorsz\u00e1g, 2021), Luxembourg (Luxemburg, 2022), Skelleftea (Sv\u00e9dorsz\u00e1g, 2023) \u00e9s San Crist\u00f3bal de La Laguna (Spanyolorsz\u00e1g, 2024).<\/p>\n<p>(MTI)<\/p>\n<div class=\"o-widget m-readMoreWidget -readMore u-shortDecorLineAfter row widget-container _ce_measure_widget bigdata-widget read-more\" data-ce-measure-widget=\"olvass tov\u00e1bb\">\n\t<div class=\"m-readMoreWidget__imgWrapper image-wrapper col-12 col-md-4 no-p\">\n\t\t<a class=\"m-readMoreWidget__imgLink\" href=\"https:\/\/www.startlap.hu\/utazas\/vak-latasserult-utas-hong-kong-legitarsasag\/\" >\n\t\t\t<img decoding=\"async\" src=\"https:\/\/www.startlap.hu\/utazas\/uploads\/sites\/3\/2024\/07\/hkexpress-350x285.jpg\" class=\"m-readMoreWidget__img\">\n\t\t<\/a>\n\t<\/div>\n\t<div class=\"m-readMoreWidget__titleWrapper title-wrapper col-12 col-md-8\">\n\t\t<span class=\"m-readMoreWidget__titleLabel u-shortDecorLineBefore label hidden-sm-up\">Ez is \u00e9rdekelhet:<\/span>\n\t\t<h3 class=\"m-readMoreWidget__title title\">\n\t\t\t<a class=\"m-readMoreWidget__titleLink -secondFont u-bold u-upperCase\" href=\"https:\/\/www.startlap.hu\/utazas\/vak-latasserult-utas-hong-kong-legitarsasag\/\" >Bocs\u00e1natot k\u00e9rt a l\u00e9git\u00e1rsas\u00e1g, miut\u00e1n vak utasokat t\u00e1vol\u00edtott el a fed\u00e9lzetr\u0151l<\/a>\n\t\t<\/h3>\n\t\t<a class=\"m-readMoreWidget__btn -coloredBack u-tC link\" href=\"https:\/\/www.startlap.hu\/utazas\/vak-latasserult-utas-hong-kong-legitarsasag\/\" >Elolvasom<\/a>\n\t<\/div>\n<\/div>\n","protected":false},"excerpt":{"rendered":"<p>Eur\u00f3pai v\u00e1rosokat d\u00edjaztak az akad\u00e1lymentes\u00edt\u00e9s\u00e9rt.<\/p>\n","protected":false},"author":14,"featured_media":81944,"comment_status":"closed","ping_status":"closed","sticky":false,"template":"","format":"standard","meta":{"footnotes":""},"categories":[70],"tags":[661,9623],"class_list":["post-81943","post","type-post","status-publish","format-standard","has-post-thumbnail","hentry","category-vilag","tag-becs","tag-fogyatekkal-elok"],"aioseo_notices":[],"_links":{"self":[{"href":"https:\/\/www.startlap.hu\/utazas\/wp-json\/wp\/v2\/posts\/81943","targetHints":{"allow":["GET"]}}],"collection":[{"href":"https:\/\/www.startlap.hu\/utazas\/wp-json\/wp\/v2\/posts"}],"about":[{"href":"https:\/\/www.startlap.hu\/utazas\/wp-json\/wp\/v2\/types\/post"}],"author":[{"embeddable":true,"href":"https:\/\/www.startlap.hu\/utazas\/wp-json\/wp\/v2\/users\/14"}],"replies":[{"embeddable":true,"href":"https:\/\/www.startlap.hu\/utazas\/wp-json\/wp\/v2\/comments?post=81943"}],"version-history":[{"count":2,"href":"https:\/\/www.startlap.hu\/utazas\/wp-json\/wp\/v2\/posts\/81943\/revisions"}],"predecessor-version":[{"id":81964,"href":"https:\/\/www.startlap.hu\/utazas\/wp-json\/wp\/v2\/posts\/81943\/revisions\/81964"}],"wp:featuredmedia":[{"embeddable":true,"href":"https:\/\/www.startlap.hu\/utazas\/wp-json\/wp\/v2\/media\/81944"}],"wp:attachment":[{"href":"https:\/\/www.startlap.hu\/utazas\/wp-json\/wp\/v2\/media?parent=81943"}],"wp:term":[{"taxonomy":"category","embeddable":true,"href":"https:\/\/www.startlap.hu\/utazas\/wp-json\/wp\/v2\/categories?post=81943"},{"taxonomy":"post_tag","embeddable":true,"href":"https:\/\/www.startlap.hu\/utazas\/wp-json\/wp\/v2\/tags?post=81943"}],"curies":[{"name":"wp","href":"https:\/\/api.w.org\/{rel}","templated":true}]}}