{"id":81650,"date":"2024-11-24T15:03:15","date_gmt":"2024-11-24T14:03:15","guid":{"rendered":"https:\/\/www.startlap.hu\/utazas\/?p=81650"},"modified":"2024-11-23T12:11:16","modified_gmt":"2024-11-23T11:11:16","slug":"kreta-ensz-legjobb-falvak-anogia-falu","status":"publish","type":"post","link":"https:\/\/www.startlap.hu\/utazas\/kreta-ensz-legjobb-falvak-anogia-falu\/","title":{"rendered":"A vil\u00e1g legjobb falvai k\u00f6z\u00e9 sorolta a kr\u00e9tai Anogi\u00e1t az ENSZ"},"content":{"rendered":"<p>Anogi\u00e1t k\u00fcl\u00f6n\u00f6sen a vid\u00e9ki turizmus kiemelked\u0151 c\u00e9lpontjak\u00e9nt ismert\u00e9k el, \u00e9s d\u00edjazt\u00e1k az innov\u00e1ci\u00f3, a fenntarthat\u00f3s\u00e1g, valamint a gazdas\u00e1g \u00e9s k\u00f6rnyezet ter\u00e9n v\u00e9gzett \u00f6nkorm\u00e1nyzati munk\u00e1j\u00e1\u00e9rt \u2013 <a href=\"http:\/\/a spanyol Mura, a sv\u00e1jci Romoos \u00e9s a portug\u00e1l Santa Cruz da Graciosa mell\u00e9.\" target=\"_blank\" target=\"_blank\" rel=\"noopener noreferrer\">\u00edrja a Greek Reporter<\/a>.<\/p>\n<h2>Mesesz\u00e9p falucska a hegy l\u00e1b\u00e1n\u00e1l<\/h2>\n<p>Anogia,<a href=\"https:\/\/www.startlap.hu\/utazas\/3000-eves-olajfa-kreta-gorogorszag\/\" target=\"_blank\" rel=\"noopener noreferrer\"> Kr\u00e9ta<\/a> egyik legk\u00fcl\u00f6nlegesebb faluja, <strong>a Psiloritis-hegys\u00e9g l\u00e1b\u00e1n\u00e1l fekszik, leny\u0171g\u00f6z\u0151 term\u00e9szeti k\u00f6rnyezetben.<\/strong> A telep\u00fcl\u00e9s h\u00edres autentikus kr\u00e9tai kult\u00far\u00e1j\u00e1r\u00f3l, n\u00e9pm\u0171v\u00e9szet\u00e9r\u0151l \u00e9s zen\u00e9j\u00e9r\u0151l, amelyek ma is meghat\u00e1rozz\u00e1k az itt \u00e9l\u0151k mindennapjait. A falu lak\u00f3i b\u00fcszk\u00e9k t\u00f6rt\u00e9nelmi \u00f6r\u00f6ks\u00e9g\u00fckre, k\u00fcl\u00f6n\u00f6sen a m\u00e1sodik vil\u00e1gh\u00e1bor\u00fas ellen\u00e1ll\u00e1sra, amikor Anogia kulcsszerepet j\u00e1tszott a n\u00e1ci megsz\u00e1ll\u00f3k elleni harcban. <strong>Az ide l\u00e1togat\u00f3k megcsod\u00e1lhatj\u00e1k a hagyom\u00e1nyos k\u0151h\u00e1zakat, \u00e9lvezhetik a helyi gasztron\u00f3mi\u00e1t \u2013 p\u00e9ld\u00e1ul a h\u00edres kr\u00e9tai sajtot \u00e9s m\u00e9zet \u2013 \u00e9s felfedezhetik a hegyi t\u00fara\u00fatvonalakat.<\/strong><\/p>\n<blockquote class=\"article__extraTxt\"><p>A d\u00edjat negyedik alkalommal osztott\u00e1k ki, \u00e9s 55 falut v\u00e1lasztottak ki, a t\u00f6bb, mint 260 nevezett telep\u00fcl\u00e9s k\u00f6z\u00fcl.<\/p><\/blockquote>\n<p>Az UNWTO \u201eLegjobb Turisztikai Falvak\u201d kezdem\u00e9nyez\u00e9s\u00e9t 2021-ben ind\u00edtott\u00e1k azzal a c\u00e9llal, hogy el\u0151mozd\u00edts\u00e1k a turizmus szerep\u00e9t a vid\u00e9ki t\u00e9rs\u00e9gekben, t\u00e1mogass\u00e1k a t\u00e1jk\u00e9p meg\u0151rz\u00e9s\u00e9t, a kultur\u00e1lis soksz\u00edn\u0171s\u00e9get, a helyi \u00e9rt\u00e9keket \u00e9s a gasztron\u00f3miai hagyom\u00e1nyokat.<\/p>\n<figure id=\"attachment_81653\" aria-describedby=\"caption-attachment-81653\" style=\"width: 755px\" class=\"wp-caption alignnone\"><a href=\"https:\/\/www.startlap.hu\/utazas\/uploads\/sites\/3\/2024\/11\/GettyImages-1350679240_11zon.jpg\"><img loading=\"lazy\" decoding=\"async\" class=\"size-article-size-large-image wp-image-81653\" src=\"https:\/\/www.startlap.hu\/utazas\/uploads\/sites\/3\/2024\/11\/GettyImages-1350679240_11zon-755x503.jpg\" alt=\"Sz\u00e9p t\u00fcrkiz sz\u00edn\u0171 v\u00edz kr\u00e9t\u00e1n\" width=\"755\" height=\"503\" srcset=\"https:\/\/www.startlap.hu\/utazas\/uploads\/sites\/3\/2024\/11\/GettyImages-1350679240_11zon-755x503.jpg 755w, https:\/\/www.startlap.hu\/utazas\/uploads\/sites\/3\/2024\/11\/GettyImages-1350679240_11zon-1536x1024.jpg 1536w, https:\/\/www.startlap.hu\/utazas\/uploads\/sites\/3\/2024\/11\/GettyImages-1350679240_11zon-525x350.jpg 525w, https:\/\/www.startlap.hu\/utazas\/uploads\/sites\/3\/2024\/11\/GettyImages-1350679240_11zon.jpg 1696w\" sizes=\"auto, (max-width: 755px) 100vw, 755px\" \/><\/a><figcaption id=\"caption-attachment-81653\" class=\"wp-caption-text\">Fot\u00f3: Getty Images<\/figcaption><\/figure>\n<p>A kiv\u00e1laszt\u00e1s alapvet\u0151 krit\u00e9riumai k\u00f6z\u00f6tt szerepelt <strong>a fenntarthat\u00f3 fejl\u0151d\u00e9s, a helyi k\u00f6z\u00f6ss\u00e9gek kapcsolata a turizmussal, valamint a k\u00f6rnyezetv\u00e9delem el\u0151mozd\u00edt\u00e1sa. <\/strong>Az ENSZ turizmus\u00e9rt felel\u0151s f\u0151titk\u00e1ra, <strong>Zurab Pololikashvili<\/strong> hangs\u00falyozta, hogy a turizmus fontos eszk\u00f6z lehet, hogy a vid\u00e9ki k\u00f6z\u00f6ss\u00e9geket is elfogadjuk, kultur\u00e1lis \u00f6r\u00f6ks\u00e9g\u00fcket meg\u00f3vjuk \u00e9s fejl\u0151d\u00e9s\u00fcket el\u0151mozd\u00edtsuk.<\/p>\n<p>Anogia most egy olyan 55-\u00f6s list\u00e1ra ker\u00fclt fel, ahol t\u00f6bbek k\u00f6z\u00f6tt megtal\u00e1ljuk m\u00e9g <strong>a jap\u00e1n Amagi-t, a spanyol Murat, a sv\u00e1jci Romoost \u00e9s a portug\u00e1l Santa Cruz da Graciosat.<\/strong> Az elismer\u00e9s nemcsak Anogia sz\u00e1m\u00e1ra hatalmas b\u00fcszkes\u00e9g, kiemeli G\u00f6r\u00f6gorsz\u00e1g vid\u00e9ki turizmusban bet\u00f6lt\u00f6tt szerep\u00e9t is.<\/p>\n<div class=\"o-widget m-readMoreWidget -readMore u-shortDecorLineAfter row widget-container _ce_measure_widget bigdata-widget read-more\" data-ce-measure-widget=\"olvass tov\u00e1bb\">\n\t<div class=\"m-readMoreWidget__imgWrapper image-wrapper col-12 col-md-4 no-p\">\n\t\t<a class=\"m-readMoreWidget__imgLink\" href=\"https:\/\/www.startlap.hu\/utazas\/gorogorszag-tengerpart-costa-navarino-luxus-turizmus\/\" >\n\t\t\t<img decoding=\"async\" src=\"https:\/\/www.startlap.hu\/utazas\/uploads\/sites\/3\/2024\/10\/navarino1-350x285.jpg\" class=\"m-readMoreWidget__img\">\n\t\t<\/a>\n\t<\/div>\n\t<div class=\"m-readMoreWidget__titleWrapper title-wrapper col-12 col-md-8\">\n\t\t<span class=\"m-readMoreWidget__titleLabel u-shortDecorLineBefore label hidden-sm-up\">Ez is \u00e9rdekelhet:<\/span>\n\t\t<h3 class=\"m-readMoreWidget__title title\">\n\t\t\t<a class=\"m-readMoreWidget__titleLink -secondFont u-bold u-upperCase\" href=\"https:\/\/www.startlap.hu\/utazas\/gorogorszag-tengerpart-costa-navarino-luxus-turizmus\/\" >Egy ismeretlen g\u00f6r\u00f6g tengerpart, amit k\u00e1r lenne kihagyni: Costa Navarino<\/a>\n\t\t<\/h3>\n\t\t<a class=\"m-readMoreWidget__btn -coloredBack u-tC link\" href=\"https:\/\/www.startlap.hu\/utazas\/gorogorszag-tengerpart-costa-navarino-luxus-turizmus\/\" >Elolvasom<\/a>\n\t<\/div>\n<\/div>\n","protected":false},"excerpt":{"rendered":"<p>Anogia, a fest\u0151i g\u00f6r\u00f6g falu, amely Kr\u00e9ta sziget\u00e9n tal\u00e1lhat\u00f3, most beker\u00fclt a vil\u00e1g 55 legjobb falva k\u00f6z\u00e9 az ENSZ Turisztikai Vil\u00e1gszervezet\u00e9nek \u00e9rt\u00e9kel\u00e9s\u00e9nek alapj\u00e1n.<\/p>\n","protected":false},"author":64,"featured_media":81653,"comment_status":"closed","ping_status":"closed","sticky":false,"template":"","format":"standard","meta":{"footnotes":""},"categories":[70],"tags":[3573,76,1418],"class_list":["post-81650","post","type-post","status-publish","format-standard","has-post-thumbnail","hentry","category-vilag","tag-ensz","tag-falu","tag-kreta"],"aioseo_notices":[],"_links":{"self":[{"href":"https:\/\/www.startlap.hu\/utazas\/wp-json\/wp\/v2\/posts\/81650","targetHints":{"allow":["GET"]}}],"collection":[{"href":"https:\/\/www.startlap.hu\/utazas\/wp-json\/wp\/v2\/posts"}],"about":[{"href":"https:\/\/www.startlap.hu\/utazas\/wp-json\/wp\/v2\/types\/post"}],"author":[{"embeddable":true,"href":"https:\/\/www.startlap.hu\/utazas\/wp-json\/wp\/v2\/users\/64"}],"replies":[{"embeddable":true,"href":"https:\/\/www.startlap.hu\/utazas\/wp-json\/wp\/v2\/comments?post=81650"}],"version-history":[{"count":3,"href":"https:\/\/www.startlap.hu\/utazas\/wp-json\/wp\/v2\/posts\/81650\/revisions"}],"predecessor-version":[{"id":81685,"href":"https:\/\/www.startlap.hu\/utazas\/wp-json\/wp\/v2\/posts\/81650\/revisions\/81685"}],"wp:featuredmedia":[{"embeddable":true,"href":"https:\/\/www.startlap.hu\/utazas\/wp-json\/wp\/v2\/media\/81653"}],"wp:attachment":[{"href":"https:\/\/www.startlap.hu\/utazas\/wp-json\/wp\/v2\/media?parent=81650"}],"wp:term":[{"taxonomy":"category","embeddable":true,"href":"https:\/\/www.startlap.hu\/utazas\/wp-json\/wp\/v2\/categories?post=81650"},{"taxonomy":"post_tag","embeddable":true,"href":"https:\/\/www.startlap.hu\/utazas\/wp-json\/wp\/v2\/tags?post=81650"}],"curies":[{"name":"wp","href":"https:\/\/api.w.org\/{rel}","templated":true}]}}