{"id":80840,"date":"2024-11-02T19:48:58","date_gmt":"2024-11-02T18:48:58","guid":{"rendered":"https:\/\/www.startlap.hu\/utazas\/?p=80840"},"modified":"2024-11-02T19:48:58","modified_gmt":"2024-11-02T18:48:58","slug":"trevi-kut-mini-medence-penz","status":"publish","type":"post","link":"https:\/\/www.startlap.hu\/utazas\/trevi-kut-mini-medence-penz\/","title":{"rendered":"Minimedenc\u00e9t kapott a Trevi-k\u00fat, hogy lehessen a p\u00e9nzt tov\u00e1bb dob\u00e1lni"},"content":{"rendered":"<p>K\u00f6zel 3 hete kezd\u0151d\u00f6tt el a r\u00f3mai <strong><a href=\"https:\/\/www.startlap.hu\/utazas\/trevi-kut-roma-felujitas-turista-korlatozas-belepojegy\/\" target=\"_blank\" rel=\"noopener noreferrer\">Trevi-k\u00fat fel\u00faj\u00edt\u00e1sa<\/a><\/strong>, amelynek sor\u00e1n a hely viz\u00e9t leeresztett\u00e9k. A l\u00e1togat\u00f3k az\u00f3ta \u00fcveglapokon kereszt\u00fcl vehetik szem\u00fcgyre a k\u00fat medenc\u00e9j\u00e9n\u00e9l a restaur\u00e1l\u00e1si folyamatokat. Ugyanakkor k\u00eds\u00e9rleti jelleggel elkezdt\u00e9k az \u00e1tj\u00e1r\u00f3n egyszerre \u00e1thalad\u00f3 l\u00e1togat\u00f3k sz\u00e1m\u00e1nak korl\u00e1toz\u00e1s\u00e1t.&nbsp;<\/p>\n<p>Erre az\u00e9rt is volt sz\u00fcks\u00e9g, mert a Trevi-kutat egy <strong>\u00e1tlagos napon 10-12 ezer ember keresi fel<\/strong>, viszont a fel\u00faj\u00edt\u00e1s miatt az eddigiekn\u00e9l j\u00f3val kevesebb hely jut a turist\u00e1k sz\u00e1m\u00e1ra.&nbsp;<\/p>\n<p>A <strong><a href=\"https:\/\/www.hirstart.hu\/site\/relocate.php?rssid=346&amp;rsspid=3&amp;ctype=rss&amp;id=33844327&amp;chk=8d635132af5f54d1ac155414668804eb&amp;url=https%3A%2F%2F444.hu%2F2024%2F11%2F02%2Fminimedencet-szereltek-a-trevi-kut-ele-hogy-a-felujitas-alatt-is-lehessen-hova-bedobni-az-aprot%3Futm_source%3Dhirstart%26utm_medium%3Dreferral%26utm_campaign%3Dct\" target=\"_blank\" target=\"_blank\" rel=\"noopener noreferrer\">444.hu<\/a><\/strong> most arr\u00f3l \u00edrt, hogy R\u00f3ma egyik legismertebb nevezetess\u00e9ge el\u0151tt a tolong\u00f3 turist\u00e1k egy r\u00e9sze mindig p\u00e9nzt dob a k\u00fatba, mert a szok\u00e1s \u00fagy tartja, hogy aki ezt megteszi, az vissza fog t\u00e9rni az \u00f6r\u00f6k v\u00e1rosba.&nbsp;<\/p>\n<figure id=\"attachment_80844\" aria-describedby=\"caption-attachment-80844\" style=\"width: 755px\" class=\"wp-caption alignnone\"><img loading=\"lazy\" decoding=\"async\" class=\"size-article-size-large-image wp-image-80844\" src=\"https:\/\/www.startlap.hu\/utazas\/uploads\/sites\/3\/2024\/11\/roma_trevi_kut-755x503.jpg\" alt=\"A Trevi-k\u00fat R\u00f3m\u00e1ban\" width=\"755\" height=\"503\" srcset=\"https:\/\/www.startlap.hu\/utazas\/uploads\/sites\/3\/2024\/11\/roma_trevi_kut-755x503.jpg 755w, https:\/\/www.startlap.hu\/utazas\/uploads\/sites\/3\/2024\/11\/roma_trevi_kut-526x350.jpg 526w, https:\/\/www.startlap.hu\/utazas\/uploads\/sites\/3\/2024\/11\/roma_trevi_kut.jpg 1200w\" sizes=\"auto, (max-width: 755px) 100vw, 755px\" \/><figcaption id=\"caption-attachment-80844\" class=\"wp-caption-text\">Fot\u00f3: AFP<\/figcaption><\/figure>\n<p>Ez a hajig\u00e1l\u00e1s egy\u00e9bk\u00e9nt <strong>napi 3000 eur\u00f3t is jelent, \u00e9ves szinten pedig 1. 5 milli\u00f3t<\/strong>. Az olasz f\u0151v\u00e1ros vezet\u00e9se m\u00e1r 2001-ben olyan d\u00f6nt\u00e9st hozott, melynek \u00e9rtelm\u00e9ben az \u00f6sszeget j\u00f3t\u00e9kony c\u00e9lra kell ford\u00edtani, \u00edgy ma m\u00e1r a Caritas katolikus seg\u00e9lyszervezet \u00e9ves bev\u00e9tel\u00e9nek 15 sz\u00e1zal\u00e9ka innen ered.&nbsp;<\/p>\n<p>Mivel pedig ez a t\u00e1mogat\u00e1s j\u00f3l j\u00f6n a humanit\u00e1rius int\u00e9zm\u00e9nynek, ez\u00e9rt a p\u00e9nzdob\u00e1l\u00e1s lehet\u0151s\u00e9g\u00e9t mindenk\u00e9ppen fent akart\u00e1k tartani, annak ellen\u00e9re, hogy a k\u00fatban a munk\u00e1latok miatt a vizet m\u00e1r leengedt\u00e9k.&nbsp;<\/p>\n<p>Illetve csak egy r\u00e9sz\u00e9t, mert az <strong>eredeti v\u00edz\u00e9vel egy kis medenc\u00e9t most fel is t\u00f6lt\u00f6ttek a helysz\u00ednen<\/strong>. Persze az idel\u00e1togat\u00f3k a k\u00f6z\u00f6ss\u00e9gi m\u00e9di\u00e1ban azonnal Trevi uszod\u00e1nak a nevezt\u00e9k \u00e1t a v\u00edzt\u00e1roz\u00f3t.<\/p>\n","protected":false},"excerpt":{"rendered":"<p>Mivel R\u00f3ma l\u00e1tv\u00e1nyoss\u00e1g\u00e1t, a Trevi-kutat fel\u00faj\u00edtj\u00e1k, ez\u00e9rt a p\u00e9nzdob\u00e1l\u00e1s szok\u00e1s\u00e1t \u00e1tterelt\u00e9k egy kis \u00fcvegmedenc\u00e9re, hogy ne maradjanak en\u00e9lk\u00fcl a turist\u00e1k. <\/p>\n","protected":false},"author":8,"featured_media":80844,"comment_status":"closed","ping_status":"closed","sticky":false,"template":"","format":"standard","meta":{"footnotes":""},"categories":[70],"tags":[93,784,1127],"class_list":["post-80840","post","type-post","status-publish","format-standard","has-post-thumbnail","hentry","category-vilag","tag-medence","tag-roma","tag-trevi-kut"],"aioseo_notices":[],"_links":{"self":[{"href":"https:\/\/www.startlap.hu\/utazas\/wp-json\/wp\/v2\/posts\/80840","targetHints":{"allow":["GET"]}}],"collection":[{"href":"https:\/\/www.startlap.hu\/utazas\/wp-json\/wp\/v2\/posts"}],"about":[{"href":"https:\/\/www.startlap.hu\/utazas\/wp-json\/wp\/v2\/types\/post"}],"author":[{"embeddable":true,"href":"https:\/\/www.startlap.hu\/utazas\/wp-json\/wp\/v2\/users\/8"}],"replies":[{"embeddable":true,"href":"https:\/\/www.startlap.hu\/utazas\/wp-json\/wp\/v2\/comments?post=80840"}],"version-history":[{"count":4,"href":"https:\/\/www.startlap.hu\/utazas\/wp-json\/wp\/v2\/posts\/80840\/revisions"}],"predecessor-version":[{"id":80845,"href":"https:\/\/www.startlap.hu\/utazas\/wp-json\/wp\/v2\/posts\/80840\/revisions\/80845"}],"wp:featuredmedia":[{"embeddable":true,"href":"https:\/\/www.startlap.hu\/utazas\/wp-json\/wp\/v2\/media\/80844"}],"wp:attachment":[{"href":"https:\/\/www.startlap.hu\/utazas\/wp-json\/wp\/v2\/media?parent=80840"}],"wp:term":[{"taxonomy":"category","embeddable":true,"href":"https:\/\/www.startlap.hu\/utazas\/wp-json\/wp\/v2\/categories?post=80840"},{"taxonomy":"post_tag","embeddable":true,"href":"https:\/\/www.startlap.hu\/utazas\/wp-json\/wp\/v2\/tags?post=80840"}],"curies":[{"name":"wp","href":"https:\/\/api.w.org\/{rel}","templated":true}]}}