{"id":80671,"date":"2024-10-29T18:11:05","date_gmt":"2024-10-29T17:11:05","guid":{"rendered":"https:\/\/www.startlap.hu\/utazas\/?p=80671"},"modified":"2024-10-29T18:29:43","modified_gmt":"2024-10-29T17:29:43","slug":"hotel-osszeomlas-argentina","status":"publish","type":"post","link":"https:\/\/www.startlap.hu\/utazas\/hotel-osszeomlas-argentina\/","title":{"rendered":"\u00d6sszeomlott egy t\u00edzemeletes hotel Argent\u00edn\u00e1ban"},"content":{"rendered":"<p>\u00d6sszeomlott egy t\u00edzemeletes sz\u00e1lloda Buenos Aires argentin tartom\u00e1ny Villa Gesell tengerparti \u00fcd\u00fcl\u0151v\u00e1ros\u00e1ban, egy ember \u00e9let\u00e9t vesztette, t\u00f6bben az \u00e9p\u00fclet romjai alatt rekedtek &#8211; k\u00f6z\u00f6lte kedden a tartom\u00e1ny k\u00f6zbiztons\u00e1gi miniszt\u00e9riuma.<\/p>\n<p>A hat\u00f3s\u00e1gi jelent\u00e9sek szerint egy nyolcvanas \u00e9veiben j\u00e1r\u00f3 f\u00e9rfi vesztette \u00e9let\u00e9t. Az EFE h\u00edr\u00fcgyn\u00f6ks\u00e9g \u00e9rtes\u00fcl\u00e9sei szerint a hajnali \u00f3r\u00e1kban \u00f6sszed\u0151lt \u00e9p\u00fclet romjai al\u00f3l siker\u00fclt kiszabad\u00edtani egy nyolcvanas \u00e9veiben j\u00e1r\u00f3 n\u0151t, akit k\u00f3rh\u00e1zba sz\u00e1ll\u00edtottak. Javier Alonso k\u00f6zbiztons\u00e1gi miniszter \u00e9s Gustavo Barrera, Villa Gesell v\u00e1ros polg\u00e1rmestere is a helysz\u00ednre \u00e9rkezett.<\/p>\n\n\t<div id=\"cegPostCnt_1\" class=\"o-cegPostCnt -inContent\" data-title=\"\u00d6sszeomlott egy t\u00edzemeletes hotel Argent\u00edn\u00e1ban\">\n\t\t<a class=\"o-cegPostCnt__opener m-cegOpener _ce_measure_widget _ce_measure_link\" data-ce-measure-widget=\"gallery-open\"\n   href=\"?gallery=1\/1\/argentina_dubrovnik_szalloda_osszeomlas1\">\n\t<img decoding=\"async\" src=\"https:\/\/www.startlap.hu\/utazas\/uploads\/sites\/3\/2024\/10\/argentina_dubrovnik_szalloda_osszeomlas1.jpg\" class=\"m-cegOpener__image\" alt=\"\u00d6sszeomlott egy t\u00edzemeletes sz\u00e1lloda Argent\u00edn\u00e1ban\" sizes=\"(max-width: 991px) 100vw, (max-width: 1039px) 66vw, 684px\" srcset=\"https:\/\/www.startlap.hu\/utazas\/uploads\/sites\/3\/2024\/10\/argentina_dubrovnik_szalloda_osszeomlas1.jpg 1200w, https:\/\/www.startlap.hu\/utazas\/uploads\/sites\/3\/2024\/10\/argentina_dubrovnik_szalloda_osszeomlas1-755x503.jpg 755w, https:\/\/www.startlap.hu\/utazas\/uploads\/sites\/3\/2024\/10\/argentina_dubrovnik_szalloda_osszeomlas1-250x165.jpg 250w, https:\/\/www.startlap.hu\/utazas\/uploads\/sites\/3\/2024\/10\/argentina_dubrovnik_szalloda_osszeomlas1-526x350.jpg 526w\" \/>\t<div class=\"m-cegOpener__btn\"><i class=\"far fa-clone\"><\/i><\/div>\n<\/a>\n<div class=\"o-cegPostCnt__layer m-cegLayer _ce_measure_widget\" data-ce-measure-widget=\"gallery-layer\" style=\"display: none\">\n\t<div class=\"m-cegLayer__top m-cegHeader _ce_measure_widget\" data-ce-measure-widget=\"gallery-header\">\n\t\t\t\t\t<span class=\"m-cegHeader__logo\"><span class=\"a-cegLogo\"><\/span><\/span>\n\t\t\t\t<div class=\"m-cegHeader__imgCnt\">\n\t\t\t<img decoding=\"async\" src=\"https:\/\/www.startlap.hu\/utazas\/uploads\/sites\/3\/2024\/10\/argentina_dubrovnik_szalloda_osszeomlas1.jpg\" class=\"m-cegHeader__imgOpener\" alt=\"\u00d6sszeomlott egy t\u00edzemeletes sz\u00e1lloda Argent\u00edn\u00e1ban\" \/>\t\t<\/div>\n\t\t<h2 class=\"m-cegHeader__title a-cegGalleryTitle\"><i class=\"fa fa-angle-left\"><\/i>\u00d6sszeomlott egy t\u00edzemeletes hotel Argent\u00edn\u00e1ban<\/h2>\n\t\t<div class=\"m-cegHeader__pagination a-cegPagination\"><\/div>\n\t\t<div class=\"m-cegHeader__closeBtn close-button nlc-icon-close _ce_measure_link _ce_measure_widget\" data-ce-measure-widget=\"gallery-close-btn\"><i class=\"fa fa-times\" aria-hidden=\"true\"><\/i><\/div>\n\t<\/div>\n\t<div class=\"m-cegLayer__screen\">\n\t\t<div class=\"m-cegLayer__carousel m-cegCarousel\">\n\t\t\t\t\t\t\t\n\t\t\t\t<div\n\t\t\t\t\tclass=\"m-cegCarousel__item\"\n\t\t\t\t\tdata-type=\"image\"\n\t\t\t\t\tdata-id=\"1\/1\/argentina_dubrovnik_szalloda_osszeomlas1\"\n\t\t\t\t\tdata-image-url=\"https:\/\/www.startlap.hu\/utazas\/uploads\/sites\/3\/2024\/10\/argentina_dubrovnik_szalloda_osszeomlas1.jpg\"\n\t\t\t\t\tdata-title=\"ARGENTINA-ACCIDENT-COLLAPSE\"\n\t\t\t\t\tdata-desc=\"\u00d6sszeomlott egy t\u00edzemeletes sz\u00e1lloda Buenos Aires argentin tartom\u00e1ny egyik tengerparti \u00fcd\u00fcl\u0151v\u00e1ros\u00e1ban. \n\nFot\u00f3: AFP \">\n\n\t\t\t\t\t<!-- image -->\n\t\t\t\t\t<div class=\"m-cegCarousel__floatingCnt\">\n\t\t\t\t\t\t<img decoding=\"async\" src=\"https:\/\/www.startlap.hu\/utazas\/uploads\/sites\/3\/2024\/10\/argentina_dubrovnik_szalloda_osszeomlas1.jpg\" class=\"m-cegCarousel__image\" alt=\"\u00d6sszeomlott egy t\u00edzemeletes sz\u00e1lloda Argent\u00edn\u00e1ban\" \/>\t\t\t\t\t\t<span class=\"fa m-cegCarousel__zoom _ce_measure_link _ce_measure_widget\" data-ce-measure-widget=\"gallery-zoom-btn\"><\/span>\n\t\t\t\t\t<\/div>\n\n\t\t\t\t\t<!-- thumb icon \/ counter, caption  -->\n\t\t\t\t\t<div class=\"m-cegCarousel__captionCnt m-cegCaption\">\n\t\t\t\t\t\t<span class=\"m-cegCaption__thumbIcon a-cegThumbIcon _ce_measure_widget _ce_measure_link\"\n\t\t\t\t\t\t\t  data-ce-measure-widget=\"thumbnails-btn\"\n\t\t\t\t\t\t\t  data-ce-measure-widget=\"gallery-thumbnails\"><i class=\" fa fa-th-large\"><\/i><\/span>\n\t\t\t\t\t\t<span class=\"m-cegCaption__pagination a-cegPagination\">\n\t\t\t\t\t\t\t<span class=\"a-cegPagination__current\">1<\/span>\/6\t\t\t\t\t\t<\/span>\n\t\t\t\t\t\t<span class=\"m-cegCaption__caption\">ARGENTINA-ACCIDENT-COLLAPSE<\/span>\n\t\t\t\t\t<\/div>\n\n\t\t\t\t\t<!-- Image description -->\n\t\t\t\t\t<div class=\"m-cegCarousel__desc a-cegDesc\">\u00d6sszeomlott egy t\u00edzemeletes sz\u00e1lloda Buenos Aires argentin tartom\u00e1ny egyik tengerparti \u00fcd\u00fcl\u0151v\u00e1ros\u00e1ban. \n\nFot\u00f3: AFP <\/div>\n\n\t\t\t\t\t<!-- Image social share icons -->\n\t\t\t\t\t<div class=\"m-cegCarousel__socialCnt m-cegSocial\">\n\t\t\t\t\t\t<span class=\"m-cegSocial__text\">Fot\u00f3 megoszt\u00e1sa:<\/span><span class=\"m-cegSocial__iconWrap\"><span class=\"m-cegSocial__icon -facebook _ce_measure_link _ce_measure_widget\" data-ce-measure-widget=\"facebookGallery-btn\"><i class=\"fab fa-facebook-f\"><\/i><\/span><span class=\"m-cegSocial__icon -pinterest _ce_measure_link _ce_measure_widget\" data-ce-measure-widget=\"printeresGallery-btn\"><i class=\"fab fa-pinterest-p\"><\/i><\/span><span class=\"m-cegSocial__icon -email _ce_measure_link _ce_measure_widget\" data-ce-measure-widget=\"emailGallery-btn\"><i class=\"far fa-envelope\"><\/i><\/span><span class=\"m-cegSocial__icon -clipboard _ce_measure_link _ce_measure_widget\" data-ce-measure-widget=\"clipboardGallery-btn\"><i class=\"fa fa-link\"><\/i><\/span><\/span>\t\t\t\t\t<\/div>\n\t\t\t\t<\/div>\n\t\t\t\t\t\t\t\n\t\t\t\t<div\n\t\t\t\t\tclass=\"m-cegCarousel__item\"\n\t\t\t\t\tdata-type=\"image\"\n\t\t\t\t\tdata-id=\"1\/2\/argentina_dubrovnik_szalloda_osszeomlas3\"\n\t\t\t\t\tdata-image-url=\"https:\/\/www.startlap.hu\/utazas\/uploads\/sites\/3\/2024\/10\/argentina_dubrovnik_szalloda_osszeomlas3.jpg\"\n\t\t\t\t\tdata-title=\"argentina_dubrovnik_szalloda_osszeomlas3\"\n\t\t\t\t\tdata-desc=\"Villa Gesell \u00f6nkorm\u00e1nyzata augusztusban szerkezeti szab\u00e1lytalans\u00e1gokra hivatkozva le\u00e1ll\u00edtotta a Dubrovnik nev\u0171 apartmanhotel \u00e1t\u00e9p\u00edt\u00e9s\u00e9t. Hat\u00f3s\u00e1gi inform\u00e1ci\u00f3k szerint a f\u00f6ldszinti r\u00e9szen ugyan enged\u00e9lyeztek kisebb v\u00e1ltoztat\u00e1sokat, de az \u00e9p\u00fclet h\u00e1ts\u00f3 r\u00e9sz\u00e9n lev\u0151 emeleteken enged\u00e9ly n\u00e9lk\u00fcl t\u00f6rt\u00e9ntek \u00e1talak\u00edt\u00e1sok.\nFot\u00f3: AFP \">\n\n\t\t\t\t\t<!-- image -->\n\t\t\t\t\t<div class=\"m-cegCarousel__floatingCnt\">\n\t\t\t\t\t\t<img decoding=\"async\" src=\"https:\/\/www.startlap.hu\/utazas\/uploads\/sites\/3\/2024\/10\/argentina_dubrovnik_szalloda_osszeomlas3.jpg\" class=\"m-cegCarousel__image\" alt=\"\u00d6sszeomlott egy t\u00edzemeletes sz\u00e1lloda Argent\u00edn\u00e1ban\" \/>\t\t\t\t\t\t<span class=\"fa m-cegCarousel__zoom _ce_measure_link _ce_measure_widget\" data-ce-measure-widget=\"gallery-zoom-btn\"><\/span>\n\t\t\t\t\t<\/div>\n\n\t\t\t\t\t<!-- thumb icon \/ counter, caption  -->\n\t\t\t\t\t<div class=\"m-cegCarousel__captionCnt m-cegCaption\">\n\t\t\t\t\t\t<span class=\"m-cegCaption__thumbIcon a-cegThumbIcon _ce_measure_widget _ce_measure_link\"\n\t\t\t\t\t\t\t  data-ce-measure-widget=\"thumbnails-btn\"\n\t\t\t\t\t\t\t  data-ce-measure-widget=\"gallery-thumbnails\"><i class=\" fa fa-th-large\"><\/i><\/span>\n\t\t\t\t\t\t<span class=\"m-cegCaption__pagination a-cegPagination\">\n\t\t\t\t\t\t\t<span class=\"a-cegPagination__current\">2<\/span>\/6\t\t\t\t\t\t<\/span>\n\t\t\t\t\t\t<span class=\"m-cegCaption__caption\">argentina_dubrovnik_szalloda_osszeomlas3<\/span>\n\t\t\t\t\t<\/div>\n\n\t\t\t\t\t<!-- Image description -->\n\t\t\t\t\t<div class=\"m-cegCarousel__desc a-cegDesc\">Villa Gesell \u00f6nkorm\u00e1nyzata augusztusban szerkezeti szab\u00e1lytalans\u00e1gokra hivatkozva le\u00e1ll\u00edtotta a Dubrovnik nev\u0171 apartmanhotel \u00e1t\u00e9p\u00edt\u00e9s\u00e9t. Hat\u00f3s\u00e1gi inform\u00e1ci\u00f3k szerint a f\u00f6ldszinti r\u00e9szen ugyan enged\u00e9lyeztek kisebb v\u00e1ltoztat\u00e1sokat, de az \u00e9p\u00fclet h\u00e1ts\u00f3 r\u00e9sz\u00e9n lev\u0151 emeleteken enged\u00e9ly n\u00e9lk\u00fcl t\u00f6rt\u00e9ntek \u00e1talak\u00edt\u00e1sok.\nFot\u00f3: AFP <\/div>\n\n\t\t\t\t\t<!-- Image social share icons -->\n\t\t\t\t\t<div class=\"m-cegCarousel__socialCnt m-cegSocial\">\n\t\t\t\t\t\t<span class=\"m-cegSocial__text\">Fot\u00f3 megoszt\u00e1sa:<\/span><span class=\"m-cegSocial__iconWrap\"><span class=\"m-cegSocial__icon -facebook _ce_measure_link _ce_measure_widget\" data-ce-measure-widget=\"facebookGallery-btn\"><i class=\"fab fa-facebook-f\"><\/i><\/span><span class=\"m-cegSocial__icon -pinterest _ce_measure_link _ce_measure_widget\" data-ce-measure-widget=\"printeresGallery-btn\"><i class=\"fab fa-pinterest-p\"><\/i><\/span><span class=\"m-cegSocial__icon -email _ce_measure_link _ce_measure_widget\" data-ce-measure-widget=\"emailGallery-btn\"><i class=\"far fa-envelope\"><\/i><\/span><span class=\"m-cegSocial__icon -clipboard _ce_measure_link _ce_measure_widget\" data-ce-measure-widget=\"clipboardGallery-btn\"><i class=\"fa fa-link\"><\/i><\/span><\/span>\t\t\t\t\t<\/div>\n\t\t\t\t<\/div>\n\t\t\t\t\t\t\t\n\t\t\t\t<div\n\t\t\t\t\tclass=\"m-cegCarousel__item\"\n\t\t\t\t\tdata-type=\"image\"\n\t\t\t\t\tdata-id=\"1\/3\/argentina_dubrovnik_szalloda_osszeomlas4\"\n\t\t\t\t\tdata-image-url=\"https:\/\/www.startlap.hu\/utazas\/uploads\/sites\/3\/2024\/10\/argentina_dubrovnik_szalloda_osszeomlas4.jpg\"\n\t\t\t\t\tdata-title=\"argentina_dubrovnik_szalloda_osszeomlas4\"\n\t\t\t\t\tdata-desc=\"Az EFE h\u00edr\u00fcgyn\u00f6ks\u00e9g \u00e9rtes\u00fcl\u00e9sei szerint a hajnali \u00f3r\u00e1kban \u00f6sszed\u0151lt \u00e9p\u00fclet romjai al\u00f3l siker\u00fclt kiszabad\u00edtani egy nyolcvanas \u00e9veiben j\u00e1r\u00f3 n\u0151t, akit k\u00f3rh\u00e1zba sz\u00e1ll\u00edtottak.\n\nFot\u00f3: Getty Images \">\n\n\t\t\t\t\t<!-- image -->\n\t\t\t\t\t<div class=\"m-cegCarousel__floatingCnt\">\n\t\t\t\t\t\t<img decoding=\"async\" src=\"https:\/\/www.startlap.hu\/utazas\/uploads\/sites\/3\/2024\/10\/argentina_dubrovnik_szalloda_osszeomlas4.jpg\" class=\"m-cegCarousel__image\" alt=\"\" \/>\t\t\t\t\t\t<span class=\"fa m-cegCarousel__zoom _ce_measure_link _ce_measure_widget\" data-ce-measure-widget=\"gallery-zoom-btn\"><\/span>\n\t\t\t\t\t<\/div>\n\n\t\t\t\t\t<!-- thumb icon \/ counter, caption  -->\n\t\t\t\t\t<div class=\"m-cegCarousel__captionCnt m-cegCaption\">\n\t\t\t\t\t\t<span class=\"m-cegCaption__thumbIcon a-cegThumbIcon _ce_measure_widget _ce_measure_link\"\n\t\t\t\t\t\t\t  data-ce-measure-widget=\"thumbnails-btn\"\n\t\t\t\t\t\t\t  data-ce-measure-widget=\"gallery-thumbnails\"><i class=\" fa fa-th-large\"><\/i><\/span>\n\t\t\t\t\t\t<span class=\"m-cegCaption__pagination a-cegPagination\">\n\t\t\t\t\t\t\t<span class=\"a-cegPagination__current\">3<\/span>\/6\t\t\t\t\t\t<\/span>\n\t\t\t\t\t\t<span class=\"m-cegCaption__caption\">argentina_dubrovnik_szalloda_osszeomlas4<\/span>\n\t\t\t\t\t<\/div>\n\n\t\t\t\t\t<!-- Image description -->\n\t\t\t\t\t<div class=\"m-cegCarousel__desc a-cegDesc\">Az EFE h\u00edr\u00fcgyn\u00f6ks\u00e9g \u00e9rtes\u00fcl\u00e9sei szerint a hajnali \u00f3r\u00e1kban \u00f6sszed\u0151lt \u00e9p\u00fclet romjai al\u00f3l siker\u00fclt kiszabad\u00edtani egy nyolcvanas \u00e9veiben j\u00e1r\u00f3 n\u0151t, akit k\u00f3rh\u00e1zba sz\u00e1ll\u00edtottak.\n\nFot\u00f3: Getty Images <\/div>\n\n\t\t\t\t\t<!-- Image social share icons -->\n\t\t\t\t\t<div class=\"m-cegCarousel__socialCnt m-cegSocial\">\n\t\t\t\t\t\t<span class=\"m-cegSocial__text\">Fot\u00f3 megoszt\u00e1sa:<\/span><span class=\"m-cegSocial__iconWrap\"><span class=\"m-cegSocial__icon -facebook _ce_measure_link _ce_measure_widget\" data-ce-measure-widget=\"facebookGallery-btn\"><i class=\"fab fa-facebook-f\"><\/i><\/span><span class=\"m-cegSocial__icon -pinterest _ce_measure_link _ce_measure_widget\" data-ce-measure-widget=\"printeresGallery-btn\"><i class=\"fab fa-pinterest-p\"><\/i><\/span><span class=\"m-cegSocial__icon -email _ce_measure_link _ce_measure_widget\" data-ce-measure-widget=\"emailGallery-btn\"><i class=\"far fa-envelope\"><\/i><\/span><span class=\"m-cegSocial__icon -clipboard _ce_measure_link _ce_measure_widget\" data-ce-measure-widget=\"clipboardGallery-btn\"><i class=\"fa fa-link\"><\/i><\/span><\/span>\t\t\t\t\t<\/div>\n\t\t\t\t<\/div>\n\t\t\t\t\t\t\t\t\t\t\t\t<div\n\t\t\t\t\t\tclass=\"m-cegCarousel__item -banner\"\n\t\t\t\t\t\tdata-type=\"banner\"\n\t\t\t\t\t\tdata-id=\"1\/4\/banner\"\n\t\t\t\t\t\tdata-image-url=\"\"\n\t\t\t\t\t\tdata-title=\"\"\n\t\t\t\t\t\tdata-desc=\"\">\n\n\t\t\t\t\t\t<div class=\"m-cegCarousel__floatingCnt banner-container gallery-content010\"><\/div>\n\n\t\t\t\t\t<\/div>\n\t\t\t\t\t\t\t\t\t\n\t\t\t\t<div\n\t\t\t\t\tclass=\"m-cegCarousel__item\"\n\t\t\t\t\tdata-type=\"image\"\n\t\t\t\t\tdata-id=\"1\/5\/argentina_dubrovnik_szalloda_osszeomlas5\"\n\t\t\t\t\tdata-image-url=\"https:\/\/www.startlap.hu\/utazas\/uploads\/sites\/3\/2024\/10\/argentina_dubrovnik_szalloda_osszeomlas5.jpg\"\n\t\t\t\t\tdata-title=\"ARGENTINA-ACCIDENT-COLLAPSE\"\n\t\t\t\t\tdata-desc=\"A helysz\u00ednre k\u00fcld\u00f6tt ment\u0151alakulatok k\u00f6rnyez\u0151 telep\u00fcl\u00e9sek \u00f6nk\u00e9ntes t\u0171zolt\u00f3ival kieg\u00e9sz\u00fclve pr\u00f3b\u00e1lj\u00e1k elt\u00e1vol\u00edtani a t\u00f6rmel\u00e9ket t\u00fal\u00e9l\u0151k ut\u00e1n kutatva - k\u00f6z\u00f6lt\u00e9k a hat\u00f3s\u00e1gok.\n\nFot\u00f3: AFP \">\n\n\t\t\t\t\t<!-- image -->\n\t\t\t\t\t<div class=\"m-cegCarousel__floatingCnt\">\n\t\t\t\t\t\t<img decoding=\"async\" src=\"https:\/\/www.startlap.hu\/utazas\/uploads\/sites\/3\/2024\/10\/argentina_dubrovnik_szalloda_osszeomlas5.jpg\" class=\"m-cegCarousel__image\" alt=\"\u00d6sszeomlott egy t\u00edzemeletes sz\u00e1lloda Argent\u00edn\u00e1ban\" \/>\t\t\t\t\t\t<span class=\"fa m-cegCarousel__zoom _ce_measure_link _ce_measure_widget\" data-ce-measure-widget=\"gallery-zoom-btn\"><\/span>\n\t\t\t\t\t<\/div>\n\n\t\t\t\t\t<!-- thumb icon \/ counter, caption  -->\n\t\t\t\t\t<div class=\"m-cegCarousel__captionCnt m-cegCaption\">\n\t\t\t\t\t\t<span class=\"m-cegCaption__thumbIcon a-cegThumbIcon _ce_measure_widget _ce_measure_link\"\n\t\t\t\t\t\t\t  data-ce-measure-widget=\"thumbnails-btn\"\n\t\t\t\t\t\t\t  data-ce-measure-widget=\"gallery-thumbnails\"><i class=\" fa fa-th-large\"><\/i><\/span>\n\t\t\t\t\t\t<span class=\"m-cegCaption__pagination a-cegPagination\">\n\t\t\t\t\t\t\t<span class=\"a-cegPagination__current\">5<\/span>\/6\t\t\t\t\t\t<\/span>\n\t\t\t\t\t\t<span class=\"m-cegCaption__caption\">ARGENTINA-ACCIDENT-COLLAPSE<\/span>\n\t\t\t\t\t<\/div>\n\n\t\t\t\t\t<!-- Image description -->\n\t\t\t\t\t<div class=\"m-cegCarousel__desc a-cegDesc\">A helysz\u00ednre k\u00fcld\u00f6tt ment\u0151alakulatok k\u00f6rnyez\u0151 telep\u00fcl\u00e9sek \u00f6nk\u00e9ntes t\u0171zolt\u00f3ival kieg\u00e9sz\u00fclve pr\u00f3b\u00e1lj\u00e1k elt\u00e1vol\u00edtani a t\u00f6rmel\u00e9ket t\u00fal\u00e9l\u0151k ut\u00e1n kutatva - k\u00f6z\u00f6lt\u00e9k a hat\u00f3s\u00e1gok.\n\nFot\u00f3: AFP <\/div>\n\n\t\t\t\t\t<!-- Image social share icons -->\n\t\t\t\t\t<div class=\"m-cegCarousel__socialCnt m-cegSocial\">\n\t\t\t\t\t\t<span class=\"m-cegSocial__text\">Fot\u00f3 megoszt\u00e1sa:<\/span><span class=\"m-cegSocial__iconWrap\"><span class=\"m-cegSocial__icon -facebook _ce_measure_link _ce_measure_widget\" data-ce-measure-widget=\"facebookGallery-btn\"><i class=\"fab fa-facebook-f\"><\/i><\/span><span class=\"m-cegSocial__icon -pinterest _ce_measure_link _ce_measure_widget\" data-ce-measure-widget=\"printeresGallery-btn\"><i class=\"fab fa-pinterest-p\"><\/i><\/span><span class=\"m-cegSocial__icon -email _ce_measure_link _ce_measure_widget\" data-ce-measure-widget=\"emailGallery-btn\"><i class=\"far fa-envelope\"><\/i><\/span><span class=\"m-cegSocial__icon -clipboard _ce_measure_link _ce_measure_widget\" data-ce-measure-widget=\"clipboardGallery-btn\"><i class=\"fa fa-link\"><\/i><\/span><\/span>\t\t\t\t\t<\/div>\n\t\t\t\t<\/div>\n\t\t\t\t\t\t\t\n\t\t\t\t<div\n\t\t\t\t\tclass=\"m-cegCarousel__item\"\n\t\t\t\t\tdata-type=\"image\"\n\t\t\t\t\tdata-id=\"1\/6\/argentina_dubrovnik_szalloda_osszeomlas8\"\n\t\t\t\t\tdata-image-url=\"https:\/\/www.startlap.hu\/utazas\/uploads\/sites\/3\/2024\/10\/argentina_dubrovnik_szalloda_osszeomlas8.jpg\"\n\t\t\t\t\tdata-title=\"argentina_dubrovnik_szalloda_osszeomlas8.jpg\"\n\t\t\t\t\tdata-desc=\"Kor\u00e1bbi hat\u00f3s\u00e1gi jelent\u00e9sek arr\u00f3l sz\u00e1moltak be, hogy 7-9 ember, k\u00f6zt\u00fck az \u00e9p\u00edtkez\u00e9sen dolgoz\u00f3 munk\u00e1sok rekedtek az \u00e9p\u00fclet alatt, amelynek 80 sz\u00e1zal\u00e9ka \u00f6sszeomlott.\n\nFot\u00f3: AFP \">\n\n\t\t\t\t\t<!-- image -->\n\t\t\t\t\t<div class=\"m-cegCarousel__floatingCnt\">\n\t\t\t\t\t\t<img decoding=\"async\" src=\"https:\/\/www.startlap.hu\/utazas\/uploads\/sites\/3\/2024\/10\/argentina_dubrovnik_szalloda_osszeomlas8.jpg\" class=\"m-cegCarousel__image\" alt=\"\" \/>\t\t\t\t\t\t<span class=\"fa m-cegCarousel__zoom _ce_measure_link _ce_measure_widget\" data-ce-measure-widget=\"gallery-zoom-btn\"><\/span>\n\t\t\t\t\t<\/div>\n\n\t\t\t\t\t<!-- thumb icon \/ counter, caption  -->\n\t\t\t\t\t<div class=\"m-cegCarousel__captionCnt m-cegCaption\">\n\t\t\t\t\t\t<span class=\"m-cegCaption__thumbIcon a-cegThumbIcon _ce_measure_widget _ce_measure_link\"\n\t\t\t\t\t\t\t  data-ce-measure-widget=\"thumbnails-btn\"\n\t\t\t\t\t\t\t  data-ce-measure-widget=\"gallery-thumbnails\"><i class=\" fa fa-th-large\"><\/i><\/span>\n\t\t\t\t\t\t<span class=\"m-cegCaption__pagination a-cegPagination\">\n\t\t\t\t\t\t\t<span class=\"a-cegPagination__current\">6<\/span>\/6\t\t\t\t\t\t<\/span>\n\t\t\t\t\t\t<span class=\"m-cegCaption__caption\">argentina_dubrovnik_szalloda_osszeomlas8.jpg<\/span>\n\t\t\t\t\t<\/div>\n\n\t\t\t\t\t<!-- Image description -->\n\t\t\t\t\t<div class=\"m-cegCarousel__desc a-cegDesc\">Kor\u00e1bbi hat\u00f3s\u00e1gi jelent\u00e9sek arr\u00f3l sz\u00e1moltak be, hogy 7-9 ember, k\u00f6zt\u00fck az \u00e9p\u00edtkez\u00e9sen dolgoz\u00f3 munk\u00e1sok rekedtek az \u00e9p\u00fclet alatt, amelynek 80 sz\u00e1zal\u00e9ka \u00f6sszeomlott.\n\nFot\u00f3: AFP <\/div>\n\n\t\t\t\t\t<!-- Image social share icons -->\n\t\t\t\t\t<div class=\"m-cegCarousel__socialCnt m-cegSocial\">\n\t\t\t\t\t\t<span class=\"m-cegSocial__text\">Fot\u00f3 megoszt\u00e1sa:<\/span><span class=\"m-cegSocial__iconWrap\"><span class=\"m-cegSocial__icon -facebook _ce_measure_link _ce_measure_widget\" data-ce-measure-widget=\"facebookGallery-btn\"><i class=\"fab fa-facebook-f\"><\/i><\/span><span class=\"m-cegSocial__icon -pinterest _ce_measure_link _ce_measure_widget\" data-ce-measure-widget=\"printeresGallery-btn\"><i class=\"fab fa-pinterest-p\"><\/i><\/span><span class=\"m-cegSocial__icon -email _ce_measure_link _ce_measure_widget\" data-ce-measure-widget=\"emailGallery-btn\"><i class=\"far fa-envelope\"><\/i><\/span><span class=\"m-cegSocial__icon -clipboard _ce_measure_link _ce_measure_widget\" data-ce-measure-widget=\"clipboardGallery-btn\"><i class=\"fa fa-link\"><\/i><\/span><\/span>\t\t\t\t\t<\/div>\n\t\t\t\t<\/div>\n\t\t\t\t\t\t\t\t<\/div>\n\t\t<div class=\"m-cegLayer__thumbnails m-cegThumbList _ce_measure_widget\" data-ce-measure-widget=\"gallery-thumb-list\">\n\t\t\t\t\t\t\t\t\t\t\t<div class=\"m-cegThumbList__item\"\n\t\t\t\t\tdata-id=\"1\/1\/argentina_dubrovnik_szalloda_osszeomlas1\"\n\t\t\t\t\tdata-index=\"0\">\n\t\t\t\t\t<img decoding=\"async\" src=\"https:\/\/www.startlap.hu\/utazas\/uploads\/sites\/3\/2024\/10\/argentina_dubrovnik_szalloda_osszeomlas1.jpg\" class=\"m-cegThumbList__image _ce_measure_link\" alt=\"\u00d6sszeomlott egy t\u00edzemeletes sz\u00e1lloda Argent\u00edn\u00e1ban\" \/>\t\t\t\t<\/div>\n\t\t\t\t\t\t\t\t\t\t\t<div class=\"m-cegThumbList__item\"\n\t\t\t\t\tdata-id=\"1\/2\/argentina_dubrovnik_szalloda_osszeomlas3\"\n\t\t\t\t\tdata-index=\"1\">\n\t\t\t\t\t<img decoding=\"async\" src=\"https:\/\/www.startlap.hu\/utazas\/uploads\/sites\/3\/2024\/10\/argentina_dubrovnik_szalloda_osszeomlas3.jpg\" class=\"m-cegThumbList__image _ce_measure_link\" alt=\"\u00d6sszeomlott egy t\u00edzemeletes sz\u00e1lloda Argent\u00edn\u00e1ban\" \/>\t\t\t\t<\/div>\n\t\t\t\t\t\t\t\t\t\t\t<div class=\"m-cegThumbList__item\"\n\t\t\t\t\tdata-id=\"1\/3\/argentina_dubrovnik_szalloda_osszeomlas4\"\n\t\t\t\t\tdata-index=\"2\">\n\t\t\t\t\t<img decoding=\"async\" src=\"https:\/\/www.startlap.hu\/utazas\/uploads\/sites\/3\/2024\/10\/argentina_dubrovnik_szalloda_osszeomlas4.jpg\" class=\"m-cegThumbList__image _ce_measure_link\" alt=\"\" \/>\t\t\t\t<\/div>\n\t\t\t\t\t\t\t\t\t\t\t\t\t\t\t<div class=\"m-cegThumbList__item\"\n\t\t\t\t\tdata-id=\"1\/5\/argentina_dubrovnik_szalloda_osszeomlas5\"\n\t\t\t\t\tdata-index=\"4\">\n\t\t\t\t\t<img decoding=\"async\" src=\"https:\/\/www.startlap.hu\/utazas\/uploads\/sites\/3\/2024\/10\/argentina_dubrovnik_szalloda_osszeomlas5.jpg\" class=\"m-cegThumbList__image _ce_measure_link\" alt=\"\u00d6sszeomlott egy t\u00edzemeletes sz\u00e1lloda Argent\u00edn\u00e1ban\" \/>\t\t\t\t<\/div>\n\t\t\t\t\t\t\t\t\t\t\t<div class=\"m-cegThumbList__item\"\n\t\t\t\t\tdata-id=\"1\/6\/argentina_dubrovnik_szalloda_osszeomlas8\"\n\t\t\t\t\tdata-index=\"5\">\n\t\t\t\t\t<img decoding=\"async\" src=\"https:\/\/www.startlap.hu\/utazas\/uploads\/sites\/3\/2024\/10\/argentina_dubrovnik_szalloda_osszeomlas8.jpg\" class=\"m-cegThumbList__image _ce_measure_link\" alt=\"\" \/>\t\t\t\t<\/div>\n\t\t\t\t\t<\/div>\n\t<\/div>\n\t<div class=\"m-cegLayer__sidebar m-cegSidebar _ce_measure_widget\" data-ce-measure-widget=\"gallery-sidebar\">\n\n\t\t<div class=\"m-cegSidebar__desc a-cegDesc _ce_measure_widget\" data-ce-measure-widget=\"gallery-desc\"><\/div>\n\n\t\t<div class=\"m-cegSidebar__socialCnt m-cegSocial -sidebar _ce_measure_widget\" data-ce-measure-widget=\"gallery-social\">\n\t\t\t<span class=\"m-cegSocial__text\">Fot\u00f3 megoszt\u00e1sa:<\/span><span class=\"m-cegSocial__iconWrap\"><span class=\"m-cegSocial__icon -facebook _ce_measure_link _ce_measure_widget\" data-ce-measure-widget=\"facebookGallery-btn\"><i class=\"fab fa-facebook-f\"><\/i><\/span><span class=\"m-cegSocial__icon -pinterest _ce_measure_link _ce_measure_widget\" data-ce-measure-widget=\"printeresGallery-btn\"><i class=\"fab fa-pinterest-p\"><\/i><\/span><span class=\"m-cegSocial__icon -email _ce_measure_link _ce_measure_widget\" data-ce-measure-widget=\"emailGallery-btn\"><i class=\"far fa-envelope\"><\/i><\/span><span class=\"m-cegSocial__icon -clipboard _ce_measure_link _ce_measure_widget\" data-ce-measure-widget=\"clipboardGallery-btn\"><i class=\"fa fa-link\"><\/i><\/span><\/span>\t\t<\/div>\n\n\t\t<div class=\"gallery-right010 banner-container\"><\/div>\n\t\t<div class=\"gallery-right020 banner-container\"><\/div>\n\n\t<\/div>\n<\/div>\n\t<\/div>\n\n\t<script>\n\t\tjQuery(function () {\n\t\t\tvar id = '#cegPostCnt_1';\n\t\t\tjQuery( id ).articleGallery({\n\t\t\t\tonChanged: function (event) {\n\t\t\t\t\t\tthis.renderSidebarCTS( 'gallery-right010' );\n\t\t\t\t\t\tthis.renderSidebarCTS( 'gallery-right020' );\n\t\t\t\t\t\tthis.renderBannerSlideCTS(  event,\n\t\t\t\t\t\t\t\t\t\t\t\t\t[\n\t\t\t\t\t\t\t\t\t\t\t\t\t\t'gallery-content010',\n\t\t\t\t\t\t\t\t\t\t\t\t\t\t'gallery-content020',\n\t\t\t\t\t\t\t\t\t\t\t\t\t\t'gallery-content030'\n\t\t\t\t\t\t\t\t\t\t\t\t\t]);\n\t\t\t\t}\n\t\t\t});\n\t\t});\n\t<\/script>\t\n<p>Villa Gesell \u00f6nkorm\u00e1nyzata augusztusban szerkezeti szab\u00e1lytalans\u00e1gokra hivatkozva le\u00e1ll\u00edtotta a Dubrovnik nev\u0171 apartmanhotel \u00e1t\u00e9p\u00edt\u00e9s\u00e9t. Hat\u00f3s\u00e1gi inform\u00e1ci\u00f3k szerint a f\u00f6ldszinti r\u00e9szen ugyan enged\u00e9lyeztek kisebb v\u00e1ltoztat\u00e1sokat, de az \u00e9p\u00fclet h\u00e1ts\u00f3 r\u00e9sz\u00e9n lev\u0151 emeleteken enged\u00e9ly n\u00e9lk\u00fcl t\u00f6rt\u00e9ntek \u00e1talak\u00edt\u00e1sok.<\/p>\n<p><iframe loading=\"lazy\" width=\"1275\" height=\"717\" frameborder=\"0\" src=\"https:\/\/www.youtube.com\/embed\/H7A90JIHxig\"><\/iframe>&nbsp;<\/p>\n<p>Kor\u00e1bbi hat\u00f3s\u00e1gi jelent\u00e9sek arr\u00f3l sz\u00e1moltak be, hogy 7-9 ember, k\u00f6zt\u00fck az \u00e9p\u00edtkez\u00e9sen dolgoz\u00f3 munk\u00e1sok rekedtek a <strong><a href=\"https:\/\/www.startlap.hu\/utazas\/visegrad-hotel-silvanius-tuz-felujitas-ujranyitas\/\" target=\"_blank\" rel=\"noopener noreferrer\">hotel<\/a><\/strong> alatt, amelynek 80 sz\u00e1zal\u00e9ka \u00f6sszeomlott.<\/p>\n<p>A helysz\u00ednre k\u00fcld\u00f6tt ment\u0151alakulatok k\u00f6rnyez\u0151 telep\u00fcl\u00e9sek \u00f6nk\u00e9ntes t\u0171zolt\u00f3ival kieg\u00e9sz\u00fclve pr\u00f3b\u00e1lj\u00e1k elt\u00e1vol\u00edtani a t\u00f6rmel\u00e9ket t\u00fal\u00e9l\u0151k ut\u00e1n kutatva &#8211; k\u00f6z\u00f6lt\u00e9k a hat\u00f3s\u00e1gok.<\/p>\n<p>(MTI)<\/p>\n<div class=\"o-widget m-readMoreWidget -readMore u-shortDecorLineAfter row widget-container _ce_measure_widget bigdata-widget read-more\" data-ce-measure-widget=\"olvass tov\u00e1bb\">\n\t<div class=\"m-readMoreWidget__imgWrapper image-wrapper col-12 col-md-4 no-p\">\n\t\t<a class=\"m-readMoreWidget__imgLink\" href=\"https:\/\/www.startlap.hu\/utazas\/puerto-banus-legjobb-spanyol-uti-cel\/\" >\n\t\t\t<img decoding=\"async\" src=\"https:\/\/www.startlap.hu\/utazas\/uploads\/sites\/3\/2024\/10\/024_3691763-350x285.jpg\" class=\"m-readMoreWidget__img\">\n\t\t<\/a>\n\t<\/div>\n\t<div class=\"m-readMoreWidget__titleWrapper title-wrapper col-12 col-md-8\">\n\t\t<span class=\"m-readMoreWidget__titleLabel u-shortDecorLineBefore label hidden-sm-up\">Ez is \u00e9rdekelhet:<\/span>\n\t\t<h3 class=\"m-readMoreWidget__title title\">\n\t\t\t<a class=\"m-readMoreWidget__titleLink -secondFont u-bold u-upperCase\" href=\"https:\/\/www.startlap.hu\/utazas\/puerto-banus-legjobb-spanyol-uti-cel\/\" >&#8222;Lepukkant szem\u00e9ttelep&#8221;: meglep\u0151, melyik a leggy\u0171l\u00f6ltebb spanyol \u00fati c\u00e9l<\/a>\n\t\t<\/h3>\n\t\t<a class=\"m-readMoreWidget__btn -coloredBack u-tC link\" href=\"https:\/\/www.startlap.hu\/utazas\/puerto-banus-legjobb-spanyol-uti-cel\/\" >Elolvasom<\/a>\n\t<\/div>\n<\/div>\n","protected":false},"excerpt":{"rendered":"<p>\u00d6sszed\u0151lt egy sz\u00e1lloda Argent\u00edna egyik kedvelt \u00fcd\u00fcl\u0151hely\u00e9n. Mint ut\u00f3lag kider\u00fclt, enged\u00e9ly n\u00e9lk\u00fcl hajtottak v\u00e9gre az \u00e9p\u00fcleten \u00e1talak\u00edt\u00e1sokat. <\/p>\n","protected":false},"author":8,"featured_media":80676,"comment_status":"closed","ping_status":"closed","sticky":false,"template":"","format":"standard","meta":{"footnotes":""},"categories":[70],"tags":[764,1108,5813,1082],"class_list":["post-80671","post","type-post","status-publish","format-standard","has-post-thumbnail","hentry","category-vilag","tag-argentina","tag-hotel","tag-osszeomlas","tag-szalloda"],"aioseo_notices":[],"_links":{"self":[{"href":"https:\/\/www.startlap.hu\/utazas\/wp-json\/wp\/v2\/posts\/80671","targetHints":{"allow":["GET"]}}],"collection":[{"href":"https:\/\/www.startlap.hu\/utazas\/wp-json\/wp\/v2\/posts"}],"about":[{"href":"https:\/\/www.startlap.hu\/utazas\/wp-json\/wp\/v2\/types\/post"}],"author":[{"embeddable":true,"href":"https:\/\/www.startlap.hu\/utazas\/wp-json\/wp\/v2\/users\/8"}],"replies":[{"embeddable":true,"href":"https:\/\/www.startlap.hu\/utazas\/wp-json\/wp\/v2\/comments?post=80671"}],"version-history":[{"count":3,"href":"https:\/\/www.startlap.hu\/utazas\/wp-json\/wp\/v2\/posts\/80671\/revisions"}],"predecessor-version":[{"id":80682,"href":"https:\/\/www.startlap.hu\/utazas\/wp-json\/wp\/v2\/posts\/80671\/revisions\/80682"}],"wp:featuredmedia":[{"embeddable":true,"href":"https:\/\/www.startlap.hu\/utazas\/wp-json\/wp\/v2\/media\/80676"}],"wp:attachment":[{"href":"https:\/\/www.startlap.hu\/utazas\/wp-json\/wp\/v2\/media?parent=80671"}],"wp:term":[{"taxonomy":"category","embeddable":true,"href":"https:\/\/www.startlap.hu\/utazas\/wp-json\/wp\/v2\/categories?post=80671"},{"taxonomy":"post_tag","embeddable":true,"href":"https:\/\/www.startlap.hu\/utazas\/wp-json\/wp\/v2\/tags?post=80671"}],"curies":[{"name":"wp","href":"https:\/\/api.w.org\/{rel}","templated":true}]}}