{"id":80172,"date":"2024-10-16T16:38:15","date_gmt":"2024-10-16T14:38:15","guid":{"rendered":"https:\/\/www.startlap.hu\/utazas\/?p=80172"},"modified":"2024-10-16T16:38:15","modified_gmt":"2024-10-16T14:38:15","slug":"praga-kocsma-tura-ejszaka-betiltas","status":"publish","type":"post","link":"https:\/\/www.startlap.hu\/utazas\/praga-kocsma-tura-ejszaka-betiltas\/","title":{"rendered":"Betiltj\u00e1k a kocsmat\u00far\u00e1kat a s\u00f6rkult\u00fara f\u0151v\u00e1ros\u00e1ban, Pr\u00e1g\u00e1ban"},"content":{"rendered":"<p>Pr\u00e1ga \u00f6nkorm\u00e1nyzata betiltja az \u00e9jszakai kocsmat\u00far\u00e1kat, hogy cs\u00f6kkentse a turist\u00e1k \u00e1ltal okozott zajt \u00e9s egy\u00e9b kellemetlens\u00e9geket, \u00edrja a <a href=\"https:\/\/www.hirstart.hu\/site\/relocate.php?rssid=87&amp;rsspid=3&amp;ctype=rss&amp;id=33437146&amp;chk=df18b06b8ee7f432f2c77ea9e7f78cd2&amp;url=https%3A%2F%2Fwww.vg.hu%2Fkozelet%2F2024%2F10%2Fbetiltja-a-kocsmaturakat-praga%3Futm_source%3Dhirstart%26utm_medium%3Dreferral%26utm_campaign%3Dhiraggregator\" target=\"_blank\" target=\"_blank\" rel=\"noopener noreferrer\">Vil\u00e1ggazdas\u00e1g<\/a>. Az \u00faj szab\u00e1lyoz\u00e1s szerint <strong>este 10 \u00e9s reggel 6 \u00f3ra k\u00f6z\u00f6tt<\/strong> nem szabad szervezett kocsmat\u00far\u00e1kat tartani.<\/p>\n<h2>A lak\u00f3k megel\u00e9gelt\u00e9k<\/h2>\n<p>A d\u00f6nt\u00e9s c\u00e9lja, hogy cs\u00f6kkents\u00e9k a r\u00e9szeg turist\u00e1k \u00e1ltal okozott probl\u00e9m\u00e1kat, mivel ezek rontj\u00e1k a v\u00e1rosk\u00e9pet \u00e9s a lak\u00f3k sz\u00e1m\u00e1ra is jelent\u0151s kellemetlens\u00e9geket okoznak. A rendelet szerint a v\u00e1rosra jellemz\u0151<\/p>\n<blockquote class=\"article__extraTxt\"><p>m\u00e9rt\u00e9ktelen alkoholiz\u00e1l\u00e1s a kult\u00fara hanyatl\u00e1s\u00e1nak megnyilv\u00e1nul\u00e1sa,<\/p><\/blockquote>\n<p>ami rossz f\u00e9nyt vethet <a href=\"https:\/\/www.startlap.hu\/utazas\/praga-latnivalok-utazas-2023\/\" target=\"_blank\" rel=\"noopener noreferrer\">Csehorsz\u00e1g<\/a> f\u0151v\u00e1ros\u00e1ra&nbsp;\u00e9s lakoss\u00e1g\u00e1ra, \u00e9s elriaszthatja a potenci\u00e1lis befektet\u0151ket.<\/p>\n<figure id=\"attachment_73490\" aria-describedby=\"caption-attachment-73490\" style=\"width: 755px\" class=\"wp-caption alignnone\"><img loading=\"lazy\" decoding=\"async\" class=\"size-article-size-large-image wp-image-73490\" src=\"https:\/\/www.startlap.hu\/utazas\/uploads\/sites\/3\/2024\/06\/cseh-sor-755x503.jpg\" alt=\"S\u00f6r\u00f6s kors\u00f3k Pr\u00e1g\u00e1ban.\" width=\"755\" height=\"503\" srcset=\"https:\/\/www.startlap.hu\/utazas\/uploads\/sites\/3\/2024\/06\/cseh-sor-755x503.jpg 755w, https:\/\/www.startlap.hu\/utazas\/uploads\/sites\/3\/2024\/06\/cseh-sor-1536x1024.jpg 1536w, https:\/\/www.startlap.hu\/utazas\/uploads\/sites\/3\/2024\/06\/cseh-sor-2048x1365.jpg 2048w, https:\/\/www.startlap.hu\/utazas\/uploads\/sites\/3\/2024\/06\/cseh-sor-525x350.jpg 525w\" sizes=\"auto, (max-width: 755px) 100vw, 755px\" \/><figcaption id=\"caption-attachment-73490\" class=\"wp-caption-text\">Fot\u00f3: Getty Images<\/figcaption><\/figure>\n<h2>Kultur\u00e1ltabb turist\u00e1kat szeretn\u00e9nek<\/h2>\n<p>A d\u00f6nt\u00e9s emellett arra is ir\u00e1nyul, hogy j\u00f3l szitu\u00e1lt turist\u00e1kat vonzzanak Pr\u00e1g\u00e1ba. <strong>Zdenek Hrib<\/strong>, Pr\u00e1ga egyik alpolg\u00e1rmestere szerint a rendelet egyik c\u00e9lja, hogy<\/p>\n<blockquote class=\"article__extraTxt\"><p>kultur\u00e1ltabb, magasabb k\u00f6lt\u00e9si hajland\u00f3s\u00e1ggal b\u00edr\u00f3 turist\u00e1kat cs\u00e1b\u00edtsanak az eddig olcs\u00f3 \u00fati c\u00e9lk\u00e9nt ismert v\u00e1rosba.<\/p><\/blockquote>\n<p><strong>Jir\u00ed Pospisil<\/strong> m\u00e1sik alpolg\u00e1rmester is t\u00e1mogatja ezt az ir\u00e1nyt: szerinte <strong>a helyi lakosok r\u00e9g\u00f3ta panaszkodnak az \u00e9jszakai zajokra<\/strong>, amiket f\u0151k\u00e9nt a turist\u00e1k okoznak. A v\u00e1ros k\u00f6zpontj\u00e1ban sz\u00e1mos ikonikus kocsma \u00e9s s\u00f6rf\u0151zde tal\u00e1lhat\u00f3: ez hozz\u00e1j\u00e1rul a v\u00e1rost s\u00fajt\u00f3 t\u00f6megturizmushoz.<\/p>\n<div class=\"o-widget m-readMoreWidget -readMore u-shortDecorLineAfter row widget-container _ce_measure_widget bigdata-widget read-more\" data-ce-measure-widget=\"olvass tov\u00e1bb\">\n\t<div class=\"m-readMoreWidget__imgWrapper image-wrapper col-12 col-md-4 no-p\">\n\t\t<a class=\"m-readMoreWidget__imgLink\" href=\"https:\/\/www.startlap.hu\/utazas\/ausztria-teli-gumi-birsag\/\" >\n\t\t\t<img decoding=\"async\" src=\"https:\/\/www.startlap.hu\/utazas\/uploads\/sites\/3\/2024\/10\/000_8ZK4RJ-350x285.jpg\" class=\"m-readMoreWidget__img\">\n\t\t<\/a>\n\t<\/div>\n\t<div class=\"m-readMoreWidget__titleWrapper title-wrapper col-12 col-md-8\">\n\t\t<span class=\"m-readMoreWidget__titleLabel u-shortDecorLineBefore label hidden-sm-up\">Ez is \u00e9rdekelhet:<\/span>\n\t\t<h3 class=\"m-readMoreWidget__title title\">\n\t\t\t<a class=\"m-readMoreWidget__titleLink -secondFont u-bold u-upperCase\" href=\"https:\/\/www.startlap.hu\/utazas\/ausztria-teli-gumi-birsag\/\" >Fontos szab\u00e1ly l\u00e9p \u00e9letbe Ausztri\u00e1ban novembert\u0151l<\/a>\n\t\t<\/h3>\n\t\t<a class=\"m-readMoreWidget__btn -coloredBack u-tC link\" href=\"https:\/\/www.startlap.hu\/utazas\/ausztria-teli-gumi-birsag\/\" >Elolvasom<\/a>\n\t<\/div>\n<\/div>\n","protected":false},"excerpt":{"rendered":"<p>V\u00e9get \u00e9rhet a pr\u00e1gai s\u00f6rturizmus h\u0151skorszaka: a v\u00e1rosban betiltj\u00e1k a szervezett \u00e9jszakai kocsmat\u00far\u00e1kat. A d\u00f6nt\u00e9s h\u00e1tter\u00e9ben a lakoss\u00e1g \u00e9s a turizmus \u00e9rdeke \u00e1ll.<\/p>\n","protected":false},"author":63,"featured_media":73490,"comment_status":"closed","ping_status":"closed","sticky":false,"template":"","format":"standard","meta":{"footnotes":""},"categories":[70],"tags":[1662,327,471],"class_list":["post-80172","post","type-post","status-publish","format-standard","has-post-thumbnail","hentry","category-vilag","tag-kocsma","tag-praga","tag-sor"],"aioseo_notices":[],"_links":{"self":[{"href":"https:\/\/www.startlap.hu\/utazas\/wp-json\/wp\/v2\/posts\/80172","targetHints":{"allow":["GET"]}}],"collection":[{"href":"https:\/\/www.startlap.hu\/utazas\/wp-json\/wp\/v2\/posts"}],"about":[{"href":"https:\/\/www.startlap.hu\/utazas\/wp-json\/wp\/v2\/types\/post"}],"author":[{"embeddable":true,"href":"https:\/\/www.startlap.hu\/utazas\/wp-json\/wp\/v2\/users\/63"}],"replies":[{"embeddable":true,"href":"https:\/\/www.startlap.hu\/utazas\/wp-json\/wp\/v2\/comments?post=80172"}],"version-history":[{"count":3,"href":"https:\/\/www.startlap.hu\/utazas\/wp-json\/wp\/v2\/posts\/80172\/revisions"}],"predecessor-version":[{"id":80202,"href":"https:\/\/www.startlap.hu\/utazas\/wp-json\/wp\/v2\/posts\/80172\/revisions\/80202"}],"wp:featuredmedia":[{"embeddable":true,"href":"https:\/\/www.startlap.hu\/utazas\/wp-json\/wp\/v2\/media\/73490"}],"wp:attachment":[{"href":"https:\/\/www.startlap.hu\/utazas\/wp-json\/wp\/v2\/media?parent=80172"}],"wp:term":[{"taxonomy":"category","embeddable":true,"href":"https:\/\/www.startlap.hu\/utazas\/wp-json\/wp\/v2\/categories?post=80172"},{"taxonomy":"post_tag","embeddable":true,"href":"https:\/\/www.startlap.hu\/utazas\/wp-json\/wp\/v2\/tags?post=80172"}],"curies":[{"name":"wp","href":"https:\/\/api.w.org\/{rel}","templated":true}]}}