{"id":79814,"date":"2024-10-08T18:12:28","date_gmt":"2024-10-08T16:12:28","guid":{"rendered":"https:\/\/www.startlap.hu\/utazas\/?p=79814"},"modified":"2024-10-08T18:01:25","modified_gmt":"2024-10-08T16:01:25","slug":"trevi-kut-roma-felujitas-turista-korlatozas-belepojegy","status":"publish","type":"post","link":"https:\/\/www.startlap.hu\/utazas\/trevi-kut-roma-felujitas-turista-korlatozas-belepojegy\/","title":{"rendered":"A r\u00f3mai Trevi-kutat csak \u00fcveglapokon \u00e1t lehet majd l\u00e1tni egy ideig"},"content":{"rendered":"<p>H\u00e9tf\u0151n megkezd\u0151d\u00f6tt a r\u00f3mai Trevi-k\u00fat fel\u00faj\u00edt\u00e1sa: a munk\u00e1latok sor\u00e1n a turist\u00e1k a sz\u00f6k\u0151k\u00fat medenc\u00e9je f\u00f6l\u00e9 \u00e9p\u00edtett \u00e1tj\u00e1r\u00f3n csod\u00e1lhatj\u00e1k meg az emblematikus <a href=\"https:\/\/www.startlap.hu\/utazas\/emily-parizsban-roma-spanyol-lepcso-penzbuntetes\/\" target=\"_blank\" rel=\"noopener noreferrer\">r\u00f3mai<\/a> m\u0171eml\u00e9ket \u2013 \u00edrja az MTI <strong>Roberto Gualtieri<\/strong> r\u00f3mai f\u0151polg\u00e1rmester nyilatkozata alapj\u00e1n.<\/p>\n<h2>Tov\u00e1bbra is l\u00e1togathat\u00f3, csak m\u00e1shogy<\/h2>\n<p>A l\u00e1togat\u00f3k <strong>a sz\u00f6k\u0151k\u00fat medenc\u00e9je f\u00f6l\u00f6tt elhelyezett \u00fcveglapokon kereszt\u00fcl l\u00e1thatj\u00e1k az ikonikus \u00e9p\u00edtm\u00e9nyt<\/strong>, mik\u00f6zben a munk\u00e1sok elv\u00e9gzik a m\u0171eml\u00e9k als\u00f3 r\u00e9sz\u00e9nek tiszt\u00edt\u00e1s\u00e1t \u00e9s renov\u00e1l\u00e1s\u00e1t. A k\u00fat t\u00f6bbek k\u00f6z\u00f6tt az\u00e9rt szorul tiszt\u00edt\u00e1sra, mert a turist\u00e1k rendszeresen dob\u00e1lnak apr\u00f3p\u00e9nzt a sz\u00f6k\u0151k\u00fat z\u00f6ldes viz\u00e9be.<\/p>\n<blockquote class=\"article__extraTxt\"><p>Az \u00fcvegpall\u00f3k heteken bel\u00fcl elk\u00e9sz\u00fclnek,<\/p><\/blockquote>\n<p>a turistabar\u00e1t fel\u00faj\u00edt\u00e1s ellen\u00e9re azonban hossz\u00fa id\u0151n kereszt\u00fcl nem lehet majd olyan j\u00f3 fot\u00f3kat k\u00e9sz\u00edteni a h\u00edres l\u00e1tv\u00e1nyoss\u00e1gr\u00f3l, mint kor\u00e1bban.<\/p>\n<figure id=\"attachment_79829\" aria-describedby=\"caption-attachment-79829\" style=\"width: 755px\" class=\"wp-caption alignnone\"><img loading=\"lazy\" decoding=\"async\" class=\"size-article-size-large-image wp-image-79829\" src=\"https:\/\/www.startlap.hu\/utazas\/uploads\/sites\/3\/2024\/10\/trevi-755x515.jpg\" alt=\"A r\u00f3mai Trevi-k\u00fat.\" width=\"755\" height=\"515\" srcset=\"https:\/\/www.startlap.hu\/utazas\/uploads\/sites\/3\/2024\/10\/trevi-755x515.jpg 755w, https:\/\/www.startlap.hu\/utazas\/uploads\/sites\/3\/2024\/10\/trevi-1536x1047.jpg 1536w, https:\/\/www.startlap.hu\/utazas\/uploads\/sites\/3\/2024\/10\/trevi-2048x1396.jpg 2048w, https:\/\/www.startlap.hu\/utazas\/uploads\/sites\/3\/2024\/10\/trevi-513x350.jpg 513w\" sizes=\"auto, (max-width: 755px) 100vw, 755px\" \/><figcaption id=\"caption-attachment-79829\" class=\"wp-caption-text\">Fot\u00f3: Getty Images<\/figcaption><\/figure>\n<p>A sz\u00f6k\u0151k\u00fat els\u0151sorban <strong>Federico Fellini<\/strong> <em>\u00c9des \u00e9let<\/em> c\u00edm\u0171 filmje nyom\u00e1n szerezte ismerts\u00e9g\u00e9t: a filmben <strong>Anita Eckberg<\/strong> csalogatja a v\u00edzbe <strong>Marcello Mastroiannit<\/strong>.<\/p>\n<div class='iframe-wrapper youtube'><iframe loading=\"lazy\" title=\"La Dolce Vita - Anita Ekberg et Marcello Mastroianni La fontaine de Trevi (Rome)\" width=\"500\" height=\"281\" src=\"https:\/\/www.youtube.com\/embed\/7_hfZoe9FHE?feature=oembed\" frameborder=\"0\" allow=\"accelerometer; autoplay; clipboard-write; encrypted-media; gyroscope; picture-in-picture; web-share\" referrerpolicy=\"strict-origin-when-cross-origin\" allowfullscreen><\/iframe><\/div>\n<p>A sz\u00f6k\u0151k\u00fat &#8222;s\u0171r\u0171n l\u00e1togatott gyalogosnegyedben tal\u00e1lhat\u00f3, \u00e9s rendk\u00edv\u00fcli mikrokl\u00edma-felt\u00e9teleknek van kit\u00e9ve, ami r\u00e9v\u00e9n invaz\u00edv n\u00f6v\u00e9nyzet \u00e9s m\u00e9szk\u0151lerak\u00f3d\u00e1s alakult ki&#8221; \u2013 k\u00f6z\u00f6lte a r\u00f3mai polg\u00e1rmesteri hivatal.<\/p>\n<p>A tervek szerint <strong>k\u00eds\u00e9rleti jelleggel korl\u00e1tozni fogj\u00e1k az \u00e1tj\u00e1r\u00f3n egyszerre \u00e1thalad\u00f3 l\u00e1togat\u00f3k sz\u00e1m\u00e1t.<\/strong> Az int\u00e9zked\u00e9s c\u00e9lja, hogy adatokat nyerjenek a sz\u00f6k\u0151k\u00fat l\u00e1togatotts\u00e1g\u00e1t illet\u0151en, melyek seg\u00edts\u00e9g\u00e9vel strat\u00e9gi\u00e1t dolgozhatnak ki a t\u00falzott l\u00e1togat\u00f3sz\u00e1m ellen.<\/p>\n<blockquote class=\"article__extraTxt\"><p>A Trevi-kutat naponta 10-12 ezer ember keresi fel.<\/p><\/blockquote>\n<p><strong>A k\u00fat viz\u00e9t leeresztik<\/strong>, de a l\u00e1togat\u00f3k tov\u00e1bbra is dob\u00e1lhatj\u00e1k az apr\u00f3p\u00e9nzt \u2013 ideiglenesen egy kos\u00e1rba. A munk\u00e1latok v\u00e1rhat\u00f3an ez \u00e9v v\u00e9g\u00e9ig tartanak, \u00e9s a hat\u00f3s\u00e1gok ezt k\u00f6vet\u0151en is ellen\u0151rizni k\u00edv\u00e1nj\u00e1k a l\u00e1togat\u00f3k sz\u00e1m\u00e1t.<\/p>\n<p>Roberto Gualtieri a h\u00e9tf\u0151i sajt\u00f3t\u00e1j\u00e9koztat\u00f3n k\u00f6z\u00f6lte, hogy elk\u00e9pzelhet\u0151 <strong>egy alacsony \u00f6sszeg\u0171 bel\u00e9p\u0151d\u00edj bevezet\u00e9se is<\/strong> a bej\u00e1ratn\u00e1l. A korl\u00e1tozott l\u00e1togat\u00e1sra vonatkoz\u00f3 elk\u00e9pzel\u00e9st m\u00e1r a m\u00falt h\u00f3napban felvetett\u00e9k. Az olasz f\u0151v\u00e1ros az eddigin\u00e9l j\u00f3val magasabb, 30 milli\u00f3s l\u00e1togat\u00f3sz\u00e1mra sz\u00e1m\u00edt 2025-ben, a jubileumi szent\u00e9vben.<\/p>\n<div class=\"o-widget m-readMoreWidget -readMore u-shortDecorLineAfter row widget-container _ce_measure_widget bigdata-widget read-more\" data-ce-measure-widget=\"olvass tov\u00e1bb\">\n\t<div class=\"m-readMoreWidget__imgWrapper image-wrapper col-12 col-md-4 no-p\">\n\t\t<a class=\"m-readMoreWidget__imgLink\" href=\"https:\/\/www.startlap.hu\/utazas\/szabadsag-szobor-gellert-hegy-dron-show\/\" >\n\t\t\t<img decoding=\"async\" src=\"https:\/\/www.startlap.hu\/utazas\/uploads\/sites\/3\/2024\/10\/461940974_952973150193673_213142640081768325_n-350x285.jpg\" class=\"m-readMoreWidget__img\">\n\t\t<\/a>\n\t<\/div>\n\t<div class=\"m-readMoreWidget__titleWrapper title-wrapper col-12 col-md-8\">\n\t\t<span class=\"m-readMoreWidget__titleLabel u-shortDecorLineBefore label hidden-sm-up\">Ez is \u00e9rdekelhet:<\/span>\n\t\t<h3 class=\"m-readMoreWidget__title title\">\n\t\t\t<a class=\"m-readMoreWidget__titleLink -secondFont u-bold u-upperCase\" href=\"https:\/\/www.startlap.hu\/utazas\/szabadsag-szobor-gellert-hegy-dron-show\/\" >K\u00fcl\u00f6n\u00f6s dolog t\u00f6rt\u00e9nik a Szabads\u00e1g-szoborral<\/a>\n\t\t<\/h3>\n\t\t<a class=\"m-readMoreWidget__btn -coloredBack u-tC link\" href=\"https:\/\/www.startlap.hu\/utazas\/szabadsag-szobor-gellert-hegy-dron-show\/\" >Elolvasom<\/a>\n\t<\/div>\n<\/div>\n","protected":false},"excerpt":{"rendered":"<p>Fel\u00faj\u00edtj\u00e1k a Trevi-kutat R\u00f3m\u00e1ban: a munk\u00e1latok ideje alatt a l\u00e1togat\u00f3k \u00fcvegpall\u00f3kon, a magasb\u00f3l tekinthetik meg az ikonikus sz\u00f6k\u0151kutat. Ugyanakkor elk\u00e9pzelhet\u0151, hogy \u02ddkisebb bel\u00e9p\u0151d\u00edjat\u02dd vezetnek be a bej\u00e1ratn\u00e1l.<\/p>\n","protected":false},"author":63,"featured_media":79829,"comment_status":"closed","ping_status":"closed","sticky":false,"template":"","format":"standard","meta":{"footnotes":""},"categories":[70],"tags":[784,7513,1127],"class_list":["post-79814","post","type-post","status-publish","format-standard","has-post-thumbnail","hentry","category-vilag","tag-roma","tag-tomegturizmus","tag-trevi-kut"],"aioseo_notices":[],"_links":{"self":[{"href":"https:\/\/www.startlap.hu\/utazas\/wp-json\/wp\/v2\/posts\/79814","targetHints":{"allow":["GET"]}}],"collection":[{"href":"https:\/\/www.startlap.hu\/utazas\/wp-json\/wp\/v2\/posts"}],"about":[{"href":"https:\/\/www.startlap.hu\/utazas\/wp-json\/wp\/v2\/types\/post"}],"author":[{"embeddable":true,"href":"https:\/\/www.startlap.hu\/utazas\/wp-json\/wp\/v2\/users\/63"}],"replies":[{"embeddable":true,"href":"https:\/\/www.startlap.hu\/utazas\/wp-json\/wp\/v2\/comments?post=79814"}],"version-history":[{"count":3,"href":"https:\/\/www.startlap.hu\/utazas\/wp-json\/wp\/v2\/posts\/79814\/revisions"}],"predecessor-version":[{"id":79834,"href":"https:\/\/www.startlap.hu\/utazas\/wp-json\/wp\/v2\/posts\/79814\/revisions\/79834"}],"wp:featuredmedia":[{"embeddable":true,"href":"https:\/\/www.startlap.hu\/utazas\/wp-json\/wp\/v2\/media\/79829"}],"wp:attachment":[{"href":"https:\/\/www.startlap.hu\/utazas\/wp-json\/wp\/v2\/media?parent=79814"}],"wp:term":[{"taxonomy":"category","embeddable":true,"href":"https:\/\/www.startlap.hu\/utazas\/wp-json\/wp\/v2\/categories?post=79814"},{"taxonomy":"post_tag","embeddable":true,"href":"https:\/\/www.startlap.hu\/utazas\/wp-json\/wp\/v2\/tags?post=79814"}],"curies":[{"name":"wp","href":"https:\/\/api.w.org\/{rel}","templated":true}]}}