{"id":78406,"date":"2024-09-08T20:00:31","date_gmt":"2024-09-08T18:00:31","guid":{"rendered":"https:\/\/www.startlap.hu\/utazas\/?p=78406"},"modified":"2024-09-08T20:00:31","modified_gmt":"2024-09-08T18:00:31","slug":"gorogorszag-tengerjaro-hajo-ado","status":"publish","type":"post","link":"https:\/\/www.startlap.hu\/utazas\/gorogorszag-tengerjaro-hajo-ado\/","title":{"rendered":"A turist\u00e1k megad\u00f3ztat\u00e1s\u00e1t vezeti be t\u00f6bb g\u00f6r\u00f6g sziget"},"content":{"rendered":"<p>G\u00f6r\u00f6gorsz\u00e1gban a j\u00f6v\u0151ben<\/p>\n<blockquote class=\"article__extraTxt\"><p>a cs\u00facsszezonban 20 eur\u00f3 (7880 forint) idegenforgalmi ad\u00f3t kell fizetni\u00fck azoknak, akik a tengerj\u00e1r\u00f3 k\u00f6r\u00fatjukon kisz\u00e1llnak a nagy n\u00e9pszer\u0171s\u00e9gnek \u00f6rvend\u0151 M\u00fckonosz vagy Szantorini sziget\u00e9n<\/p><\/blockquote>\n<p>&#8211; jelentette be vas\u00e1rnap <strong>Kiri\u00e1kosz Micot\u00e1kisz<\/strong> minisztereln\u00f6k.<\/p>\n<p>A naplement\u00e9ir\u0151l is h\u00edres<strong> Szantorini, a tengerj\u00e1r\u00f3 haj\u00f3k egyik f\u0151 meg\u00e1ll\u00f3helye t\u00falzs\u00fafoltt\u00e1 kezd v\u00e1lni<\/strong>, ez\u00e9rt a hat\u00f3s\u00e1gok korl\u00e1tozni akarj\u00e1k az ide l\u00e1togat\u00f3 turist\u00e1k sz\u00e1m\u00e1t.<\/p>\n<p>Az egy \u00e9vtizedes gazdas\u00e1gi v\u00e1ls\u00e1gb\u00f3l l\u00e1badoz\u00f3 G\u00f6r\u00f6gorsz\u00e1g nagyban f\u00fcgg a turizmus bev\u00e9teleit\u0151l, de megvan a vesz\u00e9lye, hogy egyes kedvelt idegenforgalmi c\u00e9lpontokat, \u00edgy az idilli Szantorinit t\u00f6nkreteszi a t\u00f6megturizmus.<\/p>\n<blockquote><p>G\u00f6r\u00f6gorsz\u00e1gnak nincs struktur\u00e1lis probl\u00e9m\u00e1ja a t\u00f6megturizmussal, bizonyos c\u00e9l\u00e1llom\u00e1sokn\u00e1l vannak gondjai, bizonyos hetekben, illetve az \u00e9v bizonyos h\u00f3napjaiban<\/p><\/blockquote>\n<p>&#8211; mondta a korm\u00e1nyf\u0151 egy nemzetk\u00f6zi v\u00e1s\u00e1ron tartott sajt\u00f3t\u00e1j\u00e9koztat\u00f3n.<\/p>\n<blockquote class=\"article__extraTxt\"><p>2023-ban mintegy 800 \u00f3ce\u00e1nj\u00e1r\u00f3 1,3 milli\u00f3 utast sz\u00e1ll\u00edtott a mind\u00f6ssze 15 ezer lakos\u00fa Szantorinire a g\u00f6r\u00f6g kik\u00f6t\u0151i sz\u00f6vets\u00e9g szerint.<\/p><\/blockquote>\n<p>A tavaly G\u00f6r\u00f6gorsz\u00e1gba l\u00e1togat\u00f3 32,7 milli\u00f3 turista k\u00f6z\u00fcl mintegy 3,4 milli\u00f3an &#8211; azaz minden tizedik l\u00e1togat\u00f3 &#8211; utazott el Szantorini sziget\u00e9re. Az orsz\u00e1g <strong>idegenforgalmi bev\u00e9telei 2023-ban hozz\u00e1vet\u0151legesen 20 milli\u00e1rd eur\u00f3t tettek ki<\/strong>.<\/p>\n<figure id=\"attachment_78407\" aria-describedby=\"caption-attachment-78407\" style=\"width: 755px\" class=\"wp-caption alignnone\"><img loading=\"lazy\" decoding=\"async\" class=\"size-article-size-large-image wp-image-78407\" src=\"https:\/\/www.startlap.hu\/utazas\/uploads\/sites\/3\/2024\/09\/000_364Z7JW-755x503.jpg\" alt=\"\" width=\"755\" height=\"503\" srcset=\"https:\/\/www.startlap.hu\/utazas\/uploads\/sites\/3\/2024\/09\/000_364Z7JW-755x503.jpg 755w, https:\/\/www.startlap.hu\/utazas\/uploads\/sites\/3\/2024\/09\/000_364Z7JW-526x350.jpg 526w, https:\/\/www.startlap.hu\/utazas\/uploads\/sites\/3\/2024\/09\/000_364Z7JW.jpg 1024w\" sizes=\"auto, (max-width: 755px) 100vw, 755px\" \/><figcaption id=\"caption-attachment-78407\" class=\"wp-caption-text\">Fot\u00f3: AFP<\/figcaption><\/figure>\n<p>Szantorinin &#8211; ak\u00e1rcsak m\u00e1s n\u00e9pszer\u0171 eur\u00f3pai turisztikai c\u00e9l\u00e1llom\u00e1sokon, k\u00f6z\u00f6tt\u00fck Velenc\u00e9ben \u00e9s Barcelon\u00e1ban &#8211; tiltakoz\u00f3k az idegenforgalom korl\u00e1toz\u00e1s\u00e1t k\u00f6vetelt\u00e9k.<\/p>\n<p>A korm\u00e1nyf\u0151 korl\u00e1tozni k\u00edv\u00e1nja az egy id\u0151ben ugyanahhoz a desztin\u00e1ci\u00f3hoz \u00e9rkez\u0151 haj\u00f3k sz\u00e1m\u00e1t, sz\u00fcks\u00e9gesnek l\u00e1tja korl\u00e1toz\u00e1sok bevezet\u00e9s\u00e9t azokon a szigeteken, amelyeken meg\u00edt\u00e9l\u00e9se szerint korl\u00e1tozott az infrastruktura.<\/p>\n<p>Micot\u00e1kisz k\u00f6z\u00f6lte:<strong> a tengerj\u00e1r\u00f3 haj\u00f3k utasaira kivetett ad\u00f3t a helyi k\u00f6z\u00f6ss\u00e9gek kapj\u00e1k meg, hogy az infrastrukt\u00fara fejleszt\u00e9s\u00e9re ford\u00edts\u00e1k<\/strong>.<\/p>\n<h2>K\u00f3va bevezet\u00e9s\u00e9n \u00e9s az Airbnb korl\u00e1toz\u00e1s\u00e1n is gondolkodnak<\/h2>\n<p><strong>Olga Kefalogianni<\/strong> turisztikai miniszter nemr\u00e9giben az AFP francia h\u00edr\u00fcgyn\u00f6ks\u00e9gnek adott interj\u00faban \u00fagy v\u00e9lte, hogy kv\u00f3t\u00e1kat kell fel\u00e1ll\u00edtani, a helyi hat\u00f3s\u00e1gok rendelete \u00e9rtelm\u00e9ben csak <strong>8000, tengerj\u00e1r\u00f3 haj\u00f3val \u00e9rkez\u0151 turista sz\u00e1llhat naponta partra Szantorinin<\/strong>.<\/p>\n<p>A korm\u00e1ny tervezi tov\u00e1bb\u00e1 a r\u00f6vidt\u00e1v\u00fa lak\u00e1sb\u00e9rletek ad\u00f3j\u00e1nak emel\u00e9s\u00e9t \u00e9s<strong> \u00faj, r\u00f6vidt\u00e1v\u00fa b\u00e9rbead\u00e1sok enged\u00e9ly\u00e9nek a felf\u00fcggeszt\u00e9s\u00e9t<\/strong> Ath\u00e9n k\u00f6zpontj\u00e1ban, hogy nagyobb lak\u00e1s\u00e1llom\u00e1ny \u00e1lljon az \u00e1lland\u00f3 lakosok rendelkez\u00e9s\u00e9re &#8211; k\u00f6z\u00f6lte Micot\u00e1kisz szombaton.<\/p>\n<p>G\u00f6r\u00f6gorsz\u00e1gba tavaly a gyilkos erd\u0151t\u00fczek \u00e9s a hossz\u00fa h\u0151hull\u00e1m ellen\u00e9re rekordsz\u00e1m\u00fa turista \u00e9rkezett. Olga Kefalogianni szerint v\u00e1rhat\u00f3an 2024 is \u201erekord\u00e9v\u201d lesz.<\/p>\n<p>(MTI)<\/p>\n<div class=\"o-widget m-readMoreWidget -readMore u-shortDecorLineAfter row widget-container _ce_measure_widget bigdata-widget read-more\" data-ce-measure-widget=\"olvass tov\u00e1bb\">\n\t<div class=\"m-readMoreWidget__imgWrapper image-wrapper col-12 col-md-4 no-p\">\n\t\t<a class=\"m-readMoreWidget__imgLink\" href=\"https:\/\/www.startlap.hu\/utazas\/trevi-kut-belepodij-turizmus\/\" >\n\t\t\t<img decoding=\"async\" src=\"https:\/\/www.startlap.hu\/utazas\/uploads\/sites\/3\/2024\/09\/068_AA_29072024_1795046-350x285.jpg\" class=\"m-readMoreWidget__img\">\n\t\t<\/a>\n\t<\/div>\n\t<div class=\"m-readMoreWidget__titleWrapper title-wrapper col-12 col-md-8\">\n\t\t<span class=\"m-readMoreWidget__titleLabel u-shortDecorLineBefore label hidden-sm-up\">Ez is \u00e9rdekelhet:<\/span>\n\t\t<h3 class=\"m-readMoreWidget__title title\">\n\t\t\t<a class=\"m-readMoreWidget__titleLink -secondFont u-bold u-upperCase\" href=\"https:\/\/www.startlap.hu\/utazas\/trevi-kut-belepodij-turizmus\/\" >Szigor\u00fa szab\u00e1lyokkal l\u00e9pn\u00e9nek fel a t\u00f6meg ellen a Trevi-k\u00fatn\u00e1l<\/a>\n\t\t<\/h3>\n\t\t<a class=\"m-readMoreWidget__btn -coloredBack u-tC link\" href=\"https:\/\/www.startlap.hu\/utazas\/trevi-kut-belepodij-turizmus\/\" >Elolvasom<\/a>\n\t<\/div>\n<\/div>\n","protected":false},"excerpt":{"rendered":"<p>G\u00f6r\u00f6gorsz\u00e1gban hamarosan ad\u00f3t kell fizetnie azoknak, akik tengerj\u00e1r\u00f3 haj\u00f3\u00fatjukat megszak\u00edtj\u00e1k az \u00e9rintett szigetekn\u00e9l.<\/p>\n","protected":false},"author":14,"featured_media":78407,"comment_status":"closed","ping_status":"closed","sticky":false,"template":"","format":"standard","meta":{"footnotes":""},"categories":[70],"tags":[188,9457,1890,9458],"class_list":["post-78406","post","type-post","status-publish","format-standard","has-post-thumbnail","hentry","category-vilag","tag-gorogorszag","tag-idegenforgalmi-ado","tag-szantorini","tag-tengerjaro-hajo"],"aioseo_notices":[],"_links":{"self":[{"href":"https:\/\/www.startlap.hu\/utazas\/wp-json\/wp\/v2\/posts\/78406","targetHints":{"allow":["GET"]}}],"collection":[{"href":"https:\/\/www.startlap.hu\/utazas\/wp-json\/wp\/v2\/posts"}],"about":[{"href":"https:\/\/www.startlap.hu\/utazas\/wp-json\/wp\/v2\/types\/post"}],"author":[{"embeddable":true,"href":"https:\/\/www.startlap.hu\/utazas\/wp-json\/wp\/v2\/users\/14"}],"replies":[{"embeddable":true,"href":"https:\/\/www.startlap.hu\/utazas\/wp-json\/wp\/v2\/comments?post=78406"}],"version-history":[{"count":2,"href":"https:\/\/www.startlap.hu\/utazas\/wp-json\/wp\/v2\/posts\/78406\/revisions"}],"predecessor-version":[{"id":78409,"href":"https:\/\/www.startlap.hu\/utazas\/wp-json\/wp\/v2\/posts\/78406\/revisions\/78409"}],"wp:featuredmedia":[{"embeddable":true,"href":"https:\/\/www.startlap.hu\/utazas\/wp-json\/wp\/v2\/media\/78407"}],"wp:attachment":[{"href":"https:\/\/www.startlap.hu\/utazas\/wp-json\/wp\/v2\/media?parent=78406"}],"wp:term":[{"taxonomy":"category","embeddable":true,"href":"https:\/\/www.startlap.hu\/utazas\/wp-json\/wp\/v2\/categories?post=78406"},{"taxonomy":"post_tag","embeddable":true,"href":"https:\/\/www.startlap.hu\/utazas\/wp-json\/wp\/v2\/tags?post=78406"}],"curies":[{"name":"wp","href":"https:\/\/api.w.org\/{rel}","templated":true}]}}