{"id":78367,"date":"2024-09-06T16:06:46","date_gmt":"2024-09-06T14:06:46","guid":{"rendered":"https:\/\/www.startlap.hu\/utazas\/?p=78367"},"modified":"2024-09-06T16:06:46","modified_gmt":"2024-09-06T14:06:46","slug":"trevi-kut-belepodij-turizmus","status":"publish","type":"post","link":"https:\/\/www.startlap.hu\/utazas\/trevi-kut-belepodij-turizmus\/","title":{"rendered":"Szigor\u00fa szab\u00e1lyokkal l\u00e9pn\u00e9nek fel a t\u00f6meg ellen a Trevi-k\u00fatn\u00e1l"},"content":{"rendered":"<p>A l\u00e1togat\u00f3k sz\u00e1m\u00e1t <strong>el\u0151zetes helyfoglal\u00e1s \u00e9s egyeur\u00f3s bel\u00e9p\u0151d\u00edj bevezet\u00e9s\u00e9vel<\/strong> akarj\u00e1k korl\u00e1tozni az olasz f\u0151v\u00e1rosban a Trevi-k\u00fatn\u00e1l &#8211; jelentette be Alessandro Onorato, a r\u00f3mai f\u0151polg\u00e1rmesteri hivatal idegenforgalom\u00e9rt felel\u0151s tan\u00e1csosa a <em>Corriere della Sera<\/em> napilapban szerd\u00e1n.&nbsp;Alessandro Onorato elmondta, hogy az int\u00e9zked\u00e9ssel a t\u00f6megturizmussal szemben k\u00edv\u00e1nj\u00e1k megv\u00e9deni az egyik legl\u00e1togatottabb r\u00f3mai l\u00e1tv\u00e1nyoss\u00e1got.<\/p>\n<p>Szab\u00e1lyozni akarj\u00e1k azok sz\u00e1m\u00e1t, akik nap mint nap felkeresik a <a href=\"https:\/\/www.startlap.hu\/utazas\/trevi-kut-lakat\/\" target=\"_blank\" rel=\"noopener noreferrer\"><strong>Trevi-kutat<\/strong><\/a>: a tervek szerint<\/p>\n<blockquote class=\"article__extraTxt\"><p>az el\u0151zetes helyfoglal\u00e1st a j\u00f6v\u0151 \u00e9vt\u0151l vezetn\u00e9k be, \u00e9s ezzel egy id\u0151ben jelk\u00e9pes \u00e9rt\u00e9k\u0171 bel\u00e9p\u0151jegyet is kellene v\u00e1s\u00e1rolniuk a l\u00e1togat\u00f3knak, fejenk\u00e9nt egy eur\u00f3\u00e9rt. A r\u00f3maiak sz\u00e1m\u00e1ra ingyenes lenne.<\/p><\/blockquote>\n<p>R\u00f3ma legnagyobb utcai sz\u00f6k\u0151k\u00fatj\u00e1r\u00f3l van sz\u00f3, amelyet 1762-ben avattak fel. A Trevi-kutat a mai napig<\/p>\n<blockquote class=\"article__extraTxt\"><p>az \u00f3kori Aqua Virgo v\u00edzvezet\u00e9k t\u00e1pl\u00e1lja, a k\u00fat medenc\u00e9j\u00e9t ural\u00f3 szoboregy\u00fcttes k\u00f6zep\u00e9n \u00d3ce\u00e1n isten alakja magasodik, a sz\u00f6k\u0151k\u00fatban f\u00fcrd\u00f6tt meg Anita Ekberg<\/p><\/blockquote>\n<p>&nbsp;Federico Fellini <em>Nyolc \u00e9s f\u00e9l<\/em> c\u00edm\u0171 filmj\u00e9nek h\u00edres jelenet\u00e9ben, de a Trevi-k\u00fat legink\u00e1bb arr\u00f3l ismert, hogy a R\u00f3m\u00e1ba visszat\u00e9rni akar\u00f3 turist\u00e1k apr\u00f3p\u00e9nzt dobnak a viz\u00e9be.<\/p>\n<figure id=\"attachment_78368\" aria-describedby=\"caption-attachment-78368\" style=\"width: 755px\" class=\"wp-caption alignnone\"><img loading=\"lazy\" decoding=\"async\" class=\"size-article-size-large-image wp-image-78368\" src=\"https:\/\/www.startlap.hu\/utazas\/uploads\/sites\/3\/2024\/09\/068_AA_29072024_1795046-755x503.jpg\" alt=\"\" width=\"755\" height=\"503\" srcset=\"https:\/\/www.startlap.hu\/utazas\/uploads\/sites\/3\/2024\/09\/068_AA_29072024_1795046-755x503.jpg 755w, https:\/\/www.startlap.hu\/utazas\/uploads\/sites\/3\/2024\/09\/068_AA_29072024_1795046-526x350.jpg 526w, https:\/\/www.startlap.hu\/utazas\/uploads\/sites\/3\/2024\/09\/068_AA_29072024_1795046.jpg 1024w\" sizes=\"auto, (max-width: 755px) 100vw, 755px\" \/><figcaption id=\"caption-attachment-78368\" class=\"wp-caption-text\">Fot\u00f3: AFP<\/figcaption><\/figure>\n<p>A Trevi-k\u00fat el\u0151tti sz\u0171k t\u00e9ren t\u00f6bb ezren szoronganak, ami \u201cnem m\u00e9lt\u00f3 a t\u00f6rt\u00e9nelmi-m\u0171v\u00e9szeti \u00f6r\u00f6ks\u00e9ghez tartoz\u00f3 helysz\u00ednhez\u201d &#8211; hangoztatta Alessandro Onorato, aki a 2025-\u00f6s jubileumi szent \u00e9v rendk\u00edv\u00fcli esem\u00e9nysorozat\u00e9rt is felel\u0151s, amelyekre mintegy harmincmilli\u00f3 olasz \u00e9s k\u00fclf\u00f6ldi l\u00e1togat\u00f3 \u00e9rkez\u00e9s\u00e9t v\u00e1rj\u00e1k a f\u0151v\u00e1rosba.<\/p>\n<p>A<em> Corriere della Sera<\/em> r\u00f3mai kiad\u00e1s\u00e1nak Alessandro Onorato elmondta,<\/p>\n<blockquote class=\"article__extraTxt\"><p>korl\u00e1tozn\u00e1 azt is, hogy a gy\u00f6ny\u00f6r\u0171 Trevi-k\u00fatn\u00e1l a turist\u00e1k a l\u00e9pcs\u0151k\u00f6n vagy a teret ellep\u0151 pressz\u00f3k \u00e9s \u00e9ttermek teraszain \u00fclve egyenek, igyanak.<\/p><\/blockquote>\n<p>A Trevi-k\u00fathoz v\u00e1ndorl\u00f3 turistat\u00f6meget 2019-ben az akkori polg\u00e1rmesteri hivatal ker\u00edt\u00e9ssel akarta visszaszor\u00edtani, ahogyan m\u00e1r az is felmer\u00fclt, hogy szint\u00e9n ker\u00edt\u00e9ssel venn\u00e9k k\u00f6rbe a Spanyol-l\u00e9pcs\u0151t is.<\/p>\n<p>Legut\u00f3bb, 2023 j\u00falius\u00e1ban a Pantheonba val\u00f3 bel\u00e9p\u00e9s tett\u00e9k fizet\u0151ss\u00e9, fejenk\u00e9nt \u00f6t eur\u00f3\u00e9rt.<\/p>\n<p>(MTI)<\/p>\n<div class=\"o-widget m-readMoreWidget -readMore u-shortDecorLineAfter row widget-container _ce_measure_widget bigdata-widget read-more\" data-ce-measure-widget=\"olvass tov\u00e1bb\">\n\t<div class=\"m-readMoreWidget__imgWrapper image-wrapper col-12 col-md-4 no-p\">\n\t\t<a class=\"m-readMoreWidget__imgLink\" href=\"https:\/\/www.startlap.hu\/utazas\/afganisztan-turizmus-talib-nojogok\/\" >\n\t\t\t<img decoding=\"async\" src=\"https:\/\/www.startlap.hu\/utazas\/uploads\/sites\/3\/2024\/08\/kabul-350x285.jpg\" class=\"m-readMoreWidget__img\">\n\t\t<\/a>\n\t<\/div>\n\t<div class=\"m-readMoreWidget__titleWrapper title-wrapper col-12 col-md-8\">\n\t\t<span class=\"m-readMoreWidget__titleLabel u-shortDecorLineBefore label hidden-sm-up\">Ez is \u00e9rdekelhet:<\/span>\n\t\t<h3 class=\"m-readMoreWidget__title title\">\n\t\t\t<a class=\"m-readMoreWidget__titleLink -secondFont u-bold u-upperCase\" href=\"https:\/\/www.startlap.hu\/utazas\/afganisztan-turizmus-talib-nojogok\/\" >A t\u00e1libok v\u00e1rj\u00e1k a turist\u00e1kat Afganiszt\u00e1nba \u2013 \u00edgy n\u00e9z ki az utaz\u00e1s<\/a>\n\t\t<\/h3>\n\t\t<a class=\"m-readMoreWidget__btn -coloredBack u-tC link\" href=\"https:\/\/www.startlap.hu\/utazas\/afganisztan-turizmus-talib-nojogok\/\" >Elolvasom<\/a>\n\t<\/div>\n<\/div>\n","protected":false},"excerpt":{"rendered":"<p>R\u00f3ma v\u00e1rosa nem \u00e1llna meg a bel\u00e9p\u0151d\u00edj szed\u00e9s\u00e9n\u00e9l.<\/p>\n","protected":false},"author":14,"featured_media":78368,"comment_status":"closed","ping_status":"closed","sticky":false,"template":"","format":"standard","meta":{"footnotes":""},"categories":[70],"tags":[784,1127,408],"class_list":["post-78367","post","type-post","status-publish","format-standard","has-post-thumbnail","hentry","category-vilag","tag-roma","tag-trevi-kut","tag-turizmus"],"aioseo_notices":[],"_links":{"self":[{"href":"https:\/\/www.startlap.hu\/utazas\/wp-json\/wp\/v2\/posts\/78367","targetHints":{"allow":["GET"]}}],"collection":[{"href":"https:\/\/www.startlap.hu\/utazas\/wp-json\/wp\/v2\/posts"}],"about":[{"href":"https:\/\/www.startlap.hu\/utazas\/wp-json\/wp\/v2\/types\/post"}],"author":[{"embeddable":true,"href":"https:\/\/www.startlap.hu\/utazas\/wp-json\/wp\/v2\/users\/14"}],"replies":[{"embeddable":true,"href":"https:\/\/www.startlap.hu\/utazas\/wp-json\/wp\/v2\/comments?post=78367"}],"version-history":[{"count":1,"href":"https:\/\/www.startlap.hu\/utazas\/wp-json\/wp\/v2\/posts\/78367\/revisions"}],"predecessor-version":[{"id":78369,"href":"https:\/\/www.startlap.hu\/utazas\/wp-json\/wp\/v2\/posts\/78367\/revisions\/78369"}],"wp:featuredmedia":[{"embeddable":true,"href":"https:\/\/www.startlap.hu\/utazas\/wp-json\/wp\/v2\/media\/78368"}],"wp:attachment":[{"href":"https:\/\/www.startlap.hu\/utazas\/wp-json\/wp\/v2\/media?parent=78367"}],"wp:term":[{"taxonomy":"category","embeddable":true,"href":"https:\/\/www.startlap.hu\/utazas\/wp-json\/wp\/v2\/categories?post=78367"},{"taxonomy":"post_tag","embeddable":true,"href":"https:\/\/www.startlap.hu\/utazas\/wp-json\/wp\/v2\/tags?post=78367"}],"curies":[{"name":"wp","href":"https:\/\/api.w.org\/{rel}","templated":true}]}}