{"id":75916,"date":"2024-07-23T14:51:44","date_gmt":"2024-07-23T12:51:44","guid":{"rendered":"https:\/\/www.startlap.hu\/utazas\/?p=75916"},"modified":"2024-07-23T14:51:44","modified_gmt":"2024-07-23T12:51:44","slug":"a-penzmuzeum-tetejen-akciozott-a-titokzatos-esernyos-ember","status":"publish","type":"post","link":"https:\/\/www.startlap.hu\/utazas\/a-penzmuzeum-tetejen-akciozott-a-titokzatos-esernyos-ember\/","title":{"rendered":"A P\u00e9nzm\u00fazeum tetej\u00e9n akci\u00f3zott a titokzatos Eserny\u0151s Ember"},"content":{"rendered":"<p>A rejt\u00e9lyes Eserny\u0151s Ember ez\u00fattal l\u00e9legzetel\u00e1ll\u00edt\u00f3 magass\u00e1gban t\u0171nt fel: h\u00e9tf\u0151 kora reggel <a href=\"https:\/\/www.startlap.hu\/utazas\/penzmuzeum-budapest-mnb\/\" target=\"_blank\" rel=\"noopener noreferrer\">a Magyar P\u00e9nzm\u00fazeum<\/a> tetej\u00e9n volt l\u00e1that\u00f3 a titokzatos alak.<\/p>\n<blockquote class=\"article__extraTxt\"><p>A k\u00fcl\u00f6nleges karakter nem el\u0151sz\u00f6r m\u00e1szott fel ikonikus \u00e9p\u00fcletekre:<\/p><\/blockquote>\n<p>Kor\u00e1bban m\u00e1r feljutott az Erzs\u00e9bet t\u00e9ri \u00f3ri\u00e1sker\u00e9kre, a soproni t\u0171ztoronyra, a Pusk\u00e1s Ar\u00e9n\u00e1ra, a Kelenf\u00f6ldi Er\u0151m\u0171re, s\u0151t a Budai V\u00e1r kupol\u00e1j\u00e1nak cs\u00facs\u00e1n is megjelent \u2013 <a href=\"https:\/\/www.hirstart.hu\/site\/relocate.php?rssid=1279&amp;rsspid=3&amp;ctype=rss&amp;id=31622557&amp;chk=ac9ed620cad568737ac5752e62aae15b&amp;url=https%3A%2F%2Fwww.szeretlekmagyarorszag.hu%2Ffelfedezo%2Flelegzetelallito-magassagban-bukkant-fel-az-esernyos-ember-ezuttal-a-penzmuzeum-tetejen-akciozott-a-titokzatos-figura%2F\" target=\"_blank\" target=\"_blank\" rel=\"noopener noreferrer\">\u00edrja a Szeretlek Magyarorsz\u00e1g<\/a>.<\/p>\n<figure id=\"attachment_75919\" aria-describedby=\"caption-attachment-75919\" style=\"width: 755px\" class=\"wp-caption alignnone\"><img loading=\"lazy\" decoding=\"async\" class=\"size-article-size-large-image wp-image-75919\" src=\"https:\/\/www.startlap.hu\/utazas\/uploads\/sites\/3\/2024\/07\/450663553_936030578292452_5355866773596114940_n-755x504.jpg\" alt=\"A P\u00e9nzm\u00fazeum \u00e9p\u00fclete\" width=\"755\" height=\"504\" srcset=\"https:\/\/www.startlap.hu\/utazas\/uploads\/sites\/3\/2024\/07\/450663553_936030578292452_5355866773596114940_n-755x504.jpg 755w, https:\/\/www.startlap.hu\/utazas\/uploads\/sites\/3\/2024\/07\/450663553_936030578292452_5355866773596114940_n-1536x1025.jpg 1536w, https:\/\/www.startlap.hu\/utazas\/uploads\/sites\/3\/2024\/07\/450663553_936030578292452_5355866773596114940_n-525x350.jpg 525w, https:\/\/www.startlap.hu\/utazas\/uploads\/sites\/3\/2024\/07\/450663553_936030578292452_5355866773596114940_n.jpg 2048w\" sizes=\"auto, (max-width: 755px) 100vw, 755px\" \/><figcaption id=\"caption-attachment-75919\" class=\"wp-caption-text\">Fot\u00f3: \/MTI Balogh Zolt\u00e1n<\/figcaption><\/figure>\n<p>\u201eA szemf\u00fcles j\u00e1r\u00f3kel\u0151k szeme el\u00e9 izgalmas l\u00e1tv\u00e1ny t\u00e1rult a h\u00e9tf\u0151 reggel \u00e9bredez\u0151 v\u00e1ros f\u00e9nyeiben. Az MNB Fel\u00fcgyeleti K\u00f6zpontj\u00e1nak \u00e9s P\u00e9nzm\u00fazeum\u00e1nak otthont ad\u00f3 Buda Palota legmagasabb pontj\u00e1n egy ismeretlen ismer\u0151s, az Eserny\u0151s Ember sziluettje rajzol\u00f3dott ki j\u00falius 22-\u00e9n, h\u00e9tf\u0151 reggel. Mint ismeretes 100 \u00e9ves a Magyar Nemzeti Bank, a centen\u00e1riumot \u00fcnnepl\u0151 esem\u00e9nysorozat pedig a m\u0171v\u00e9szeket is megihlette \u2013 k\u00f6zt\u00fck az Eserny\u0151s Ember n\u00e9ven ismertt\u00e9 v\u00e1lt magyar kaszkad\u0151rt, aki fot\u00f3s\u00e1val, P\u00e9ter K\u00e1ll\u00f3val dinamikus p\u00e1rost alkotva hozt\u00e1k l\u00e9tre a projektet\u201d \u2013 <a href=\"https:\/\/www.facebook.com\/penzmuzeum\/posts\/pfbid033xxnUeAmpQnDGeQkx8qUfqybkamVsGHb87kPocpzMRsF22PUH9JZkg2uBGUgRMX1l\" target=\"_blank\" target=\"_blank\" rel=\"noopener noreferrer\">olvashat\u00f3 a P\u00e9nzm\u00fazeum oldal\u00e1n<\/a>.<\/p>\n<div class='iframe-wrapper youtube'><iframe loading=\"lazy\" title=\"Man with the umbrella - Budapest - Fisherman bastion \/\/ Eserny\u0151s Ember - Hal\u00e1szb\u00e1stya\" width=\"500\" height=\"281\" src=\"https:\/\/www.youtube.com\/embed\/uJ_g6PP_eNU?list=PLzBLHRjIhnOzBFNNZ___RP6Tr30ve90SH\" frameborder=\"0\" allow=\"accelerometer; autoplay; clipboard-write; encrypted-media; gyroscope; picture-in-picture; web-share\" referrerpolicy=\"strict-origin-when-cross-origin\" allowfullscreen><\/iframe><\/div>\n<p>H\u00e9tf\u0151n reggel \u00fajabb l\u00e9legzetel\u00e1ll\u00edt\u00f3 produkci\u00f3val jelentkezett az eserny\u0151s: a Nemzeti Bank 100. sz\u00fclet\u00e9snapja alkalm\u00e1b\u00f3l az egykori Postapalota tetej\u00e9t c\u00e9lozta meg.<\/p>\n<p>Aki lemaradt, megn\u00e9zheti a fot\u00f3kat a l\u00e9legzet\u00e1ll\u00edt\u00f3 mutatv\u00e1nyr\u00f3l:<\/p>\n<p><iframe loading=\"lazy\" width=\"750\" height=\"987\" frameborder=\"0\" src=\"https:\/\/www.facebook.com\/plugins\/post.php?href=https%3A%2F%2Fwww.facebook.com%2Fpenzmuzeum%2Fposts%2Fpfbid033xxnUeAmpQnDGeQkx8qUfqybkamVsGHb87kPocpzMRsF22PUH9JZkg2uBGUgRMX1l&amp;width=750&amp;show_text=false&amp;height=987&amp;appId\"><\/iframe>&nbsp;<\/p>\n<h2>Jubileumot \u00fcnnepelnek<\/h2>\n<p>\u201eP\u00e9nz\u00fcgyi \u00e9vsz\u00e1zad \u2013 a Magyar Nemzeti Bank 100 \u00e9ve\u201d c\u00edmmel l\u00e1togathat\u00f3 a P\u00e9nzm\u00fazeum id\u0151szaki ki\u00e1ll\u00edt\u00e1sa, amely a Magyar Nemzeti Bank centen\u00e1rium\u00e1t \u00fcnnepli. A t\u00e1rlaton v\u00e9gigk\u00f6vethet\u0151 a k\u00f6zponti p\u00e9nz\u00fcgyi int\u00e9zm\u00e9ny t\u00f6rt\u00e9nete az alap\u00edt\u00e1st\u00f3l napjainkig, bemutatva a jelent\u0151s monet\u00e1ris esem\u00e9nyeket, a jegybank m\u0171k\u00f6d\u00e9s\u00e9t, fontos d\u00f6nt\u00e9seit, \u00e9s szerep\u00e9t a gazdas\u00e1gpolitika form\u00e1l\u00e1s\u00e1ban.<\/p>\n<div class=\"o-widget m-readMoreWidget -readMore u-shortDecorLineAfter row widget-container _ce_measure_widget bigdata-widget read-more\" data-ce-measure-widget=\"olvass tov\u00e1bb\">\n\t<div class=\"m-readMoreWidget__imgWrapper image-wrapper col-12 col-md-4 no-p\">\n\t\t<a class=\"m-readMoreWidget__imgLink\" href=\"https:\/\/www.startlap.hu\/utazas\/world-building-of-the-year-dij-donto-fotok\/\" >\n\t\t\t<img decoding=\"async\" src=\"https:\/\/www.startlap.hu\/utazas\/uploads\/sites\/3\/2024\/07\/epitesz1-350x285.jpg\" class=\"m-readMoreWidget__img\">\n\t\t<\/a>\n\t<\/div>\n\t<div class=\"m-readMoreWidget__titleWrapper title-wrapper col-12 col-md-8\">\n\t\t<span class=\"m-readMoreWidget__titleLabel u-shortDecorLineBefore label hidden-sm-up\">Ez is \u00e9rdekelhet:<\/span>\n\t\t<h3 class=\"m-readMoreWidget__title title\">\n\t\t\t<a class=\"m-readMoreWidget__titleLink -secondFont u-bold u-upperCase\" href=\"https:\/\/www.startlap.hu\/utazas\/world-building-of-the-year-dij-donto-fotok\/\" >World Building of the Year: Fot\u00f3kon a vil\u00e1g legszebb, \u00faj \u00e9p\u00fcletei<\/a>\n\t\t<\/h3>\n\t\t<a class=\"m-readMoreWidget__btn -coloredBack u-tC link\" href=\"https:\/\/www.startlap.hu\/utazas\/world-building-of-the-year-dij-donto-fotok\/\" >Elolvasom<\/a>\n\t<\/div>\n<\/div>\n","protected":false},"excerpt":{"rendered":"<p>Furcsa dolgot l\u00e1thattak a j\u00e1r\u00f3kel\u0151k a Sz\u00e9ll K\u00e1lm\u00e1n t\u00e9r k\u00f6rny\u00e9k\u00e9n j\u00falius 22-\u00e9n reggel. Egy eserny\u0151s alak jelent meg a P\u00e9nzm\u00fazeum tetej\u00e9n.<\/p>\n","protected":false},"author":64,"featured_media":75919,"comment_status":"closed","ping_status":"closed","sticky":false,"template":"","format":"standard","meta":{"footnotes":""},"categories":[7],"tags":[3790,5397],"class_list":["post-75916","post","type-post","status-publish","format-standard","has-post-thumbnail","hentry","category-belfold-utazas","tag-kaszkador","tag-penzmuzeum"],"aioseo_notices":[],"_links":{"self":[{"href":"https:\/\/www.startlap.hu\/utazas\/wp-json\/wp\/v2\/posts\/75916","targetHints":{"allow":["GET"]}}],"collection":[{"href":"https:\/\/www.startlap.hu\/utazas\/wp-json\/wp\/v2\/posts"}],"about":[{"href":"https:\/\/www.startlap.hu\/utazas\/wp-json\/wp\/v2\/types\/post"}],"author":[{"embeddable":true,"href":"https:\/\/www.startlap.hu\/utazas\/wp-json\/wp\/v2\/users\/64"}],"replies":[{"embeddable":true,"href":"https:\/\/www.startlap.hu\/utazas\/wp-json\/wp\/v2\/comments?post=75916"}],"version-history":[{"count":5,"href":"https:\/\/www.startlap.hu\/utazas\/wp-json\/wp\/v2\/posts\/75916\/revisions"}],"predecessor-version":[{"id":75947,"href":"https:\/\/www.startlap.hu\/utazas\/wp-json\/wp\/v2\/posts\/75916\/revisions\/75947"}],"wp:featuredmedia":[{"embeddable":true,"href":"https:\/\/www.startlap.hu\/utazas\/wp-json\/wp\/v2\/media\/75919"}],"wp:attachment":[{"href":"https:\/\/www.startlap.hu\/utazas\/wp-json\/wp\/v2\/media?parent=75916"}],"wp:term":[{"taxonomy":"category","embeddable":true,"href":"https:\/\/www.startlap.hu\/utazas\/wp-json\/wp\/v2\/categories?post=75916"},{"taxonomy":"post_tag","embeddable":true,"href":"https:\/\/www.startlap.hu\/utazas\/wp-json\/wp\/v2\/tags?post=75916"}],"curies":[{"name":"wp","href":"https:\/\/api.w.org\/{rel}","templated":true}]}}