{"id":75837,"date":"2024-07-19T16:46:56","date_gmt":"2024-07-19T14:46:56","guid":{"rendered":"https:\/\/www.startlap.hu\/utazas\/?p=75837"},"modified":"2024-07-19T16:46:56","modified_gmt":"2024-07-19T14:46:56","slug":"trevi-kut-lakat","status":"publish","type":"post","link":"https:\/\/www.startlap.hu\/utazas\/trevi-kut-lakat\/","title":{"rendered":"Megkezdt\u00e9k a lakatok leszerel\u00e9s\u00e9t a Trevi-k\u00fatr\u00f3l"},"content":{"rendered":"<p>A r\u00f3mai hat\u00f3s\u00e1gok megkezdt\u00e9k a szerelmi lakatok elt\u00e1vol\u00edt\u00e1s\u00e1t a Trevi-k\u00fat k\u00f6rny\u00e9k\u00e9r\u0151l.<\/p>\n<blockquote class=\"article__extraTxt\"><p>A h\u00e9ten egyetlen napon 700 kilogrammnyi lakatot szedtek le a sz\u00f6k\u0151k\u00fat \u00e9s a Panteon k\u00f6zti szakaszon.&nbsp;A hat\u00f3s\u00e1gok kor\u00e1bban m\u00e1r Tiberis h\u00eddjair\u00f3l, k\u00f6zt\u00fck a Ponte Milvi\u00f3r\u00f3l is sok ezer lakatot szedtek le.<\/p><\/blockquote>\n<p>Arr\u00f3l azonban m\u00e9g nem d\u00f6nt\u00f6ttek, hogy mihez kezdenek majd vel\u00fck. Egyes javaslatok szerint <strong>a f\u00e9m elad\u00e1s\u00e1b\u00f3l befolyt \u00f6sszeget j\u00f3t\u00e9konys\u00e1gi c\u00e9lokra tudn\u00e1k felhaszn\u00e1lni<\/strong>.<\/p>\n<figure id=\"attachment_75838\" aria-describedby=\"caption-attachment-75838\" style=\"width: 755px\" class=\"wp-caption alignnone\"><img loading=\"lazy\" decoding=\"async\" class=\"size-article-size-large-image wp-image-75838\" src=\"https:\/\/www.startlap.hu\/utazas\/uploads\/sites\/3\/2024\/07\/trevi-roma-755x504.jpg\" alt=\"\" width=\"755\" height=\"504\" srcset=\"https:\/\/www.startlap.hu\/utazas\/uploads\/sites\/3\/2024\/07\/trevi-roma-755x504.jpg 755w, https:\/\/www.startlap.hu\/utazas\/uploads\/sites\/3\/2024\/07\/trevi-roma-525x350.jpg 525w, https:\/\/www.startlap.hu\/utazas\/uploads\/sites\/3\/2024\/07\/trevi-roma.jpg 1024w\" sizes=\"auto, (max-width: 755px) 100vw, 755px\" \/><figcaption id=\"caption-attachment-75838\" class=\"wp-caption-text\">Fot\u00f3: AFP<\/figcaption><\/figure>\n<blockquote class=\"article__extraTxt\"><p>A szerelmi lakatok divatj\u00e1t Federico Moccia <em>T\u00e9ged akarlak<\/em> c\u00edm\u0171, csaknem h\u00fasz \u00e9ve megjelent reg\u00e9nye ind\u00edtotta el.<\/p><\/blockquote>\n<p>Az\u00f3ta az utcai \u00e1rusokt\u00f3l p\u00e1r eur\u00f3\u00e9rt megv\u00e1s\u00e1rolhat\u00f3 lakatokat a szerelmesek el\u0151szeretettel r\u00f6gz\u00edtik hidak \u00e9s egy\u00e9b n\u00e9pszer\u0171 l\u00e1tv\u00e1nyoss\u00e1gok korl\u00e1taira.&nbsp;A szerelmi lakatok m\u00e1s eur\u00f3pai v\u00e1rosokban is elterjedtek, de Berlinben \u00e9s Velenc\u00e9ben tiltj\u00e1k az elhelyez\u00e9s\u00fcket.<\/p>\n<p>(MTI)<\/p>\n<div class=\"o-widget m-readMoreWidget -readMore u-shortDecorLineAfter row widget-container _ce_measure_widget bigdata-widget read-more\" data-ce-measure-widget=\"olvass tov\u00e1bb\">\n\t<div class=\"m-readMoreWidget__imgWrapper image-wrapper col-12 col-md-4 no-p\">\n\t\t<a class=\"m-readMoreWidget__imgLink\" href=\"https:\/\/www.startlap.hu\/utazas\/vatikan-aram-napenergia-eromu-ferenc-papa\/\" >\n\t\t\t<img decoding=\"async\" src=\"https:\/\/www.startlap.hu\/utazas\/uploads\/sites\/3\/2024\/07\/vatikan-350x285.jpg\" class=\"m-readMoreWidget__img\">\n\t\t<\/a>\n\t<\/div>\n\t<div class=\"m-readMoreWidget__titleWrapper title-wrapper col-12 col-md-8\">\n\t\t<span class=\"m-readMoreWidget__titleLabel u-shortDecorLineBefore label hidden-sm-up\">Ez is \u00e9rdekelhet:<\/span>\n\t\t<h3 class=\"m-readMoreWidget__title title\">\n\t\t\t<a class=\"m-readMoreWidget__titleLink -secondFont u-bold u-upperCase\" href=\"https:\/\/www.startlap.hu\/utazas\/vatikan-aram-napenergia-eromu-ferenc-papa\/\" >Saj\u00e1t naper\u0151m\u0171vel fedezn\u00e9 \u00e1ramhaszn\u00e1lat\u00e1t a Vatik\u00e1n<\/a>\n\t\t<\/h3>\n\t\t<a class=\"m-readMoreWidget__btn -coloredBack u-tC link\" href=\"https:\/\/www.startlap.hu\/utazas\/vatikan-aram-napenergia-eromu-ferenc-papa\/\" >Elolvasom<\/a>\n\t<\/div>\n<\/div>\n","protected":false},"excerpt":{"rendered":"<p>Egyetlen nap alatt 700 kil\u00f3 lakatot t\u00e1vol\u00edtottak el R\u00f3m\u00e1ban, amelyek egy reg\u00e9ny nyom\u00e1n \u00e1rasztott\u00e1k el az eur\u00f3pai nagyv\u00e1rosok l\u00e1tv\u00e1nyoss\u00e1gait.<\/p>\n","protected":false},"author":14,"featured_media":75838,"comment_status":"closed","ping_status":"closed","sticky":false,"template":"","format":"standard","meta":{"footnotes":""},"categories":[70],"tags":[784,1127],"class_list":["post-75837","post","type-post","status-publish","format-standard","has-post-thumbnail","hentry","category-vilag","tag-roma","tag-trevi-kut"],"aioseo_notices":[],"_links":{"self":[{"href":"https:\/\/www.startlap.hu\/utazas\/wp-json\/wp\/v2\/posts\/75837","targetHints":{"allow":["GET"]}}],"collection":[{"href":"https:\/\/www.startlap.hu\/utazas\/wp-json\/wp\/v2\/posts"}],"about":[{"href":"https:\/\/www.startlap.hu\/utazas\/wp-json\/wp\/v2\/types\/post"}],"author":[{"embeddable":true,"href":"https:\/\/www.startlap.hu\/utazas\/wp-json\/wp\/v2\/users\/14"}],"replies":[{"embeddable":true,"href":"https:\/\/www.startlap.hu\/utazas\/wp-json\/wp\/v2\/comments?post=75837"}],"version-history":[{"count":1,"href":"https:\/\/www.startlap.hu\/utazas\/wp-json\/wp\/v2\/posts\/75837\/revisions"}],"predecessor-version":[{"id":75842,"href":"https:\/\/www.startlap.hu\/utazas\/wp-json\/wp\/v2\/posts\/75837\/revisions\/75842"}],"wp:featuredmedia":[{"embeddable":true,"href":"https:\/\/www.startlap.hu\/utazas\/wp-json\/wp\/v2\/media\/75838"}],"wp:attachment":[{"href":"https:\/\/www.startlap.hu\/utazas\/wp-json\/wp\/v2\/media?parent=75837"}],"wp:term":[{"taxonomy":"category","embeddable":true,"href":"https:\/\/www.startlap.hu\/utazas\/wp-json\/wp\/v2\/categories?post=75837"},{"taxonomy":"post_tag","embeddable":true,"href":"https:\/\/www.startlap.hu\/utazas\/wp-json\/wp\/v2\/tags?post=75837"}],"curies":[{"name":"wp","href":"https:\/\/api.w.org\/{rel}","templated":true}]}}