{"id":75334,"date":"2024-07-11T13:25:31","date_gmt":"2024-07-11T11:25:31","guid":{"rendered":"https:\/\/www.startlap.hu\/utazas\/?p=75334"},"modified":"2024-07-11T13:25:31","modified_gmt":"2024-07-11T11:25:31","slug":"efott-fesztival-sukoro-ingyenes-olcso-fotok","status":"publish","type":"post","link":"https:\/\/www.startlap.hu\/utazas\/efott-fesztival-sukoro-ingyenes-olcso-fotok\/","title":{"rendered":"Elstartolt az EFOTT, fot\u00f3kon a fesztiv\u00e1l \u2013 14 \u00e9v alatt ingyenes a bel\u00e9p\u00e9s"},"content":{"rendered":"<p>J\u00falius 10-\u00e9n startolt Magyarorsz\u00e1g egyik legr\u00e9gibb fesztiv\u00e1lja, az <strong>Egyetemist\u00e1k \u00e9s F\u0151iskol\u00e1sok Orsz\u00e1gos Turisztikai Tal\u00e1lkoz\u00f3ja<\/strong>, ismertebb nev\u00e9n az <strong>EFOTT<\/strong>. A f\u0151k\u00e9nt magyar egyetemist\u00e1kra target\u00e1lt esem\u00e9ny viszonylag <strong>p\u00e9nzt\u00e1rcabar\u00e1t \u00e1rakkal v\u00e1rja a vend\u00e9geket.<\/strong> Ugyan k\u00fclf\u00f6ldi vil\u00e1gszt\u00e1rok fell\u00e9p\u00e9s\u00e9re Sukor\u00f3n nem lehet sz\u00e1m\u00edtani, a magyar k\u00f6nny\u0171zene kr\u00e9mje \u2013 t\u00f6bbek k\u00f6z\u00f6tt Azahriah, Majka, a ValMar, Beton.Hofi, Kr\u00fabi, Sisi \u00e9s a Carson Coma is fell\u00e9pnek az esem\u00e9nyen.<\/p>\n\n\t<div id=\"cegPostCnt_1\" class=\"o-cegPostCnt -inContent\" data-title=\"Elstartolt az EFOTT, fot\u00f3kon a fesztiv\u00e1l \u2013 14 \u00e9v alatt ingyenes a bel\u00e9p\u00e9s\">\n\t\t<a class=\"o-cegPostCnt__opener m-cegOpener _ce_measure_widget _ce_measure_link\" data-ce-measure-widget=\"gallery-open\"\n   href=\"?gallery=1\/1\/efott1-scaled\">\n\t<img decoding=\"async\" src=\"https:\/\/www.startlap.hu\/utazas\/uploads\/sites\/3\/2024\/07\/efott1-scaled.jpg\" class=\"m-cegOpener__image\" alt=\"\" sizes=\"(max-width: 991px) 100vw, (max-width: 1039px) 66vw, 684px\" srcset=\"https:\/\/www.startlap.hu\/utazas\/uploads\/sites\/3\/2024\/07\/efott1-scaled.jpg 2560w, https:\/\/www.startlap.hu\/utazas\/uploads\/sites\/3\/2024\/07\/efott1-1536x1024.jpg 1536w, https:\/\/www.startlap.hu\/utazas\/uploads\/sites\/3\/2024\/07\/efott1-2048x1365.jpg 2048w, https:\/\/www.startlap.hu\/utazas\/uploads\/sites\/3\/2024\/07\/efott1-755x503.jpg 755w, https:\/\/www.startlap.hu\/utazas\/uploads\/sites\/3\/2024\/07\/efott1-525x350.jpg 525w\" \/>\t<div class=\"m-cegOpener__btn\"><i class=\"far fa-clone\"><\/i><\/div>\n<\/a>\n<div class=\"o-cegPostCnt__layer m-cegLayer _ce_measure_widget\" data-ce-measure-widget=\"gallery-layer\" style=\"display: none\">\n\t<div class=\"m-cegLayer__top m-cegHeader _ce_measure_widget\" data-ce-measure-widget=\"gallery-header\">\n\t\t\t\t\t<span class=\"m-cegHeader__logo\"><span class=\"a-cegLogo\"><\/span><\/span>\n\t\t\t\t<div class=\"m-cegHeader__imgCnt\">\n\t\t\t<img decoding=\"async\" src=\"https:\/\/www.startlap.hu\/utazas\/uploads\/sites\/3\/2024\/07\/efott1-scaled.jpg\" class=\"m-cegHeader__imgOpener\" alt=\"\" \/>\t\t<\/div>\n\t\t<h2 class=\"m-cegHeader__title a-cegGalleryTitle\"><i class=\"fa fa-angle-left\"><\/i>Elstartolt az EFOTT, fot\u00f3kon a fesztiv\u00e1l \u2013 14 \u00e9v alatt ingyenes a bel\u00e9p\u00e9s<\/h2>\n\t\t<div class=\"m-cegHeader__pagination a-cegPagination\"><\/div>\n\t\t<div class=\"m-cegHeader__closeBtn close-button nlc-icon-close _ce_measure_link _ce_measure_widget\" data-ce-measure-widget=\"gallery-close-btn\"><i class=\"fa fa-times\" aria-hidden=\"true\"><\/i><\/div>\n\t<\/div>\n\t<div class=\"m-cegLayer__screen\">\n\t\t<div class=\"m-cegLayer__carousel m-cegCarousel\">\n\t\t\t\t\t\t\t\n\t\t\t\t<div\n\t\t\t\t\tclass=\"m-cegCarousel__item\"\n\t\t\t\t\tdata-type=\"image\"\n\t\t\t\t\tdata-id=\"1\/1\/efott1-scaled\"\n\t\t\t\t\tdata-image-url=\"https:\/\/www.startlap.hu\/utazas\/uploads\/sites\/3\/2024\/07\/efott1-scaled.jpg\"\n\t\t\t\t\tdata-title=\"efott1\"\n\t\t\t\t\tdata-desc=\"T. Danny (Telegdy D\u00e1niel M\u00e1rton) koncertje az EFOTT fesztiv\u00e1l els\u0151 napj\u00e1n a Velencei-t\u00f3 melletti Sukor\u00f3n 2024. j\u00falius 11-\u00e9n. Fot\u00f3: MTI \/ Vasv\u00e1ri Tam\u00e1s\">\n\n\t\t\t\t\t<!-- image -->\n\t\t\t\t\t<div class=\"m-cegCarousel__floatingCnt\">\n\t\t\t\t\t\t<img decoding=\"async\" src=\"https:\/\/www.startlap.hu\/utazas\/uploads\/sites\/3\/2024\/07\/efott1-scaled.jpg\" class=\"m-cegCarousel__image\" alt=\"\" \/>\t\t\t\t\t\t<span class=\"fa m-cegCarousel__zoom _ce_measure_link _ce_measure_widget\" data-ce-measure-widget=\"gallery-zoom-btn\"><\/span>\n\t\t\t\t\t<\/div>\n\n\t\t\t\t\t<!-- thumb icon \/ counter, caption  -->\n\t\t\t\t\t<div class=\"m-cegCarousel__captionCnt m-cegCaption\">\n\t\t\t\t\t\t<span class=\"m-cegCaption__thumbIcon a-cegThumbIcon _ce_measure_widget _ce_measure_link\"\n\t\t\t\t\t\t\t  data-ce-measure-widget=\"thumbnails-btn\"\n\t\t\t\t\t\t\t  data-ce-measure-widget=\"gallery-thumbnails\"><i class=\" fa fa-th-large\"><\/i><\/span>\n\t\t\t\t\t\t<span class=\"m-cegCaption__pagination a-cegPagination\">\n\t\t\t\t\t\t\t<span class=\"a-cegPagination__current\">1<\/span>\/9\t\t\t\t\t\t<\/span>\n\t\t\t\t\t\t<span class=\"m-cegCaption__caption\">efott1<\/span>\n\t\t\t\t\t<\/div>\n\n\t\t\t\t\t<!-- Image description -->\n\t\t\t\t\t<div class=\"m-cegCarousel__desc a-cegDesc\">T. Danny (Telegdy D\u00e1niel M\u00e1rton) koncertje az EFOTT fesztiv\u00e1l els\u0151 napj\u00e1n a Velencei-t\u00f3 melletti Sukor\u00f3n 2024. j\u00falius 11-\u00e9n. Fot\u00f3: MTI \/ Vasv\u00e1ri Tam\u00e1s<\/div>\n\n\t\t\t\t\t<!-- Image social share icons -->\n\t\t\t\t\t<div class=\"m-cegCarousel__socialCnt m-cegSocial\">\n\t\t\t\t\t\t<span class=\"m-cegSocial__text\">Fot\u00f3 megoszt\u00e1sa:<\/span><span class=\"m-cegSocial__iconWrap\"><span class=\"m-cegSocial__icon -facebook _ce_measure_link _ce_measure_widget\" data-ce-measure-widget=\"facebookGallery-btn\"><i class=\"fab fa-facebook-f\"><\/i><\/span><span class=\"m-cegSocial__icon -pinterest _ce_measure_link _ce_measure_widget\" data-ce-measure-widget=\"printeresGallery-btn\"><i class=\"fab fa-pinterest-p\"><\/i><\/span><span class=\"m-cegSocial__icon -email _ce_measure_link _ce_measure_widget\" data-ce-measure-widget=\"emailGallery-btn\"><i class=\"far fa-envelope\"><\/i><\/span><span class=\"m-cegSocial__icon -clipboard _ce_measure_link _ce_measure_widget\" data-ce-measure-widget=\"clipboardGallery-btn\"><i class=\"fa fa-link\"><\/i><\/span><\/span>\t\t\t\t\t<\/div>\n\t\t\t\t<\/div>\n\t\t\t\t\t\t\t\n\t\t\t\t<div\n\t\t\t\t\tclass=\"m-cegCarousel__item\"\n\t\t\t\t\tdata-type=\"image\"\n\t\t\t\t\tdata-id=\"1\/2\/efott2-scaled\"\n\t\t\t\t\tdata-image-url=\"https:\/\/www.startlap.hu\/utazas\/uploads\/sites\/3\/2024\/07\/efott2-scaled.jpg\"\n\t\t\t\t\tdata-title=\"efott2\"\n\t\t\t\t\tdata-desc=\"K\u00f6z\u00f6ns\u00e9g T. Danny koncertj\u00e9n. Fot\u00f3: MTI \/ Vasv\u00e1ri Tam\u00e1s\">\n\n\t\t\t\t\t<!-- image -->\n\t\t\t\t\t<div class=\"m-cegCarousel__floatingCnt\">\n\t\t\t\t\t\t<img decoding=\"async\" src=\"https:\/\/www.startlap.hu\/utazas\/uploads\/sites\/3\/2024\/07\/efott2-scaled.jpg\" class=\"m-cegCarousel__image\" alt=\"\" \/>\t\t\t\t\t\t<span class=\"fa m-cegCarousel__zoom _ce_measure_link _ce_measure_widget\" data-ce-measure-widget=\"gallery-zoom-btn\"><\/span>\n\t\t\t\t\t<\/div>\n\n\t\t\t\t\t<!-- thumb icon \/ counter, caption  -->\n\t\t\t\t\t<div class=\"m-cegCarousel__captionCnt m-cegCaption\">\n\t\t\t\t\t\t<span class=\"m-cegCaption__thumbIcon a-cegThumbIcon _ce_measure_widget _ce_measure_link\"\n\t\t\t\t\t\t\t  data-ce-measure-widget=\"thumbnails-btn\"\n\t\t\t\t\t\t\t  data-ce-measure-widget=\"gallery-thumbnails\"><i class=\" fa fa-th-large\"><\/i><\/span>\n\t\t\t\t\t\t<span class=\"m-cegCaption__pagination a-cegPagination\">\n\t\t\t\t\t\t\t<span class=\"a-cegPagination__current\">2<\/span>\/9\t\t\t\t\t\t<\/span>\n\t\t\t\t\t\t<span class=\"m-cegCaption__caption\">efott2<\/span>\n\t\t\t\t\t<\/div>\n\n\t\t\t\t\t<!-- Image description -->\n\t\t\t\t\t<div class=\"m-cegCarousel__desc a-cegDesc\">K\u00f6z\u00f6ns\u00e9g T. Danny koncertj\u00e9n. Fot\u00f3: MTI \/ Vasv\u00e1ri Tam\u00e1s<\/div>\n\n\t\t\t\t\t<!-- Image social share icons -->\n\t\t\t\t\t<div class=\"m-cegCarousel__socialCnt m-cegSocial\">\n\t\t\t\t\t\t<span class=\"m-cegSocial__text\">Fot\u00f3 megoszt\u00e1sa:<\/span><span class=\"m-cegSocial__iconWrap\"><span class=\"m-cegSocial__icon -facebook _ce_measure_link _ce_measure_widget\" data-ce-measure-widget=\"facebookGallery-btn\"><i class=\"fab fa-facebook-f\"><\/i><\/span><span class=\"m-cegSocial__icon -pinterest _ce_measure_link _ce_measure_widget\" data-ce-measure-widget=\"printeresGallery-btn\"><i class=\"fab fa-pinterest-p\"><\/i><\/span><span class=\"m-cegSocial__icon -email _ce_measure_link _ce_measure_widget\" data-ce-measure-widget=\"emailGallery-btn\"><i class=\"far fa-envelope\"><\/i><\/span><span class=\"m-cegSocial__icon -clipboard _ce_measure_link _ce_measure_widget\" data-ce-measure-widget=\"clipboardGallery-btn\"><i class=\"fa fa-link\"><\/i><\/span><\/span>\t\t\t\t\t<\/div>\n\t\t\t\t<\/div>\n\t\t\t\t\t\t\t\n\t\t\t\t<div\n\t\t\t\t\tclass=\"m-cegCarousel__item\"\n\t\t\t\t\tdata-type=\"image\"\n\t\t\t\t\tdata-id=\"1\/3\/efott3-scaled\"\n\t\t\t\t\tdata-image-url=\"https:\/\/www.startlap.hu\/utazas\/uploads\/sites\/3\/2024\/07\/efott3-scaled.jpg\"\n\t\t\t\t\tdata-title=\"efott3\"\n\t\t\t\t\tdata-desc=\"A h\u0151s\u00e9gben a Velencei-t\u00f3 ny\u00fajt enyh\u00fcl\u00e9st. Fot\u00f3: MTI \/ Vasv\u00e1ri Tam\u00e1s\">\n\n\t\t\t\t\t<!-- image -->\n\t\t\t\t\t<div class=\"m-cegCarousel__floatingCnt\">\n\t\t\t\t\t\t<img decoding=\"async\" src=\"https:\/\/www.startlap.hu\/utazas\/uploads\/sites\/3\/2024\/07\/efott3-scaled.jpg\" class=\"m-cegCarousel__image\" alt=\"\" \/>\t\t\t\t\t\t<span class=\"fa m-cegCarousel__zoom _ce_measure_link _ce_measure_widget\" data-ce-measure-widget=\"gallery-zoom-btn\"><\/span>\n\t\t\t\t\t<\/div>\n\n\t\t\t\t\t<!-- thumb icon \/ counter, caption  -->\n\t\t\t\t\t<div class=\"m-cegCarousel__captionCnt m-cegCaption\">\n\t\t\t\t\t\t<span class=\"m-cegCaption__thumbIcon a-cegThumbIcon _ce_measure_widget _ce_measure_link\"\n\t\t\t\t\t\t\t  data-ce-measure-widget=\"thumbnails-btn\"\n\t\t\t\t\t\t\t  data-ce-measure-widget=\"gallery-thumbnails\"><i class=\" fa fa-th-large\"><\/i><\/span>\n\t\t\t\t\t\t<span class=\"m-cegCaption__pagination a-cegPagination\">\n\t\t\t\t\t\t\t<span class=\"a-cegPagination__current\">3<\/span>\/9\t\t\t\t\t\t<\/span>\n\t\t\t\t\t\t<span class=\"m-cegCaption__caption\">efott3<\/span>\n\t\t\t\t\t<\/div>\n\n\t\t\t\t\t<!-- Image description -->\n\t\t\t\t\t<div class=\"m-cegCarousel__desc a-cegDesc\">A h\u0151s\u00e9gben a Velencei-t\u00f3 ny\u00fajt enyh\u00fcl\u00e9st. Fot\u00f3: MTI \/ Vasv\u00e1ri Tam\u00e1s<\/div>\n\n\t\t\t\t\t<!-- Image social share icons -->\n\t\t\t\t\t<div class=\"m-cegCarousel__socialCnt m-cegSocial\">\n\t\t\t\t\t\t<span class=\"m-cegSocial__text\">Fot\u00f3 megoszt\u00e1sa:<\/span><span class=\"m-cegSocial__iconWrap\"><span class=\"m-cegSocial__icon -facebook _ce_measure_link _ce_measure_widget\" data-ce-measure-widget=\"facebookGallery-btn\"><i class=\"fab fa-facebook-f\"><\/i><\/span><span class=\"m-cegSocial__icon -pinterest _ce_measure_link _ce_measure_widget\" data-ce-measure-widget=\"printeresGallery-btn\"><i class=\"fab fa-pinterest-p\"><\/i><\/span><span class=\"m-cegSocial__icon -email _ce_measure_link _ce_measure_widget\" data-ce-measure-widget=\"emailGallery-btn\"><i class=\"far fa-envelope\"><\/i><\/span><span class=\"m-cegSocial__icon -clipboard _ce_measure_link _ce_measure_widget\" data-ce-measure-widget=\"clipboardGallery-btn\"><i class=\"fa fa-link\"><\/i><\/span><\/span>\t\t\t\t\t<\/div>\n\t\t\t\t<\/div>\n\t\t\t\t\t\t\t\t\t\t\t\t<div\n\t\t\t\t\t\tclass=\"m-cegCarousel__item -banner\"\n\t\t\t\t\t\tdata-type=\"banner\"\n\t\t\t\t\t\tdata-id=\"1\/4\/banner\"\n\t\t\t\t\t\tdata-image-url=\"\"\n\t\t\t\t\t\tdata-title=\"\"\n\t\t\t\t\t\tdata-desc=\"\">\n\n\t\t\t\t\t\t<div class=\"m-cegCarousel__floatingCnt banner-container gallery-content010\"><\/div>\n\n\t\t\t\t\t<\/div>\n\t\t\t\t\t\t\t\t\t\n\t\t\t\t<div\n\t\t\t\t\tclass=\"m-cegCarousel__item\"\n\t\t\t\t\tdata-type=\"image\"\n\t\t\t\t\tdata-id=\"1\/5\/efott4-scaled\"\n\t\t\t\t\tdata-image-url=\"https:\/\/www.startlap.hu\/utazas\/uploads\/sites\/3\/2024\/07\/efott4-scaled.jpg\"\n\t\t\t\t\tdata-title=\"efott4\"\n\t\t\t\t\tdata-desc=\"A House Piknik sz\u00ednpad a fesztiv\u00e1l els\u0151 napj\u00e1n. Fot\u00f3: MTI \/ Vasv\u00e1ri Tam\u00e1s\">\n\n\t\t\t\t\t<!-- image -->\n\t\t\t\t\t<div class=\"m-cegCarousel__floatingCnt\">\n\t\t\t\t\t\t<img decoding=\"async\" src=\"https:\/\/www.startlap.hu\/utazas\/uploads\/sites\/3\/2024\/07\/efott4-scaled.jpg\" class=\"m-cegCarousel__image\" alt=\"\" \/>\t\t\t\t\t\t<span class=\"fa m-cegCarousel__zoom _ce_measure_link _ce_measure_widget\" data-ce-measure-widget=\"gallery-zoom-btn\"><\/span>\n\t\t\t\t\t<\/div>\n\n\t\t\t\t\t<!-- thumb icon \/ counter, caption  -->\n\t\t\t\t\t<div class=\"m-cegCarousel__captionCnt m-cegCaption\">\n\t\t\t\t\t\t<span class=\"m-cegCaption__thumbIcon a-cegThumbIcon _ce_measure_widget _ce_measure_link\"\n\t\t\t\t\t\t\t  data-ce-measure-widget=\"thumbnails-btn\"\n\t\t\t\t\t\t\t  data-ce-measure-widget=\"gallery-thumbnails\"><i class=\" fa fa-th-large\"><\/i><\/span>\n\t\t\t\t\t\t<span class=\"m-cegCaption__pagination a-cegPagination\">\n\t\t\t\t\t\t\t<span class=\"a-cegPagination__current\">5<\/span>\/9\t\t\t\t\t\t<\/span>\n\t\t\t\t\t\t<span class=\"m-cegCaption__caption\">efott4<\/span>\n\t\t\t\t\t<\/div>\n\n\t\t\t\t\t<!-- Image description -->\n\t\t\t\t\t<div class=\"m-cegCarousel__desc a-cegDesc\">A House Piknik sz\u00ednpad a fesztiv\u00e1l els\u0151 napj\u00e1n. Fot\u00f3: MTI \/ Vasv\u00e1ri Tam\u00e1s<\/div>\n\n\t\t\t\t\t<!-- Image social share icons -->\n\t\t\t\t\t<div class=\"m-cegCarousel__socialCnt m-cegSocial\">\n\t\t\t\t\t\t<span class=\"m-cegSocial__text\">Fot\u00f3 megoszt\u00e1sa:<\/span><span class=\"m-cegSocial__iconWrap\"><span class=\"m-cegSocial__icon -facebook _ce_measure_link _ce_measure_widget\" data-ce-measure-widget=\"facebookGallery-btn\"><i class=\"fab fa-facebook-f\"><\/i><\/span><span class=\"m-cegSocial__icon -pinterest _ce_measure_link _ce_measure_widget\" data-ce-measure-widget=\"printeresGallery-btn\"><i class=\"fab fa-pinterest-p\"><\/i><\/span><span class=\"m-cegSocial__icon -email _ce_measure_link _ce_measure_widget\" data-ce-measure-widget=\"emailGallery-btn\"><i class=\"far fa-envelope\"><\/i><\/span><span class=\"m-cegSocial__icon -clipboard _ce_measure_link _ce_measure_widget\" data-ce-measure-widget=\"clipboardGallery-btn\"><i class=\"fa fa-link\"><\/i><\/span><\/span>\t\t\t\t\t<\/div>\n\t\t\t\t<\/div>\n\t\t\t\t\t\t\t\n\t\t\t\t<div\n\t\t\t\t\tclass=\"m-cegCarousel__item\"\n\t\t\t\t\tdata-type=\"image\"\n\t\t\t\t\tdata-id=\"1\/6\/efott5-scaled\"\n\t\t\t\t\tdata-image-url=\"https:\/\/www.startlap.hu\/utazas\/uploads\/sites\/3\/2024\/07\/efott5-scaled.jpg\"\n\t\t\t\t\tdata-title=\"efott5\"\n\t\t\t\t\tdata-desc=\"A buli sem maradhat el. Fot\u00f3: MTI \/ Vasv\u00e1ri Tam\u00e1s\">\n\n\t\t\t\t\t<!-- image -->\n\t\t\t\t\t<div class=\"m-cegCarousel__floatingCnt\">\n\t\t\t\t\t\t<img decoding=\"async\" src=\"https:\/\/www.startlap.hu\/utazas\/uploads\/sites\/3\/2024\/07\/efott5-scaled.jpg\" class=\"m-cegCarousel__image\" alt=\"\" \/>\t\t\t\t\t\t<span class=\"fa m-cegCarousel__zoom _ce_measure_link _ce_measure_widget\" data-ce-measure-widget=\"gallery-zoom-btn\"><\/span>\n\t\t\t\t\t<\/div>\n\n\t\t\t\t\t<!-- thumb icon \/ counter, caption  -->\n\t\t\t\t\t<div class=\"m-cegCarousel__captionCnt m-cegCaption\">\n\t\t\t\t\t\t<span class=\"m-cegCaption__thumbIcon a-cegThumbIcon _ce_measure_widget _ce_measure_link\"\n\t\t\t\t\t\t\t  data-ce-measure-widget=\"thumbnails-btn\"\n\t\t\t\t\t\t\t  data-ce-measure-widget=\"gallery-thumbnails\"><i class=\" fa fa-th-large\"><\/i><\/span>\n\t\t\t\t\t\t<span class=\"m-cegCaption__pagination a-cegPagination\">\n\t\t\t\t\t\t\t<span class=\"a-cegPagination__current\">6<\/span>\/9\t\t\t\t\t\t<\/span>\n\t\t\t\t\t\t<span class=\"m-cegCaption__caption\">efott5<\/span>\n\t\t\t\t\t<\/div>\n\n\t\t\t\t\t<!-- Image description -->\n\t\t\t\t\t<div class=\"m-cegCarousel__desc a-cegDesc\">A buli sem maradhat el. Fot\u00f3: MTI \/ Vasv\u00e1ri Tam\u00e1s<\/div>\n\n\t\t\t\t\t<!-- Image social share icons -->\n\t\t\t\t\t<div class=\"m-cegCarousel__socialCnt m-cegSocial\">\n\t\t\t\t\t\t<span class=\"m-cegSocial__text\">Fot\u00f3 megoszt\u00e1sa:<\/span><span class=\"m-cegSocial__iconWrap\"><span class=\"m-cegSocial__icon -facebook _ce_measure_link _ce_measure_widget\" data-ce-measure-widget=\"facebookGallery-btn\"><i class=\"fab fa-facebook-f\"><\/i><\/span><span class=\"m-cegSocial__icon -pinterest _ce_measure_link _ce_measure_widget\" data-ce-measure-widget=\"printeresGallery-btn\"><i class=\"fab fa-pinterest-p\"><\/i><\/span><span class=\"m-cegSocial__icon -email _ce_measure_link _ce_measure_widget\" data-ce-measure-widget=\"emailGallery-btn\"><i class=\"far fa-envelope\"><\/i><\/span><span class=\"m-cegSocial__icon -clipboard _ce_measure_link _ce_measure_widget\" data-ce-measure-widget=\"clipboardGallery-btn\"><i class=\"fa fa-link\"><\/i><\/span><\/span>\t\t\t\t\t<\/div>\n\t\t\t\t<\/div>\n\t\t\t\t\t\t\t\n\t\t\t\t<div\n\t\t\t\t\tclass=\"m-cegCarousel__item\"\n\t\t\t\t\tdata-type=\"image\"\n\t\t\t\t\tdata-id=\"1\/7\/efott6-scaled\"\n\t\t\t\t\tdata-image-url=\"https:\/\/www.startlap.hu\/utazas\/uploads\/sites\/3\/2024\/07\/efott6-scaled.jpg\"\n\t\t\t\t\tdata-title=\"efott6\"\n\t\t\t\t\tdata-desc=\"A habf\u00fcrd\u0151 k\u00fcl\u00f6n\u00f6sen n\u00e9pszer\u0171 a h\u0151s\u00e9gben. Fot\u00f3: MTI \/ Vasv\u00e1ri Tam\u00e1s\">\n\n\t\t\t\t\t<!-- image -->\n\t\t\t\t\t<div class=\"m-cegCarousel__floatingCnt\">\n\t\t\t\t\t\t<img decoding=\"async\" src=\"https:\/\/www.startlap.hu\/utazas\/uploads\/sites\/3\/2024\/07\/efott6-scaled.jpg\" class=\"m-cegCarousel__image\" alt=\"\" \/>\t\t\t\t\t\t<span class=\"fa m-cegCarousel__zoom _ce_measure_link _ce_measure_widget\" data-ce-measure-widget=\"gallery-zoom-btn\"><\/span>\n\t\t\t\t\t<\/div>\n\n\t\t\t\t\t<!-- thumb icon \/ counter, caption  -->\n\t\t\t\t\t<div class=\"m-cegCarousel__captionCnt m-cegCaption\">\n\t\t\t\t\t\t<span class=\"m-cegCaption__thumbIcon a-cegThumbIcon _ce_measure_widget _ce_measure_link\"\n\t\t\t\t\t\t\t  data-ce-measure-widget=\"thumbnails-btn\"\n\t\t\t\t\t\t\t  data-ce-measure-widget=\"gallery-thumbnails\"><i class=\" fa fa-th-large\"><\/i><\/span>\n\t\t\t\t\t\t<span class=\"m-cegCaption__pagination a-cegPagination\">\n\t\t\t\t\t\t\t<span class=\"a-cegPagination__current\">7<\/span>\/9\t\t\t\t\t\t<\/span>\n\t\t\t\t\t\t<span class=\"m-cegCaption__caption\">efott6<\/span>\n\t\t\t\t\t<\/div>\n\n\t\t\t\t\t<!-- Image description -->\n\t\t\t\t\t<div class=\"m-cegCarousel__desc a-cegDesc\">A habf\u00fcrd\u0151 k\u00fcl\u00f6n\u00f6sen n\u00e9pszer\u0171 a h\u0151s\u00e9gben. Fot\u00f3: MTI \/ Vasv\u00e1ri Tam\u00e1s<\/div>\n\n\t\t\t\t\t<!-- Image social share icons -->\n\t\t\t\t\t<div class=\"m-cegCarousel__socialCnt m-cegSocial\">\n\t\t\t\t\t\t<span class=\"m-cegSocial__text\">Fot\u00f3 megoszt\u00e1sa:<\/span><span class=\"m-cegSocial__iconWrap\"><span class=\"m-cegSocial__icon -facebook _ce_measure_link _ce_measure_widget\" data-ce-measure-widget=\"facebookGallery-btn\"><i class=\"fab fa-facebook-f\"><\/i><\/span><span class=\"m-cegSocial__icon -pinterest _ce_measure_link _ce_measure_widget\" data-ce-measure-widget=\"printeresGallery-btn\"><i class=\"fab fa-pinterest-p\"><\/i><\/span><span class=\"m-cegSocial__icon -email _ce_measure_link _ce_measure_widget\" data-ce-measure-widget=\"emailGallery-btn\"><i class=\"far fa-envelope\"><\/i><\/span><span class=\"m-cegSocial__icon -clipboard _ce_measure_link _ce_measure_widget\" data-ce-measure-widget=\"clipboardGallery-btn\"><i class=\"fa fa-link\"><\/i><\/span><\/span>\t\t\t\t\t<\/div>\n\t\t\t\t<\/div>\n\t\t\t\t\t\t\t\t\t\t\t\t<div\n\t\t\t\t\t\tclass=\"m-cegCarousel__item -banner\"\n\t\t\t\t\t\tdata-type=\"banner\"\n\t\t\t\t\t\tdata-id=\"1\/8\/banner\"\n\t\t\t\t\t\tdata-image-url=\"\"\n\t\t\t\t\t\tdata-title=\"\"\n\t\t\t\t\t\tdata-desc=\"\">\n\n\t\t\t\t\t\t<div class=\"m-cegCarousel__floatingCnt banner-container gallery-content020\"><\/div>\n\n\t\t\t\t\t<\/div>\n\t\t\t\t\t\t\t\t\t\n\t\t\t\t<div\n\t\t\t\t\tclass=\"m-cegCarousel__item\"\n\t\t\t\t\tdata-type=\"image\"\n\t\t\t\t\tdata-id=\"1\/9\/efott7-scaled\"\n\t\t\t\t\tdata-image-url=\"https:\/\/www.startlap.hu\/utazas\/uploads\/sites\/3\/2024\/07\/efott7-scaled.jpg\"\n\t\t\t\t\tdata-title=\"efott7\"\n\t\t\t\t\tdata-desc=\"A fesztiv\u00e1lt Eszterhai Marcell, a Hallgat\u00f3i \u00d6nkorm\u00e1nyzatok Orsz\u00e1gos Konferenci\u00e1j\u00e1nak eln\u00f6ke, L. Simon L\u00e1szl\u00f3 \u00edr\u00f3, k\u00f6lt\u0151, a Velencei-tavi Kist\u00e9rs\u00e9g\u00e9rt Alap\u00edtv\u00e1ny alap\u00edt\u00f3ja, Hank\u00f3 Bal\u00e1zs kultur\u00e1lis \u00e9s innov\u00e1ci\u00f3s miniszter, R\u00e1cz Ervin, az \u00d3budai Egyetem oktat\u00e1si rektorhelyettese, Lucenko Vikt\u00f3ria, az Auchan vez\u00e9rigazgat\u00f3ja \u00e9s Lasztovicza G\u00e1bor fesztiv\u00e1ligazgat\u00f3 nyitott\u00e1k meg. Fot\u00f3: MTI \/ Vasv\u00e1ri Tam\u00e1s\">\n\n\t\t\t\t\t<!-- image -->\n\t\t\t\t\t<div class=\"m-cegCarousel__floatingCnt\">\n\t\t\t\t\t\t<img decoding=\"async\" src=\"https:\/\/www.startlap.hu\/utazas\/uploads\/sites\/3\/2024\/07\/efott7-scaled.jpg\" class=\"m-cegCarousel__image\" alt=\"\" \/>\t\t\t\t\t\t<span class=\"fa m-cegCarousel__zoom _ce_measure_link _ce_measure_widget\" data-ce-measure-widget=\"gallery-zoom-btn\"><\/span>\n\t\t\t\t\t<\/div>\n\n\t\t\t\t\t<!-- thumb icon \/ counter, caption  -->\n\t\t\t\t\t<div class=\"m-cegCarousel__captionCnt m-cegCaption\">\n\t\t\t\t\t\t<span class=\"m-cegCaption__thumbIcon a-cegThumbIcon _ce_measure_widget _ce_measure_link\"\n\t\t\t\t\t\t\t  data-ce-measure-widget=\"thumbnails-btn\"\n\t\t\t\t\t\t\t  data-ce-measure-widget=\"gallery-thumbnails\"><i class=\" fa fa-th-large\"><\/i><\/span>\n\t\t\t\t\t\t<span class=\"m-cegCaption__pagination a-cegPagination\">\n\t\t\t\t\t\t\t<span class=\"a-cegPagination__current\">9<\/span>\/9\t\t\t\t\t\t<\/span>\n\t\t\t\t\t\t<span class=\"m-cegCaption__caption\">efott7<\/span>\n\t\t\t\t\t<\/div>\n\n\t\t\t\t\t<!-- Image description -->\n\t\t\t\t\t<div class=\"m-cegCarousel__desc a-cegDesc\">A fesztiv\u00e1lt Eszterhai Marcell, a Hallgat\u00f3i \u00d6nkorm\u00e1nyzatok Orsz\u00e1gos Konferenci\u00e1j\u00e1nak eln\u00f6ke, L. Simon L\u00e1szl\u00f3 \u00edr\u00f3, k\u00f6lt\u0151, a Velencei-tavi Kist\u00e9rs\u00e9g\u00e9rt Alap\u00edtv\u00e1ny alap\u00edt\u00f3ja, Hank\u00f3 Bal\u00e1zs kultur\u00e1lis \u00e9s innov\u00e1ci\u00f3s miniszter, R\u00e1cz Ervin, az \u00d3budai Egyetem oktat\u00e1si rektorhelyettese, Lucenko Vikt\u00f3ria, az Auchan vez\u00e9rigazgat\u00f3ja \u00e9s Lasztovicza G\u00e1bor fesztiv\u00e1ligazgat\u00f3 nyitott\u00e1k meg. Fot\u00f3: MTI \/ Vasv\u00e1ri Tam\u00e1s<\/div>\n\n\t\t\t\t\t<!-- Image social share icons -->\n\t\t\t\t\t<div class=\"m-cegCarousel__socialCnt m-cegSocial\">\n\t\t\t\t\t\t<span class=\"m-cegSocial__text\">Fot\u00f3 megoszt\u00e1sa:<\/span><span class=\"m-cegSocial__iconWrap\"><span class=\"m-cegSocial__icon -facebook _ce_measure_link _ce_measure_widget\" data-ce-measure-widget=\"facebookGallery-btn\"><i class=\"fab fa-facebook-f\"><\/i><\/span><span class=\"m-cegSocial__icon -pinterest _ce_measure_link _ce_measure_widget\" data-ce-measure-widget=\"printeresGallery-btn\"><i class=\"fab fa-pinterest-p\"><\/i><\/span><span class=\"m-cegSocial__icon -email _ce_measure_link _ce_measure_widget\" data-ce-measure-widget=\"emailGallery-btn\"><i class=\"far fa-envelope\"><\/i><\/span><span class=\"m-cegSocial__icon -clipboard _ce_measure_link _ce_measure_widget\" data-ce-measure-widget=\"clipboardGallery-btn\"><i class=\"fa fa-link\"><\/i><\/span><\/span>\t\t\t\t\t<\/div>\n\t\t\t\t<\/div>\n\t\t\t\t\t\t\t\t<\/div>\n\t\t<div class=\"m-cegLayer__thumbnails m-cegThumbList _ce_measure_widget\" data-ce-measure-widget=\"gallery-thumb-list\">\n\t\t\t\t\t\t\t\t\t\t\t<div class=\"m-cegThumbList__item\"\n\t\t\t\t\tdata-id=\"1\/1\/efott1-scaled\"\n\t\t\t\t\tdata-index=\"0\">\n\t\t\t\t\t<img decoding=\"async\" src=\"https:\/\/www.startlap.hu\/utazas\/uploads\/sites\/3\/2024\/07\/efott1-scaled.jpg\" class=\"m-cegThumbList__image _ce_measure_link\" alt=\"\" \/>\t\t\t\t<\/div>\n\t\t\t\t\t\t\t\t\t\t\t<div class=\"m-cegThumbList__item\"\n\t\t\t\t\tdata-id=\"1\/2\/efott2-scaled\"\n\t\t\t\t\tdata-index=\"1\">\n\t\t\t\t\t<img decoding=\"async\" src=\"https:\/\/www.startlap.hu\/utazas\/uploads\/sites\/3\/2024\/07\/efott2-scaled.jpg\" class=\"m-cegThumbList__image _ce_measure_link\" alt=\"\" \/>\t\t\t\t<\/div>\n\t\t\t\t\t\t\t\t\t\t\t<div class=\"m-cegThumbList__item\"\n\t\t\t\t\tdata-id=\"1\/3\/efott3-scaled\"\n\t\t\t\t\tdata-index=\"2\">\n\t\t\t\t\t<img decoding=\"async\" src=\"https:\/\/www.startlap.hu\/utazas\/uploads\/sites\/3\/2024\/07\/efott3-scaled.jpg\" class=\"m-cegThumbList__image _ce_measure_link\" alt=\"\" \/>\t\t\t\t<\/div>\n\t\t\t\t\t\t\t\t\t\t\t\t\t\t\t<div class=\"m-cegThumbList__item\"\n\t\t\t\t\tdata-id=\"1\/5\/efott4-scaled\"\n\t\t\t\t\tdata-index=\"4\">\n\t\t\t\t\t<img decoding=\"async\" src=\"https:\/\/www.startlap.hu\/utazas\/uploads\/sites\/3\/2024\/07\/efott4-scaled.jpg\" class=\"m-cegThumbList__image _ce_measure_link\" alt=\"\" \/>\t\t\t\t<\/div>\n\t\t\t\t\t\t\t\t\t\t\t<div class=\"m-cegThumbList__item\"\n\t\t\t\t\tdata-id=\"1\/6\/efott5-scaled\"\n\t\t\t\t\tdata-index=\"5\">\n\t\t\t\t\t<img decoding=\"async\" src=\"https:\/\/www.startlap.hu\/utazas\/uploads\/sites\/3\/2024\/07\/efott5-scaled.jpg\" class=\"m-cegThumbList__image _ce_measure_link\" alt=\"\" \/>\t\t\t\t<\/div>\n\t\t\t\t\t\t\t\t\t\t\t<div class=\"m-cegThumbList__item\"\n\t\t\t\t\tdata-id=\"1\/7\/efott6-scaled\"\n\t\t\t\t\tdata-index=\"6\">\n\t\t\t\t\t<img decoding=\"async\" src=\"https:\/\/www.startlap.hu\/utazas\/uploads\/sites\/3\/2024\/07\/efott6-scaled.jpg\" class=\"m-cegThumbList__image _ce_measure_link\" alt=\"\" \/>\t\t\t\t<\/div>\n\t\t\t\t\t\t\t\t\t\t\t\t\t\t\t<div class=\"m-cegThumbList__item\"\n\t\t\t\t\tdata-id=\"1\/9\/efott7-scaled\"\n\t\t\t\t\tdata-index=\"8\">\n\t\t\t\t\t<img decoding=\"async\" src=\"https:\/\/www.startlap.hu\/utazas\/uploads\/sites\/3\/2024\/07\/efott7-scaled.jpg\" class=\"m-cegThumbList__image _ce_measure_link\" alt=\"\" \/>\t\t\t\t<\/div>\n\t\t\t\t\t<\/div>\n\t<\/div>\n\t<div class=\"m-cegLayer__sidebar m-cegSidebar _ce_measure_widget\" data-ce-measure-widget=\"gallery-sidebar\">\n\n\t\t<div class=\"m-cegSidebar__desc a-cegDesc _ce_measure_widget\" data-ce-measure-widget=\"gallery-desc\"><\/div>\n\n\t\t<div class=\"m-cegSidebar__socialCnt m-cegSocial -sidebar _ce_measure_widget\" data-ce-measure-widget=\"gallery-social\">\n\t\t\t<span class=\"m-cegSocial__text\">Fot\u00f3 megoszt\u00e1sa:<\/span><span class=\"m-cegSocial__iconWrap\"><span class=\"m-cegSocial__icon -facebook _ce_measure_link _ce_measure_widget\" data-ce-measure-widget=\"facebookGallery-btn\"><i class=\"fab fa-facebook-f\"><\/i><\/span><span class=\"m-cegSocial__icon -pinterest _ce_measure_link _ce_measure_widget\" data-ce-measure-widget=\"printeresGallery-btn\"><i class=\"fab fa-pinterest-p\"><\/i><\/span><span class=\"m-cegSocial__icon -email _ce_measure_link _ce_measure_widget\" data-ce-measure-widget=\"emailGallery-btn\"><i class=\"far fa-envelope\"><\/i><\/span><span class=\"m-cegSocial__icon -clipboard _ce_measure_link _ce_measure_widget\" data-ce-measure-widget=\"clipboardGallery-btn\"><i class=\"fa fa-link\"><\/i><\/span><\/span>\t\t<\/div>\n\n\t\t<div class=\"gallery-right010 banner-container\"><\/div>\n\t\t<div class=\"gallery-right020 banner-container\"><\/div>\n\n\t<\/div>\n<\/div>\n\t<\/div>\n\n\t<script>\n\t\tjQuery(function () {\n\t\t\tvar id = '#cegPostCnt_1';\n\t\t\tjQuery( id ).articleGallery({\n\t\t\t\tonChanged: function (event) {\n\t\t\t\t\t\tthis.renderSidebarCTS( 'gallery-right010' );\n\t\t\t\t\t\tthis.renderSidebarCTS( 'gallery-right020' );\n\t\t\t\t\t\tthis.renderBannerSlideCTS(  event,\n\t\t\t\t\t\t\t\t\t\t\t\t\t[\n\t\t\t\t\t\t\t\t\t\t\t\t\t\t'gallery-content010',\n\t\t\t\t\t\t\t\t\t\t\t\t\t\t'gallery-content020',\n\t\t\t\t\t\t\t\t\t\t\t\t\t\t'gallery-content030'\n\t\t\t\t\t\t\t\t\t\t\t\t\t]);\n\t\t\t\t}\n\t\t\t});\n\t\t});\n\t<\/script>\t\n<h2>Eredetileg a KISZ szervezte<\/h2>\n<p>Az EFOTT-ot a <strong>Magyar Kommunista Ifj\u00fas\u00e1gi Sz\u00f6vets\u00e9g<\/strong> (KISZ) h\u00edvta \u00e9letre 1976-ban Abaligeten. Az els\u0151 tal\u00e1lkoz\u00f3 m\u00e9g <strong>ink\u00e1bb nagyszab\u00e1s\u00fa \u00fatt\u00f6r\u0151t\u00e1borra, mint fesztiv\u00e1lra hajazott:<\/strong> az EFOTT c\u00e9lja a sport, a kult\u00fara \u00e9s az orsz\u00e1g turisztikai \u00e9rt\u00e9keinek megismertet\u00e9se volt, az esem\u00e9nyen t\u00e1nch\u00e1z, filmvet\u00edt\u00e9s, diszk\u00f3, sportversenyek \u00e9s politikai f\u00f3rumok szerepeltek a programban. A korabeli el\u0151ad\u00f3k \u00e9s zen\u00e9szek k\u00f6z\u00fcl fell\u00e9pett t\u00f6bbek k\u00f6z\u00f6tt <strong>Nagy Band\u00f3 Andr\u00e1s<\/strong>, <strong>S\u00e1ndor Gy\u00f6rgy<\/strong> \u00e9s <strong>Cseh Tam\u00e1s<\/strong>.<\/p>\n<p>Az els\u0151 EFOTT-on 25 fels\u0151oktat\u00e1si int\u00e9zm\u00e9ny 350 hallgat\u00f3ja vett r\u00e9szt. Az elk\u00f6vetkez\u0151 \u00e9vekben a l\u00e1togat\u00f3sz\u00e1m folyamatosan n\u0151tt, \u00e9s <strong>az 1980-as \u00e9vekre m\u00e1r t\u00f6bb ezren vettek r\u00e9szt a fesztiv\u00e1lon.<\/strong><\/p>\n<blockquote class=\"article__extraTxt\"><p>A rendszerv\u00e1lt\u00e1s ut\u00e1n az EFOTT \u00e1talakult, a politikai ideol\u00f3gi\u00e1k helyett a k\u00f6nny\u0171zene ker\u00fclt el\u0151t\u00e9rbe, \u00e9s a turisztikai programok h\u00e1tt\u00e9rbe szorultak.<\/p><\/blockquote>\n<p>Az ezredfordul\u00f3t\u00f3l kezdve az EFOTT l\u00e1togatotts\u00e1ga tov\u00e1bb n\u0151tt, \u00e9s a fesztiv\u00e1l m\u00e1ra a hazai fesztiv\u00e1lok egyik legnagyobb esem\u00e9ny\u00e9v\u00e9 v\u00e1lt, t\u00f6bb t\u00edzezer fiatallal a l\u00e1togat\u00f3i k\u00f6z\u00f6tt.<\/p>\n<h2>Az idei h\u00e1zigazda az \u00d3budai Egyetem<\/h2>\n<p>Az EFOTT kett\u0151s c\u00e9lja megmaradt: a fesztiv\u00e1l amellett, hogy buliz\u00e1si lehet\u0151s\u00e9get szolg\u00e1ltat a fiatalok sz\u00e1m\u00e1ra, platformot ny\u00fajt az orsz\u00e1g oktat\u00e1si int\u00e9zm\u00e9nyeinek bemutat\u00e1s\u00e1ra is. Az esem\u00e9ny idei h\u00e1zigazd\u00e1ja az \u00d3budai Egyetem,<\/p>\n<blockquote class=\"article__extraTxt\"><p>k\u00f6zponti t\u00e9m\u00e1i pedig a digitaliz\u00e1ci\u00f3, az innov\u00e1ci\u00f3, a fenntarthat\u00f3s\u00e1g valamint a z\u00f6ld energia felhaszn\u00e1l\u00e1sa.<\/p><\/blockquote>\n<p>A sz\u00ednpadok melletti <strong>UNIverzum<\/strong> kampuszon a fels\u0151oktat\u00e1si int\u00e9zm\u00e9nyek mellett helyet kapnak kiemelt oktat\u00e1si \u00e9s innov\u00e1ci\u00f3s projektek, civil szervezetek \u00e9s a v\u00e1llalati szektor szerepl\u0151i is.<\/p>\n<p>A fesztiv\u00e1lon emellett lehet\u0151s\u00e9g ny\u00edlik kipr\u00f3b\u00e1lni <strong>t\u00f6bb, mint 40 sport\u00e1gat egyetemi sportegyes\u00fcletek szervez\u00e9s\u00e9ben.<\/strong> Id\u00e9n el\u0151sz\u00f6r \u00faj jegyt\u00edpust vezettek be, ami csak a nappali esem\u00e9nyekre ny\u00fajt bebocs\u00e1t\u00e1st, ugyanakkor <strong>14 \u00e9ven aluliak sz\u00e1m\u00e1ra sz\u00fcl\u0151i fel\u00fcgyelettel ingyenes a bel\u00e9p\u00e9s a fesztiv\u00e1l ter\u00fclet\u00e9re,<\/strong> <a href=\"https:\/\/eduline.hu\/campus_life\/20240319_EFOTT_fesztival_ingyenes_jegy\" target=\"_blank\" target=\"_blank\" rel=\"noopener noreferrer\">\u00edrja az Eduline<\/a>.<\/p>\n<h2>Perzsel\u0151 h\u0151s\u00e9gben folyik a buli<\/h2>\n<p><a href=\"https:\/\/index.hu\/fomo\/2024\/07\/11\/efott-2024-sukoro-fesztival-velencei-to-hoseg\/\" target=\"_blank\" target=\"_blank\" rel=\"noopener noreferrer\">Az Index ell\u00e1togatott<\/a> a fesztiv\u00e1l nyit\u00f3napj\u00e1ra a <strong>csaknem 40 fokos h\u0151s\u00e9gben.<\/strong> A Velencei-t\u00f3 k\u00f6zels\u00e9ge n\u00e9mi enyh\u00fcl\u00e9st hozott a forr\u00f3s\u00e1gba:<\/p>\n<blockquote class=\"article__extraTxt\"><p>napk\u00f6zben strandol\u00e1s, sport \u00e9s habparti sz\u00f3rakoztatta a r\u00e9sztvev\u0151ket, est\u00e9re pedig a sz\u00ednpadokn\u00e1l indult be a buli.<\/p><\/blockquote>\n<p>Az Index besz\u00e1mol\u00f3ja szerint a nyit\u00f3napon m\u00e9g nem \u00e9rkezett meg a szok\u00e1sos t\u00f6meg, illetve t\u00f6bb helysz\u00ednen probl\u00e9m\u00e1t okozott a h\u0151s\u00e9g. <strong>Kiemelt\u00e9k ugyanakkor a p\u00e9nzt\u00e1rcabar\u00e1t \u00e1rakat<\/strong> \u2013 a magyarorsz\u00e1gi fesztiv\u00e1lokon ugyanis egyre nagyobb probl\u00e9m\u00e1t jelent <a href=\"https:\/\/www.startlap.hu\/utazas\/balaton-sound-magas-arak-draga-inflacio-fotok\/\" target=\"_blank\" rel=\"noopener noreferrer\">a f\u00e9ktelen dr\u00e1gul\u00e1s<\/a>.<\/p>\n<div class=\"o-widget m-readMoreWidget -readMore u-shortDecorLineAfter row widget-container _ce_measure_widget bigdata-widget read-more\" data-ce-measure-widget=\"olvass tov\u00e1bb\">\n\t<div class=\"m-readMoreWidget__imgWrapper image-wrapper col-12 col-md-4 no-p\">\n\t\t<a class=\"m-readMoreWidget__imgLink\" href=\"https:\/\/www.startlap.hu\/utazas\/kolorado-fesztival-video-fiatalok-penzugyi-tudatossag\/\" >\n\t\t\t<img decoding=\"async\" src=\"https:\/\/www.startlap.hu\/utazas\/uploads\/sites\/3\/2024\/07\/kolorado_2-350x285.png\" class=\"m-readMoreWidget__img\">\n\t\t<\/a>\n\t<\/div>\n\t<div class=\"m-readMoreWidget__titleWrapper title-wrapper col-12 col-md-8\">\n\t\t<span class=\"m-readMoreWidget__titleLabel u-shortDecorLineBefore label hidden-sm-up\">Ez is \u00e9rdekelhet:<\/span>\n\t\t<h3 class=\"m-readMoreWidget__title title\">\n\t\t\t<a class=\"m-readMoreWidget__titleLink -secondFont u-bold u-upperCase\" href=\"https:\/\/www.startlap.hu\/utazas\/kolorado-fesztival-video-fiatalok-penzugyi-tudatossag\/\" >&#8222;Egy 100-as biztos elmegy a k\u00e9t nap alatt&#8221; &#8211; A Kolor\u00e1d\u00f3n k\u00e9rdezt\u00fck a fesztiv\u00e1loz\u00f3kat, kell-e sp\u00f3rolni a sz\u00f3rakoz\u00e1son<\/a>\n\t\t<\/h3>\n\t\t<a class=\"m-readMoreWidget__btn -coloredBack u-tC link\" href=\"https:\/\/www.startlap.hu\/utazas\/kolorado-fesztival-video-fiatalok-penzugyi-tudatossag\/\" >Elolvasom<\/a>\n\t<\/div>\n<\/div>\n","protected":false},"excerpt":{"rendered":"<p>J\u00falius 10-\u00e9n indult a sukor\u00f3i EFOTT Fesztiv\u00e1l. A rendezv\u00e9ny f\u0151 c\u00e9lcsoportja a magyar egyetemist\u00e1k, ez\u00e9rt az esem\u00e9ny viszonylag p\u00e9nzt\u00e1rcabar\u00e1t maradt.<\/p>\n","protected":false},"author":63,"featured_media":75352,"comment_status":"closed","ping_status":"closed","sticky":false,"template":"","format":"standard","meta":{"footnotes":""},"categories":[7],"tags":[2553,8066,2184],"class_list":["post-75334","post","type-post","status-publish","format-standard","has-post-thumbnail","hentry","category-belfold-utazas","tag-efott","tag-fesztival-2024","tag-velencei-to"],"aioseo_notices":[],"_links":{"self":[{"href":"https:\/\/www.startlap.hu\/utazas\/wp-json\/wp\/v2\/posts\/75334","targetHints":{"allow":["GET"]}}],"collection":[{"href":"https:\/\/www.startlap.hu\/utazas\/wp-json\/wp\/v2\/posts"}],"about":[{"href":"https:\/\/www.startlap.hu\/utazas\/wp-json\/wp\/v2\/types\/post"}],"author":[{"embeddable":true,"href":"https:\/\/www.startlap.hu\/utazas\/wp-json\/wp\/v2\/users\/63"}],"replies":[{"embeddable":true,"href":"https:\/\/www.startlap.hu\/utazas\/wp-json\/wp\/v2\/comments?post=75334"}],"version-history":[{"count":3,"href":"https:\/\/www.startlap.hu\/utazas\/wp-json\/wp\/v2\/posts\/75334\/revisions"}],"predecessor-version":[{"id":75358,"href":"https:\/\/www.startlap.hu\/utazas\/wp-json\/wp\/v2\/posts\/75334\/revisions\/75358"}],"wp:featuredmedia":[{"embeddable":true,"href":"https:\/\/www.startlap.hu\/utazas\/wp-json\/wp\/v2\/media\/75352"}],"wp:attachment":[{"href":"https:\/\/www.startlap.hu\/utazas\/wp-json\/wp\/v2\/media?parent=75334"}],"wp:term":[{"taxonomy":"category","embeddable":true,"href":"https:\/\/www.startlap.hu\/utazas\/wp-json\/wp\/v2\/categories?post=75334"},{"taxonomy":"post_tag","embeddable":true,"href":"https:\/\/www.startlap.hu\/utazas\/wp-json\/wp\/v2\/tags?post=75334"}],"curies":[{"name":"wp","href":"https:\/\/api.w.org\/{rel}","templated":true}]}}