{"id":75329,"date":"2024-07-11T11:28:31","date_gmt":"2024-07-11T09:28:31","guid":{"rendered":"https:\/\/www.startlap.hu\/utazas\/?p=75329"},"modified":"2024-07-11T11:28:31","modified_gmt":"2024-07-11T09:28:31","slug":"kolorado-fesztival-video-fiatalok-penzugyi-tudatossag","status":"publish","type":"post","link":"https:\/\/www.startlap.hu\/utazas\/kolorado-fesztival-video-fiatalok-penzugyi-tudatossag\/","title":{"rendered":"&#8222;Egy 100-as biztos elmegy a k\u00e9t nap alatt&#8221; &#8211; A Kolor\u00e1d\u00f3n k\u00e9rdezt\u00fck a fesztiv\u00e1loz\u00f3kat, kell-e sp\u00f3rolni a sz\u00f3rakoz\u00e1son"},"content":{"rendered":"<p>Id\u00e9n nyolcadik alkalommal rendezt\u00e9k meg az orsz\u00e1g legsz\u00ednesebb underground zenei fesztiv\u00e1lj\u00e1t a Budapestt\u0151l mind\u00f6ssze 40 percre l\u00e9v\u0151 Nagykov\u00e1csiban. A Startlappal a szombati z\u00e1r\u00f3napra l\u00e1togattunk ki, \u00e9s <strong>t\u00f6bbek k\u00f6z\u00f6tt arr\u00f3l k\u00e9rdezt\u00fck a fiatalokat, hogy mennyire kezelik tudatosan a p\u00e9nz\u00fcgyeiket, sp\u00f3rolnak-e a sz\u00f3rakoz\u00e1son \u00e9s k\u00f6nnyed\u00e9n ki tudt\u00e1k-e gazd\u00e1lkodni a fesztiv\u00e1loz\u00e1sra val\u00f3t.<\/strong><\/p>\n<div style=\"position:relative;overflow:hidden;padding-bottom:56.25%\"><iframe loading=\"lazy\" src=\"https:\/\/cdn.jwplayer.com\/players\/AqKGbtdy-CxtHD760.html\" width=\"100%\" height=\"100%\" frameborder=\"0\" scrolling=\"auto\" title=\"A Kolor\u00e1d\u00f3n k\u00e9rdezt\u00fck a fesztiv\u00e1loz\u00f3kat, kell-e sp\u00f3rolni a sz\u00f3rakoz\u00e1son\" style=\"position:absolute;\" allowfullscreen><\/iframe><\/div>\n<p><strong>A v\u00e1laszok legal\u00e1bb annyira sz\u00ednesek voltak, mint <a href=\"https:\/\/www.startlap.hu\/utazas\/kolorado-fesztival-alternativ-nagykovacsi\/\" target=\"_blank\" rel=\"noopener noreferrer\">az alternat\u00edv fesztiv\u00e1l idei lineupja<\/a><\/strong>: van, akinek az anyuk\u00e1ja vette meg a b\u00e9rletet, m\u00e1s viszont m\u00e1r t\u00e9len sp\u00f3rolni kezdett a fesztiv\u00e1lra. Besz\u00e9lt\u00fcnk olyan fesztiv\u00e1loz\u00f3val, akinek akkor j\u00f6tt meg a fizet\u00e9se, \u00edgy neki nem sz\u00e1m\u00edtott a p\u00e9nz, m\u00e1s viszont elmondta, eg\u00e9sz h\u00e9tre kintr\u0151l hozott be mag\u00e1nak \u00e9telt \u00e9s italt, hogy erre se kelljen k\u00f6ltenie.<\/p>\n<p>A Kolor\u00e1d\u00f3&nbsp;id\u00e9n is az adyligeti Sztrilich P\u00e1l Cserk\u00e9szparkban v\u00e1rta a l\u00e1togat\u00f3kat, a budai hegyekben, igazi erd\u0151s-mez\u0151s k\u00f6rnyezetben.<\/p>\n<h2>Minifesztiv\u00e1lk\u00e9nt indult<\/h2>\n<p>A fesztiv\u00e1l egy\u00e9bk\u00e9nt eredetileg\u201ca legpestibb budai fesztiv\u00e1lk\u00e9nt\u201d h\u00edres\u00fclt el \u00e9s kezdetben. Az\u00f3ta b\u0151ven kin\u0151tte mag\u00e1t, \u00e9s m\u00e1ra t\u00f6bb ezer l\u00e1togat\u00f3t fogad minden \u00e9vben. <strong>Az \u00e9vek sor\u00e1n sok v\u00e1ltoz\u00e1son ment kereszt\u00fcl a fesztiv\u00e1l, de alapvet\u0151 \u00e9rt\u00e9keihez h\u0171 maradt: a szabads\u00e1g, az \u00f6nkifejez\u00e9s \u00e9s a befogad\u00e1s az\u00f3ta is k\u00f6zponti szerepet j\u00e1tszanak a rendezv\u00e9nyen.<\/strong><\/p>\n<h2>Sokat dr\u00e1gult a buliz\u00e1s<\/h2>\n<p>Az infl\u00e1ci\u00f3 az ut\u00f3bbi n\u00e9h\u00e1ny \u00e9vben a fesztiv\u00e1lipart is utol\u00e9rte, a <a href=\"https:\/\/www.startlap.hu\/utazas\/balaton-sound-magas-arak-draga-inflacio-fotok\/\" target=\"_blank\" rel=\"noopener noreferrer\">b\u00e9rlet\u00e1rak<\/a> a covid ut\u00e1n szabadultak csak el igaz\u00e1n: 2022-ben a Kolor\u00e1d\u00f3-b\u00e9rlet p\u00e9ld\u00e1ul m\u00e1r az \u00f6t \u00e9vvel azel\u0151tti \u00e1r 183%-\u00e1ba ker\u00fclt.<\/p>\n<div class=\"o-widget m-readMoreWidget -readMore u-shortDecorLineAfter row widget-container _ce_measure_widget bigdata-widget read-more\" data-ce-measure-widget=\"olvass tov\u00e1bb\">\n\t<div class=\"m-readMoreWidget__imgWrapper image-wrapper col-12 col-md-4 no-p\">\n\t\t<a class=\"m-readMoreWidget__imgLink\" href=\"https:\/\/www.startlap.hu\/utazas\/balaton-sound-fesztival-zamardi-vege\/\" >\n\t\t\t<img decoding=\"async\" src=\"https:\/\/www.startlap.hu\/utazas\/uploads\/sites\/3\/2024\/07\/balaton-sound-350x285.jpg\" class=\"m-readMoreWidget__img\">\n\t\t<\/a>\n\t<\/div>\n\t<div class=\"m-readMoreWidget__titleWrapper title-wrapper col-12 col-md-8\">\n\t\t<span class=\"m-readMoreWidget__titleLabel u-shortDecorLineBefore label hidden-sm-up\">Ez is \u00e9rdekelhet:<\/span>\n\t\t<h3 class=\"m-readMoreWidget__title title\">\n\t\t\t<a class=\"m-readMoreWidget__titleLink -secondFont u-bold u-upperCase\" href=\"https:\/\/www.startlap.hu\/utazas\/balaton-sound-fesztival-zamardi-vege\/\" >Nem lesz t\u00f6bb Balaton Sound, a 2024-es volt az utols\u00f3<\/a>\n\t\t<\/h3>\n\t\t<a class=\"m-readMoreWidget__btn -coloredBack u-tC link\" href=\"https:\/\/www.startlap.hu\/utazas\/balaton-sound-fesztival-zamardi-vege\/\" >Elolvasom<\/a>\n\t<\/div>\n<\/div>\n","protected":false},"excerpt":{"rendered":"<p>A Kolor\u00e1d\u00f3 Fesztiv\u00e1l z\u00e1r\u00f3napj\u00e1n j\u00e1rtunk, ahol a p\u00e9nz\u00fcgyi tudatoss\u00e1gr\u00f3l k\u00e9rdezt\u00fck a buliz\u00f3kat. Vegyes v\u00e1laszokat kaptunk.<\/p>\n","protected":false},"author":64,"featured_media":75330,"comment_status":"closed","ping_status":"closed","sticky":false,"template":"","format":"standard","meta":{"footnotes":""},"categories":[8],"tags":[342,9185,186],"class_list":["post-75329","post","type-post","status-publish","format-standard","has-post-thumbnail","hentry","category-elmeny","tag-fesztival","tag-kolorado","tag-video"],"aioseo_notices":[],"_links":{"self":[{"href":"https:\/\/www.startlap.hu\/utazas\/wp-json\/wp\/v2\/posts\/75329","targetHints":{"allow":["GET"]}}],"collection":[{"href":"https:\/\/www.startlap.hu\/utazas\/wp-json\/wp\/v2\/posts"}],"about":[{"href":"https:\/\/www.startlap.hu\/utazas\/wp-json\/wp\/v2\/types\/post"}],"author":[{"embeddable":true,"href":"https:\/\/www.startlap.hu\/utazas\/wp-json\/wp\/v2\/users\/64"}],"replies":[{"embeddable":true,"href":"https:\/\/www.startlap.hu\/utazas\/wp-json\/wp\/v2\/comments?post=75329"}],"version-history":[{"count":6,"href":"https:\/\/www.startlap.hu\/utazas\/wp-json\/wp\/v2\/posts\/75329\/revisions"}],"predecessor-version":[{"id":75340,"href":"https:\/\/www.startlap.hu\/utazas\/wp-json\/wp\/v2\/posts\/75329\/revisions\/75340"}],"wp:featuredmedia":[{"embeddable":true,"href":"https:\/\/www.startlap.hu\/utazas\/wp-json\/wp\/v2\/media\/75330"}],"wp:attachment":[{"href":"https:\/\/www.startlap.hu\/utazas\/wp-json\/wp\/v2\/media?parent=75329"}],"wp:term":[{"taxonomy":"category","embeddable":true,"href":"https:\/\/www.startlap.hu\/utazas\/wp-json\/wp\/v2\/categories?post=75329"},{"taxonomy":"post_tag","embeddable":true,"href":"https:\/\/www.startlap.hu\/utazas\/wp-json\/wp\/v2\/tags?post=75329"}],"curies":[{"name":"wp","href":"https:\/\/api.w.org\/{rel}","templated":true}]}}