{"id":75241,"date":"2024-07-09T17:33:44","date_gmt":"2024-07-09T15:33:44","guid":{"rendered":"https:\/\/www.startlap.hu\/utazas\/?p=75241"},"modified":"2024-07-09T16:40:28","modified_gmt":"2024-07-09T14:40:28","slug":"vatikan-aram-napenergia-eromu-ferenc-papa","status":"publish","type":"post","link":"https:\/\/www.startlap.hu\/utazas\/vatikan-aram-napenergia-eromu-ferenc-papa\/","title":{"rendered":"Saj\u00e1t naper\u0151m\u0171vel fedezn\u00e9 \u00e1ramhaszn\u00e1lat\u00e1t a Vatik\u00e1n"},"content":{"rendered":"<p>A sok lehangol\u00f3 \u00e9ghajlati h\u00edr ut\u00e1n a Timeout egy pozit\u00edv h\u00edrt k\u00f6z\u00f6lt: a Vatik\u00e1n hamarosan meg\u00fajul\u00f3 energi\u00e1b\u00f3l fogja termelni villamosenergi\u00e1j\u00e1nak 100 sz\u00e1zal\u00e9k\u00e1t, miut\u00e1n Ferenc p\u00e1pa bejelentette, hogy naper\u0151m\u0171vet \u00e9p\u00edttet \u2013 <a href=\"https:\/\/www.timeout.com\/news\/its-official-this-entire-european-country-is-now-powered-by-renewable-energy-070524\" target=\"_blank\" target=\"_blank\" rel=\"noopener noreferrer\">\u00edrj\u00e1k<\/a>.<\/p>\n<p>Ferenc p\u00e1pa leg\u00fajabb kezdem\u00e9nyez\u00e9se, hogy a Vatik\u00e1n hamarosan m\u00e1r teljes eg\u00e9sz\u00e9ben napenergi\u00e1val m\u0171k\u00f6dj\u00f6n, <strong>t\u00e1mogatja a kl\u00edmav\u00e1ltoz\u00e1s elleni harcot.&nbsp;<\/strong><\/p>\n<figure id=\"attachment_75242\" aria-describedby=\"caption-attachment-75242\" style=\"width: 755px\" class=\"wp-caption alignnone\"><img loading=\"lazy\" decoding=\"async\" class=\"size-article-size-large-image wp-image-75242\" src=\"https:\/\/www.startlap.hu\/utazas\/uploads\/sites\/3\/2024\/07\/vatikan-755x535.jpg\" alt=\"Utcak\u00e9p a Vatik\u00e1nb\u00f3l s\u00e9t\u00e1l\u00f3 n\u0151i alakkal h\u00e1tt\u00e9rben a t\u0171z\u0151 nap\" width=\"755\" height=\"535\" srcset=\"https:\/\/www.startlap.hu\/utazas\/uploads\/sites\/3\/2024\/07\/vatikan-755x535.jpg 755w, https:\/\/www.startlap.hu\/utazas\/uploads\/sites\/3\/2024\/07\/vatikan-1536x1088.jpg 1536w, https:\/\/www.startlap.hu\/utazas\/uploads\/sites\/3\/2024\/07\/vatikan-2048x1451.jpg 2048w, https:\/\/www.startlap.hu\/utazas\/uploads\/sites\/3\/2024\/07\/vatikan-494x350.jpg 494w\" sizes=\"auto, (max-width: 755px) 100vw, 755px\" \/><figcaption id=\"caption-attachment-75242\" class=\"wp-caption-text\">Fot\u00f3: Getty Images<\/figcaption><\/figure>\n<p>A l\u00e9tes\u00edtm\u00e9ny R\u00f3ma k\u00fclter\u00fclet\u00e9n, a Vatik\u00e1n tulajdon\u00e1ban l\u00e9v\u0151 <strong>424 hekt\u00e1ros ter\u00fcleten<\/strong> kap majd helyet, \u00e9s az olasz f\u0151v\u00e1rosban m\u00e1r megl\u00e9v\u0151 napelemes l\u00e9tes\u00edtm\u00e9nyek kapacit\u00e1s\u00e1t n\u00f6veli.<\/p>\n<h2>A nyolcadik lesz a sorban<\/h2>\n<p>A Vatik\u00e1n Alb\u00e1nia, Bhut\u00e1n, Nep\u00e1l, Paraguay Izland, Eti\u00f3pia \u00e9s a Kong\u00f3i Demokratikus K\u00f6zt\u00e1rsas\u00e1g ut\u00e1n a nyolcadik olyan \u00e1llam lesz a vil\u00e1gon, <strong>amely energi\u00e1j\u00e1nak t\u00f6bb mint 99 sz\u00e1zal\u00e9k\u00e1t z\u00f6ld energiaforr\u00e1sokb\u00f3l \u00e1ll\u00edtja majd el\u0151.<\/strong><\/p>\n<h2>Egyre jobb a statisztika Eur\u00f3pa-szerte<\/h2>\n<p>2021 \u00e9s 2022 k\u00f6z\u00f6tt 40 orsz\u00e1g a villamos energiafelhaszn\u00e1l\u00e1s\u00e1nak legal\u00e1bb fel\u00e9t valamilyen meg\u00fajul\u00f3 forr\u00e1sb\u00f3l fedezte- \u00e9s ezek k\u00f6z\u00fcl 11 eur\u00f3pai. N\u00e9metorsz\u00e1g r\u00f6vid ideig ugyan, de arra is k\u00e9pes, hogy 100%-ban meg\u00fajul\u00f3 forr\u00e1sb\u00f3l termeljen \u00e1ramot, <strong>Angli\u00e1ban pedig 2021 \u00e9s 2022 k\u00f6z\u00f6tt 10,5 sz\u00e1zal\u00e9kkal ugrott meg a z\u00f6lden termelt \u00e1ram ar\u00e1nya.<\/strong><\/p>\n<p>Sk\u00f3ci\u00e1ban a meg\u00fajul\u00f3 technol\u00f3gia 2022-ben az orsz\u00e1g villamosenergia-fogyaszt\u00e1s\u00e1nak 113 sz\u00e1zal\u00e9k\u00e1val egyen\u00e9rt\u00e9k\u0171 \u00e1ramot termelt, \u00e9s b\u00e1r ennek nagy r\u00e9sz\u00e9t a sz\u00e9lenergia tette ki, a szak\u00e9rt\u0151k a k\u00f6vetkez\u0151 \u00e9vtizedekre a napenergi\u00e1ra val\u00f3 \u00e1t\u00e1ll\u00e1st j\u00f3solj\u00e1k.<\/p>\n<div class=\"o-widget m-readMoreWidget -readMore u-shortDecorLineAfter row widget-container _ce_measure_widget bigdata-widget read-more\" data-ce-measure-widget=\"olvass tov\u00e1bb\">\n\t<div class=\"m-readMoreWidget__imgWrapper image-wrapper col-12 col-md-4 no-p\">\n\t\t<a class=\"m-readMoreWidget__imgLink\" href=\"https:\/\/www.startlap.hu\/utazas\/olaszorszag-strand-amalfi-szardinia\/\" >\n\t\t\t<img decoding=\"async\" src=\"https:\/\/www.startlap.hu\/utazas\/uploads\/sites\/3\/2024\/06\/Amalfi-part-350x285.jpg\" class=\"m-readMoreWidget__img\">\n\t\t<\/a>\n\t<\/div>\n\t<div class=\"m-readMoreWidget__titleWrapper title-wrapper col-12 col-md-8\">\n\t\t<span class=\"m-readMoreWidget__titleLabel u-shortDecorLineBefore label hidden-sm-up\">Ez is \u00e9rdekelhet:<\/span>\n\t\t<h3 class=\"m-readMoreWidget__title title\">\n\t\t\t<a class=\"m-readMoreWidget__titleLink -secondFont u-bold u-upperCase\" href=\"https:\/\/www.startlap.hu\/utazas\/olaszorszag-strand-amalfi-szardinia\/\" >7 rejtett strand az olasz tengerparton<\/a>\n\t\t<\/h3>\n\t\t<a class=\"m-readMoreWidget__btn -coloredBack u-tC link\" href=\"https:\/\/www.startlap.hu\/utazas\/olaszorszag-strand-amalfi-szardinia\/\" >Elolvasom<\/a>\n\t<\/div>\n<\/div>\n","protected":false},"excerpt":{"rendered":"<p>Ha minden a tervek szerint megy, hamarosan a Vatik\u00e1n lesz majd a legkisebb, teljesen energiaf\u00fcggetlen \u00e1llam.<\/p>\n","protected":false},"author":64,"featured_media":75242,"comment_status":"closed","ping_status":"closed","sticky":false,"template":"","format":"standard","meta":{"footnotes":""},"categories":[70],"tags":[1462],"class_list":["post-75241","post","type-post","status-publish","format-standard","has-post-thumbnail","hentry","category-vilag","tag-vatikan"],"aioseo_notices":[],"_links":{"self":[{"href":"https:\/\/www.startlap.hu\/utazas\/wp-json\/wp\/v2\/posts\/75241","targetHints":{"allow":["GET"]}}],"collection":[{"href":"https:\/\/www.startlap.hu\/utazas\/wp-json\/wp\/v2\/posts"}],"about":[{"href":"https:\/\/www.startlap.hu\/utazas\/wp-json\/wp\/v2\/types\/post"}],"author":[{"embeddable":true,"href":"https:\/\/www.startlap.hu\/utazas\/wp-json\/wp\/v2\/users\/64"}],"replies":[{"embeddable":true,"href":"https:\/\/www.startlap.hu\/utazas\/wp-json\/wp\/v2\/comments?post=75241"}],"version-history":[{"count":3,"href":"https:\/\/www.startlap.hu\/utazas\/wp-json\/wp\/v2\/posts\/75241\/revisions"}],"predecessor-version":[{"id":75247,"href":"https:\/\/www.startlap.hu\/utazas\/wp-json\/wp\/v2\/posts\/75241\/revisions\/75247"}],"wp:featuredmedia":[{"embeddable":true,"href":"https:\/\/www.startlap.hu\/utazas\/wp-json\/wp\/v2\/media\/75242"}],"wp:attachment":[{"href":"https:\/\/www.startlap.hu\/utazas\/wp-json\/wp\/v2\/media?parent=75241"}],"wp:term":[{"taxonomy":"category","embeddable":true,"href":"https:\/\/www.startlap.hu\/utazas\/wp-json\/wp\/v2\/categories?post=75241"},{"taxonomy":"post_tag","embeddable":true,"href":"https:\/\/www.startlap.hu\/utazas\/wp-json\/wp\/v2\/tags?post=75241"}],"curies":[{"name":"wp","href":"https:\/\/api.w.org\/{rel}","templated":true}]}}