{"id":73971,"date":"2024-06-20T14:27:56","date_gmt":"2024-06-20T12:27:56","guid":{"rendered":"https:\/\/www.startlap.hu\/utazas\/?p=73971"},"modified":"2024-06-20T14:31:17","modified_gmt":"2024-06-20T12:31:17","slug":"ujranyit-a-parajdi-sobanya","status":"publish","type":"post","link":"https:\/\/www.startlap.hu\/utazas\/ujranyit-a-parajdi-sobanya\/","title":{"rendered":"\u00dajranyit a\u00a0parajdi\u00a0s\u00f3b\u00e1nya"},"content":{"rendered":"<p><a href=\"https:\/\/www.facebook.com\/ParajdiSopince\" target=\"_blank\" target=\"_blank\" rel=\"noopener noreferrer\">A s\u00f3b\u00e1ny\u00e1t<\/a> m\u00e1jus 15-\u00e9n, p\u00e1r nappal a cs\u00edksomly\u00f3i b\u00facs\u00fa el\u0151tt z\u00e1ratta be a gazdas\u00e1gi \u00e9s turisztikai miniszt\u00e9rium, miut\u00e1n besziv\u00e1rgott a Korond patak vize, mely a s\u00f3s medertalajt kimosva t\u00f6rt utat mag\u00e1nak. Az elm\u00falt hetekben a munk\u00e1latok sor\u00e1n elterelt\u00e9k a patakot, kialak\u00edtottak egy mesters\u00e9ges csatorn\u00e1t, amely magas v\u00edzhozam eset\u00e9n \u00e1tveszi a v\u00edz egy r\u00e9sz\u00e9t, mivel a besziv\u00e1rg\u00e1st a patak megn\u00f6vekedett v\u00edzhozama okozta.<\/p>\n<figure id=\"attachment_73972\" aria-describedby=\"caption-attachment-73972\" style=\"width: 755px\" class=\"wp-caption alignnone\"><img loading=\"lazy\" decoding=\"async\" class=\"size-article-size-large-image wp-image-73972\" src=\"https:\/\/www.startlap.hu\/utazas\/uploads\/sites\/3\/2024\/06\/parajdi-sobanya_11zon-755x502.jpg\" alt=\"Markol\u00f3g\u00e9p dolgozik a parajdi s\u00f3b\u00e1ny\u00e1ban\" width=\"755\" height=\"502\" srcset=\"https:\/\/www.startlap.hu\/utazas\/uploads\/sites\/3\/2024\/06\/parajdi-sobanya_11zon-755x502.jpg 755w, https:\/\/www.startlap.hu\/utazas\/uploads\/sites\/3\/2024\/06\/parajdi-sobanya_11zon-1536x1022.jpg 1536w, https:\/\/www.startlap.hu\/utazas\/uploads\/sites\/3\/2024\/06\/parajdi-sobanya_11zon-2048x1363.jpg 2048w, https:\/\/www.startlap.hu\/utazas\/uploads\/sites\/3\/2024\/06\/parajdi-sobanya_11zon-250x165.jpg 250w, https:\/\/www.startlap.hu\/utazas\/uploads\/sites\/3\/2024\/06\/parajdi-sobanya_11zon-526x350.jpg 526w\" sizes=\"auto, (max-width: 755px) 100vw, 755px\" \/><figcaption id=\"caption-attachment-73972\" class=\"wp-caption-text\">Fot\u00f3: MTI\/Kiss G\u00e1bor<\/figcaption><\/figure>\n<blockquote class=\"article__extraTxt\"><p>&#8222;Hosszas v\u00e1rakoz\u00e1s ut\u00e1n a&nbsp;parajdi&nbsp;s\u00f3b\u00e1nya \u00fajranyitja kapuit a l\u00e1togat\u00f3k sz\u00e1m\u00e1ra&#8221; \u2013 olvashat\u00f3 a b\u00e1nya Facebook-oldal\u00e1n.<\/p><\/blockquote>\n<p>Irina Muller, a rom\u00e1n Orsz\u00e1gos S\u00f3ipari T\u00e1rsas\u00e1g termel\u00e9si igazgat\u00f3ja az Agerpres rom\u00e1n h\u00edr\u00fcgyn\u00f6ks\u00e9gnek \u00fagy nyilatkozott, hogy az elm\u00falt id\u0151szakban elv\u00e9gezt\u00e9k a s\u00fcrg\u0151s beavatkoz\u00e1sokat, \u00edgy a turisztikai \u00e9s termel\u00e9si tev\u00e9kenys\u00e9g is biztons\u00e1goss\u00e1 v\u00e1lt. Hozz\u00e1tette, hogy kisebb sziv\u00e1rg\u00e1sok m\u00e9g mindig vannak, de azok nem befoly\u00e1solj\u00e1k a s\u00f3b\u00e1nya tev\u00e9kenys\u00e9g\u00e9t \u2013 adta h\u00edr\u00fcl az MTI.<\/p>\n<h2>M\u00e1r tavaly is be kellett z\u00e1rni<\/h2>\n<p>A Hargita megyei b\u00e1ny\u00e1t tavaly is bez\u00e1rt\u00e1k n\u00e9h\u00e1ny napra, miut\u00e1n talajv\u00edz sziv\u00e1rgott a r\u00e9gi t\u00e1rn\u00e1kba, aminek hat\u00e1s\u00e1ra megn\u0151tt a l\u00e1togathat\u00f3 csarnokok leveg\u0151j\u00e9nek nedvess\u00e9gtartalma.<\/p>\n<h2>Im\u00e1dj\u00e1k a turist\u00e1k<\/h2>\n<p>Ez a s\u00f3b\u00e1nya <a href=\"https:\/\/www.startlap.hu\/utazas\/romania-szekelyfold-ev-uti-celja-2024\/\" target=\"_blank\" rel=\"noopener noreferrer\">Sz\u00e9kelyf\u00f6ld<\/a> egyik legl\u00e1togatottabb turisztikai l\u00e1tv\u00e1nyoss\u00e1ga, <strong>a tavalyi \u00e9vben 570 ezren kerest\u00e9k fel.<\/strong> A felsz\u00edn alatt 120 m\u00e9terre tal\u00e1lhat\u00f3 l\u00e1togat\u00f3 csarnokokban j\u00e1tsz\u00f3terek, foglalkoztat\u00f3 \u00e9s kikapcsol\u00f3d\u00e1si terek, \u00f6kumenikus k\u00e1polna \u00e9s moziterem is v\u00e1rja az \u00e9rdekl\u0151d\u0151ket. A s\u00f3s leveg\u0151 a l\u00e9g\u00fati probl\u00e9m\u00e1kra is j\u00f3 hat\u00e1ssal van.<\/p>\n<div class='iframe-wrapper youtube'><iframe loading=\"lazy\" title=\"Erd\u00e9ly legjei \u2013 Hargita megye: a parajdi s\u00f3b\u00e1nya\" width=\"500\" height=\"281\" src=\"https:\/\/www.youtube.com\/embed\/4Wl5b91Lce0?feature=oembed\" frameborder=\"0\" allow=\"accelerometer; autoplay; clipboard-write; encrypted-media; gyroscope; picture-in-picture; web-share\" referrerpolicy=\"strict-origin-when-cross-origin\" allowfullscreen><\/iframe><\/div>\n<p>&nbsp;A sz\u00e9kelyf\u00f6ldi b\u00e1ny\u00e1t tulajdonl\u00f3 t\u00e1rsas\u00e1g k\u00e9pvisel\u0151je biztos\u00edtotta a turist\u00e1kat, hogy nyugodtan l\u00e1togathatj\u00e1k a s\u00f3b\u00e1ny\u00e1t, biztons\u00e1gban lesznek a m\u00e9lyben.<\/p>\n<blockquote class=\"article__extraTxt\"><p>A b\u00e1nya 8 \u00e9s 18 \u00f3ra k\u00f6z\u00f6tt lesz nyitva, az utols\u00f3 busz 16.30 \u00f3rakor viszi le a turist\u00e1kat.<\/p><\/blockquote>\n<p>A v\u00e1llalat nagyobb szab\u00e1s\u00fa fejleszt\u00e9si munk\u00e1latokat is tervez a j\u00f6v\u0151ben.<\/p>\n<div class=\"o-widget m-readMoreWidget -readMore u-shortDecorLineAfter row widget-container _ce_measure_widget bigdata-widget read-more\" data-ce-measure-widget=\"olvass tov\u00e1bb\">\n\t<div class=\"m-readMoreWidget__imgWrapper image-wrapper col-12 col-md-4 no-p\">\n\t\t<a class=\"m-readMoreWidget__imgLink\" href=\"https:\/\/www.startlap.hu\/utazas\/orfu-strand-kirandulas-latnivalok-programok-2024\/\" >\n\t\t\t<img decoding=\"async\" src=\"https:\/\/www.startlap.hu\/utazas\/uploads\/sites\/3\/2023\/06\/Orf\u0171i-k\u00f6rnyezet-350x285.jpg\" class=\"m-readMoreWidget__img\">\n\t\t<\/a>\n\t<\/div>\n\t<div class=\"m-readMoreWidget__titleWrapper title-wrapper col-12 col-md-8\">\n\t\t<span class=\"m-readMoreWidget__titleLabel u-shortDecorLineBefore label hidden-sm-up\">Ez is \u00e9rdekelhet:<\/span>\n\t\t<h3 class=\"m-readMoreWidget__title title\">\n\t\t\t<a class=\"m-readMoreWidget__titleLink -secondFont u-bold u-upperCase\" href=\"https:\/\/www.startlap.hu\/utazas\/orfu-strand-kirandulas-latnivalok-programok-2024\/\" >Orf\u0171 &#8211; strandol\u00e1s, kir\u00e1ndul\u00e1s \u00e9s l\u00e1tnival\u00f3k a k\u00f6rny\u00e9ken<\/a>\n\t\t<\/h3>\n\t\t<a class=\"m-readMoreWidget__btn -coloredBack u-tC link\" href=\"https:\/\/www.startlap.hu\/utazas\/orfu-strand-kirandulas-latnivalok-programok-2024\/\" >Elolvasom<\/a>\n\t<\/div>\n<\/div>\n","protected":false},"excerpt":{"rendered":"<p>Ism\u00e9t megny\u00edlik a\u00a0parajdi\u00a0s\u00f3b\u00e1nya szombaton, miut\u00e1n egy h\u00f3napja v\u00edzbesziv\u00e1rg\u00e1s miatt be kellett z\u00e1rni a l\u00e1togat\u00f3k el\u0151tt.<\/p>\n","protected":false},"author":64,"featured_media":73972,"comment_status":"closed","ping_status":"closed","sticky":false,"template":"","format":"standard","meta":{"footnotes":""},"categories":[7],"tags":[7270],"class_list":["post-73971","post","type-post","status-publish","format-standard","has-post-thumbnail","hentry","category-belfold-utazas","tag-parajdi-sobanya"],"aioseo_notices":[],"_links":{"self":[{"href":"https:\/\/www.startlap.hu\/utazas\/wp-json\/wp\/v2\/posts\/73971","targetHints":{"allow":["GET"]}}],"collection":[{"href":"https:\/\/www.startlap.hu\/utazas\/wp-json\/wp\/v2\/posts"}],"about":[{"href":"https:\/\/www.startlap.hu\/utazas\/wp-json\/wp\/v2\/types\/post"}],"author":[{"embeddable":true,"href":"https:\/\/www.startlap.hu\/utazas\/wp-json\/wp\/v2\/users\/64"}],"replies":[{"embeddable":true,"href":"https:\/\/www.startlap.hu\/utazas\/wp-json\/wp\/v2\/comments?post=73971"}],"version-history":[{"count":4,"href":"https:\/\/www.startlap.hu\/utazas\/wp-json\/wp\/v2\/posts\/73971\/revisions"}],"predecessor-version":[{"id":73979,"href":"https:\/\/www.startlap.hu\/utazas\/wp-json\/wp\/v2\/posts\/73971\/revisions\/73979"}],"wp:featuredmedia":[{"embeddable":true,"href":"https:\/\/www.startlap.hu\/utazas\/wp-json\/wp\/v2\/media\/73972"}],"wp:attachment":[{"href":"https:\/\/www.startlap.hu\/utazas\/wp-json\/wp\/v2\/media?parent=73971"}],"wp:term":[{"taxonomy":"category","embeddable":true,"href":"https:\/\/www.startlap.hu\/utazas\/wp-json\/wp\/v2\/categories?post=73971"},{"taxonomy":"post_tag","embeddable":true,"href":"https:\/\/www.startlap.hu\/utazas\/wp-json\/wp\/v2\/tags?post=73971"}],"curies":[{"name":"wp","href":"https:\/\/api.w.org\/{rel}","templated":true}]}}