{"id":73689,"date":"2024-06-14T14:58:26","date_gmt":"2024-06-14T12:58:26","guid":{"rendered":"https:\/\/www.startlap.hu\/utazas\/?p=73689"},"modified":"2024-06-14T14:58:26","modified_gmt":"2024-06-14T12:58:26","slug":"mav-menetrend-valtozas-vakacio-balaton","status":"publish","type":"post","link":"https:\/\/www.startlap.hu\/utazas\/mav-menetrend-valtozas-vakacio-balaton\/","title":{"rendered":"J\u00fanius 22-t\u0151l v\u00e1ltozik a M\u00c1V menetrend"},"content":{"rendered":"<p>A n\u00e9pszer\u0171 turisztikai \u00fati c\u00e9lokat s\u0171r\u0171bb k\u00f6zleked\u00e9ssel kiszolg\u00e1l\u00f3 ny\u00e1ri f\u0151szezoni k\u00f6zleked\u00e9si menetrend j\u00fanius 22-t\u0151l szeptember 1-j\u00e9ig lesz \u00e9rv\u00e9nyben, azt k\u00f6vet\u0151en pedig ut\u00f3szezoni menetrenddel ny\u00fajtj\u00e1k meg a nyarat szeptember 22-ig &#8211; k\u00f6z\u00f6lte a M\u00c1V-Vol\u00e1n-csoport p\u00e9nteken az MTI-vel.<\/p>\n<blockquote class=\"article__extraTxt\">\n<figure id=\"attachment_73691\" aria-describedby=\"caption-attachment-73691\" style=\"width: 755px\" class=\"wp-caption alignnone\"><img loading=\"lazy\" decoding=\"async\" class=\"size-article-size-large-image wp-image-73691\" src=\"https:\/\/www.startlap.hu\/utazas\/uploads\/sites\/3\/2024\/06\/mav-atnevezes-755x504.jpg\" alt=\"T\u00fcrkiz poggy\u00e1sszal siet\u0151 f\u00e9rfi h\u00e1tulr\u00f3l tart a vonathoz\" width=\"755\" height=\"504\" srcset=\"https:\/\/www.startlap.hu\/utazas\/uploads\/sites\/3\/2024\/06\/mav-atnevezes-755x504.jpg 755w, https:\/\/www.startlap.hu\/utazas\/uploads\/sites\/3\/2024\/06\/mav-atnevezes-1536x1024.jpg 1536w, https:\/\/www.startlap.hu\/utazas\/uploads\/sites\/3\/2024\/06\/mav-atnevezes-2048x1366.jpg 2048w, https:\/\/www.startlap.hu\/utazas\/uploads\/sites\/3\/2024\/06\/mav-atnevezes-525x350.jpg 525w\" sizes=\"auto, (max-width: 755px) 100vw, 755px\" \/><figcaption id=\"caption-attachment-73691\" class=\"wp-caption-text\">Fot\u00f3: Getty Images<\/figcaption><\/figure>\n<p>A M\u00c1V a ny\u00e1ri f\u0151szezonban a jelenlegin\u00e9l t\u00f6bb vonatot, IC-kocsit \u00e9s motorvonatot \u00e1ll\u00edt forgalomba.<\/p><\/blockquote>\n<p>A f\u0151szezonban <a href=\"https:\/\/www.startlap.hu\/utazas\/balaton-sio-zsilip-hazirend\/\" target=\"_blank\" rel=\"noopener noreferrer\">a Balatonnal<\/a> m\u00e1r nemcsak a f\u0151v\u00e1rost, de <strong>a keleti, d\u00e9lkeleti orsz\u00e1gr\u00e9szt &#8211; Miskolc, Ny\u00edregyh\u00e1za, Debrecen, B\u00e9k\u00e9scsaba, Szeged, Kecskem\u00e9t \u00e9s Szolnok t\u00e9rs\u00e9g\u00e9t &#8211; is k\u00f6zvetlen k\u00f6zleked\u0151 vonatokkal k\u00f6tik \u00f6ssze<\/strong> \u2013 \u00edrt\u00e1k.<\/p>\n<h2><strong>Buszok is indulnak a t\u00f3hoz<\/strong><\/h2>\n<p><strong>A Vol\u00e1nbusz helyi, helyk\u00f6zi j\u00e1rataival szint\u00e9n az orsz\u00e1g sz\u00e1mos t\u00e9rs\u00e9g\u00e9b\u0151l biztos\u00edt k\u00f6zvetlen eljut\u00e1st a Balatonhoz \u00e9s annak k\u00f6rny\u00e9k\u00e9hez.<\/strong><\/p>\n<p>A Balatonhoz utaz\u00f3knak \u00e9rdemes kihaszn\u00e1lniuk <a href=\"https:\/\/www.mavcsoport.hu\/mav-csoport\/megerkezett-emma\" target=\"_blank\" target=\"_blank\" rel=\"noopener noreferrer\">az EMMA<\/a> (Egys\u00e9ges Menetrend Magyarorsz\u00e1gon) utaz\u00e1stervez\u0151 rendszert, ezzel ugyanis b\u00e1rki egyszer\u0171en, gyorsan \u00e9s megb\u00edzhat\u00f3an megtervezheti utaz\u00e1s\u00e1t, ak\u00e1r vonattal, ak\u00e1r aut\u00f3busszal, vagy ezek kombin\u00e1ci\u00f3j\u00e1val szeretne eljutni a t\u00f3hoz.<\/p>\n<h2>M\u00e1jusban indult az el\u0151szezon<\/h2>\n<p>M\u00e1jus 13-t\u00f3l m\u00e1r az el\u0151szezoni menetrend alapj\u00e1n j\u00e1rnak a balatoni vonatok \u00e9s b\u0151v\u00edtett\u00e9k a ker\u00e9kp\u00e1rsz\u00e1ll\u00edt\u00e1si lehet\u0151s\u00e9geket is. A t\u00f3 orsz\u00e1gb\u00e9rlettel megk\u00f6zel\u00edthet\u0151, \u00e1m nem szabad elfelejteni, hogy<\/p>\n<blockquote class=\"article__extraTxt\"><p>a kiemelt balatoni vonatok csak helyjeggyel vehet\u0151ek ig\u00e9nybe.<\/p><\/blockquote>\n<p>Ezt, a garant\u00e1lt \u00fcl\u0151helyet biztos\u00edt\u00f3 jegyet az <strong>orsz\u00e1gb\u00e9rlet<\/strong>&nbsp;\u00e9s a&nbsp;<strong>Magyarorsz\u00e1g24 napijegy<\/strong>&nbsp;mell\u00e9 is k\u00f6telez\u0151 megv\u00e1ltani.<\/p>\n<div class=\"o-widget m-readMoreWidget -readMore u-shortDecorLineAfter row widget-container _ce_measure_widget bigdata-widget read-more\" data-ce-measure-widget=\"olvass tov\u00e1bb\">\n\t<div class=\"m-readMoreWidget__imgWrapper image-wrapper col-12 col-md-4 no-p\">\n\t\t<a class=\"m-readMoreWidget__imgLink\" href=\"https:\/\/www.startlap.hu\/utazas\/mav-balaton-bufekocsi-arak-2024\/\" >\n\t\t\t<img decoding=\"async\" src=\"https:\/\/www.startlap.hu\/utazas\/uploads\/sites\/3\/2024\/05\/mav_balatom-350x285.jpg\" class=\"m-readMoreWidget__img\">\n\t\t<\/a>\n\t<\/div>\n\t<div class=\"m-readMoreWidget__titleWrapper title-wrapper col-12 col-md-8\">\n\t\t<span class=\"m-readMoreWidget__titleLabel u-shortDecorLineBefore label hidden-sm-up\">Ez is \u00e9rdekelhet:<\/span>\n\t\t<h3 class=\"m-readMoreWidget__title title\">\n\t\t\t<a class=\"m-readMoreWidget__titleLink -secondFont u-bold u-upperCase\" href=\"https:\/\/www.startlap.hu\/utazas\/mav-balaton-bufekocsi-arak-2024\/\" >A M\u00c1V balatoni b\u00fcf\u00e9kocsij\u00e1ban is nagy a dr\u00e1gul\u00e1s: ennyibe ker\u00fcl a s\u00f6r, a hamburger id\u00e9n<\/a>\n\t\t<\/h3>\n\t\t<a class=\"m-readMoreWidget__btn -coloredBack u-tC link\" href=\"https:\/\/www.startlap.hu\/utazas\/mav-balaton-bufekocsi-arak-2024\/\" >Elolvasom<\/a>\n\t<\/div>\n<\/div>\n","protected":false},"excerpt":{"rendered":"<p>Id\u00e9n j\u00fanius 22 a f\u0151szezon kezdete a vas\u00fatn\u00e1l. A vak\u00e1ci\u00f3val teh\u00e1t s\u0171r\u0171s\u00f6dnek majd a balatoni j\u00e1ratok is &#8211; adta h\u00edr\u00fcl a M\u00c1V.<\/p>\n","protected":false},"author":64,"featured_media":73691,"comment_status":"closed","ping_status":"closed","sticky":false,"template":"","format":"standard","meta":{"footnotes":""},"categories":[7],"tags":[179,2178,2326,821],"class_list":["post-73689","post","type-post","status-publish","format-standard","has-post-thumbnail","hentry","category-belfold-utazas","tag-mav","tag-menetrend","tag-valtozas","tag-vasut"],"aioseo_notices":[],"_links":{"self":[{"href":"https:\/\/www.startlap.hu\/utazas\/wp-json\/wp\/v2\/posts\/73689","targetHints":{"allow":["GET"]}}],"collection":[{"href":"https:\/\/www.startlap.hu\/utazas\/wp-json\/wp\/v2\/posts"}],"about":[{"href":"https:\/\/www.startlap.hu\/utazas\/wp-json\/wp\/v2\/types\/post"}],"author":[{"embeddable":true,"href":"https:\/\/www.startlap.hu\/utazas\/wp-json\/wp\/v2\/users\/64"}],"replies":[{"embeddable":true,"href":"https:\/\/www.startlap.hu\/utazas\/wp-json\/wp\/v2\/comments?post=73689"}],"version-history":[{"count":2,"href":"https:\/\/www.startlap.hu\/utazas\/wp-json\/wp\/v2\/posts\/73689\/revisions"}],"predecessor-version":[{"id":73697,"href":"https:\/\/www.startlap.hu\/utazas\/wp-json\/wp\/v2\/posts\/73689\/revisions\/73697"}],"wp:featuredmedia":[{"embeddable":true,"href":"https:\/\/www.startlap.hu\/utazas\/wp-json\/wp\/v2\/media\/73691"}],"wp:attachment":[{"href":"https:\/\/www.startlap.hu\/utazas\/wp-json\/wp\/v2\/media?parent=73689"}],"wp:term":[{"taxonomy":"category","embeddable":true,"href":"https:\/\/www.startlap.hu\/utazas\/wp-json\/wp\/v2\/categories?post=73689"},{"taxonomy":"post_tag","embeddable":true,"href":"https:\/\/www.startlap.hu\/utazas\/wp-json\/wp\/v2\/tags?post=73689"}],"curies":[{"name":"wp","href":"https:\/\/api.w.org\/{rel}","templated":true}]}}