{"id":73627,"date":"2024-06-13T13:44:13","date_gmt":"2024-06-13T11:44:13","guid":{"rendered":"https:\/\/www.startlap.hu\/utazas\/?p=73627"},"modified":"2024-06-13T13:21:15","modified_gmt":"2024-06-13T11:21:15","slug":"ryanair-hiba-spanyolorszag-litvania-barcelona-kaunas","status":"publish","type":"post","link":"https:\/\/www.startlap.hu\/utazas\/ryanair-hiba-spanyolorszag-litvania-barcelona-kaunas\/","title":{"rendered":"Elkeverte utasait a Ryanair: Spanyolorsz\u00e1g helyett Litv\u00e1ni\u00e1ba \u00e9rkeztek"},"content":{"rendered":"<p><strong>Andrew Gore<\/strong> \u00e9s feles\u00e9ge, <strong>Victoria<\/strong> a f\u00e9rfi 47. sz\u00fclet\u00e9snapj\u00e1t a n\u00e9pszer\u0171 spanyol tengerparton, <em>Costa Brav\u00e1n<\/em> szerette volna meg\u00fcnnepelni. Nyaral\u00e1si terveik azonban szertefoszlottak, amikor a Ryanair l\u00e9git\u00e1rsas\u00e1g 1500 m\u00e9rf\u00f6lddel arr\u00e9bb, a litv\u00e1niai <em>Kaunasban<\/em> tette le \u0151ket, <a href=\"https:\/\/www.bbc.com\/news\/articles\/c3ggww342w8o\" target=\"_blank\" target=\"_blank\" rel=\"noopener noreferrer\">\u00edrja a BBC<\/a>. A Ryanair eln\u00e9z\u00e9st k\u00e9rt az utasokt\u00f3l, \u00e9s a bristol-i rept\u00e9ren vizsg\u00e1lat indult az eset felder\u00edt\u00e9s\u00e9re.<\/p>\n<h2>Rossz j\u00e1ratra sz\u00e1ll\u00edtott\u00e1k \u0151ket<\/h2>\n<p>A Costa Brav\u00e1ra k\u00e9sz\u00fcl\u0151 h\u00e1zasp\u00e1r kisebb t\u00e1rsas\u00e1ggal indult \u00fatnak. V\u00e9g\u00fcl azonban mindenki m\u00e1st\u00f3l, illetve csomagjaikt\u00f3l is elszakadva, Eur\u00f3pa m\u00e1sik fel\u00e9n k\u00f6t\u00f6ttek ki. <strong>M\u00edg a t\u00e1rsas\u00e1g t\u00f6bbi tagja Barcelon\u00e1ba \u00e9rkezett, Andrew-t \u00e9s feles\u00e9g\u00e9t t\u00e9ved\u00e9sb\u0151l rossz Ryanair j\u00e1ratra sz\u00e1ll\u00edtott\u00e1k fel.<\/strong> A wales-i h\u00e1zasp\u00e1r m\u00e1r csak akkor vette \u00e9szre a hib\u00e1t, amikor k\u00e9s\u0151 volt, \u00e9s a g\u00e9p a litv\u00e1n f\u0151v\u00e1ros repter\u00e9n sz\u00e1llt le. A Ryanair ugyanakkor hozz\u00e1tette, hogy felsz\u00e1ll\u00e1s el\u0151tt t\u00f6bb bejelent\u00e9st is tettek a j\u00e1rat \u00fati c\u00e9lj\u00e1r\u00f3l.<\/p>\n<figure id=\"attachment_73628\" aria-describedby=\"caption-attachment-73628\" style=\"width: 755px\" class=\"wp-caption alignnone\"><img loading=\"lazy\" decoding=\"async\" class=\"size-article-size-large-image wp-image-73628\" src=\"https:\/\/www.startlap.hu\/utazas\/uploads\/sites\/3\/2024\/06\/costa-brava-755x490.jpg\" alt=\"Costa Brava tengerpartja Spanyolorsz\u00e1gban.\" width=\"755\" height=\"490\" srcset=\"https:\/\/www.startlap.hu\/utazas\/uploads\/sites\/3\/2024\/06\/costa-brava-755x490.jpg 755w, https:\/\/www.startlap.hu\/utazas\/uploads\/sites\/3\/2024\/06\/costa-brava-1536x997.jpg 1536w, https:\/\/www.startlap.hu\/utazas\/uploads\/sites\/3\/2024\/06\/costa-brava-2048x1329.jpg 2048w, https:\/\/www.startlap.hu\/utazas\/uploads\/sites\/3\/2024\/06\/costa-brava-539x350.jpg 539w\" sizes=\"auto, (max-width: 755px) 100vw, 755px\" \/><figcaption id=\"caption-attachment-73628\" class=\"wp-caption-text\">Costa Brava tengerpartja Spanyolorsz\u00e1gban. Ide indult a Gore h\u00e1zasp\u00e1r. Forr\u00e1s: Getty Images<\/figcaption><\/figure>\n<p>A h\u00e1zasp\u00e1rt elmond\u00e1suk szerint a rept\u00e9ri dolgoz\u00f3k a besz\u00e1ll\u00f3kapuhoz vezett\u00e9k \u0151ket, \u00e9s azt mondt\u00e1k, hogy t\u00e1rsas\u00e1guk t\u00f6bbi tagja is a fed\u00e9lzeten van. Azt tan\u00e1csolt\u00e1k nekik, hogy pihenjenek az \u00faton, ez\u00e9rt mindketten elszuny\u00f3k\u00e1ltak. Amikor Gore fel\u00e9bredt, r\u00e1j\u00f6tt, hogy nem Spanyolorsz\u00e1gban vannak, mivel telefonj\u00e1n megl\u00e1tta az &#8222;<em>\u00dcdv\u00f6z\u00f6lj\u00fck Litv\u00e1ni\u00e1ban!<\/em>&#8221; feliratot.<\/p>\n<figure id=\"attachment_73629\" aria-describedby=\"caption-attachment-73629\" style=\"width: 755px\" class=\"wp-caption alignnone\"><img loading=\"lazy\" decoding=\"async\" class=\"size-article-size-large-image wp-image-73629\" src=\"https:\/\/www.startlap.hu\/utazas\/uploads\/sites\/3\/2024\/06\/kaunas-755x500.jpg\" alt=\"Kaunas, Litv\u00e1nia f\u0151v\u00e1rosa.\" width=\"755\" height=\"500\" srcset=\"https:\/\/www.startlap.hu\/utazas\/uploads\/sites\/3\/2024\/06\/kaunas-755x500.jpg 755w, https:\/\/www.startlap.hu\/utazas\/uploads\/sites\/3\/2024\/06\/kaunas-1536x1017.jpg 1536w, https:\/\/www.startlap.hu\/utazas\/uploads\/sites\/3\/2024\/06\/kaunas-2048x1357.jpg 2048w, https:\/\/www.startlap.hu\/utazas\/uploads\/sites\/3\/2024\/06\/kaunas-250x165.jpg 250w, https:\/\/www.startlap.hu\/utazas\/uploads\/sites\/3\/2024\/06\/kaunas-528x350.jpg 528w\" sizes=\"auto, (max-width: 755px) 100vw, 755px\" \/><figcaption id=\"caption-attachment-73629\" class=\"wp-caption-text\">Kaunas, Litv\u00e1nia f\u0151v\u00e1rosa. Az utasok ide \u00e9rkeztek eredeti c\u00e9ljuk helyett. Forr\u00e1s: Getty Images<\/figcaption><\/figure>\n<h2>R\u00e9m\u00e1lomm\u00e1 v\u00e1lt nyaral\u00e1s<\/h2>\n<p>A h\u00e1zasp\u00e1r az \u00e9lm\u00e9nyt &#8222;r\u00e9m\u00e1lomnak&#8221; nevezte, amely akkor kezd\u0151d\u00f6tt, amikor m\u00e1jus 25-\u00e9n, szombaton meg\u00e9rkeztek a bristoli rep\u00fcl\u0151t\u00e9rre. <strong>Rep\u00fcl\u00e9skor a p\u00e1r mindig k\u00fcl\u00f6nleges seg\u00edts\u00e9get vesz ig\u00e9nybe, mivel Andrew m\u0171l\u00e1bbal \u00e9l, Victoria pedig autista.<\/strong> A besz\u00e1ll\u00f3k\u00e1rty\u00e1jukat k\u00e9tszer ellen\u0151rizt\u00e9k, el\u0151sz\u00f6r a f\u00f6ldi szem\u00e9lyzet, majd egy stewardess. Egyik ellen\u0151rz\u00e9s sor\u00e1n sem jelezt\u00e9k, hogy b\u00e1rmi probl\u00e9ma lenne az \u00fati c\u00e9ljukkal.<\/p>\n<blockquote class=\"article__extraTxt\"><p>Kaunasba \u00e9rkezve azt hitt\u00e9k, hogy cs\u00fanya tr\u00e9f\u00e1nak estek \u00e1ldozatul.<\/p><\/blockquote>\n<p>Miut\u00e1n r\u00e1j\u00f6ttek, hogy rossz orsz\u00e1gban vannak, a p\u00e1r azonnal megkereste a l\u00e9git\u00e1rsas\u00e1got. A Ryanair helyet foglalt sz\u00e1mukra a k\u00f6vetkez\u0151 el\u00e9rhet\u0151 j\u00e1ratra Barcelon\u00e1ba, amely m\u00e1snap reggel a lettorsz\u00e1gi Rig\u00e1b\u00f3l indult. <strong>A l\u00e9git\u00e1rsas\u00e1g \u00e9jszakai sz\u00e1ll\u00e1st \u00e9s 241 kilom\u00e9teres Uber-utat biztos\u00edtott a rep\u00fcl\u0151t\u00e9rre a h\u00e1zasp\u00e1r sz\u00e1m\u00e1ra.<\/strong> Gore-\u00e9k barcelonai lesz\u00e1ll\u00e1suk ut\u00e1n v\u00e9g\u00fcl el\u00e9rt\u00e9k costa brava-i sz\u00e1llod\u00e1jukat. Mivel azonban nem az eredeti, Bristolb\u00f3l indul\u00f3 j\u00e1raton \u00e9rkeztek,<strong> csomagjaik csak k\u00e9t nappal k\u00e9s\u0151bb k\u00f6vett\u00e9k \u0151ket.<\/strong> Gore sz\u00fcrre\u00e1lisnak \u00e9s kimer\u00edt\u0151nek jellemezte az \u00e9lm\u00e9nyt. Annak ellen\u00e9re, hogy v\u00e9g\u00fcl c\u00e9lba \u00e9rtek, a megpr\u00f3b\u00e1ltat\u00e1sok maradand\u00f3 rossz eml\u00e9ket hagytak maguk ut\u00e1n.<\/p>\n<figure id=\"attachment_73631\" aria-describedby=\"caption-attachment-73631\" style=\"width: 755px\" class=\"wp-caption alignnone\"><img loading=\"lazy\" decoding=\"async\" class=\"size-article-size-large-image wp-image-73631\" src=\"https:\/\/www.startlap.hu\/utazas\/uploads\/sites\/3\/2024\/06\/ryanair2-755x503.jpg\" alt=\"Turist\u00e1k \u00e1llnak sorban a Ryanair rep\u00fcl\u0151g\u00e9pe mellett.\" width=\"755\" height=\"503\" srcset=\"https:\/\/www.startlap.hu\/utazas\/uploads\/sites\/3\/2024\/06\/ryanair2-755x503.jpg 755w, https:\/\/www.startlap.hu\/utazas\/uploads\/sites\/3\/2024\/06\/ryanair2-1536x1024.jpg 1536w, https:\/\/www.startlap.hu\/utazas\/uploads\/sites\/3\/2024\/06\/ryanair2-2048x1365.jpg 2048w, https:\/\/www.startlap.hu\/utazas\/uploads\/sites\/3\/2024\/06\/ryanair2-525x350.jpg 525w\" sizes=\"auto, (max-width: 755px) 100vw, 755px\" \/><figcaption id=\"caption-attachment-73631\" class=\"wp-caption-text\">A Ryanair eln\u00e9z\u00e9st k\u00e9rt a kellemetlens\u00e9g\u00e9rt. Forr\u00e1s: Getty Images<\/figcaption><\/figure>\n<h2>A Ryanair eln\u00e9z\u00e9st k\u00e9rt<\/h2>\n<p>A Ryanair sz\u00f3viv\u0151je \u00fagy nyilatkozott, hogy a p\u00e1r k\u00fcl\u00f6n asszisztenci\u00e1t k\u00e9rt a Bristolb\u00f3l Barcelon\u00e1ba tart\u00f3 \u00fatra, de a bristol-i rept\u00e9r speci\u00e1lis seg\u00edts\u00e9gny\u00fajt\u00f3 szolg\u00e1lata t\u00e9ved\u00e9sb\u0151l felsz\u00e1ll\u00edtotta \u0151ket egy Kaunasba tart\u00f3 j\u00e1ratra. <strong>Az egy\u00e9rtelm\u0171 kapujelz\u00e9sek \u00e9s az \u00fati c\u00e9l indul\u00e1s el\u0151tti t\u00f6bbsz\u00f6ri bejelent\u00e9se ellen\u00e9re a h\u00e1zasp\u00e1r nem vette \u00e9szre a hib\u00e1t.<\/strong> A Ryanair eln\u00e9z\u00e9st k\u00e9rt a bristol-i rept\u00e9r szolg\u00e1ltat\u00f3ja \u00e1ltal okozott kellemetlens\u00e9gek\u00e9rt.<\/p>\n<p>A bristol-i rept\u00e9r sz\u00f3viv\u0151je elismerte az incidenst, \u00e9s elmondta, hogy besz\u00e1ll\u00e1s el\u0151tt minden \u00fcgyf\u00e9l \u00fati okm\u00e1ny\u00e1t r\u00e9szletesen ellen\u0151rzik. Partnereikkel egy\u00fctt dolgoznak a folyamatok kivizsg\u00e1l\u00e1s\u00e1n \u00e9s fejleszt\u00e9s\u00e9n, hogy megakad\u00e1lyozz\u00e1k a hasonl\u00f3 hib\u00e1kat.<\/p>\n<div class=\"o-widget m-readMoreWidget -readMore u-shortDecorLineAfter row widget-container _ce_measure_widget bigdata-widget read-more\" data-ce-measure-widget=\"olvass tov\u00e1bb\">\n\t<div class=\"m-readMoreWidget__imgWrapper image-wrapper col-12 col-md-4 no-p\">\n\t\t<a class=\"m-readMoreWidget__imgLink\" href=\"https:\/\/www.startlap.hu\/utazas\/athen-forrosag-quatar-airways\/\" >\n\t\t\t<img decoding=\"async\" src=\"https:\/\/www.startlap.hu\/utazas\/uploads\/sites\/3\/2020\/05\/ryanair_utaster_-350x285.jpg\" class=\"m-readMoreWidget__img\">\n\t\t<\/a>\n\t<\/div>\n\t<div class=\"m-readMoreWidget__titleWrapper title-wrapper col-12 col-md-8\">\n\t\t<span class=\"m-readMoreWidget__titleLabel u-shortDecorLineBefore label hidden-sm-up\">Ez is \u00e9rdekelhet:<\/span>\n\t\t<h3 class=\"m-readMoreWidget__title title\">\n\t\t\t<a class=\"m-readMoreWidget__titleLink -secondFont u-bold u-upperCase\" href=\"https:\/\/www.startlap.hu\/utazas\/athen-forrosag-quatar-airways\/\" >Forr\u00f3 katlann\u00e1 v\u00e1lt a rep\u00fcl\u0151g\u00e9p a 38 fokos melegben<\/a>\n\t\t<\/h3>\n\t\t<a class=\"m-readMoreWidget__btn -coloredBack u-tC link\" href=\"https:\/\/www.startlap.hu\/utazas\/athen-forrosag-quatar-airways\/\" >Elolvasom<\/a>\n\t<\/div>\n<\/div>\n","protected":false},"excerpt":{"rendered":"<p>R\u00e9m\u00e1lomm\u00e1 v\u00e1lt a nyaral\u00e1s: egy brit h\u00e1zasp\u00e1r a spanyolorsz\u00e1gi Costa Brav\u00e1ra k\u00e9sz\u00fclt, a l\u00e9git\u00e1rsas\u00e1g hib\u00e1j\u00e1b\u00f3l azonban a litv\u00e1n f\u0151v\u00e1rosban k\u00f6t\u00f6ttek ki.<\/p>\n","protected":false},"author":63,"featured_media":73630,"comment_status":"closed","ping_status":"closed","sticky":false,"template":"","format":"standard","meta":{"footnotes":""},"categories":[70],"tags":[164,2968,5069,1632,214,47],"class_list":["post-73627","post","type-post","status-publish","format-standard","has-post-thumbnail","hentry","category-vilag","tag-barcelona","tag-hiba","tag-kaunas","tag-litvania","tag-ryanair","tag-spanyolorszag"],"aioseo_notices":[],"_links":{"self":[{"href":"https:\/\/www.startlap.hu\/utazas\/wp-json\/wp\/v2\/posts\/73627","targetHints":{"allow":["GET"]}}],"collection":[{"href":"https:\/\/www.startlap.hu\/utazas\/wp-json\/wp\/v2\/posts"}],"about":[{"href":"https:\/\/www.startlap.hu\/utazas\/wp-json\/wp\/v2\/types\/post"}],"author":[{"embeddable":true,"href":"https:\/\/www.startlap.hu\/utazas\/wp-json\/wp\/v2\/users\/63"}],"replies":[{"embeddable":true,"href":"https:\/\/www.startlap.hu\/utazas\/wp-json\/wp\/v2\/comments?post=73627"}],"version-history":[{"count":3,"href":"https:\/\/www.startlap.hu\/utazas\/wp-json\/wp\/v2\/posts\/73627\/revisions"}],"predecessor-version":[{"id":73637,"href":"https:\/\/www.startlap.hu\/utazas\/wp-json\/wp\/v2\/posts\/73627\/revisions\/73637"}],"wp:featuredmedia":[{"embeddable":true,"href":"https:\/\/www.startlap.hu\/utazas\/wp-json\/wp\/v2\/media\/73630"}],"wp:attachment":[{"href":"https:\/\/www.startlap.hu\/utazas\/wp-json\/wp\/v2\/media?parent=73627"}],"wp:term":[{"taxonomy":"category","embeddable":true,"href":"https:\/\/www.startlap.hu\/utazas\/wp-json\/wp\/v2\/categories?post=73627"},{"taxonomy":"post_tag","embeddable":true,"href":"https:\/\/www.startlap.hu\/utazas\/wp-json\/wp\/v2\/tags?post=73627"}],"curies":[{"name":"wp","href":"https:\/\/api.w.org\/{rel}","templated":true}]}}