{"id":73320,"date":"2024-06-08T06:03:24","date_gmt":"2024-06-08T04:03:24","guid":{"rendered":"https:\/\/www.startlap.hu\/utazas\/?p=73320"},"modified":"2024-06-17T09:17:43","modified_gmt":"2024-06-17T07:17:43","slug":"foci-eb-2024-magyar-csapat-nyugat-szallas-allgau","status":"publish","type":"post","link":"https:\/\/www.startlap.hu\/utazas\/foci-eb-2024-magyar-csapat-nyugat-szallas-allgau\/","title":{"rendered":"Foci-Eb: Itt sz\u00e1ll\u00e1solj\u00e1k el a magyar csapatot"},"content":{"rendered":"<div class=\"m-card -authorCard m-authorCard\">\n\t<div class=\"m-card__role\">Vend\u00e9gszerz\u0151<\/div>\n\t<img decoding=\"async\" class=\"m-card__img\" src=\"https:\/\/www.startlap.hu\/utazas\/uploads\/sites\/3\/2019\/08\/Bago\u0301-Tu\u0308nde.png\" alt=\"\u00c9let S\u00f3ja\">\n\t<div class=\"m-card__wrapCnt\">\n\t\t<h3 class=\"m-card__authorName\">\u00c9let S\u00f3ja<\/h3>\n\t\t<div class=\"m-card__txt\">Bag\u00f3 T\u00fcnde az \u00c9let s\u00f3ja blog szerz\u0151je. Foglalkozott kult\u00far\u00e1val, tan\u00edt\u00e1ssal, majd \u00e1tnyargalt jog\u00e1sznak. Szereti az \u00e9let s\u00f3j\u00e1t, az utaz\u00e1sokat, a gasztron\u00f3mi\u00e1t, a kult\u00far\u00e1t, a m\u0171v\u00e9szetet, a t\u00f6rt\u00e9nelmet, s mindent, ami megf\u0171szerezi az \u00e9let\u00fcnket.<\/div>\n\t\t<a class=\"m-card__linkBtn\" href=\"https:\/\/www.startlap.hu\/utazas\/author\/eletsoja\/\">Cikkei<\/a>\n\t<\/div>\n<\/div>\n\n<p>D\u00e9l-N\u00e9metorsz\u00e1g l\u00e1tnival\u00f3kban gazdag vid\u00e9ke ez a r\u00e9gi\u00f3, \u00edgy ha a focist\u00e1knak nem is marad idej\u00fck a sz\u00e9ps\u00e9gekre \u2013 \u00e9s rem\u00e9lj\u00fck, hogy nem marad, mert akkor menetelnek sz\u00e9pen a d\u00f6nt\u0151 fel\u00e9 \u2013, de az \u0151ket megl\u00e1togat\u00f3 csal\u00e1dtagoknak \u00e9s a csapatot k\u00eds\u00e9r\u0151 rajong\u00f3t\u00e1bornak kit\u00f6lti \u00fcres \u00f3r\u00e1it <strong>Nyugat-Allg\u00e4u j\u00faniusban<\/strong>.&nbsp;<\/p>\n<figure id=\"attachment_73324\" aria-describedby=\"caption-attachment-73324\" style=\"width: 755px\" class=\"wp-caption alignnone\"><img loading=\"lazy\" decoding=\"async\" class=\"wp-image-73324 size-article-size-large-image\" src=\"https:\/\/www.startlap.hu\/utazas\/uploads\/sites\/3\/2024\/06\/Foto\u03011j_Allga\u0308upg-m\u00e1solata-755x566.jpg\" alt=\"Allga\u0308u t\u00e1jk\u00e9p\" width=\"755\" height=\"566\" srcset=\"https:\/\/www.startlap.hu\/utazas\/uploads\/sites\/3\/2024\/06\/Foto\u03011j_Allga\u0308upg-m\u00e1solata-755x566.jpg 755w, https:\/\/www.startlap.hu\/utazas\/uploads\/sites\/3\/2024\/06\/Foto\u03011j_Allga\u0308upg-m\u00e1solata-85x65.jpg 85w, https:\/\/www.startlap.hu\/utazas\/uploads\/sites\/3\/2024\/06\/Foto\u03011j_Allga\u0308upg-m\u00e1solata-467x350.jpg 467w, https:\/\/www.startlap.hu\/utazas\/uploads\/sites\/3\/2024\/06\/Foto\u03011j_Allga\u0308upg-m\u00e1solata.jpg 1280w\" sizes=\"auto, (max-width: 755px) 100vw, 755px\" \/><figcaption id=\"caption-attachment-73324\" class=\"wp-caption-text\">Allga\u0308u t\u00e1jk\u00e9p<\/figcaption><\/figure>\n<p>Kedvenc l\u00e1tnival\u00f3imat \u2013 t\u00f6rt\u00e9nelmi v\u00e1rosk\u00e1k, v\u00edzes\u00e9s, kil\u00e1t\u00f3, t\u00f3part \u2013 \u00e9s gasztron\u00f3miai aj\u00e1nlataimat szedtem csokorba <em><strong>Isny im Allg\u00e4u<\/strong><\/em>, <strong>a magyar csapat sz\u00e1ll\u00e1shely\u00e9nek k\u00f6rny\u00e9k\u00e9n<\/strong>. F\u0151 szempontom az volt, hogy ne a legh\u00edresebb, s ez\u00e1ltal mindig zs\u00fafolt bajor kast\u00e9lyok \u00e9s v\u00e1rosok fel\u00e9 ir\u00e1ny\u00edtsam azokat, akik Allg\u00e4uba \u00e9rkeznek, hanem <strong>a kev\u00e9sb\u00e9 ismert, kiss\u00e9 eldugott l\u00e1tnival\u00f3k fel\u00e9.<\/strong><\/p>\n<figure id=\"attachment_73325\" aria-describedby=\"caption-attachment-73325\" style=\"width: 755px\" class=\"wp-caption alignnone\"><img loading=\"lazy\" decoding=\"async\" class=\"wp-image-73325 size-article-size-large-image\" src=\"https:\/\/www.startlap.hu\/utazas\/uploads\/sites\/3\/2024\/06\/Foto\u03012jAllga\u0308u-m\u00e1solata-755x566.jpg\" alt=\"Allga\u0308u t\u00e1jk\u00e9p\" width=\"755\" height=\"566\" srcset=\"https:\/\/www.startlap.hu\/utazas\/uploads\/sites\/3\/2024\/06\/Foto\u03012jAllga\u0308u-m\u00e1solata-755x566.jpg 755w, https:\/\/www.startlap.hu\/utazas\/uploads\/sites\/3\/2024\/06\/Foto\u03012jAllga\u0308u-m\u00e1solata-85x65.jpg 85w, https:\/\/www.startlap.hu\/utazas\/uploads\/sites\/3\/2024\/06\/Foto\u03012jAllga\u0308u-m\u00e1solata-467x350.jpg 467w, https:\/\/www.startlap.hu\/utazas\/uploads\/sites\/3\/2024\/06\/Foto\u03012jAllga\u0308u-m\u00e1solata.jpg 1280w\" sizes=\"auto, (max-width: 755px) 100vw, 755px\" \/><figcaption id=\"caption-attachment-73325\" class=\"wp-caption-text\">Allga\u0308u t\u00e1jk\u00e9p<\/figcaption><\/figure>\n<h2>Isny im Allg\u00e4u, a magyar focicsapat sz\u00e1ll\u00e1shelye<\/h2>\n<p>A Bajororsz\u00e1g \u00e9s Baden-W\u00fcrttemberg hat\u00e1r\u00e1n fekv\u0151 sv\u00e1b kisv\u00e1rost leveg\u0151je \u00e9s a k\u00f6r\u00fcl\u00f6tte fellelhet\u0151 term\u00e9szeti l\u00e1tnival\u00f3k miatt <strong>gy\u00f3gyhelyk\u00e9nt<\/strong> tartj\u00e1k sz\u00e1mon. A turist\u00e1k t\u00f6bbs\u00e9ge a gyalogt\u00far\u00e1k, ker\u00e9kp\u00e1ros felfedez\u00e9sek miatt \u00e9rkezik a v\u00e1rosba, de ahogy engem meglepett a kistelep\u00fcl\u00e9s, \u00fagy \u0151ket is.<\/p>\n<blockquote class=\"article__extraTxt\"><p><a href=\"https:\/\/www.isny.de\/\" target=\"_blank\" target=\"_blank\" rel=\"noopener noreferrer\">Isny im Allg\u00e4u<\/a> felfedez\u00e9se is fel\u00e9r egy gy\u00f3gyk\u00far\u00e1val.<\/p><\/blockquote>\n<p>A <strong>Krumm patak<\/strong> (Krummbach) ment\u00e9n, a v\u00e1rosfal t\u00f6v\u00e9ben s\u00e9t\u00e1lgatva r\u00f6gt\u00f6n lehet\u0151s\u00e9ge ny\u00edlik az utaz\u00f3nak, hogy elengedje a napi gondokat, hallgassa a madarak csicseg\u00e9s\u00e9t \u00e9s l\u00e1b\u00e1t ellaz\u00edtsa a patak h\u0171s vize. Az egykori v\u00e1rosfallal k\u00f6rbevett k\u00f6z\u00e9pkori v\u00e1rosmag patr\u00edciush\u00e1zai k\u00f6z\u00f6tt is j\u00f3les\u0151 nyugalom lakik, ahol \u00e9rdemes le\u00fclni egy k\u00e1v\u00e9ra, egy <strong>Adelegger vagy isnyi Ur-Bergk\u00e4s<\/strong> <strong>sajtv\u00e1logat\u00e1s<\/strong> elfogyaszt\u00e1s\u00e1ra \u00e9s \u00e9lvezni az egykor v\u00e1szonk\u00e9sz\u00edt\u00e9sben jelesked\u0151 kisv\u00e1ros hangulat\u00e1t. Ha a hajdani kolostor, k\u00e9s\u0151bb kast\u00e9ly ezen a ny\u00e1ron nem is l\u00e1togathat\u00f3 a fel\u00faj\u00edt\u00e1si munk\u00e1latok miatt, a k\u00f6zel\u00e9ben fekv\u0151 park vagy a v\u00e1rost mintegy <strong>740 m\u00e9ter hosszan m\u00e9g ma is meg\u00f6lel\u0151 v\u00e1rosfalon tett s\u00e9ta k\u00e1rp\u00f3tolja az utaz\u00f3t<\/strong>. Hihetetlen, de a v\u00e1rosfal k\u00f6vei m\u00e9g a j\u00e9gkorszakban az <a href=\"https:\/\/www.startlap.hu\/utazas\/alpok-teli-utazas-cvajc-ausztria-lichenstein-nemetorszag-braunwald-garmisch-partenkirchen-malbun-gruyeres-bad-ischl\/\" target=\"_blank\" rel=\"noopener noreferrer\">Alpokb\u00f3l<\/a> lefut\u00f3 gleccserek \u00e1ltal \u00e9rkeztek a k\u00f6rny\u00e9kre.&nbsp;<\/p>\n\n\t<div id=\"cegPostCnt_1\" class=\"o-cegPostCnt -inContent\" data-title=\"Foci-Eb: Itt sz\u00e1ll\u00e1solj\u00e1k el a magyar csapatot\">\n\t\t<a class=\"o-cegPostCnt__opener m-cegOpener _ce_measure_widget _ce_measure_link\" data-ce-measure-widget=\"gallery-open\"\n   href=\"?gallery=1\/1\/Foto\u03013-IsnyimAllga\u0308u-m\u00e1solata\">\n\t<img decoding=\"async\" src=\"https:\/\/www.startlap.hu\/utazas\/uploads\/sites\/3\/2024\/06\/Foto\u03013-IsnyimAllga\u0308u-m\u00e1solata.jpg\" class=\"m-cegOpener__image\" alt=\"IsnyimAllga\u0308u\" sizes=\"(max-width: 991px) 100vw, (max-width: 1039px) 66vw, 684px\" srcset=\"https:\/\/www.startlap.hu\/utazas\/uploads\/sites\/3\/2024\/06\/Foto\u03013-IsnyimAllga\u0308u-m\u00e1solata.jpg 1280w, https:\/\/www.startlap.hu\/utazas\/uploads\/sites\/3\/2024\/06\/Foto\u03013-IsnyimAllga\u0308u-m\u00e1solata-755x566.jpg 755w, https:\/\/www.startlap.hu\/utazas\/uploads\/sites\/3\/2024\/06\/Foto\u03013-IsnyimAllga\u0308u-m\u00e1solata-85x65.jpg 85w, https:\/\/www.startlap.hu\/utazas\/uploads\/sites\/3\/2024\/06\/Foto\u03013-IsnyimAllga\u0308u-m\u00e1solata-467x350.jpg 467w\" \/>\t<div class=\"m-cegOpener__btn\"><i class=\"far fa-clone\"><\/i><\/div>\n<\/a>\n<div class=\"o-cegPostCnt__layer m-cegLayer _ce_measure_widget\" data-ce-measure-widget=\"gallery-layer\" style=\"display: none\">\n\t<div class=\"m-cegLayer__top m-cegHeader _ce_measure_widget\" data-ce-measure-widget=\"gallery-header\">\n\t\t\t\t\t<span class=\"m-cegHeader__logo\"><span class=\"a-cegLogo\"><\/span><\/span>\n\t\t\t\t<div class=\"m-cegHeader__imgCnt\">\n\t\t\t<img decoding=\"async\" src=\"https:\/\/www.startlap.hu\/utazas\/uploads\/sites\/3\/2024\/06\/Foto\u03013-IsnyimAllga\u0308u-m\u00e1solata.jpg\" class=\"m-cegHeader__imgOpener\" alt=\"IsnyimAllga\u0308u\" \/>\t\t<\/div>\n\t\t<h2 class=\"m-cegHeader__title a-cegGalleryTitle\"><i class=\"fa fa-angle-left\"><\/i>Foci-Eb: Itt sz\u00e1ll\u00e1solj\u00e1k el a magyar csapatot<\/h2>\n\t\t<div class=\"m-cegHeader__pagination a-cegPagination\"><\/div>\n\t\t<div class=\"m-cegHeader__closeBtn close-button nlc-icon-close _ce_measure_link _ce_measure_widget\" data-ce-measure-widget=\"gallery-close-btn\"><i class=\"fa fa-times\" aria-hidden=\"true\"><\/i><\/div>\n\t<\/div>\n\t<div class=\"m-cegLayer__screen\">\n\t\t<div class=\"m-cegLayer__carousel m-cegCarousel\">\n\t\t\t\t\t\t\t\n\t\t\t\t<div\n\t\t\t\t\tclass=\"m-cegCarousel__item\"\n\t\t\t\t\tdata-type=\"image\"\n\t\t\t\t\tdata-id=\"1\/1\/Foto\u03013-IsnyimAllga\u0308u-m\u00e1solata\"\n\t\t\t\t\tdata-image-url=\"https:\/\/www.startlap.hu\/utazas\/uploads\/sites\/3\/2024\/06\/Foto\u03013-IsnyimAllga\u0308u-m\u00e1solata.jpg\"\n\t\t\t\t\tdata-title=\"Foto\u03013 IsnyimAllga\u0308u m\u00e1solata\"\n\t\t\t\t\tdata-desc=\"Isnyim Allga\u0308u\">\n\n\t\t\t\t\t<!-- image -->\n\t\t\t\t\t<div class=\"m-cegCarousel__floatingCnt\">\n\t\t\t\t\t\t<img decoding=\"async\" src=\"https:\/\/www.startlap.hu\/utazas\/uploads\/sites\/3\/2024\/06\/Foto\u03013-IsnyimAllga\u0308u-m\u00e1solata.jpg\" class=\"m-cegCarousel__image\" alt=\"IsnyimAllga\u0308u\" \/>\t\t\t\t\t\t<span class=\"fa m-cegCarousel__zoom _ce_measure_link _ce_measure_widget\" data-ce-measure-widget=\"gallery-zoom-btn\"><\/span>\n\t\t\t\t\t<\/div>\n\n\t\t\t\t\t<!-- thumb icon \/ counter, caption  -->\n\t\t\t\t\t<div class=\"m-cegCarousel__captionCnt m-cegCaption\">\n\t\t\t\t\t\t<span class=\"m-cegCaption__thumbIcon a-cegThumbIcon _ce_measure_widget _ce_measure_link\"\n\t\t\t\t\t\t\t  data-ce-measure-widget=\"thumbnails-btn\"\n\t\t\t\t\t\t\t  data-ce-measure-widget=\"gallery-thumbnails\"><i class=\" fa fa-th-large\"><\/i><\/span>\n\t\t\t\t\t\t<span class=\"m-cegCaption__pagination a-cegPagination\">\n\t\t\t\t\t\t\t<span class=\"a-cegPagination__current\">1<\/span>\/4\t\t\t\t\t\t<\/span>\n\t\t\t\t\t\t<span class=\"m-cegCaption__caption\">Foto\u03013 IsnyimAllga\u0308u m\u00e1solata<\/span>\n\t\t\t\t\t<\/div>\n\n\t\t\t\t\t<!-- Image description -->\n\t\t\t\t\t<div class=\"m-cegCarousel__desc a-cegDesc\">Isnyim Allga\u0308u<\/div>\n\n\t\t\t\t\t<!-- Image social share icons -->\n\t\t\t\t\t<div class=\"m-cegCarousel__socialCnt m-cegSocial\">\n\t\t\t\t\t\t<span class=\"m-cegSocial__text\">Fot\u00f3 megoszt\u00e1sa:<\/span><span class=\"m-cegSocial__iconWrap\"><span class=\"m-cegSocial__icon -facebook _ce_measure_link _ce_measure_widget\" data-ce-measure-widget=\"facebookGallery-btn\"><i class=\"fab fa-facebook-f\"><\/i><\/span><span class=\"m-cegSocial__icon -pinterest _ce_measure_link _ce_measure_widget\" data-ce-measure-widget=\"printeresGallery-btn\"><i class=\"fab fa-pinterest-p\"><\/i><\/span><span class=\"m-cegSocial__icon -email _ce_measure_link _ce_measure_widget\" data-ce-measure-widget=\"emailGallery-btn\"><i class=\"far fa-envelope\"><\/i><\/span><span class=\"m-cegSocial__icon -clipboard _ce_measure_link _ce_measure_widget\" data-ce-measure-widget=\"clipboardGallery-btn\"><i class=\"fa fa-link\"><\/i><\/span><\/span>\t\t\t\t\t<\/div>\n\t\t\t\t<\/div>\n\t\t\t\t\t\t\t\n\t\t\t\t<div\n\t\t\t\t\tclass=\"m-cegCarousel__item\"\n\t\t\t\t\tdata-type=\"image\"\n\t\t\t\t\tdata-id=\"1\/2\/Foto\u03014-IsnyimAllga\u0308u-m\u00e1solata\"\n\t\t\t\t\tdata-image-url=\"https:\/\/www.startlap.hu\/utazas\/uploads\/sites\/3\/2024\/06\/Foto\u03014-IsnyimAllga\u0308u-m\u00e1solata.jpg\"\n\t\t\t\t\tdata-title=\"Foto\u03014 IsnyimAllga\u0308u m\u00e1solata\"\n\t\t\t\t\tdata-desc=\"Isnyim Allga\u0308u\">\n\n\t\t\t\t\t<!-- image -->\n\t\t\t\t\t<div class=\"m-cegCarousel__floatingCnt\">\n\t\t\t\t\t\t<img decoding=\"async\" src=\"https:\/\/www.startlap.hu\/utazas\/uploads\/sites\/3\/2024\/06\/Foto\u03014-IsnyimAllga\u0308u-m\u00e1solata.jpg\" class=\"m-cegCarousel__image\" alt=\"IsnyimAllga\u0308u\" \/>\t\t\t\t\t\t<span class=\"fa m-cegCarousel__zoom _ce_measure_link _ce_measure_widget\" data-ce-measure-widget=\"gallery-zoom-btn\"><\/span>\n\t\t\t\t\t<\/div>\n\n\t\t\t\t\t<!-- thumb icon \/ counter, caption  -->\n\t\t\t\t\t<div class=\"m-cegCarousel__captionCnt m-cegCaption\">\n\t\t\t\t\t\t<span class=\"m-cegCaption__thumbIcon a-cegThumbIcon _ce_measure_widget _ce_measure_link\"\n\t\t\t\t\t\t\t  data-ce-measure-widget=\"thumbnails-btn\"\n\t\t\t\t\t\t\t  data-ce-measure-widget=\"gallery-thumbnails\"><i class=\" fa fa-th-large\"><\/i><\/span>\n\t\t\t\t\t\t<span class=\"m-cegCaption__pagination a-cegPagination\">\n\t\t\t\t\t\t\t<span class=\"a-cegPagination__current\">2<\/span>\/4\t\t\t\t\t\t<\/span>\n\t\t\t\t\t\t<span class=\"m-cegCaption__caption\">Foto\u03014 IsnyimAllga\u0308u m\u00e1solata<\/span>\n\t\t\t\t\t<\/div>\n\n\t\t\t\t\t<!-- Image description -->\n\t\t\t\t\t<div class=\"m-cegCarousel__desc a-cegDesc\">Isnyim Allga\u0308u<\/div>\n\n\t\t\t\t\t<!-- Image social share icons -->\n\t\t\t\t\t<div class=\"m-cegCarousel__socialCnt m-cegSocial\">\n\t\t\t\t\t\t<span class=\"m-cegSocial__text\">Fot\u00f3 megoszt\u00e1sa:<\/span><span class=\"m-cegSocial__iconWrap\"><span class=\"m-cegSocial__icon -facebook _ce_measure_link _ce_measure_widget\" data-ce-measure-widget=\"facebookGallery-btn\"><i class=\"fab fa-facebook-f\"><\/i><\/span><span class=\"m-cegSocial__icon -pinterest _ce_measure_link _ce_measure_widget\" data-ce-measure-widget=\"printeresGallery-btn\"><i class=\"fab fa-pinterest-p\"><\/i><\/span><span class=\"m-cegSocial__icon -email _ce_measure_link _ce_measure_widget\" data-ce-measure-widget=\"emailGallery-btn\"><i class=\"far fa-envelope\"><\/i><\/span><span class=\"m-cegSocial__icon -clipboard _ce_measure_link _ce_measure_widget\" data-ce-measure-widget=\"clipboardGallery-btn\"><i class=\"fa fa-link\"><\/i><\/span><\/span>\t\t\t\t\t<\/div>\n\t\t\t\t<\/div>\n\t\t\t\t\t\t\t\n\t\t\t\t<div\n\t\t\t\t\tclass=\"m-cegCarousel__item\"\n\t\t\t\t\tdata-type=\"image\"\n\t\t\t\t\tdata-id=\"1\/3\/Foto\u03015-IsnyimAllga\u0308u\"\n\t\t\t\t\tdata-image-url=\"https:\/\/www.startlap.hu\/utazas\/uploads\/sites\/3\/2024\/06\/Foto\u03015-IsnyimAllga\u0308u.jpg\"\n\t\t\t\t\tdata-title=\"IsnyimAllga\u0308u\"\n\t\t\t\t\tdata-desc=\"Isnyim Allga\u0308u\">\n\n\t\t\t\t\t<!-- image -->\n\t\t\t\t\t<div class=\"m-cegCarousel__floatingCnt\">\n\t\t\t\t\t\t<img decoding=\"async\" src=\"https:\/\/www.startlap.hu\/utazas\/uploads\/sites\/3\/2024\/06\/Foto\u03015-IsnyimAllga\u0308u.jpg\" class=\"m-cegCarousel__image\" alt=\"IsnyimAllga\u0308u\" \/>\t\t\t\t\t\t<span class=\"fa m-cegCarousel__zoom _ce_measure_link _ce_measure_widget\" data-ce-measure-widget=\"gallery-zoom-btn\"><\/span>\n\t\t\t\t\t<\/div>\n\n\t\t\t\t\t<!-- thumb icon \/ counter, caption  -->\n\t\t\t\t\t<div class=\"m-cegCarousel__captionCnt m-cegCaption\">\n\t\t\t\t\t\t<span class=\"m-cegCaption__thumbIcon a-cegThumbIcon _ce_measure_widget _ce_measure_link\"\n\t\t\t\t\t\t\t  data-ce-measure-widget=\"thumbnails-btn\"\n\t\t\t\t\t\t\t  data-ce-measure-widget=\"gallery-thumbnails\"><i class=\" fa fa-th-large\"><\/i><\/span>\n\t\t\t\t\t\t<span class=\"m-cegCaption__pagination a-cegPagination\">\n\t\t\t\t\t\t\t<span class=\"a-cegPagination__current\">3<\/span>\/4\t\t\t\t\t\t<\/span>\n\t\t\t\t\t\t<span class=\"m-cegCaption__caption\">IsnyimAllga\u0308u<\/span>\n\t\t\t\t\t<\/div>\n\n\t\t\t\t\t<!-- Image description -->\n\t\t\t\t\t<div class=\"m-cegCarousel__desc a-cegDesc\">Isnyim Allga\u0308u<\/div>\n\n\t\t\t\t\t<!-- Image social share icons -->\n\t\t\t\t\t<div class=\"m-cegCarousel__socialCnt m-cegSocial\">\n\t\t\t\t\t\t<span class=\"m-cegSocial__text\">Fot\u00f3 megoszt\u00e1sa:<\/span><span class=\"m-cegSocial__iconWrap\"><span class=\"m-cegSocial__icon -facebook _ce_measure_link _ce_measure_widget\" data-ce-measure-widget=\"facebookGallery-btn\"><i class=\"fab fa-facebook-f\"><\/i><\/span><span class=\"m-cegSocial__icon -pinterest _ce_measure_link _ce_measure_widget\" data-ce-measure-widget=\"printeresGallery-btn\"><i class=\"fab fa-pinterest-p\"><\/i><\/span><span class=\"m-cegSocial__icon -email _ce_measure_link _ce_measure_widget\" data-ce-measure-widget=\"emailGallery-btn\"><i class=\"far fa-envelope\"><\/i><\/span><span class=\"m-cegSocial__icon -clipboard _ce_measure_link _ce_measure_widget\" data-ce-measure-widget=\"clipboardGallery-btn\"><i class=\"fa fa-link\"><\/i><\/span><\/span>\t\t\t\t\t<\/div>\n\t\t\t\t<\/div>\n\t\t\t\t\t\t\t\t\t\t\t\t<div\n\t\t\t\t\t\tclass=\"m-cegCarousel__item -banner\"\n\t\t\t\t\t\tdata-type=\"banner\"\n\t\t\t\t\t\tdata-id=\"1\/4\/banner\"\n\t\t\t\t\t\tdata-image-url=\"\"\n\t\t\t\t\t\tdata-title=\"\"\n\t\t\t\t\t\tdata-desc=\"\">\n\n\t\t\t\t\t\t<div class=\"m-cegCarousel__floatingCnt banner-container gallery-content010\"><\/div>\n\n\t\t\t\t\t<\/div>\n\t\t\t\t\t\t\t\t\t\t<\/div>\n\t\t<div class=\"m-cegLayer__thumbnails m-cegThumbList _ce_measure_widget\" data-ce-measure-widget=\"gallery-thumb-list\">\n\t\t\t\t\t\t\t\t\t\t\t<div class=\"m-cegThumbList__item\"\n\t\t\t\t\tdata-id=\"1\/1\/Foto\u03013-IsnyimAllga\u0308u-m\u00e1solata\"\n\t\t\t\t\tdata-index=\"0\">\n\t\t\t\t\t<img decoding=\"async\" src=\"https:\/\/www.startlap.hu\/utazas\/uploads\/sites\/3\/2024\/06\/Foto\u03013-IsnyimAllga\u0308u-m\u00e1solata.jpg\" class=\"m-cegThumbList__image _ce_measure_link\" alt=\"IsnyimAllga\u0308u\" \/>\t\t\t\t<\/div>\n\t\t\t\t\t\t\t\t\t\t\t<div class=\"m-cegThumbList__item\"\n\t\t\t\t\tdata-id=\"1\/2\/Foto\u03014-IsnyimAllga\u0308u-m\u00e1solata\"\n\t\t\t\t\tdata-index=\"1\">\n\t\t\t\t\t<img decoding=\"async\" src=\"https:\/\/www.startlap.hu\/utazas\/uploads\/sites\/3\/2024\/06\/Foto\u03014-IsnyimAllga\u0308u-m\u00e1solata.jpg\" class=\"m-cegThumbList__image _ce_measure_link\" alt=\"IsnyimAllga\u0308u\" \/>\t\t\t\t<\/div>\n\t\t\t\t\t\t\t\t\t\t\t<div class=\"m-cegThumbList__item\"\n\t\t\t\t\tdata-id=\"1\/3\/Foto\u03015-IsnyimAllga\u0308u\"\n\t\t\t\t\tdata-index=\"2\">\n\t\t\t\t\t<img decoding=\"async\" src=\"https:\/\/www.startlap.hu\/utazas\/uploads\/sites\/3\/2024\/06\/Foto\u03015-IsnyimAllga\u0308u.jpg\" class=\"m-cegThumbList__image _ce_measure_link\" alt=\"IsnyimAllga\u0308u\" \/>\t\t\t\t<\/div>\n\t\t\t\t\t\t\t\t\t<\/div>\n\t<\/div>\n\t<div class=\"m-cegLayer__sidebar m-cegSidebar _ce_measure_widget\" data-ce-measure-widget=\"gallery-sidebar\">\n\n\t\t<div class=\"m-cegSidebar__desc a-cegDesc _ce_measure_widget\" data-ce-measure-widget=\"gallery-desc\"><\/div>\n\n\t\t<div class=\"m-cegSidebar__socialCnt m-cegSocial -sidebar _ce_measure_widget\" data-ce-measure-widget=\"gallery-social\">\n\t\t\t<span class=\"m-cegSocial__text\">Fot\u00f3 megoszt\u00e1sa:<\/span><span class=\"m-cegSocial__iconWrap\"><span class=\"m-cegSocial__icon -facebook _ce_measure_link _ce_measure_widget\" data-ce-measure-widget=\"facebookGallery-btn\"><i class=\"fab fa-facebook-f\"><\/i><\/span><span class=\"m-cegSocial__icon -pinterest _ce_measure_link _ce_measure_widget\" data-ce-measure-widget=\"printeresGallery-btn\"><i class=\"fab fa-pinterest-p\"><\/i><\/span><span class=\"m-cegSocial__icon -email _ce_measure_link _ce_measure_widget\" data-ce-measure-widget=\"emailGallery-btn\"><i class=\"far fa-envelope\"><\/i><\/span><span class=\"m-cegSocial__icon -clipboard _ce_measure_link _ce_measure_widget\" data-ce-measure-widget=\"clipboardGallery-btn\"><i class=\"fa fa-link\"><\/i><\/span><\/span>\t\t<\/div>\n\n\t\t<div class=\"gallery-right010 banner-container\"><\/div>\n\t\t<div class=\"gallery-right020 banner-container\"><\/div>\n\n\t<\/div>\n<\/div>\n\t<\/div>\n\n\t<script>\n\t\tjQuery(function () {\n\t\t\tvar id = '#cegPostCnt_1';\n\t\t\tjQuery( id ).articleGallery({\n\t\t\t\tonChanged: function (event) {\n\t\t\t\t\t\tthis.renderSidebarCTS( 'gallery-right010' );\n\t\t\t\t\t\tthis.renderSidebarCTS( 'gallery-right020' );\n\t\t\t\t\t\tthis.renderBannerSlideCTS(  event,\n\t\t\t\t\t\t\t\t\t\t\t\t\t[\n\t\t\t\t\t\t\t\t\t\t\t\t\t\t'gallery-content010',\n\t\t\t\t\t\t\t\t\t\t\t\t\t\t'gallery-content020',\n\t\t\t\t\t\t\t\t\t\t\t\t\t\t'gallery-content030'\n\t\t\t\t\t\t\t\t\t\t\t\t\t]);\n\t\t\t\t}\n\t\t\t});\n\t\t});\n\t<\/script>\t\n<h2>A k\u00f6rny\u00e9k fel\u00fclr\u0151l \u2013 Skywalk Allg\u00e4u<\/h2>\n<p>Isny v\u00e1ros\u00e1b\u00f3l a legt\u00f6bben <strong>Kempten<\/strong>, a r\u00e9gi iskolav\u00e1ros \u00e9s a Bajor-Alpok ir\u00e1ny\u00e1ba induln\u00e1nak, de \u00e9n azt javaslom, hogy vegy\u00e9k ink\u00e1bb az ir\u00e1nyt a Bodeni-t\u00f3 fel\u00e9 \u00e9s n\u00e9zzenek k\u00f6rbe a f\u00e1k tetej\u00e9r\u0151l.<\/p>\n<p><strong>Allg\u00e4u h\u00edres lombkoronas\u00e9t\u00e1nya<\/strong> 1000 m\u00e9terrel a tengerszint f\u00f6l\u00f6tt \u00e9p\u00fclt, \u00e9s egy 40 m\u00e9teres toronyb\u00f3l tekinthetj\u00fck meg azt a csod\u00e1s dombvid\u00e9ket, amelyet d\u00e9lnyugaton a Bodeni-t\u00f3, d\u00e9lkeleten az Alpok \u00f6lel \u00e1t. Nemcsak a kil\u00e1t\u00f3b\u00f3l, hanem a kiss\u00e9 alacsonyabban fut\u00f3, mintegy 540 m\u00e9ter hossz\u00fas\u00e1g\u00fa s\u00e9t\u00e1nyr\u00f3l is szemet gy\u00f6ny\u00f6rk\u00f6dtet\u0151 a kil\u00e1t\u00e1s amellett, hogy a f\u00e1k \u00e9s lak\u00f3i \u00e9let\u00e9be is bepillant\u00e1st nyerhet\u00fcnk. A <a href=\"https:\/\/www.skywalk-allgaeu.de\/\" target=\"_blank\" target=\"_blank\" rel=\"noopener noreferrer\"><strong>Skywalk<\/strong><\/a> k\u00f6rny\u00e9k\u00e9n elter\u00fcl\u0151 mintegy 60 ezer n\u00e9gyzetm\u00e9ternyi erd\u0151ben t\u00f6bb mint harmincf\u00e9le fa \u00e9l. Gyermekeknek \u00f3ri\u00e1si j\u00e1tsz\u00f3- \u00e9s ismeretterjeszt\u0151 teret alak\u00edtottak ki, \u00edgy kiv\u00e1l\u00f3 csal\u00e1di program ak\u00e1r egy eg\u00e9sz napra is.<\/p>\n\n\t<div id=\"cegPostCnt_2\" class=\"o-cegPostCnt -inContent\" data-title=\"Foci-Eb: Itt sz\u00e1ll\u00e1solj\u00e1k el a magyar csapatot\">\n\t\t<a class=\"o-cegPostCnt__opener m-cegOpener _ce_measure_widget _ce_measure_link\" data-ce-measure-widget=\"gallery-open\"\n   href=\"?gallery=2\/1\/Foto\u03016-Skywalk-kila\u0301to\u0301-Bodeni-to\u0301\">\n\t<img decoding=\"async\" src=\"https:\/\/www.startlap.hu\/utazas\/uploads\/sites\/3\/2024\/06\/Foto\u03016-Skywalk-kila\u0301to\u0301-Bodeni-to\u0301.jpg\" class=\"m-cegOpener__image\" alt=\"A Bodeni-to\u0301 t\u00e1jk\u00e9pe\" sizes=\"(max-width: 991px) 100vw, (max-width: 1039px) 66vw, 684px\" srcset=\"https:\/\/www.startlap.hu\/utazas\/uploads\/sites\/3\/2024\/06\/Foto\u03016-Skywalk-kila\u0301to\u0301-Bodeni-to\u0301.jpg 1280w, https:\/\/www.startlap.hu\/utazas\/uploads\/sites\/3\/2024\/06\/Foto\u03016-Skywalk-kila\u0301to\u0301-Bodeni-to\u0301-755x566.jpg 755w, https:\/\/www.startlap.hu\/utazas\/uploads\/sites\/3\/2024\/06\/Foto\u03016-Skywalk-kila\u0301to\u0301-Bodeni-to\u0301-85x65.jpg 85w, https:\/\/www.startlap.hu\/utazas\/uploads\/sites\/3\/2024\/06\/Foto\u03016-Skywalk-kila\u0301to\u0301-Bodeni-to\u0301-467x350.jpg 467w\" \/>\t<div class=\"m-cegOpener__btn\"><i class=\"far fa-clone\"><\/i><\/div>\n<\/a>\n<div class=\"o-cegPostCnt__layer m-cegLayer _ce_measure_widget\" data-ce-measure-widget=\"gallery-layer\" style=\"display: none\">\n\t<div class=\"m-cegLayer__top m-cegHeader _ce_measure_widget\" data-ce-measure-widget=\"gallery-header\">\n\t\t\t\t\t<span class=\"m-cegHeader__logo\"><span class=\"a-cegLogo\"><\/span><\/span>\n\t\t\t\t<div class=\"m-cegHeader__imgCnt\">\n\t\t\t<img decoding=\"async\" src=\"https:\/\/www.startlap.hu\/utazas\/uploads\/sites\/3\/2024\/06\/Foto\u03016-Skywalk-kila\u0301to\u0301-Bodeni-to\u0301.jpg\" class=\"m-cegHeader__imgOpener\" alt=\"A Bodeni-to\u0301 t\u00e1jk\u00e9pe\" \/>\t\t<\/div>\n\t\t<h2 class=\"m-cegHeader__title a-cegGalleryTitle\"><i class=\"fa fa-angle-left\"><\/i>Foci-Eb: Itt sz\u00e1ll\u00e1solj\u00e1k el a magyar csapatot<\/h2>\n\t\t<div class=\"m-cegHeader__pagination a-cegPagination\"><\/div>\n\t\t<div class=\"m-cegHeader__closeBtn close-button nlc-icon-close _ce_measure_link _ce_measure_widget\" data-ce-measure-widget=\"gallery-close-btn\"><i class=\"fa fa-times\" aria-hidden=\"true\"><\/i><\/div>\n\t<\/div>\n\t<div class=\"m-cegLayer__screen\">\n\t\t<div class=\"m-cegLayer__carousel m-cegCarousel\">\n\t\t\t\t\t\t\t\n\t\t\t\t<div\n\t\t\t\t\tclass=\"m-cegCarousel__item\"\n\t\t\t\t\tdata-type=\"image\"\n\t\t\t\t\tdata-id=\"2\/1\/Foto\u03016-Skywalk-kila\u0301to\u0301-Bodeni-to\u0301\"\n\t\t\t\t\tdata-image-url=\"https:\/\/www.startlap.hu\/utazas\/uploads\/sites\/3\/2024\/06\/Foto\u03016-Skywalk-kila\u0301to\u0301-Bodeni-to\u0301.jpg\"\n\t\t\t\t\tdata-title=\"Bodeni-to\u0301\"\n\t\t\t\t\tdata-desc=\"A Bodeni-to\u0301 t\u00e1jk\u00e9pe\">\n\n\t\t\t\t\t<!-- image -->\n\t\t\t\t\t<div class=\"m-cegCarousel__floatingCnt\">\n\t\t\t\t\t\t<img decoding=\"async\" src=\"https:\/\/www.startlap.hu\/utazas\/uploads\/sites\/3\/2024\/06\/Foto\u03016-Skywalk-kila\u0301to\u0301-Bodeni-to\u0301.jpg\" class=\"m-cegCarousel__image\" alt=\"A Bodeni-to\u0301 t\u00e1jk\u00e9pe\" \/>\t\t\t\t\t\t<span class=\"fa m-cegCarousel__zoom _ce_measure_link _ce_measure_widget\" data-ce-measure-widget=\"gallery-zoom-btn\"><\/span>\n\t\t\t\t\t<\/div>\n\n\t\t\t\t\t<!-- thumb icon \/ counter, caption  -->\n\t\t\t\t\t<div class=\"m-cegCarousel__captionCnt m-cegCaption\">\n\t\t\t\t\t\t<span class=\"m-cegCaption__thumbIcon a-cegThumbIcon _ce_measure_widget _ce_measure_link\"\n\t\t\t\t\t\t\t  data-ce-measure-widget=\"thumbnails-btn\"\n\t\t\t\t\t\t\t  data-ce-measure-widget=\"gallery-thumbnails\"><i class=\" fa fa-th-large\"><\/i><\/span>\n\t\t\t\t\t\t<span class=\"m-cegCaption__pagination a-cegPagination\">\n\t\t\t\t\t\t\t<span class=\"a-cegPagination__current\">1<\/span>\/4\t\t\t\t\t\t<\/span>\n\t\t\t\t\t\t<span class=\"m-cegCaption__caption\">Bodeni-to\u0301<\/span>\n\t\t\t\t\t<\/div>\n\n\t\t\t\t\t<!-- Image description -->\n\t\t\t\t\t<div class=\"m-cegCarousel__desc a-cegDesc\">A Bodeni-to\u0301 t\u00e1jk\u00e9pe<\/div>\n\n\t\t\t\t\t<!-- Image social share icons -->\n\t\t\t\t\t<div class=\"m-cegCarousel__socialCnt m-cegSocial\">\n\t\t\t\t\t\t<span class=\"m-cegSocial__text\">Fot\u00f3 megoszt\u00e1sa:<\/span><span class=\"m-cegSocial__iconWrap\"><span class=\"m-cegSocial__icon -facebook _ce_measure_link _ce_measure_widget\" data-ce-measure-widget=\"facebookGallery-btn\"><i class=\"fab fa-facebook-f\"><\/i><\/span><span class=\"m-cegSocial__icon -pinterest _ce_measure_link _ce_measure_widget\" data-ce-measure-widget=\"printeresGallery-btn\"><i class=\"fab fa-pinterest-p\"><\/i><\/span><span class=\"m-cegSocial__icon -email _ce_measure_link _ce_measure_widget\" data-ce-measure-widget=\"emailGallery-btn\"><i class=\"far fa-envelope\"><\/i><\/span><span class=\"m-cegSocial__icon -clipboard _ce_measure_link _ce_measure_widget\" data-ce-measure-widget=\"clipboardGallery-btn\"><i class=\"fa fa-link\"><\/i><\/span><\/span>\t\t\t\t\t<\/div>\n\t\t\t\t<\/div>\n\t\t\t\t\t\t\t\n\t\t\t\t<div\n\t\t\t\t\tclass=\"m-cegCarousel__item\"\n\t\t\t\t\tdata-type=\"image\"\n\t\t\t\t\tdata-id=\"2\/2\/Foto\u03017-Skywalk-kila\u0301to\u0301\"\n\t\t\t\t\tdata-image-url=\"https:\/\/www.startlap.hu\/utazas\/uploads\/sites\/3\/2024\/06\/Foto\u03017-Skywalk-kila\u0301to\u0301.jpg\"\n\t\t\t\t\tdata-title=\"Foto\u03017 Skywalk kila\u0301to\u0301\"\n\t\t\t\t\tdata-desc=\"Skywalk-kila\u0301to\u0301\">\n\n\t\t\t\t\t<!-- image -->\n\t\t\t\t\t<div class=\"m-cegCarousel__floatingCnt\">\n\t\t\t\t\t\t<img decoding=\"async\" src=\"https:\/\/www.startlap.hu\/utazas\/uploads\/sites\/3\/2024\/06\/Foto\u03017-Skywalk-kila\u0301to\u0301.jpg\" class=\"m-cegCarousel__image\" alt=\"Skywalk-kila\u0301to\u0301\" \/>\t\t\t\t\t\t<span class=\"fa m-cegCarousel__zoom _ce_measure_link _ce_measure_widget\" data-ce-measure-widget=\"gallery-zoom-btn\"><\/span>\n\t\t\t\t\t<\/div>\n\n\t\t\t\t\t<!-- thumb icon \/ counter, caption  -->\n\t\t\t\t\t<div class=\"m-cegCarousel__captionCnt m-cegCaption\">\n\t\t\t\t\t\t<span class=\"m-cegCaption__thumbIcon a-cegThumbIcon _ce_measure_widget _ce_measure_link\"\n\t\t\t\t\t\t\t  data-ce-measure-widget=\"thumbnails-btn\"\n\t\t\t\t\t\t\t  data-ce-measure-widget=\"gallery-thumbnails\"><i class=\" fa fa-th-large\"><\/i><\/span>\n\t\t\t\t\t\t<span class=\"m-cegCaption__pagination a-cegPagination\">\n\t\t\t\t\t\t\t<span class=\"a-cegPagination__current\">2<\/span>\/4\t\t\t\t\t\t<\/span>\n\t\t\t\t\t\t<span class=\"m-cegCaption__caption\">Foto\u03017 Skywalk kila\u0301to\u0301<\/span>\n\t\t\t\t\t<\/div>\n\n\t\t\t\t\t<!-- Image description -->\n\t\t\t\t\t<div class=\"m-cegCarousel__desc a-cegDesc\">Skywalk-kila\u0301to\u0301<\/div>\n\n\t\t\t\t\t<!-- Image social share icons -->\n\t\t\t\t\t<div class=\"m-cegCarousel__socialCnt m-cegSocial\">\n\t\t\t\t\t\t<span class=\"m-cegSocial__text\">Fot\u00f3 megoszt\u00e1sa:<\/span><span class=\"m-cegSocial__iconWrap\"><span class=\"m-cegSocial__icon -facebook _ce_measure_link _ce_measure_widget\" data-ce-measure-widget=\"facebookGallery-btn\"><i class=\"fab fa-facebook-f\"><\/i><\/span><span class=\"m-cegSocial__icon -pinterest _ce_measure_link _ce_measure_widget\" data-ce-measure-widget=\"printeresGallery-btn\"><i class=\"fab fa-pinterest-p\"><\/i><\/span><span class=\"m-cegSocial__icon -email _ce_measure_link _ce_measure_widget\" data-ce-measure-widget=\"emailGallery-btn\"><i class=\"far fa-envelope\"><\/i><\/span><span class=\"m-cegSocial__icon -clipboard _ce_measure_link _ce_measure_widget\" data-ce-measure-widget=\"clipboardGallery-btn\"><i class=\"fa fa-link\"><\/i><\/span><\/span>\t\t\t\t\t<\/div>\n\t\t\t\t<\/div>\n\t\t\t\t\t\t\t\n\t\t\t\t<div\n\t\t\t\t\tclass=\"m-cegCarousel__item\"\n\t\t\t\t\tdata-type=\"image\"\n\t\t\t\t\tdata-id=\"2\/3\/Foto\u03018-Skywalk-kila\u0301to\u0301\"\n\t\t\t\t\tdata-image-url=\"https:\/\/www.startlap.hu\/utazas\/uploads\/sites\/3\/2024\/06\/Foto\u03018-Skywalk-kila\u0301to\u0301.jpg\"\n\t\t\t\t\tdata-title=\"Foto\u03018 Skywalk kila\u0301to\u0301\"\n\t\t\t\t\tdata-desc=\"Skywalk-kila\u0301to\u0301\">\n\n\t\t\t\t\t<!-- image -->\n\t\t\t\t\t<div class=\"m-cegCarousel__floatingCnt\">\n\t\t\t\t\t\t<img decoding=\"async\" src=\"https:\/\/www.startlap.hu\/utazas\/uploads\/sites\/3\/2024\/06\/Foto\u03018-Skywalk-kila\u0301to\u0301.jpg\" class=\"m-cegCarousel__image\" alt=\"Skywalk-kila\u0301to\u0301\" \/>\t\t\t\t\t\t<span class=\"fa m-cegCarousel__zoom _ce_measure_link _ce_measure_widget\" data-ce-measure-widget=\"gallery-zoom-btn\"><\/span>\n\t\t\t\t\t<\/div>\n\n\t\t\t\t\t<!-- thumb icon \/ counter, caption  -->\n\t\t\t\t\t<div class=\"m-cegCarousel__captionCnt m-cegCaption\">\n\t\t\t\t\t\t<span class=\"m-cegCaption__thumbIcon a-cegThumbIcon _ce_measure_widget _ce_measure_link\"\n\t\t\t\t\t\t\t  data-ce-measure-widget=\"thumbnails-btn\"\n\t\t\t\t\t\t\t  data-ce-measure-widget=\"gallery-thumbnails\"><i class=\" fa fa-th-large\"><\/i><\/span>\n\t\t\t\t\t\t<span class=\"m-cegCaption__pagination a-cegPagination\">\n\t\t\t\t\t\t\t<span class=\"a-cegPagination__current\">3<\/span>\/4\t\t\t\t\t\t<\/span>\n\t\t\t\t\t\t<span class=\"m-cegCaption__caption\">Foto\u03018 Skywalk kila\u0301to\u0301<\/span>\n\t\t\t\t\t<\/div>\n\n\t\t\t\t\t<!-- Image description -->\n\t\t\t\t\t<div class=\"m-cegCarousel__desc a-cegDesc\">Skywalk-kila\u0301to\u0301<\/div>\n\n\t\t\t\t\t<!-- Image social share icons -->\n\t\t\t\t\t<div class=\"m-cegCarousel__socialCnt m-cegSocial\">\n\t\t\t\t\t\t<span class=\"m-cegSocial__text\">Fot\u00f3 megoszt\u00e1sa:<\/span><span class=\"m-cegSocial__iconWrap\"><span class=\"m-cegSocial__icon -facebook _ce_measure_link _ce_measure_widget\" data-ce-measure-widget=\"facebookGallery-btn\"><i class=\"fab fa-facebook-f\"><\/i><\/span><span class=\"m-cegSocial__icon -pinterest _ce_measure_link _ce_measure_widget\" data-ce-measure-widget=\"printeresGallery-btn\"><i class=\"fab fa-pinterest-p\"><\/i><\/span><span class=\"m-cegSocial__icon -email _ce_measure_link _ce_measure_widget\" data-ce-measure-widget=\"emailGallery-btn\"><i class=\"far fa-envelope\"><\/i><\/span><span class=\"m-cegSocial__icon -clipboard _ce_measure_link _ce_measure_widget\" data-ce-measure-widget=\"clipboardGallery-btn\"><i class=\"fa fa-link\"><\/i><\/span><\/span>\t\t\t\t\t<\/div>\n\t\t\t\t<\/div>\n\t\t\t\t\t\t\t\t\t\t\t\t<div\n\t\t\t\t\t\tclass=\"m-cegCarousel__item -banner\"\n\t\t\t\t\t\tdata-type=\"banner\"\n\t\t\t\t\t\tdata-id=\"2\/4\/banner\"\n\t\t\t\t\t\tdata-image-url=\"\"\n\t\t\t\t\t\tdata-title=\"\"\n\t\t\t\t\t\tdata-desc=\"\">\n\n\t\t\t\t\t\t<div class=\"m-cegCarousel__floatingCnt banner-container gallery-content010\"><\/div>\n\n\t\t\t\t\t<\/div>\n\t\t\t\t\t\t\t\t\t\t<\/div>\n\t\t<div class=\"m-cegLayer__thumbnails m-cegThumbList _ce_measure_widget\" data-ce-measure-widget=\"gallery-thumb-list\">\n\t\t\t\t\t\t\t\t\t\t\t<div class=\"m-cegThumbList__item\"\n\t\t\t\t\tdata-id=\"2\/1\/Foto\u03016-Skywalk-kila\u0301to\u0301-Bodeni-to\u0301\"\n\t\t\t\t\tdata-index=\"0\">\n\t\t\t\t\t<img decoding=\"async\" src=\"https:\/\/www.startlap.hu\/utazas\/uploads\/sites\/3\/2024\/06\/Foto\u03016-Skywalk-kila\u0301to\u0301-Bodeni-to\u0301.jpg\" class=\"m-cegThumbList__image _ce_measure_link\" alt=\"A Bodeni-to\u0301 t\u00e1jk\u00e9pe\" \/>\t\t\t\t<\/div>\n\t\t\t\t\t\t\t\t\t\t\t<div class=\"m-cegThumbList__item\"\n\t\t\t\t\tdata-id=\"2\/2\/Foto\u03017-Skywalk-kila\u0301to\u0301\"\n\t\t\t\t\tdata-index=\"1\">\n\t\t\t\t\t<img decoding=\"async\" src=\"https:\/\/www.startlap.hu\/utazas\/uploads\/sites\/3\/2024\/06\/Foto\u03017-Skywalk-kila\u0301to\u0301.jpg\" class=\"m-cegThumbList__image _ce_measure_link\" alt=\"Skywalk-kila\u0301to\u0301\" \/>\t\t\t\t<\/div>\n\t\t\t\t\t\t\t\t\t\t\t<div class=\"m-cegThumbList__item\"\n\t\t\t\t\tdata-id=\"2\/3\/Foto\u03018-Skywalk-kila\u0301to\u0301\"\n\t\t\t\t\tdata-index=\"2\">\n\t\t\t\t\t<img decoding=\"async\" src=\"https:\/\/www.startlap.hu\/utazas\/uploads\/sites\/3\/2024\/06\/Foto\u03018-Skywalk-kila\u0301to\u0301.jpg\" class=\"m-cegThumbList__image _ce_measure_link\" alt=\"Skywalk-kila\u0301to\u0301\" \/>\t\t\t\t<\/div>\n\t\t\t\t\t\t\t\t\t<\/div>\n\t<\/div>\n\t<div class=\"m-cegLayer__sidebar m-cegSidebar _ce_measure_widget\" data-ce-measure-widget=\"gallery-sidebar\">\n\n\t\t<div class=\"m-cegSidebar__desc a-cegDesc _ce_measure_widget\" data-ce-measure-widget=\"gallery-desc\"><\/div>\n\n\t\t<div class=\"m-cegSidebar__socialCnt m-cegSocial -sidebar _ce_measure_widget\" data-ce-measure-widget=\"gallery-social\">\n\t\t\t<span class=\"m-cegSocial__text\">Fot\u00f3 megoszt\u00e1sa:<\/span><span class=\"m-cegSocial__iconWrap\"><span class=\"m-cegSocial__icon -facebook _ce_measure_link _ce_measure_widget\" data-ce-measure-widget=\"facebookGallery-btn\"><i class=\"fab fa-facebook-f\"><\/i><\/span><span class=\"m-cegSocial__icon -pinterest _ce_measure_link _ce_measure_widget\" data-ce-measure-widget=\"printeresGallery-btn\"><i class=\"fab fa-pinterest-p\"><\/i><\/span><span class=\"m-cegSocial__icon -email _ce_measure_link _ce_measure_widget\" data-ce-measure-widget=\"emailGallery-btn\"><i class=\"far fa-envelope\"><\/i><\/span><span class=\"m-cegSocial__icon -clipboard _ce_measure_link _ce_measure_widget\" data-ce-measure-widget=\"clipboardGallery-btn\"><i class=\"fa fa-link\"><\/i><\/span><\/span>\t\t<\/div>\n\n\t\t<div class=\"gallery-right010 banner-container\"><\/div>\n\t\t<div class=\"gallery-right020 banner-container\"><\/div>\n\n\t<\/div>\n<\/div>\n\t<\/div>\n\n\t<script>\n\t\tjQuery(function () {\n\t\t\tvar id = '#cegPostCnt_2';\n\t\t\tjQuery( id ).articleGallery({\n\t\t\t\tonChanged: function (event) {\n\t\t\t\t\t\tthis.renderSidebarCTS( 'gallery-right010' );\n\t\t\t\t\t\tthis.renderSidebarCTS( 'gallery-right020' );\n\t\t\t\t\t\tthis.renderBannerSlideCTS(  event,\n\t\t\t\t\t\t\t\t\t\t\t\t\t[\n\t\t\t\t\t\t\t\t\t\t\t\t\t\t'gallery-content010',\n\t\t\t\t\t\t\t\t\t\t\t\t\t\t'gallery-content020',\n\t\t\t\t\t\t\t\t\t\t\t\t\t\t'gallery-content030'\n\t\t\t\t\t\t\t\t\t\t\t\t\t]);\n\t\t\t\t}\n\t\t\t});\n\t\t});\n\t<\/script>\t\n<h2>A k\u00e9tszintes Scheidegg-v\u00edzes\u00e9s \u00e9s k\u00f6rny\u00e9ke<\/h2>\n<p>A Scheidegg telep\u00fcl\u00e9s k\u00f6zel\u00e9ben h\u00faz\u00f3d\u00f3 <strong>Rohrach-szurdok<\/strong> (Rohrachschlucht) helyenk\u00e9nt 200 m\u00e9teres m\u00e9lys\u00e9g\u00e9vel a k\u00f6rny\u00e9k leg\u00e9rdekesebb term\u00e9szeti l\u00e1tnival\u00f3ja. Ezt a l\u00e1tv\u00e1nyt fokozza a <strong>Ricken patak (Rickenbach)<\/strong>, amely k\u00e9t, egy 22 \u00e9s egy 18 m\u00e9ter magas sziklal\u00e9pcs\u0151r\u0151l is a m\u00e9lybe zuhan. A Rickenbach saj\u00e1t, 48 m\u00e9ter sz\u00e9les szurdokja j\u00f3l bej\u00e1rhat\u00f3, igaz, biztos l\u00e1bak \u00e9s t\u00faracip\u0151 nem \u00e1rt hozz\u00e1.&nbsp; Azok, akik csak kisebb s\u00e9t\u00e1t tenn\u00e9nek, kil\u00e1t\u00f3pontokr\u00f3l \u00e9s a ki\u00e9p\u00edtett erdei utak seg\u00edts\u00e9g\u00e9vel t\u00f6bb ir\u00e1nyb\u00f3l is megszeml\u00e9lhetik a v\u00edzes\u00e9st.<\/p>\n<p>A v\u00edzes\u00e9s mellett a szurdok k\u00f6rnyezete, szikl\u00e1s lejt\u0151i, feny\u0151- \u00e9s b\u00fckkerdeje, valamint hangulatos erdei \u00fatjai a term\u00e9szetkedvel\u0151k paradicsoma.<\/p>\n<p>Ezen a helyen sem unatkozhatnak a gyermekek, hiszen a v\u00edzes\u00e9s mellett kialak\u00edtott v\u00edzi <a href=\"https:\/\/www.startlap.hu\/utazas\/budapest-gyerekbarat-helyszinek-csaladi-programok-2024\/\" target=\"_blank\" rel=\"noopener noreferrer\">j\u00e1tsz\u00f3t\u00e9ren<\/a> g\u00e1takat \u00e9p\u00edthetnek, v\u00edziker\u00e9kkel j\u00e1tszhatnak, s ak\u00e1r meg is m\u00e1rt\u00f3zhatnak a patak viz\u00e9ben. Emellett geol\u00f3giai \u00f6sv\u00e9ny \u00e9s meseerd\u0151 is v\u00e1rja a kicsiket.<\/p>\n<figure id=\"attachment_73333\" aria-describedby=\"caption-attachment-73333\" style=\"width: 755px\" class=\"wp-caption alignnone\"><img loading=\"lazy\" decoding=\"async\" class=\"wp-image-73333 size-article-size-large-image\" src=\"https:\/\/www.startlap.hu\/utazas\/uploads\/sites\/3\/2024\/06\/Foto\u03019-Scheidegg-vi\u0301zese\u0301s-755x566.jpg\" alt=\"Scheidegg-vi\u0301zese\u0301s\" width=\"755\" height=\"566\" srcset=\"https:\/\/www.startlap.hu\/utazas\/uploads\/sites\/3\/2024\/06\/Foto\u03019-Scheidegg-vi\u0301zese\u0301s-755x566.jpg 755w, https:\/\/www.startlap.hu\/utazas\/uploads\/sites\/3\/2024\/06\/Foto\u03019-Scheidegg-vi\u0301zese\u0301s-85x65.jpg 85w, https:\/\/www.startlap.hu\/utazas\/uploads\/sites\/3\/2024\/06\/Foto\u03019-Scheidegg-vi\u0301zese\u0301s-467x350.jpg 467w, https:\/\/www.startlap.hu\/utazas\/uploads\/sites\/3\/2024\/06\/Foto\u03019-Scheidegg-vi\u0301zese\u0301s.jpg 1280w\" sizes=\"auto, (max-width: 755px) 100vw, 755px\" \/><figcaption id=\"caption-attachment-73333\" class=\"wp-caption-text\">A Scheidegg-vi\u0301zese\u0301s<\/figcaption><\/figure>\n<h2>Alpesi bobp\u00e1lya: Alpsee Bergwelt<\/h2>\n<p>Immenstadt \u00e9s Oberstaufen k\u00f6z\u00f6tt tal\u00e1lhat\u00f3 a <strong>Gro\u00dfer Alpsee<\/strong>, a t\u00f3 melletti hegyekre felvon\u00f3k viszik fel a l\u00e1togat\u00f3kat. M\u00e1r a panor\u00e1ma is meg\u00e9ri a kiruccan\u00e1st ide, de az <strong><a href=\"https:\/\/www.alpsee-bergwelt.de\/\" target=\"_blank\" target=\"_blank\" rel=\"noopener noreferrer\">Alpsee Bergwelt<\/a> bobp\u00e1ly\u00e1ja<\/strong> \u00e9s az <strong>erdei kalandpark<\/strong> tov\u00e1bb fokozza az \u00e9lm\u00e9nyt.<\/p>\n<blockquote class=\"article__extraTxt\"><p>Az alpesi bobp\u00e1lya Bajororsz\u00e1g leghosszabb, eg\u00e9sz \u00e9vben haszn\u00e1lhat\u00f3 p\u00e1ly\u00e1ja.<\/p><\/blockquote>\n<p>A 2,8 km hossz\u00fa p\u00e1ly\u00e1n ak\u00e1r 40 km\/h sz\u00e1guld\u00e1s is el\u00e9rhet\u0151, t\u00f6bb mint 100 kanyar \u00e9s hull\u00e1m teszi izgalmass\u00e1 a sikl\u00e1st. M\u00e1r 3 \u00e9ves kort\u00f3l haszn\u00e1lhat\u00f3, a 8 \u00e9vesek pedig m\u00e1r egyed\u00fcl is lecs\u00faszhatnak. Akinek a sikl\u00e1s m\u00e9g kev\u00e9s, az a <strong>B\u00e4renfalle kalandparkban<\/strong>, az erdei k\u00f6t\u00e9lp\u00e1ly\u00e1n is kipr\u00f3b\u00e1lhatja mag\u00e1t.<\/p>\n<h2>Ravensburg, a tornyok v\u00e1rosa<\/h2>\n<p>Az Oberschwaben-Allg\u00e4u r\u00e9gi\u00f3 egyik legh\u00edresebb l\u00e1tnival\u00f3ja az egykori keresked\u0151v\u00e1ros, <strong>Ravensburg<\/strong>. Am\u00edg a k\u00f6z\u00e9pkori keresked\u0151k sz\u00e1m\u00e1ra fontos meg\u00e1ll\u00f3helyk\u00e9nt tartott\u00e1k sz\u00e1mon d\u00e9l \u00e9s \u00e9szak k\u00f6z\u00f6tt, addig mostans\u00e1g legink\u00e1bb a j\u00e1t\u00e9kokon (puzzle) felt\u0171n\u0151 n\u00e9v miatt v\u00e1lt h\u00edress\u00e9. \u00datik\u00f6nyvemben, A Bodeni-t\u00f3 \u2013 t\u00f6bb mint \u00fatik\u00f6nyvben a tornyok v\u00e1rosa n\u00e9ven emlegetem, szem\u00e9lyes kedvencem a v\u00e1rosban a <strong>Blaser-torony<\/strong> (Blaserturm).<\/p>\n<p>A torony l\u00e1togathat\u00f3, \u00e9rdemes megm\u00e1szni, mert sz\u00e9p kil\u00e1t\u00e1s ny\u00edlik a v\u00e1rosra \u00e9s tiszta id\u0151ben leny\u0171g\u00f6z\u0151 l\u00e1tv\u00e1nyt ny\u00fajt onnan a Bodeni-t\u00f3 \u00e9s a <strong>S\u00e4ntis (Alpok)<\/strong> cs\u00facsa is.<\/p>\n<p>A v\u00e1ros hangulat\u00e1t a k\u00f6z\u00e9pkorban j\u00e1tszott szerepe ma is meghat\u00e1rozza. Ennek a m\u00faltnak a megismer\u00e9s\u00e9re szolg\u00e1l a <a href=\"https:\/\/www.museum-humpis-quartier.de\/\" target=\"_blank\" target=\"_blank\" rel=\"noopener noreferrer\"><strong>Humpis M\u00fazeumnegyed<\/strong><\/a>, ahol a t\u00f6bb \u00e9p\u00fcletet is mag\u00e1ban foglal\u00f3 tereket modern \u00e9p\u00edt\u00e9szeti megold\u00e1sokkal k\u00f6t\u00f6tt\u00e9k \u00f6ssze. Sz\u00e9les id\u0151intervallumot fognak \u00e1t gazdag ki\u00e1ll\u00edt\u00e1sokkal \u00e9s interakt\u00edv eszk\u00f6z\u00f6kkel.<\/p>\n<p>Aki Ravensburg j\u00e1t\u00e9kos oldal\u00e1ra is k\u00edv\u00e1ncsi, annak a ravensburgi j\u00e1t\u00e9kgy\u00e1r term\u00e9kei inspir\u00e1lta <strong>vid\u00e1mpark<\/strong> ny\u00fajt sz\u00f3rakoz\u00e1si lehet\u0151s\u00e9get. Aki pedig tov\u00e1bb mer\u00fclne a m\u00falt eml\u00e9keibe, annak aj\u00e1nlom a k\u00f6zelben tal\u00e1lhat\u00f3 <strong>900 \u00e9ves wei\u00dfenaui kolostort \u00e9s barokk templom\u00e1t<\/strong>.<\/p>\n<figure id=\"attachment_73334\" aria-describedby=\"caption-attachment-73334\" style=\"width: 755px\" class=\"wp-caption alignnone\"><img loading=\"lazy\" decoding=\"async\" class=\"wp-image-73334 size-article-size-large-image\" src=\"https:\/\/www.startlap.hu\/utazas\/uploads\/sites\/3\/2024\/06\/Foto\u030110-Ravensburg-755x495.jpg\" alt=\"Ravensburg\" width=\"755\" height=\"495\" srcset=\"https:\/\/www.startlap.hu\/utazas\/uploads\/sites\/3\/2024\/06\/Foto\u030110-Ravensburg-755x495.jpg 755w, https:\/\/www.startlap.hu\/utazas\/uploads\/sites\/3\/2024\/06\/Foto\u030110-Ravensburg-250x165.jpg 250w, https:\/\/www.startlap.hu\/utazas\/uploads\/sites\/3\/2024\/06\/Foto\u030110-Ravensburg-534x350.jpg 534w, https:\/\/www.startlap.hu\/utazas\/uploads\/sites\/3\/2024\/06\/Foto\u030110-Ravensburg.jpg 800w\" sizes=\"auto, (max-width: 755px) 100vw, 755px\" \/><figcaption id=\"caption-attachment-73334\" class=\"wp-caption-text\">Ravensburg<\/figcaption><\/figure>\n<h2>Lindau, ahol bajor oroszl\u00e1n figyel<\/h2>\n<p>Lindau, a bajor v\u00e1ros a Bodeni-t\u00f3 partj\u00e1n t\u00f6rt\u00e9nelmi \u00e9p\u00fcletekkel t\u0171zdelt keskeny utc\u00e1kkal \u00e9s k\u00fcl\u00f6nleges kik\u00f6t\u0151i panor\u00e1m\u00e1val vonzza a l\u00e1togat\u00f3kat. Igaz, hogy ez itt m\u00e1r a Bodeni-t\u00f3 r\u00e9gi\u00f3ja, de a k\u00f6rny\u00e9k szoros kapcsolatban \u00e1ll Allg\u00e4uval \u00e9s p\u00e1r perc aut\u00f3z\u00e1ssal el\u00e9rhet\u0151 Isny v\u00e1ros\u00e1b\u00f3l.<\/p>\n<p>Lindau szigetre \u00e9p\u00fclt belv\u00e1ros\u00e1nak \u00e9rdekess\u00e9ge, hogy itt fekszik a vas\u00fat\u00e1llom\u00e1s \u00e9s a kik\u00f6t\u0151 is szorosan egym\u00e1s mellett. A kik\u00f6t\u0151j\u00e9r\u0151l k\u00e9sz\u00fclt fot\u00f3k a legh\u00edresebb fot\u00f3k k\u00f6z\u00f6tt vannak N\u00e9metorsz\u00e1gban.<\/p>\n<blockquote class=\"article__extraTxt\"><p>Az oroszl\u00e1n \u00e9s a vil\u00e1g\u00edt\u00f3torony k\u00f6z\u00f6tt eg\u00e9szen k\u00f6zel j\u00f6nnek a Voralberg, a bregenzi erd\u0151 \u00e9s az Alpok cs\u00facsai.<\/p><\/blockquote>\n<p>Lindau felfedez\u00e9s\u00e9hez k\u00e9t j\u00f3tan\u00e1csot adhatok. Az egyik, hogy <strong>csak s\u00e9t\u00e1lj \u00e9s n\u00e9zel\u0151dj a szigeten<\/strong>, de ha fagyist l\u00e1tsz, akkor ne sajn\u00e1ld magadt\u00f3l a fagyos k\u00e9nyeztet\u00e9st! A m\u00e1sik, hogy a sziget ut\u00e1n a v\u00e1ros nev\u00e9nek n\u00e9vad\u00f3ira, a h\u00e1rsf\u00e1kra is vess egy pillant\u00e1st a Lindenhof parkban, ahonnan k\u00edv\u00fclr\u0151l is felt\u00e1rja mag\u00e1t a v\u00e1rossziget, Lindau!&nbsp;<\/p>\n<figure id=\"attachment_73335\" aria-describedby=\"caption-attachment-73335\" style=\"width: 755px\" class=\"wp-caption alignnone\"><img loading=\"lazy\" decoding=\"async\" class=\"wp-image-73335 size-article-size-large-image\" src=\"https:\/\/www.startlap.hu\/utazas\/uploads\/sites\/3\/2024\/06\/Foto\u030111-Lindau-kiko\u0308to\u030b-755x461.jpg\" alt=\"Lindau kik\u00f6t\u0151\" width=\"755\" height=\"461\" srcset=\"https:\/\/www.startlap.hu\/utazas\/uploads\/sites\/3\/2024\/06\/Foto\u030111-Lindau-kiko\u0308to\u030b-755x461.jpg 755w, https:\/\/www.startlap.hu\/utazas\/uploads\/sites\/3\/2024\/06\/Foto\u030111-Lindau-kiko\u0308to\u030b-573x350.jpg 573w, https:\/\/www.startlap.hu\/utazas\/uploads\/sites\/3\/2024\/06\/Foto\u030111-Lindau-kiko\u0308to\u030b.jpg 1280w\" sizes=\"auto, (max-width: 755px) 100vw, 755px\" \/><figcaption id=\"caption-attachment-73335\" class=\"wp-caption-text\">Lindau kik\u00f6t\u0151je<\/figcaption><\/figure>\n<h2>Egy poh\u00e1r M\u00fcller-Thurgau a Schloss Achberg kapuj\u00e1ban<\/h2>\n<p>Allg\u00e4u sz\u00e9l\u00e9n, Lindau v\u00e1ros\u00e1t\u00f3l alig p\u00e1r percre tal\u00e1lhat\u00f3 a <strong>Haug bor\u00e1szat<\/strong>. A sz\u0151l\u0151t\u0151k\u00e9kt\u0151l n\u00e9h\u00e1ny perces aut\u00f3\u00fatra, az erd\u0151 k\u00f6zep\u00e9n \u00e1ll az <strong>Achberg-kast\u00e9ly<\/strong>.<\/p>\n<h2>Hogyan kapcsolhat\u00f3 \u00f6ssze ez a k\u00e9t dolog?<\/h2>\n<p>Nem kell hozz\u00e1 m\u00e1s, csup\u00e1n egy piknikkos\u00e1r megt\u00f6ltve allg\u00e4ui finoms\u00e1gokkal \u00e9s egy \u00fcveg borral.<\/p>\n<blockquote class=\"article__extraTxt\"><p>A <a href=\"https:\/\/www.weingut-haug.de\/\" target=\"_blank\" target=\"_blank\" rel=\"noopener noreferrer\">Haug bor\u00e1szatban<\/a> a ny\u00e1ri id\u0151szakban sz\u00edvesen adnak kez\u00fcnkbe egy ilyen, megt\u00f6lt\u00f6tt kosarat \u00e9s egy pl\u00e9det.<\/p><\/blockquote>\n<p>\u00cdgy nek\u00fcnk nincs is m\u00e1s dolgunk, mint keresni egy helyet, ahol nyugodtan letelepedhet\u00fcnk. Az Achberg-kast\u00e9ly k\u00f6rnyezete kiv\u00e1l\u00f3an alkalmas a piknikre, \u00e9s ha m\u00e1r j\u00f3llaktunk, megittuk a Haug bor\u00e1t, akkor a kast\u00e9ly, ahol rendszerint tal\u00e1lni egy impoz\u00e1ns ki\u00e1ll\u00edt\u00e1st (2024-ben a sv\u00e1b impresszionista fest\u0151n\u0151k munk\u00e1i l\u00e1that\u00f3ak) is megtekinthet\u0151. Ha szerencs\u00e9nk van, akkor m\u00e9g egy marionettsz\u00ednh\u00e1zba vagy egy komolyzenei koncertbe is belefuthatunk.<\/p>\n\n\t<div id=\"cegPostCnt_3\" class=\"o-cegPostCnt -inContent\" data-title=\"Foci-Eb: Itt sz\u00e1ll\u00e1solj\u00e1k el a magyar csapatot\">\n\t\t<a class=\"o-cegPostCnt__opener m-cegOpener _ce_measure_widget _ce_measure_link\" data-ce-measure-widget=\"gallery-open\"\n   href=\"?gallery=3\/1\/Foto\u030112-Piknik\">\n\t<img decoding=\"async\" src=\"https:\/\/www.startlap.hu\/utazas\/uploads\/sites\/3\/2024\/06\/Foto\u030112-Piknik.jpg\" class=\"m-cegOpener__image\" alt=\"Achberg kaste\u0301lyn\u00e1l piknik\" sizes=\"(max-width: 991px) 100vw, (max-width: 1039px) 66vw, 684px\" srcset=\"https:\/\/www.startlap.hu\/utazas\/uploads\/sites\/3\/2024\/06\/Foto\u030112-Piknik.jpg 1280w, https:\/\/www.startlap.hu\/utazas\/uploads\/sites\/3\/2024\/06\/Foto\u030112-Piknik-755x566.jpg 755w, https:\/\/www.startlap.hu\/utazas\/uploads\/sites\/3\/2024\/06\/Foto\u030112-Piknik-85x65.jpg 85w, https:\/\/www.startlap.hu\/utazas\/uploads\/sites\/3\/2024\/06\/Foto\u030112-Piknik-467x350.jpg 467w\" \/>\t<div class=\"m-cegOpener__btn\"><i class=\"far fa-clone\"><\/i><\/div>\n<\/a>\n<div class=\"o-cegPostCnt__layer m-cegLayer _ce_measure_widget\" data-ce-measure-widget=\"gallery-layer\" style=\"display: none\">\n\t<div class=\"m-cegLayer__top m-cegHeader _ce_measure_widget\" data-ce-measure-widget=\"gallery-header\">\n\t\t\t\t\t<span class=\"m-cegHeader__logo\"><span class=\"a-cegLogo\"><\/span><\/span>\n\t\t\t\t<div class=\"m-cegHeader__imgCnt\">\n\t\t\t<img decoding=\"async\" src=\"https:\/\/www.startlap.hu\/utazas\/uploads\/sites\/3\/2024\/06\/Foto\u030112-Piknik.jpg\" class=\"m-cegHeader__imgOpener\" alt=\"Achberg kaste\u0301lyn\u00e1l piknik\" \/>\t\t<\/div>\n\t\t<h2 class=\"m-cegHeader__title a-cegGalleryTitle\"><i class=\"fa fa-angle-left\"><\/i>Foci-Eb: Itt sz\u00e1ll\u00e1solj\u00e1k el a magyar csapatot<\/h2>\n\t\t<div class=\"m-cegHeader__pagination a-cegPagination\"><\/div>\n\t\t<div class=\"m-cegHeader__closeBtn close-button nlc-icon-close _ce_measure_link _ce_measure_widget\" data-ce-measure-widget=\"gallery-close-btn\"><i class=\"fa fa-times\" aria-hidden=\"true\"><\/i><\/div>\n\t<\/div>\n\t<div class=\"m-cegLayer__screen\">\n\t\t<div class=\"m-cegLayer__carousel m-cegCarousel\">\n\t\t\t\t\t\t\t\n\t\t\t\t<div\n\t\t\t\t\tclass=\"m-cegCarousel__item\"\n\t\t\t\t\tdata-type=\"image\"\n\t\t\t\t\tdata-id=\"3\/1\/Foto\u030112-Piknik\"\n\t\t\t\t\tdata-image-url=\"https:\/\/www.startlap.hu\/utazas\/uploads\/sites\/3\/2024\/06\/Foto\u030112-Piknik.jpg\"\n\t\t\t\t\tdata-title=\"Foto\u030112 Piknik\"\n\t\t\t\t\tdata-desc=\"\">\n\n\t\t\t\t\t<!-- image -->\n\t\t\t\t\t<div class=\"m-cegCarousel__floatingCnt\">\n\t\t\t\t\t\t<img decoding=\"async\" src=\"https:\/\/www.startlap.hu\/utazas\/uploads\/sites\/3\/2024\/06\/Foto\u030112-Piknik.jpg\" class=\"m-cegCarousel__image\" alt=\"Achberg kaste\u0301lyn\u00e1l piknik\" \/>\t\t\t\t\t\t<span class=\"fa m-cegCarousel__zoom _ce_measure_link _ce_measure_widget\" data-ce-measure-widget=\"gallery-zoom-btn\"><\/span>\n\t\t\t\t\t<\/div>\n\n\t\t\t\t\t<!-- thumb icon \/ counter, caption  -->\n\t\t\t\t\t<div class=\"m-cegCarousel__captionCnt m-cegCaption\">\n\t\t\t\t\t\t<span class=\"m-cegCaption__thumbIcon a-cegThumbIcon _ce_measure_widget _ce_measure_link\"\n\t\t\t\t\t\t\t  data-ce-measure-widget=\"thumbnails-btn\"\n\t\t\t\t\t\t\t  data-ce-measure-widget=\"gallery-thumbnails\"><i class=\" fa fa-th-large\"><\/i><\/span>\n\t\t\t\t\t\t<span class=\"m-cegCaption__pagination a-cegPagination\">\n\t\t\t\t\t\t\t<span class=\"a-cegPagination__current\">1<\/span>\/4\t\t\t\t\t\t<\/span>\n\t\t\t\t\t\t<span class=\"m-cegCaption__caption\">Foto\u030112 Piknik<\/span>\n\t\t\t\t\t<\/div>\n\n\t\t\t\t\t<!-- Image description -->\n\t\t\t\t\t<div class=\"m-cegCarousel__desc a-cegDesc\"><\/div>\n\n\t\t\t\t\t<!-- Image social share icons -->\n\t\t\t\t\t<div class=\"m-cegCarousel__socialCnt m-cegSocial\">\n\t\t\t\t\t\t<span class=\"m-cegSocial__text\">Fot\u00f3 megoszt\u00e1sa:<\/span><span class=\"m-cegSocial__iconWrap\"><span class=\"m-cegSocial__icon -facebook _ce_measure_link _ce_measure_widget\" data-ce-measure-widget=\"facebookGallery-btn\"><i class=\"fab fa-facebook-f\"><\/i><\/span><span class=\"m-cegSocial__icon -pinterest _ce_measure_link _ce_measure_widget\" data-ce-measure-widget=\"printeresGallery-btn\"><i class=\"fab fa-pinterest-p\"><\/i><\/span><span class=\"m-cegSocial__icon -email _ce_measure_link _ce_measure_widget\" data-ce-measure-widget=\"emailGallery-btn\"><i class=\"far fa-envelope\"><\/i><\/span><span class=\"m-cegSocial__icon -clipboard _ce_measure_link _ce_measure_widget\" data-ce-measure-widget=\"clipboardGallery-btn\"><i class=\"fa fa-link\"><\/i><\/span><\/span>\t\t\t\t\t<\/div>\n\t\t\t\t<\/div>\n\t\t\t\t\t\t\t\n\t\t\t\t<div\n\t\t\t\t\tclass=\"m-cegCarousel__item\"\n\t\t\t\t\tdata-type=\"image\"\n\t\t\t\t\tdata-id=\"3\/2\/Foto\u030113-Achberg-kaste\u0301ly\"\n\t\t\t\t\tdata-image-url=\"https:\/\/www.startlap.hu\/utazas\/uploads\/sites\/3\/2024\/06\/Foto\u030113-Achberg-kaste\u0301ly.jpg\"\n\t\t\t\t\tdata-title=\"Foto\u030113 Achberg kaste\u0301ly\"\n\t\t\t\t\tdata-desc=\"\">\n\n\t\t\t\t\t<!-- image -->\n\t\t\t\t\t<div class=\"m-cegCarousel__floatingCnt\">\n\t\t\t\t\t\t<img decoding=\"async\" src=\"https:\/\/www.startlap.hu\/utazas\/uploads\/sites\/3\/2024\/06\/Foto\u030113-Achberg-kaste\u0301ly.jpg\" class=\"m-cegCarousel__image\" alt=\"Achberg kaste\u0301ly\" \/>\t\t\t\t\t\t<span class=\"fa m-cegCarousel__zoom _ce_measure_link _ce_measure_widget\" data-ce-measure-widget=\"gallery-zoom-btn\"><\/span>\n\t\t\t\t\t<\/div>\n\n\t\t\t\t\t<!-- thumb icon \/ counter, caption  -->\n\t\t\t\t\t<div class=\"m-cegCarousel__captionCnt m-cegCaption\">\n\t\t\t\t\t\t<span class=\"m-cegCaption__thumbIcon a-cegThumbIcon _ce_measure_widget _ce_measure_link\"\n\t\t\t\t\t\t\t  data-ce-measure-widget=\"thumbnails-btn\"\n\t\t\t\t\t\t\t  data-ce-measure-widget=\"gallery-thumbnails\"><i class=\" fa fa-th-large\"><\/i><\/span>\n\t\t\t\t\t\t<span class=\"m-cegCaption__pagination a-cegPagination\">\n\t\t\t\t\t\t\t<span class=\"a-cegPagination__current\">2<\/span>\/4\t\t\t\t\t\t<\/span>\n\t\t\t\t\t\t<span class=\"m-cegCaption__caption\">Foto\u030113 Achberg kaste\u0301ly<\/span>\n\t\t\t\t\t<\/div>\n\n\t\t\t\t\t<!-- Image description -->\n\t\t\t\t\t<div class=\"m-cegCarousel__desc a-cegDesc\"><\/div>\n\n\t\t\t\t\t<!-- Image social share icons -->\n\t\t\t\t\t<div class=\"m-cegCarousel__socialCnt m-cegSocial\">\n\t\t\t\t\t\t<span class=\"m-cegSocial__text\">Fot\u00f3 megoszt\u00e1sa:<\/span><span class=\"m-cegSocial__iconWrap\"><span class=\"m-cegSocial__icon -facebook _ce_measure_link _ce_measure_widget\" data-ce-measure-widget=\"facebookGallery-btn\"><i class=\"fab fa-facebook-f\"><\/i><\/span><span class=\"m-cegSocial__icon -pinterest _ce_measure_link _ce_measure_widget\" data-ce-measure-widget=\"printeresGallery-btn\"><i class=\"fab fa-pinterest-p\"><\/i><\/span><span class=\"m-cegSocial__icon -email _ce_measure_link _ce_measure_widget\" data-ce-measure-widget=\"emailGallery-btn\"><i class=\"far fa-envelope\"><\/i><\/span><span class=\"m-cegSocial__icon -clipboard _ce_measure_link _ce_measure_widget\" data-ce-measure-widget=\"clipboardGallery-btn\"><i class=\"fa fa-link\"><\/i><\/span><\/span>\t\t\t\t\t<\/div>\n\t\t\t\t<\/div>\n\t\t\t\t\t\t\t\n\t\t\t\t<div\n\t\t\t\t\tclass=\"m-cegCarousel__item\"\n\t\t\t\t\tdata-type=\"image\"\n\t\t\t\t\tdata-id=\"3\/3\/Foto\u030114-Piknik-a-kaste\u0301lyna\u0301l\"\n\t\t\t\t\tdata-image-url=\"https:\/\/www.startlap.hu\/utazas\/uploads\/sites\/3\/2024\/06\/Foto\u030114-Piknik-a-kaste\u0301lyna\u0301l.jpg\"\n\t\t\t\t\tdata-title=\"Foto\u030114 Piknik a kaste\u0301lyna\u0301l\"\n\t\t\t\t\tdata-desc=\"\">\n\n\t\t\t\t\t<!-- image -->\n\t\t\t\t\t<div class=\"m-cegCarousel__floatingCnt\">\n\t\t\t\t\t\t<img decoding=\"async\" src=\"https:\/\/www.startlap.hu\/utazas\/uploads\/sites\/3\/2024\/06\/Foto\u030114-Piknik-a-kaste\u0301lyna\u0301l.jpg\" class=\"m-cegCarousel__image\" alt=\"Piknik az Achberg-kaste\u0301lyn\u00e1l\" \/>\t\t\t\t\t\t<span class=\"fa m-cegCarousel__zoom _ce_measure_link _ce_measure_widget\" data-ce-measure-widget=\"gallery-zoom-btn\"><\/span>\n\t\t\t\t\t<\/div>\n\n\t\t\t\t\t<!-- thumb icon \/ counter, caption  -->\n\t\t\t\t\t<div class=\"m-cegCarousel__captionCnt m-cegCaption\">\n\t\t\t\t\t\t<span class=\"m-cegCaption__thumbIcon a-cegThumbIcon _ce_measure_widget _ce_measure_link\"\n\t\t\t\t\t\t\t  data-ce-measure-widget=\"thumbnails-btn\"\n\t\t\t\t\t\t\t  data-ce-measure-widget=\"gallery-thumbnails\"><i class=\" fa fa-th-large\"><\/i><\/span>\n\t\t\t\t\t\t<span class=\"m-cegCaption__pagination a-cegPagination\">\n\t\t\t\t\t\t\t<span class=\"a-cegPagination__current\">3<\/span>\/4\t\t\t\t\t\t<\/span>\n\t\t\t\t\t\t<span class=\"m-cegCaption__caption\">Foto\u030114 Piknik a kaste\u0301lyna\u0301l<\/span>\n\t\t\t\t\t<\/div>\n\n\t\t\t\t\t<!-- Image description -->\n\t\t\t\t\t<div class=\"m-cegCarousel__desc a-cegDesc\"><\/div>\n\n\t\t\t\t\t<!-- Image social share icons -->\n\t\t\t\t\t<div class=\"m-cegCarousel__socialCnt m-cegSocial\">\n\t\t\t\t\t\t<span class=\"m-cegSocial__text\">Fot\u00f3 megoszt\u00e1sa:<\/span><span class=\"m-cegSocial__iconWrap\"><span class=\"m-cegSocial__icon -facebook _ce_measure_link _ce_measure_widget\" data-ce-measure-widget=\"facebookGallery-btn\"><i class=\"fab fa-facebook-f\"><\/i><\/span><span class=\"m-cegSocial__icon -pinterest _ce_measure_link _ce_measure_widget\" data-ce-measure-widget=\"printeresGallery-btn\"><i class=\"fab fa-pinterest-p\"><\/i><\/span><span class=\"m-cegSocial__icon -email _ce_measure_link _ce_measure_widget\" data-ce-measure-widget=\"emailGallery-btn\"><i class=\"far fa-envelope\"><\/i><\/span><span class=\"m-cegSocial__icon -clipboard _ce_measure_link _ce_measure_widget\" data-ce-measure-widget=\"clipboardGallery-btn\"><i class=\"fa fa-link\"><\/i><\/span><\/span>\t\t\t\t\t<\/div>\n\t\t\t\t<\/div>\n\t\t\t\t\t\t\t\t\t\t\t\t<div\n\t\t\t\t\t\tclass=\"m-cegCarousel__item -banner\"\n\t\t\t\t\t\tdata-type=\"banner\"\n\t\t\t\t\t\tdata-id=\"3\/4\/banner\"\n\t\t\t\t\t\tdata-image-url=\"\"\n\t\t\t\t\t\tdata-title=\"\"\n\t\t\t\t\t\tdata-desc=\"\">\n\n\t\t\t\t\t\t<div class=\"m-cegCarousel__floatingCnt banner-container gallery-content010\"><\/div>\n\n\t\t\t\t\t<\/div>\n\t\t\t\t\t\t\t\t\t\t<\/div>\n\t\t<div class=\"m-cegLayer__thumbnails m-cegThumbList _ce_measure_widget\" data-ce-measure-widget=\"gallery-thumb-list\">\n\t\t\t\t\t\t\t\t\t\t\t<div class=\"m-cegThumbList__item\"\n\t\t\t\t\tdata-id=\"3\/1\/Foto\u030112-Piknik\"\n\t\t\t\t\tdata-index=\"0\">\n\t\t\t\t\t<img decoding=\"async\" src=\"https:\/\/www.startlap.hu\/utazas\/uploads\/sites\/3\/2024\/06\/Foto\u030112-Piknik.jpg\" class=\"m-cegThumbList__image _ce_measure_link\" alt=\"Achberg kaste\u0301lyn\u00e1l piknik\" \/>\t\t\t\t<\/div>\n\t\t\t\t\t\t\t\t\t\t\t<div class=\"m-cegThumbList__item\"\n\t\t\t\t\tdata-id=\"3\/2\/Foto\u030113-Achberg-kaste\u0301ly\"\n\t\t\t\t\tdata-index=\"1\">\n\t\t\t\t\t<img decoding=\"async\" src=\"https:\/\/www.startlap.hu\/utazas\/uploads\/sites\/3\/2024\/06\/Foto\u030113-Achberg-kaste\u0301ly.jpg\" class=\"m-cegThumbList__image _ce_measure_link\" alt=\"Achberg kaste\u0301ly\" \/>\t\t\t\t<\/div>\n\t\t\t\t\t\t\t\t\t\t\t<div class=\"m-cegThumbList__item\"\n\t\t\t\t\tdata-id=\"3\/3\/Foto\u030114-Piknik-a-kaste\u0301lyna\u0301l\"\n\t\t\t\t\tdata-index=\"2\">\n\t\t\t\t\t<img decoding=\"async\" src=\"https:\/\/www.startlap.hu\/utazas\/uploads\/sites\/3\/2024\/06\/Foto\u030114-Piknik-a-kaste\u0301lyna\u0301l.jpg\" class=\"m-cegThumbList__image _ce_measure_link\" alt=\"Piknik az Achberg-kaste\u0301lyn\u00e1l\" \/>\t\t\t\t<\/div>\n\t\t\t\t\t\t\t\t\t<\/div>\n\t<\/div>\n\t<div class=\"m-cegLayer__sidebar m-cegSidebar _ce_measure_widget\" data-ce-measure-widget=\"gallery-sidebar\">\n\n\t\t<div class=\"m-cegSidebar__desc a-cegDesc _ce_measure_widget\" data-ce-measure-widget=\"gallery-desc\"><\/div>\n\n\t\t<div class=\"m-cegSidebar__socialCnt m-cegSocial -sidebar _ce_measure_widget\" data-ce-measure-widget=\"gallery-social\">\n\t\t\t<span class=\"m-cegSocial__text\">Fot\u00f3 megoszt\u00e1sa:<\/span><span class=\"m-cegSocial__iconWrap\"><span class=\"m-cegSocial__icon -facebook _ce_measure_link _ce_measure_widget\" data-ce-measure-widget=\"facebookGallery-btn\"><i class=\"fab fa-facebook-f\"><\/i><\/span><span class=\"m-cegSocial__icon -pinterest _ce_measure_link _ce_measure_widget\" data-ce-measure-widget=\"printeresGallery-btn\"><i class=\"fab fa-pinterest-p\"><\/i><\/span><span class=\"m-cegSocial__icon -email _ce_measure_link _ce_measure_widget\" data-ce-measure-widget=\"emailGallery-btn\"><i class=\"far fa-envelope\"><\/i><\/span><span class=\"m-cegSocial__icon -clipboard _ce_measure_link _ce_measure_widget\" data-ce-measure-widget=\"clipboardGallery-btn\"><i class=\"fa fa-link\"><\/i><\/span><\/span>\t\t<\/div>\n\n\t\t<div class=\"gallery-right010 banner-container\"><\/div>\n\t\t<div class=\"gallery-right020 banner-container\"><\/div>\n\n\t<\/div>\n<\/div>\n\t<\/div>\n\n\t<script>\n\t\tjQuery(function () {\n\t\t\tvar id = '#cegPostCnt_3';\n\t\t\tjQuery( id ).articleGallery({\n\t\t\t\tonChanged: function (event) {\n\t\t\t\t\t\tthis.renderSidebarCTS( 'gallery-right010' );\n\t\t\t\t\t\tthis.renderSidebarCTS( 'gallery-right020' );\n\t\t\t\t\t\tthis.renderBannerSlideCTS(  event,\n\t\t\t\t\t\t\t\t\t\t\t\t\t[\n\t\t\t\t\t\t\t\t\t\t\t\t\t\t'gallery-content010',\n\t\t\t\t\t\t\t\t\t\t\t\t\t\t'gallery-content020',\n\t\t\t\t\t\t\t\t\t\t\t\t\t\t'gallery-content030'\n\t\t\t\t\t\t\t\t\t\t\t\t\t]);\n\t\t\t\t}\n\t\t\t});\n\t\t});\n\t<\/script>\t\n<h2>Naplemente a Pf\u00e4nderr\u0151l t\u00f3val \u00e9s hegyekkel<\/h2>\n<p>Ha m\u00e1r Allg\u00e4uban j\u00e1runk, akkor, \u00fagy hiszem, nem lesz hi\u00e1ny olyan dombos helyekben, ahonnan az Alpok cs\u00facsait festi meg a lemen\u0151 nap. Ha viszont sz\u00edvesen megn\u00e9zn\u00e9k azt is, ahogy a Bodeni-t\u00f3 nyugati v\u00e9g\u00e9ben elt\u0171nik a nap, akkor \u00e9rdemes \u00e1tmenni Ausztri\u00e1ba \u00e9s felm\u00e1szni vagy felvon\u00f3val fellibegni a <strong>Bregenz v\u00e1rosa mellett tal\u00e1lhat\u00f3 Pf\u00e4nderre.<\/strong> A v\u00e1rosb\u00f3l indul a felvon\u00f3 a hegyre, az 1064 m\u00e9ter magass\u00e1gban fekv\u0151 kil\u00e1t\u00f3hoz, ahonnan legjobb gyalog visszat\u00e9rni Bregenzbe, mert \u00edgy k\u00f6zelr\u0151l is szem\u00fcgyre vehetj\u00fck az Alpok el\u0151szob\u00e1jak\u00e9nt is emlegetett vid\u00e9ket.&nbsp;<\/p>\n<figure id=\"attachment_73339\" aria-describedby=\"caption-attachment-73339\" style=\"width: 755px\" class=\"wp-caption alignnone\"><img loading=\"lazy\" decoding=\"async\" class=\"size-article-size-large-image wp-image-73339\" src=\"https:\/\/www.startlap.hu\/utazas\/uploads\/sites\/3\/2024\/06\/Foto\u030115-Kila\u0301ta\u0301s-a-Pfa\u0308nderro\u030bl-755x566.jpg\" alt=\"Kil\u00e1t\u00e1s a Pfa\u0308nderro\u030bl\" width=\"755\" height=\"566\" srcset=\"https:\/\/www.startlap.hu\/utazas\/uploads\/sites\/3\/2024\/06\/Foto\u030115-Kila\u0301ta\u0301s-a-Pfa\u0308nderro\u030bl-755x566.jpg 755w, https:\/\/www.startlap.hu\/utazas\/uploads\/sites\/3\/2024\/06\/Foto\u030115-Kila\u0301ta\u0301s-a-Pfa\u0308nderro\u030bl-85x65.jpg 85w, https:\/\/www.startlap.hu\/utazas\/uploads\/sites\/3\/2024\/06\/Foto\u030115-Kila\u0301ta\u0301s-a-Pfa\u0308nderro\u030bl-467x350.jpg 467w, https:\/\/www.startlap.hu\/utazas\/uploads\/sites\/3\/2024\/06\/Foto\u030115-Kila\u0301ta\u0301s-a-Pfa\u0308nderro\u030bl.JPG 1280w\" sizes=\"auto, (max-width: 755px) 100vw, 755px\" \/><figcaption id=\"caption-attachment-73339\" class=\"wp-caption-text\">Kil\u00e1t\u00e1s a Pfa\u0308nderro\u030bl<\/figcaption><\/figure>\n<p>Isny im Allg\u00e4u, ahol a magyar focicsapatot elsz\u00e1ll\u00e1solj\u00e1k a labdar\u00fag\u00f3 Eur\u00f3pa-bajnoks\u00e1g ideje alatt, jobb helyen nem is fekhetne. Aki ide \u00e9rkezik, annak csak az lesz a k\u00e9rd\u00e9s, hogy mit hagyjon ki id\u0151 hi\u00e1ny\u00e1ban a l\u00e1tnival\u00f3k tucatjaib\u00f3l.<\/p>\n<p>A k\u00f6rny\u00e9k k\u00f6nnyen megk\u00f6zel\u00edthet\u0151 a m\u00fcncheni \u00e9s memmingeni rept\u00e9rr\u0151l, de \u00e9rkezhet\u00fcnk a <strong>Budapestr\u0151l indul\u00f3 Railjet vonatok egyik\u00e9vel Bregenzbe is<\/strong>, vagy a <strong>Z\u00fcrichbe tart\u00f3 vonatr\u00f3l Feldkirchben lesz\u00e1llva juthatunk el Allg\u00e4uba<\/strong>.<\/p>\n<p><iframe loading=\"lazy\" width=\"640\" height=\"480\" src=\"https:\/\/www.google.com\/maps\/d\/embed?mid=1C-7J9lzYSnBoekSODwtWgMsCYipQYIw&amp;ehbc=2E312F\"><\/iframe><\/p>\n<p>Sz\u00e1ll\u00e1st k\u00edn\u00e1l a vid\u00e9ken milli\u00f3 kis hotel, panzi\u00f3, de apartmanokat is tal\u00e1lhatunk. Seg\u00edts\u00e9g\u00fcnkre lehet <a href=\"https:\/\/www.allgaeu.de\/\" target=\"_blank\" target=\"_blank\" rel=\"noopener noreferrer\">ez az oldal<\/a>, \u00e9s sz\u00edvb\u0151l aj\u00e1nlom a <a href=\"https:\/\/bagotunde.com\/bodeni-to\/\" target=\"_blank\" target=\"_blank\" rel=\"noopener noreferrer\">Bodeni-t\u00f3<\/a> k\u00f6rny\u00e9k\u00e9t is.&nbsp;<\/p>\n<p>A fot\u00f3kat dr. Szalai Kriszti\u00e1n az \u00c9let s\u00f3ja blog fot\u00f3sa k\u00e9sz\u00edtette.<\/p>\n<div class=\"o-widget m-readMoreWidget -readMore u-shortDecorLineAfter row widget-container _ce_measure_widget bigdata-widget read-more\" data-ce-measure-widget=\"olvass tov\u00e1bb\">\n\t<div class=\"m-readMoreWidget__imgWrapper image-wrapper col-12 col-md-4 no-p\">\n\t\t<a class=\"m-readMoreWidget__imgLink\" href=\"https:\/\/www.startlap.hu\/utazas\/zadar-latnivaloi-horvatorszag-tengerpart-nyaralas-2024\/\" >\n\t\t\t<img decoding=\"async\" src=\"https:\/\/www.startlap.hu\/utazas\/uploads\/sites\/3\/2024\/05\/Zadar-2-350x285.jpg\" class=\"m-readMoreWidget__img\">\n\t\t<\/a>\n\t<\/div>\n\t<div class=\"m-readMoreWidget__titleWrapper title-wrapper col-12 col-md-8\">\n\t\t<span class=\"m-readMoreWidget__titleLabel u-shortDecorLineBefore label hidden-sm-up\">Ez is \u00e9rdekelhet:<\/span>\n\t\t<h3 class=\"m-readMoreWidget__title title\">\n\t\t\t<a class=\"m-readMoreWidget__titleLink -secondFont u-bold u-upperCase\" href=\"https:\/\/www.startlap.hu\/utazas\/zadar-latnivaloi-horvatorszag-tengerpart-nyaralas-2024\/\" >Zadar gy\u00f6ny\u00f6r\u0171 naplement\u00e9kkel v\u00e1r a horv\u00e1t tengerparton<\/a>\n\t\t<\/h3>\n\t\t<a class=\"m-readMoreWidget__btn -coloredBack u-tC link\" href=\"https:\/\/www.startlap.hu\/utazas\/zadar-latnivaloi-horvatorszag-tengerpart-nyaralas-2024\/\" >Elolvasom<\/a>\n\t<\/div>\n<\/div>\n","protected":false},"excerpt":{"rendered":"<p>N\u00e9h\u00e1ny nap \u00e9s kit\u00f6r a focil\u00e1z, hiszen megkezd\u0151dik a labdar\u00fag\u00f3 Eur\u00f3pa-bajnoks\u00e1g N\u00e9metorsz\u00e1gban. A magyar csapat hamarosan nyugat-allg\u00e4ui sz\u00e1ll\u00e1shely\u00e9re \u00e9rkezik, ahol nemcsak a dombos vid\u00e9k leveg\u0151je, hanem az Alpok l\u00e1tv\u00e1nya \u00e9s a Bodeni-t\u00f3 k\u00e9kje is seg\u00edti \u0151ket a meccsek el\u0151tti relax\u00e1ci\u00f3ban.<\/p>\n","protected":false},"author":18,"featured_media":73458,"comment_status":"closed","ping_status":"closed","sticky":false,"template":"","format":"standard","meta":{"footnotes":""},"categories":[70],"tags":[9117,193],"class_list":["post-73320","post","type-post","status-publish","format-standard","has-post-thumbnail","hentry","category-vilag","tag-foci-eb-2024","tag-nemetorszag"],"aioseo_notices":[],"_links":{"self":[{"href":"https:\/\/www.startlap.hu\/utazas\/wp-json\/wp\/v2\/posts\/73320","targetHints":{"allow":["GET"]}}],"collection":[{"href":"https:\/\/www.startlap.hu\/utazas\/wp-json\/wp\/v2\/posts"}],"about":[{"href":"https:\/\/www.startlap.hu\/utazas\/wp-json\/wp\/v2\/types\/post"}],"author":[{"embeddable":true,"href":"https:\/\/www.startlap.hu\/utazas\/wp-json\/wp\/v2\/users\/18"}],"replies":[{"embeddable":true,"href":"https:\/\/www.startlap.hu\/utazas\/wp-json\/wp\/v2\/comments?post=73320"}],"version-history":[{"count":10,"href":"https:\/\/www.startlap.hu\/utazas\/wp-json\/wp\/v2\/posts\/73320\/revisions"}],"predecessor-version":[{"id":73771,"href":"https:\/\/www.startlap.hu\/utazas\/wp-json\/wp\/v2\/posts\/73320\/revisions\/73771"}],"wp:featuredmedia":[{"embeddable":true,"href":"https:\/\/www.startlap.hu\/utazas\/wp-json\/wp\/v2\/media\/73458"}],"wp:attachment":[{"href":"https:\/\/www.startlap.hu\/utazas\/wp-json\/wp\/v2\/media?parent=73320"}],"wp:term":[{"taxonomy":"category","embeddable":true,"href":"https:\/\/www.startlap.hu\/utazas\/wp-json\/wp\/v2\/categories?post=73320"},{"taxonomy":"post_tag","embeddable":true,"href":"https:\/\/www.startlap.hu\/utazas\/wp-json\/wp\/v2\/tags?post=73320"}],"curies":[{"name":"wp","href":"https:\/\/api.w.org\/{rel}","templated":true}]}}