{"id":73106,"date":"2024-05-28T12:32:50","date_gmt":"2024-05-28T10:32:50","guid":{"rendered":"https:\/\/www.startlap.hu\/utazas\/?p=73106"},"modified":"2024-05-28T12:32:50","modified_gmt":"2024-05-28T10:32:50","slug":"budapest-duna-szalloda-mesterseges-laguna","status":"publish","type":"post","link":"https:\/\/www.startlap.hu\/utazas\/budapest-duna-szalloda-mesterseges-laguna\/","title":{"rendered":"Mesters\u00e9ges lag\u00fana \u00e9p\u00fcl Budapesten &#8211; itt vannak a l\u00e1tv\u00e1nytervek"},"content":{"rendered":"<p>B\u0151v\u00edti magyarorsz\u00e1gi jelenl\u00e9t\u00e9t az Accor, melynek keret\u00e9ben <strong>Swiss\u00f4tel Budapest Lagoon<\/strong> n\u00e9ven \u00faj sz\u00e1llod\u00e1t nyit \u2013 \u00edrja a c\u00e9gcsoport k\u00f6zlem\u00e9ny\u00e9re hivatkozva a <a href=\"https:\/\/www.hirstart.hu\/site\/relocate.php?rssid=34&amp;rsspid=3&amp;ctype=rss&amp;id=30398659&amp;chk=81b3556259fd1c3051f4cde8202cc2ec&amp;url=https%3A%2F%2Fwww.portfolio.hu%2Fingatlan%2F20240528%2Fmesterseges-lagunat-alakit-ki-a-duna-parton-legujabb-szallodajahoz-egy-svajci-ingatlanfejleszto-688465%3Futm_source%3Dhirstart%26utm_medium%3Dportfolio_linkek%26utm_campaign%3Dhiraggregator\" target=\"_blank\" target=\"_blank\" rel=\"noopener noreferrer\">Portfolio<\/a>.<\/p>\n<figure id=\"attachment_73107\" aria-describedby=\"caption-attachment-73107\" style=\"width: 755px\" class=\"wp-caption alignnone\"><img loading=\"lazy\" decoding=\"async\" class=\"size-article-size-large-image wp-image-73107\" src=\"https:\/\/www.startlap.hu\/utazas\/uploads\/sites\/3\/2024\/05\/laguna-budapest-01-755x408.jpg\" alt=\"Mesters\u00e9ges lag\u00fana l\u00e1tv\u00e1nyterve Budapesten.\" width=\"755\" height=\"408\" srcset=\"https:\/\/www.startlap.hu\/utazas\/uploads\/sites\/3\/2024\/05\/laguna-budapest-01-755x408.jpg 755w, https:\/\/www.startlap.hu\/utazas\/uploads\/sites\/3\/2024\/05\/laguna-budapest-01-647x350.jpg 647w, https:\/\/www.startlap.hu\/utazas\/uploads\/sites\/3\/2024\/05\/laguna-budapest-01.jpg 1352w\" sizes=\"auto, (max-width: 755px) 100vw, 755px\" \/><figcaption id=\"caption-attachment-73107\" class=\"wp-caption-text\">Forr\u00e1s: <a href=\"https:\/\/razvanbarsan.com\/\" target=\"_blank\" target=\"_blank\" target=\"_blank\" rel=\"noopener noreferrer\">Razvan Barsan + Partners<\/a><\/figcaption><\/figure>\n<p>A <a href=\"https:\/\/www.startlap.hu\/utazas\/becs-szabadstrand-furdes\/\" target=\"_blank\" rel=\"noopener noreferrer\">Duna<\/a>-parti sz\u00e1lloda a tervek szerint 2028-ban ny\u00edlik meg, 200 szob\u00e1t \u00e9s apartmant foglal mag\u00e1ban.<\/p>\n<blockquote class=\"article__extraTxt\"><p>A hotel k\u00f6rbeveszi majd a t\u00edzezer n\u00e9gyzetm\u00e9ter v\u00edzfel\u00fclet\u0171 \u00e9s 3500 n\u00e9gyzetm\u00e9teres homokos stranddal is rendelkez\u0151 mesters\u00e9ges lag\u00fan\u00e1t.<\/p><\/blockquote>\n<p>Szint\u00e9n szerepel a tervek k\u00f6z\u00f6tt, hogy a hotel melletti szab\u00e1lyozott v\u00edzh\u0151m\u00e9rs\u00e9klet\u0171 mag\u00e1nstrandot telente korcsolyap\u00e1ly\u00e1v\u00e1 alak\u00edtj\u00e1k.<\/p>\n<figure id=\"attachment_73108\" aria-describedby=\"caption-attachment-73108\" style=\"width: 755px\" class=\"wp-caption alignnone\"><img loading=\"lazy\" decoding=\"async\" class=\"size-article-size-large-image wp-image-73108\" src=\"https:\/\/www.startlap.hu\/utazas\/uploads\/sites\/3\/2024\/05\/laguna-budapest-04-755x408.jpg\" alt=\"Mesters\u00e9ges lag\u00fana \u00e9s sz\u00e1lloda l\u00e1tv\u00e1nyterve Budapesten.\" width=\"755\" height=\"408\" srcset=\"https:\/\/www.startlap.hu\/utazas\/uploads\/sites\/3\/2024\/05\/laguna-budapest-04-755x408.jpg 755w, https:\/\/www.startlap.hu\/utazas\/uploads\/sites\/3\/2024\/05\/laguna-budapest-04-647x350.jpg 647w, https:\/\/www.startlap.hu\/utazas\/uploads\/sites\/3\/2024\/05\/laguna-budapest-04.jpg 1393w\" sizes=\"auto, (max-width: 755px) 100vw, 755px\" \/><figcaption id=\"caption-attachment-73108\" class=\"wp-caption-text\">Forr\u00e1s: <a href=\"https:\/\/razvanbarsan.com\/\" target=\"_blank\" target=\"_blank\" target=\"_blank\" rel=\"noopener noreferrer\">Razvan Barsan + Partners<\/a><\/figcaption><\/figure>\n<p>A projekt a Duna egyik mell\u00e9k\u00e1g\u00e1nak keleti partj\u00e1n, Pesterzs\u00e9beten, egy kor\u00e1bbi ipari ter\u00fclet \u00e1talak\u00edt\u00e1s\u00e1val val\u00f3sul meg.<\/p>\n<div class=\"o-widget m-readMoreWidget -readMore u-shortDecorLineAfter row widget-container _ce_measure_widget bigdata-widget read-more\" data-ce-measure-widget=\"olvass tov\u00e1bb\">\n\t<div class=\"m-readMoreWidget__imgWrapper image-wrapper col-12 col-md-4 no-p\">\n\t\t<a class=\"m-readMoreWidget__imgLink\" href=\"https:\/\/www.startlap.hu\/utazas\/visegrad-asatas-szobor\/\" >\n\t\t\t<img decoding=\"async\" src=\"https:\/\/www.startlap.hu\/utazas\/uploads\/sites\/3\/2024\/05\/oltar_marvany-350x285.jpg\" class=\"m-readMoreWidget__img\">\n\t\t<\/a>\n\t<\/div>\n\t<div class=\"m-readMoreWidget__titleWrapper title-wrapper col-12 col-md-8\">\n\t\t<span class=\"m-readMoreWidget__titleLabel u-shortDecorLineBefore label hidden-sm-up\">Ez is \u00e9rdekelhet:<\/span>\n\t\t<h3 class=\"m-readMoreWidget__title title\">\n\t\t\t<a class=\"m-readMoreWidget__titleLink -secondFont u-bold u-upperCase\" href=\"https:\/\/www.startlap.hu\/utazas\/visegrad-asatas-szobor\/\" >Soha nem l\u00e1tott m\u0171alkot\u00e1s ker\u00fclt el\u0151 a f\u00f6ldb\u0151l Visegr\u00e1dn\u00e1l<\/a>\n\t\t<\/h3>\n\t\t<a class=\"m-readMoreWidget__btn -coloredBack u-tC link\" href=\"https:\/\/www.startlap.hu\/utazas\/visegrad-asatas-szobor\/\" >Elolvasom<\/a>\n\t<\/div>\n<\/div>\n","protected":false},"excerpt":{"rendered":"<p>A lag\u00fan\u00e1t a Duna-parton hozz\u00e1k l\u00e9tre egy \u00faj, \u00e9p\u00fcl\u0151 sz\u00e1lloda mellett.<\/p>\n","protected":false},"author":7,"featured_media":73107,"comment_status":"closed","ping_status":"closed","sticky":false,"template":"","format":"standard","meta":{"footnotes":""},"categories":[7],"tags":[23,20,8014,1082],"class_list":["post-73106","post","type-post","status-publish","format-standard","has-post-thumbnail","hentry","category-belfold-utazas","tag-budapest","tag-duna","tag-laguna","tag-szalloda"],"aioseo_notices":[],"_links":{"self":[{"href":"https:\/\/www.startlap.hu\/utazas\/wp-json\/wp\/v2\/posts\/73106","targetHints":{"allow":["GET"]}}],"collection":[{"href":"https:\/\/www.startlap.hu\/utazas\/wp-json\/wp\/v2\/posts"}],"about":[{"href":"https:\/\/www.startlap.hu\/utazas\/wp-json\/wp\/v2\/types\/post"}],"author":[{"embeddable":true,"href":"https:\/\/www.startlap.hu\/utazas\/wp-json\/wp\/v2\/users\/7"}],"replies":[{"embeddable":true,"href":"https:\/\/www.startlap.hu\/utazas\/wp-json\/wp\/v2\/comments?post=73106"}],"version-history":[{"count":3,"href":"https:\/\/www.startlap.hu\/utazas\/wp-json\/wp\/v2\/posts\/73106\/revisions"}],"predecessor-version":[{"id":73111,"href":"https:\/\/www.startlap.hu\/utazas\/wp-json\/wp\/v2\/posts\/73106\/revisions\/73111"}],"wp:featuredmedia":[{"embeddable":true,"href":"https:\/\/www.startlap.hu\/utazas\/wp-json\/wp\/v2\/media\/73107"}],"wp:attachment":[{"href":"https:\/\/www.startlap.hu\/utazas\/wp-json\/wp\/v2\/media?parent=73106"}],"wp:term":[{"taxonomy":"category","embeddable":true,"href":"https:\/\/www.startlap.hu\/utazas\/wp-json\/wp\/v2\/categories?post=73106"},{"taxonomy":"post_tag","embeddable":true,"href":"https:\/\/www.startlap.hu\/utazas\/wp-json\/wp\/v2\/tags?post=73106"}],"curies":[{"name":"wp","href":"https:\/\/api.w.org\/{rel}","templated":true}]}}