{"id":73085,"date":"2024-05-27T17:35:37","date_gmt":"2024-05-27T15:35:37","guid":{"rendered":"https:\/\/www.startlap.hu\/utazas\/?p=73085"},"modified":"2024-05-27T17:41:34","modified_gmt":"2024-05-27T15:41:34","slug":"zemplen-kalandpark-fuggohid-atado","status":"publish","type":"post","link":"https:\/\/www.startlap.hu\/utazas\/zemplen-kalandpark-fuggohid-atado\/","title":{"rendered":"Bel\u00e9p\u0151d\u00edjas lesz a magyar \u00fcvegh\u00edd, ennyit kell fizetni majd"},"content":{"rendered":"<p>A Zempl\u00e9n Kalandpark bejelentette, hogy 2024. j\u00fanius 4-\u00e9n felavatj\u00e1k a <strong><a href=\"https:\/\/www.startlap.hu\/utazas\/friss-kepeken-a-nemzeti-osszetartozas-hidja\/\" target=\"_blank\" rel=\"noopener noreferrer\">Nemzeti \u00d6sszetartoz\u00e1s H\u00eddj\u00e1t<\/a><\/strong>. A park Facebook-bejegyz\u00e9sben \u00e1rulta el , hogy az \u00fcvegh\u00eddra a bel\u00e9p\u0151 5000 forintban fog ker\u00fclni &#8211; sz\u00farta ki a <strong><a href=\"https:\/\/www.hirstart.hu\/site\/relocate.php?rssid=346&amp;rsspid=3&amp;ctype=rss&amp;id=30385279&amp;chk=48dc11d57b53f31392f1ee91babca939&amp;url=https%3A%2F%2F444.hu%2F2024%2F05%2F27%2F5000-forint-lesz-a-satoraljaujhelyi-nemzeti-osszetartozas-hidjara-a-belepo%3Futm_source%3Dhirstart%26utm_medium%3Dreferral%26utm_campaign%3Dct\" target=\"_blank\" target=\"_blank\" rel=\"noopener noreferrer\">444 hu.<\/a><\/strong><\/p>\n<p>Ugyanakkor a <strong>megnyit\u00f3 \u00fcnneps\u00e9g z\u00e1rtk\u00f6r\u0171 lesz, \u00e9s csak n\u00e9h\u00e1ny kiv\u00e1lasztott<\/strong> vehet majd r\u00e9szt rajta. A helyieknek is csak m\u00e1snap lesz lehet\u0151s\u00e9g\u00fck megtapasztalni, milyen \u00e9lm\u00e9nyt is ny\u00fajt az \u00fcvegh\u00edd, amely 4 milli\u00e1rd 98 milli\u00f3 forintos t\u00e1mogat\u00e1sb\u00f3l \u00e9p\u00fclt meg.<\/p>\n<figure id=\"attachment_73088\" aria-describedby=\"caption-attachment-73088\" style=\"width: 755px\" class=\"wp-caption alignnone\"><img loading=\"lazy\" decoding=\"async\" class=\"size-article-size-large-image wp-image-73088\" src=\"https:\/\/www.startlap.hu\/utazas\/uploads\/sites\/3\/2024\/05\/K_EPA20161021086-755x513.jpg\" alt=\"\u00dcvegh\u00eddon kelnek \u00e1t turist\u00e1k a Nagy Kanyonon a Hunan tartom\u00e1nybeli Csangcsiacsie v\u00e1ros\u00e1n\u00e1l \" width=\"755\" height=\"513\" srcset=\"https:\/\/www.startlap.hu\/utazas\/uploads\/sites\/3\/2024\/05\/K_EPA20161021086-755x513.jpg 755w, https:\/\/www.startlap.hu\/utazas\/uploads\/sites\/3\/2024\/05\/K_EPA20161021086-1536x1043.jpg 1536w, https:\/\/www.startlap.hu\/utazas\/uploads\/sites\/3\/2024\/05\/K_EPA20161021086-2048x1390.jpg 2048w, https:\/\/www.startlap.hu\/utazas\/uploads\/sites\/3\/2024\/05\/K_EPA20161021086-516x350.jpg 516w\" sizes=\"auto, (max-width: 755px) 100vw, 755px\" \/><figcaption id=\"caption-attachment-73088\" class=\"wp-caption-text\">Fot\u00f3: MTI\/EPA\/Rolex Dela Pena &#8211; a k\u00e9p nem a helysz\u00ednen k\u00e9sz\u00fclt, csak illusztr\u00e1ci\u00f3<\/figcaption><\/figure>\n<p>A bejegyz\u00e9sben az is szerepel , hogy S\u00e1toralja\u00fajhely \u00e9s S\u00e1rospatak lak\u00f3i az \u00fcnneps\u00e9g m\u00e1snapj\u00e1n lakc\u00edmk\u00e1rty\u00e1juk felmutat\u00e1s\u00e1val ingyenesen mehetnek v\u00e9gig a k\u00fcl\u00f6nleges h\u00eddon. M\u00e1sok j\u00fanius 6-t\u00f3l 5000 forintos d\u00edj ellen\u00e9ben haszn\u00e1lhatj\u00e1k a f\u00fcgg\u0151hidat.<\/p>\n<p><iframe loading=\"lazy\" width=\"750\" height=\"949\" frameborder=\"0\" src=\"https:\/\/www.facebook.com\/plugins\/post.php?href=https%3A%2F%2Fwww.facebook.com%2Fzemplenkalandpark%2Fposts%2Fpfbid0j8PpAyN7iHksh6CvYUw58ytUPRcPxxQBHGWYwYbc7FDFCDmhZL3JFck9FudywNY9l&amp;width=750&amp;show_text=false&amp;height=949&amp;appId\"><\/iframe>&nbsp;<\/p>\n<p>A S\u00e1toralja\u00fajhelyn\u00e9l tal\u00e1lhat\u00f3 h\u00edd nagyj\u00e1b\u00f3l 80 m\u00e9teres magass\u00e1gban helyezkedik el, \u00e9s mintegy <strong>700 m\u00e9ter hossz\u00fa<\/strong>.<\/p>\n<p>2021-ben az \u00e9p\u00edt\u00e9se megkezd\u00e9sekor m\u00e9g vil\u00e1grekodnak sz\u00e1nt\u00e1k, azonban Csehorsz\u00e1g beel\u0151zte az \u00e9p\u00edttet\u0151ket, \u00e9s nagyj\u00e1b\u00f3l 3 milli\u00e1rd forintnyi \u00f6sszegb\u0151l fel\u00e9p\u00edtett\u00e9k a Sky Bridge 721 hidat, amely 721 m\u00e9ter hossz\u00fa, \u00e9s 1100 m\u00e9terre helyezkedik el a tengerszint felett.<\/p>\n<div class=\"o-widget m-readMoreWidget -readMore u-shortDecorLineAfter row widget-container _ce_measure_widget bigdata-widget read-more\" data-ce-measure-widget=\"olvass tov\u00e1bb\">\n\t<div class=\"m-readMoreWidget__imgWrapper image-wrapper col-12 col-md-4 no-p\">\n\t\t<a class=\"m-readMoreWidget__imgLink\" href=\"https:\/\/www.startlap.hu\/utazas\/zrinyiutca-budapest-toplista\/\" >\n\t\t\t<img decoding=\"async\" src=\"https:\/\/www.startlap.hu\/utazas\/uploads\/sites\/3\/2024\/05\/budapest_zrinyi-utca_1-350x285.jpg\" class=\"m-readMoreWidget__img\">\n\t\t<\/a>\n\t<\/div>\n\t<div class=\"m-readMoreWidget__titleWrapper title-wrapper col-12 col-md-8\">\n\t\t<span class=\"m-readMoreWidget__titleLabel u-shortDecorLineBefore label hidden-sm-up\">Ez is \u00e9rdekelhet:<\/span>\n\t\t<h3 class=\"m-readMoreWidget__title title\">\n\t\t\t<a class=\"m-readMoreWidget__titleLink -secondFont u-bold u-upperCase\" href=\"https:\/\/www.startlap.hu\/utazas\/zrinyiutca-budapest-toplista\/\" >Budapesti utc\u00e1t v\u00e1lasztottak a vil\u00e1g legszebbjei k\u00f6z\u00e9<\/a>\n\t\t<\/h3>\n\t\t<a class=\"m-readMoreWidget__btn -coloredBack u-tC link\" href=\"https:\/\/www.startlap.hu\/utazas\/zrinyiutca-budapest-toplista\/\" >Elolvasom<\/a>\n\t<\/div>\n<\/div>\n","protected":false},"excerpt":{"rendered":"<p>Fizet\u0151s lesz az \u00e1tkel\u00e9s Magyarorsz\u00e1g leg\u00fajabb hidj\u00e1n\u00e1l a Zempl\u00e9nben. <\/p>\n","protected":false},"author":8,"featured_media":73089,"comment_status":"closed","ping_status":"closed","sticky":false,"template":"","format":"standard","meta":{"footnotes":""},"categories":[7],"tags":[6127,7986],"class_list":["post-73085","post","type-post","status-publish","format-standard","has-post-thumbnail","hentry","category-belfold-utazas","tag-nemzeti-osszetartozas-hidja","tag-zempleni-kalandpark"],"aioseo_notices":[],"_links":{"self":[{"href":"https:\/\/www.startlap.hu\/utazas\/wp-json\/wp\/v2\/posts\/73085","targetHints":{"allow":["GET"]}}],"collection":[{"href":"https:\/\/www.startlap.hu\/utazas\/wp-json\/wp\/v2\/posts"}],"about":[{"href":"https:\/\/www.startlap.hu\/utazas\/wp-json\/wp\/v2\/types\/post"}],"author":[{"embeddable":true,"href":"https:\/\/www.startlap.hu\/utazas\/wp-json\/wp\/v2\/users\/8"}],"replies":[{"embeddable":true,"href":"https:\/\/www.startlap.hu\/utazas\/wp-json\/wp\/v2\/comments?post=73085"}],"version-history":[{"count":6,"href":"https:\/\/www.startlap.hu\/utazas\/wp-json\/wp\/v2\/posts\/73085\/revisions"}],"predecessor-version":[{"id":73093,"href":"https:\/\/www.startlap.hu\/utazas\/wp-json\/wp\/v2\/posts\/73085\/revisions\/73093"}],"wp:featuredmedia":[{"embeddable":true,"href":"https:\/\/www.startlap.hu\/utazas\/wp-json\/wp\/v2\/media\/73089"}],"wp:attachment":[{"href":"https:\/\/www.startlap.hu\/utazas\/wp-json\/wp\/v2\/media?parent=73085"}],"wp:term":[{"taxonomy":"category","embeddable":true,"href":"https:\/\/www.startlap.hu\/utazas\/wp-json\/wp\/v2\/categories?post=73085"},{"taxonomy":"post_tag","embeddable":true,"href":"https:\/\/www.startlap.hu\/utazas\/wp-json\/wp\/v2\/tags?post=73085"}],"curies":[{"name":"wp","href":"https:\/\/api.w.org\/{rel}","templated":true}]}}