{"id":72925,"date":"2024-05-24T13:57:42","date_gmt":"2024-05-24T11:57:42","guid":{"rendered":"https:\/\/www.startlap.hu\/utazas\/?p=72925"},"modified":"2024-05-24T13:57:42","modified_gmt":"2024-05-24T11:57:42","slug":"satoraljaujhely-nemzeti-osszetartozas-hidja-szobor","status":"publish","type":"post","link":"https:\/\/www.startlap.hu\/utazas\/satoraljaujhely-nemzeti-osszetartozas-hidja-szobor\/","title":{"rendered":"K\u00e9t rendk\u00edv\u00fcli m\u00e9ret\u0171 szobrot is \u00e1ll\u00edtottak a Nemzeti \u00d6sszetartoz\u00e1s H\u00eddj\u00e1n"},"content":{"rendered":"<p>\u00c1prilis elej\u00e9n <a href=\"https:\/\/www.startlap.hu\/utazas\/friss-kepeken-a-nemzeti-osszetartozas-hidja\/\" target=\"_blank\" rel=\"noopener noreferrer\">sz\u00e1moltunk be<\/a> arr\u00f3l, hogy m\u00e1r a terhel\u00e9ses pr\u00f3b\u00e1k is lezajlottak a Nemzeti \u00d6sszetartoz\u00e1s H\u00eddj\u00e1n, S\u00e1toralja\u00fajhelyen, \u00e9s hamarosan, j\u00fanius folyam\u00e1n a nagyk\u00f6z\u00f6ns\u00e9g is haszn\u00e1latba veheti a vil\u00e1grekorder turisztikai attrakci\u00f3t.<\/p>\n<p>A <strong>700 m\u00e9ter hossz\u00fa gyalogos k\u00f6t\u00e9lh\u00edd<\/strong>, amely a Sz\u00e1rhegyet \u00e9s a V\u00e1rhegyet k\u00f6ti \u00f6ssze, 4 milli\u00e1rd forintb\u00f3l \u00e9p\u00fclt, \u00e9s azt rem\u00e9lik t\u0151le, hogy jelent\u0151sen hozz\u00e1j\u00e1rul majd a turizmus fellend\u00fcl\u00e9s\u00e9hez \u00c9szak-Kelet Magyarorsz\u00e1gon.<\/p>\n<p>A Hazaj\u00e1r\u00f3 honismereti m\u0171sor st\u00e1bja m\u00e1jus 21-\u00e9n l\u00e1togatott el S\u00e1toralja\u00fajhelyre, \u00e9s enged\u00e9lyt kaptak arra is, hogy \u00e1tkeljenek a h\u00eddon. Az esem\u00e9nyr\u0151l l\u00e1tv\u00e1nyos fot\u00f3kat is megosztottak a <a href=\"https:\/\/www.facebook.com\/hazajaro\/posts\/pfbid02iTqgqGV7D8Uiua8BKBVMhEtjLcbCjV6QAhc9fPZnndmXdauZqmNm2xRx2eAMYaLbl\" target=\"_blank\" target=\"_blank\" rel=\"noopener noreferrer\">Facebook-oldalukon<\/a>.<\/p>\n<p>A k\u00e9pek igazi meglepet\u00e9ssel is szolg\u00e1lnak, ugyanis ezeken azt l\u00e1tni, hogy <strong>a h\u00edd k\u00e9t h\u00eddf\u0151j\u00e9n egy-egy apr\u00f3 szobrocska is helyet kapott<\/strong>. B\u00e1r sem a m\u0171alkot\u00e1sok k\u00e9sz\u00edt\u0151j\u00e9r\u0151l, sem az \u00e1br\u00e1zolt alakokr\u00f3l nem k\u00f6z\u00f6ltek inform\u00e1ci\u00f3kat, annyi meg\u00e1llap\u00edthat\u00f3, hogy k\u00e9t, minden bizonnyal magyar t\u00f6rt\u00e9nelmi alakot \u00e1br\u00e1zolnak a szobrok.<\/p>\n<p><iframe loading=\"lazy\" width=\"720\" height=\"865\" frameborder=\"0\" src=\"https:\/\/www.facebook.com\/plugins\/post.php?href=https%3A%2F%2Fwww.facebook.com%2Fhazajaro%2Fposts%2Fpfbid02iTqgqGV7D8Uiua8BKBVMhEtjLcbCjV6QAhc9fPZnndmXdauZqmNm2xRx2eAMYaLbl&amp;show_text=true&amp;width=720&amp;is_preview=true\"><\/iframe><\/p>\n<p>A h\u00edd f\u00e9mb\u0151l k\u00e9sz\u00fclt, hat ac\u00e9lsodrony k\u00f6t\u00e9l tartja nagy magass\u00e1gban, a leveg\u0151ben a k\u00e9t hegy k\u00f6z\u00f6tt, ett\u0151l vil\u00e1gszinten is t\u00f6bb szempontb\u00f3l egyedi. Ezzel a technol\u00f3gi\u00e1val Magyarorsz\u00e1gon, de a hossz\u00e1t figyelembe v\u00e9ve a vil\u00e1gon ez a leghosszabb \u00e9p\u00edtett ilyenfajta h\u00edd, teh\u00e1t ez egyedi, rekordh\u00edd \u2013 mondta m\u00e9g febru\u00e1rban S\u00e1toralja\u00fajhely polg\u00e1rmestere. &nbsp;<\/p>\n<div class=\"o-widget m-readMoreWidget -readMore u-shortDecorLineAfter row widget-container _ce_measure_widget bigdata-widget read-more\" data-ce-measure-widget=\"olvass tov\u00e1bb\">\n\t<div class=\"m-readMoreWidget__imgWrapper image-wrapper col-12 col-md-4 no-p\">\n\t\t<a class=\"m-readMoreWidget__imgLink\" href=\"https:\/\/www.startlap.hu\/utazas\/influenszer-kampany-mtu-tiktok-instagram\/\" >\n\t\t\t<img decoding=\"async\" src=\"https:\/\/www.startlap.hu\/utazas\/uploads\/sites\/3\/2024\/05\/budapeest-350x285.jpg\" class=\"m-readMoreWidget__img\">\n\t\t<\/a>\n\t<\/div>\n\t<div class=\"m-readMoreWidget__titleWrapper title-wrapper col-12 col-md-8\">\n\t\t<span class=\"m-readMoreWidget__titleLabel u-shortDecorLineBefore label hidden-sm-up\">Ez is \u00e9rdekelhet:<\/span>\n\t\t<h3 class=\"m-readMoreWidget__title title\">\n\t\t\t<a class=\"m-readMoreWidget__titleLink -secondFont u-bold u-upperCase\" href=\"https:\/\/www.startlap.hu\/utazas\/influenszer-kampany-mtu-tiktok-instagram\/\" >Vil\u00e1gh\u00edr\u0171 influenszerek lept\u00e9k el Budapestet, mutatjuk, merre j\u00e1rtak!<\/a>\n\t\t<\/h3>\n\t\t<a class=\"m-readMoreWidget__btn -coloredBack u-tC link\" href=\"https:\/\/www.startlap.hu\/utazas\/influenszer-kampany-mtu-tiktok-instagram\/\" >Elolvasom<\/a>\n\t<\/div>\n<\/div>\n","protected":false},"excerpt":{"rendered":"<p>Friss k\u00e9pek jelentek meg a hamarosan \u00e1tad\u00e1sra ker\u00fcl\u0151 s\u00e1toralja\u00fajhelyi h\u00eddr\u00f3l. <\/p>\n","protected":false},"author":7,"featured_media":71069,"comment_status":"closed","ping_status":"closed","sticky":false,"template":"","format":"standard","meta":{"footnotes":""},"categories":[7],"tags":[6127,4845,3547],"class_list":["post-72925","post","type-post","status-publish","format-standard","has-post-thumbnail","hentry","category-belfold-utazas","tag-nemzeti-osszetartozas-hidja","tag-satoraljaujhely","tag-szobor"],"aioseo_notices":[],"_links":{"self":[{"href":"https:\/\/www.startlap.hu\/utazas\/wp-json\/wp\/v2\/posts\/72925","targetHints":{"allow":["GET"]}}],"collection":[{"href":"https:\/\/www.startlap.hu\/utazas\/wp-json\/wp\/v2\/posts"}],"about":[{"href":"https:\/\/www.startlap.hu\/utazas\/wp-json\/wp\/v2\/types\/post"}],"author":[{"embeddable":true,"href":"https:\/\/www.startlap.hu\/utazas\/wp-json\/wp\/v2\/users\/7"}],"replies":[{"embeddable":true,"href":"https:\/\/www.startlap.hu\/utazas\/wp-json\/wp\/v2\/comments?post=72925"}],"version-history":[{"count":2,"href":"https:\/\/www.startlap.hu\/utazas\/wp-json\/wp\/v2\/posts\/72925\/revisions"}],"predecessor-version":[{"id":72931,"href":"https:\/\/www.startlap.hu\/utazas\/wp-json\/wp\/v2\/posts\/72925\/revisions\/72931"}],"wp:featuredmedia":[{"embeddable":true,"href":"https:\/\/www.startlap.hu\/utazas\/wp-json\/wp\/v2\/media\/71069"}],"wp:attachment":[{"href":"https:\/\/www.startlap.hu\/utazas\/wp-json\/wp\/v2\/media?parent=72925"}],"wp:term":[{"taxonomy":"category","embeddable":true,"href":"https:\/\/www.startlap.hu\/utazas\/wp-json\/wp\/v2\/categories?post=72925"},{"taxonomy":"post_tag","embeddable":true,"href":"https:\/\/www.startlap.hu\/utazas\/wp-json\/wp\/v2\/tags?post=72925"}],"curies":[{"name":"wp","href":"https:\/\/api.w.org\/{rel}","templated":true}]}}