{"id":72183,"date":"2024-05-08T10:53:13","date_gmt":"2024-05-08T08:53:13","guid":{"rendered":"https:\/\/www.startlap.hu\/utazas\/?p=72183"},"modified":"2024-05-08T10:40:17","modified_gmt":"2024-05-08T08:40:17","slug":"becs-szabadstrand-furdes","status":"publish","type":"post","link":"https:\/\/www.startlap.hu\/utazas\/becs-szabadstrand-furdes\/","title":{"rendered":"Homokos szabadstrand ny\u00edlik a Dun\u00e1n m\u00e1just\u00f3l, B\u00e9csben"},"content":{"rendered":"<p>B\u00e9csr\u0151l \u00e1ltal\u00e1ban a kar\u00e1csonyi v\u00e1s\u00e1r \u00e9s a v\u00e1ros patin\u00e1s m\u00fazeumai jutnak a kir\u00e1ndul\u00f3k esz\u00e9be, pedig az osztr\u00e1k f\u0151v\u00e1ros <a href=\"https:\/\/www.startlap.hu\/utazas\/becs-naschmarkt-prater-schonbrunn\/\" target=\"_blank\" rel=\"noopener noreferrer\">ny\u00e1ron is sz\u00e1mtalan lehet\u0151s\u00e9get rejt<\/a>. M\u00e1jus k\u00f6zep\u00e9t\u0151l \u00faj szabadstranddal b\u0151v\u00fcl a paletta.<\/p>\n<p>Az \u00faj strand, az Arena Beach a Neue Donau bal partj\u00e1n, homokos parttal v\u00e1rja a f\u00fcrdeni v\u00e1gy\u00f3kat- <a href=\"https:\/\/turizmusonline.hu\/cikkek\/kulfold\/majustol-ujabb-szabadstrandnak-orulhetnek-a-becsiek.html?utm_source=rss&amp;utm_medium=referral\" target=\"_blank\" target=\"_blank\" rel=\"noopener noreferrer\">\u00edrja a Turizmus Online<\/a>. Az \u00f6b\u00f6l amfite\u00e1trumra eml\u00e9keztet, de a gondozatlans\u00e1g miatt eddig csak a legmer\u00e9szebbek mertek itt f\u00fcrdeni.<\/p>\n<figure id=\"attachment_72231\" aria-describedby=\"caption-attachment-72231\" style=\"width: 755px\" class=\"wp-caption alignnone\"><img loading=\"lazy\" decoding=\"async\" class=\"size-article-size-large-image wp-image-72231\" src=\"https:\/\/www.startlap.hu\/utazas\/uploads\/sites\/3\/2024\/05\/strand_becs-755x503.jpg\" alt=\"H\u00e1rom vid\u00e1m f\u00fcrd\u0151z\u0151 l\u00e1ny egy szabadstrandon a v\u00edzben\" width=\"755\" height=\"503\" srcset=\"https:\/\/www.startlap.hu\/utazas\/uploads\/sites\/3\/2024\/05\/strand_becs-755x503.jpg 755w, https:\/\/www.startlap.hu\/utazas\/uploads\/sites\/3\/2024\/05\/strand_becs-1536x1024.jpg 1536w, https:\/\/www.startlap.hu\/utazas\/uploads\/sites\/3\/2024\/05\/strand_becs-2048x1365.jpg 2048w, https:\/\/www.startlap.hu\/utazas\/uploads\/sites\/3\/2024\/05\/strand_becs-525x350.jpg 525w\" sizes=\"auto, (max-width: 755px) 100vw, 755px\" \/><figcaption id=\"caption-attachment-72231\" class=\"wp-caption-text\">Fot\u00f3: Getty Images<\/figcaption><\/figure>\n<p><strong>A partra most 4000 k\u00f6bm\u00e9ter homokot sz\u00f3rnak, sek\u00e9ly partszakaszt l\u00e9trehozva<\/strong> \u2013 \u00edrja a lap. \u00cdgy a fel\u00faj\u00edtott szabadstrand csal\u00e1dosoknak is ide\u00e1lis lesz.<\/p>\n<blockquote class=\"article__extraTxt\"><p>A g\u00e1tt\u00f3l nyolc f\u00fcves terasz vezet majd a v\u00edzhez, \u00e9s az \u00e1rny\u00e9kot harminc frissen \u00fcltetett fa biztos\u00edtja majd.<\/p><\/blockquote>\n<p>Juharf\u00e1t, ez\u00fcstf\u00e1t \u00e9s vir\u00e1gos k\u0151rist is \u00fcltettek a partra.<\/p>\n<p><iframe loading=\"lazy\" width=\"750\" height=\"628\" frameborder=\"0\" scrolling=\"no\" src=\"https:\/\/www.facebook.com\/plugins\/post.php?href=https%3A%2F%2Fwww.facebook.com%2Fwien.at%2Fposts%2Fpfbid02vbgzsXKTvF8dSMSQPPTwqvQU48mUH8YJrJymwWcXgfHiTTPnz1wAYoCbNyyZPmKXl&amp;width=750&amp;show_text=true&amp;height=628&amp;appId\" style=\"border: none; overflow: hidden;\"><\/iframe><\/p>\n<h2>Sok a n\u00e9pszer\u0171 strand a k\u00f6rny\u00e9ken<\/h2>\n<p>A Duna-sziget \u00e9s a Neue Donau t\u00f6bb mint hatvan kilom\u00e9teres partszakasz\u00e1val p\u00e1ratlan f\u00fcrd\u0151z\u0151hely a b\u00e9csieknek \u00e9s az idel\u00e1togat\u00f3 turist\u00e1knak. A ter\u00fcleten nem ez az els\u0151 fel\u00faj\u00edtott szabadstrand: kisgyermekes csal\u00e1dok k\u00f6r\u00e9ben nagyon <strong>n\u00e9pszer\u0171 a PiratBucht, de k\u00f6zkedvelt a CopaBeach \u00e9s a Sunken City is.<\/strong><\/p>\n<p>&#8222;M\u00edg m\u00e1s tartom\u00e1nyokban privatiz\u00e1lj\u00e1k a v\u00edzpartokat, addig B\u00e9cs a lakoss\u00e1g sz\u00e1m\u00e1ra vonz\u00f3v\u00e1 \u00e9s hozz\u00e1f\u00e9rhet\u0151v\u00e9 teszi azokat. Nagyon \u00f6r\u00fcl\u00f6k, hogy egy olyan helyen alak\u00edthatunk ki kellemes f\u00fcrd\u0151z\u0151helyet, amely eddig kev\u00e9sb\u00e9 volt cs\u00e1b\u00edt\u00f3 a strandol\u00f3k sz\u00e1m\u00e1ra&#8221;\u2013 mondta Ulli Sima v\u00e1rosi tan\u00e1csnok.<\/p>\n<div class=\"o-widget m-readMoreWidget -readMore u-shortDecorLineAfter row widget-container _ce_measure_widget bigdata-widget read-more\" data-ce-measure-widget=\"olvass tov\u00e1bb\">\n\t<div class=\"m-readMoreWidget__imgWrapper image-wrapper col-12 col-md-4 no-p\">\n\t\t<a class=\"m-readMoreWidget__imgLink\" href=\"https:\/\/www.startlap.hu\/utazas\/rugen-sziget-nemetorszag-latnivalok-tippek-fotok-terkep\/\" >\n\t\t\t<img decoding=\"async\" src=\"https:\/\/www.startlap.hu\/utazas\/uploads\/sites\/3\/2024\/04\/Kap-Arkona-350x285.jpg\" class=\"m-readMoreWidget__img\">\n\t\t<\/a>\n\t<\/div>\n\t<div class=\"m-readMoreWidget__titleWrapper title-wrapper col-12 col-md-8\">\n\t\t<span class=\"m-readMoreWidget__titleLabel u-shortDecorLineBefore label hidden-sm-up\">Ez is \u00e9rdekelhet:<\/span>\n\t\t<h3 class=\"m-readMoreWidget__title title\">\n\t\t\t<a class=\"m-readMoreWidget__titleLink -secondFont u-bold u-upperCase\" href=\"https:\/\/www.startlap.hu\/utazas\/rugen-sziget-nemetorszag-latnivalok-tippek-fotok-terkep\/\" >R\u00fcgen, a n\u00e9met nyaral\u00f3sziget elb\u0171v\u00f6l\u0151 l\u00e1tnival\u00f3i<\/a>\n\t\t<\/h3>\n\t\t<a class=\"m-readMoreWidget__btn -coloredBack u-tC link\" href=\"https:\/\/www.startlap.hu\/utazas\/rugen-sziget-nemetorszag-latnivalok-tippek-fotok-terkep\/\" >Elolvasom<\/a>\n\t<\/div>\n<\/div>\n","protected":false},"excerpt":{"rendered":"<p>B\u00e9cs leg\u00fajabb szabadstrandja, a t\u00f6bb, mint 1000 n\u00e9gyzetm\u00e9teres Arena Beach, m\u00e1jus k\u00f6zep\u00e9n nyitja meg kapuit.<\/p>\n","protected":false},"author":64,"featured_media":72231,"comment_status":"closed","ping_status":"closed","sticky":false,"template":"","format":"standard","meta":{"footnotes":""},"categories":[70],"tags":[661,9026,86],"class_list":["post-72183","post","type-post","status-publish","format-standard","has-post-thumbnail","hentry","category-vilag","tag-becs","tag-furdes","tag-strand"],"aioseo_notices":[],"_links":{"self":[{"href":"https:\/\/www.startlap.hu\/utazas\/wp-json\/wp\/v2\/posts\/72183","targetHints":{"allow":["GET"]}}],"collection":[{"href":"https:\/\/www.startlap.hu\/utazas\/wp-json\/wp\/v2\/posts"}],"about":[{"href":"https:\/\/www.startlap.hu\/utazas\/wp-json\/wp\/v2\/types\/post"}],"author":[{"embeddable":true,"href":"https:\/\/www.startlap.hu\/utazas\/wp-json\/wp\/v2\/users\/64"}],"replies":[{"embeddable":true,"href":"https:\/\/www.startlap.hu\/utazas\/wp-json\/wp\/v2\/comments?post=72183"}],"version-history":[{"count":6,"href":"https:\/\/www.startlap.hu\/utazas\/wp-json\/wp\/v2\/posts\/72183\/revisions"}],"predecessor-version":[{"id":72234,"href":"https:\/\/www.startlap.hu\/utazas\/wp-json\/wp\/v2\/posts\/72183\/revisions\/72234"}],"wp:featuredmedia":[{"embeddable":true,"href":"https:\/\/www.startlap.hu\/utazas\/wp-json\/wp\/v2\/media\/72231"}],"wp:attachment":[{"href":"https:\/\/www.startlap.hu\/utazas\/wp-json\/wp\/v2\/media?parent=72183"}],"wp:term":[{"taxonomy":"category","embeddable":true,"href":"https:\/\/www.startlap.hu\/utazas\/wp-json\/wp\/v2\/categories?post=72183"},{"taxonomy":"post_tag","embeddable":true,"href":"https:\/\/www.startlap.hu\/utazas\/wp-json\/wp\/v2\/tags?post=72183"}],"curies":[{"name":"wp","href":"https:\/\/api.w.org\/{rel}","templated":true}]}}