{"id":72105,"date":"2024-06-21T09:30:07","date_gmt":"2024-06-21T07:30:07","guid":{"rendered":"https:\/\/www.startlap.hu\/utazas\/?p=72105"},"modified":"2024-06-21T09:30:07","modified_gmt":"2024-06-21T07:30:07","slug":"karpatok-tura-hatarko-szalkai-gabor-interju","status":"publish","type":"post","link":"https:\/\/www.startlap.hu\/utazas\/karpatok-tura-hatarko-szalkai-gabor-interju\/","title":{"rendered":"&#8222;Egyszer csak j\u00f6tt egy gumicsizm\u00e1s paraszt, hogy h\u00edvja a hat\u00e1r\u0151rs\u00e9get&#8221; &#8211; magashegyi t\u00far\u00e1k a K\u00e1rp\u00e1tokban"},"content":{"rendered":"<p>Ha magashegyi t\u00far\u00e1zni szeretn\u00e9nk, Magyarorsz\u00e1gr\u00f3l legt\u00f6bbsz\u00f6r az <a href=\"https:\/\/www.startlap.hu\/utazas\/zicho-viktor-alpok-traverz-kerekpar-tura-beszamolo-jaratlan-utakon-fesztival\/\" target=\"_blank\" rel=\"noopener noreferrer\">Alpok<\/a> fel\u00e9 kacsintgatunk. Ugyanakkor szinte karny\u00fajt\u00e1snyira fekszik t\u0151l\u00fcnk egy m\u00e1sik vadreg\u00e9nyes vil\u00e1g, ami j\u00e1ratlans\u00e1g\u00e1val az igazi kalandorokat vonzza. A <strong>K\u00e1rp\u00e1tok<\/strong> vonulata kev\u00e9sb\u00e9 ki\u00e9p\u00edtett, ugyanakkor autentikus \u00e9lm\u00e9nyt ny\u00fajt a term\u00e9szetj\u00e1r\u00f3knak. <strong>Szalkai G\u00e1bor<\/strong>, az <a href=\"https:\/\/rtt.elte.hu\/\" target=\"_blank\" target=\"_blank\" rel=\"noopener noreferrer\">ELTE TTK Region\u00e1lis Tudom\u00e1nyi Tansz\u00e9k\u00e9nek<\/a> geogr\u00e1fus oktat\u00f3ja m\u00e1r \u00e9vtizedek \u00f3ta j\u00e1rja a K\u00e1rp\u00e1tok szikl\u00e1it: rizik\u00f3s hat\u00e1r\u00e1tkel\u00e9sek mellett a 20. sz\u00e1zad t\u00f6rt\u00e9nelm\u00e9t megid\u00e9z\u0151 hat\u00e1rk\u00f6vekr\u0151l is mes\u00e9lt.<\/p>\n<p><strong>Mikor ker\u00fclt\u00e9l az exped\u00edci\u00f3s csapatba, \u00e9s mi\u00f3ta j\u00e1rod a K\u00e1rp\u00e1tokat?<\/strong><\/p>\n<p>\u00c9n 2001-ben kezdtem, de D\u00f6me bar\u00e1tom (<em>D\u00f6m\u00f6t\u00f6r Zsolt &#8211; a szerk<\/em>.) &#8217;95 \u00f3ta csin\u00e1lja. Azok a t\u00farat\u00e1rsak, akikkel indult, kiestek mell\u0151le, \u00e9s 2001 \u00f3ta ketten megy\u00fcnk.<\/p>\n<figure id=\"attachment_73616\" aria-describedby=\"caption-attachment-73616\" style=\"width: 755px\" class=\"wp-caption alignnone\"><img loading=\"lazy\" decoding=\"async\" class=\"size-article-size-large-image wp-image-73616\" src=\"https:\/\/www.startlap.hu\/utazas\/uploads\/sites\/3\/2024\/06\/Domotor_Szalkai_102-755x498.jpg\" alt=\"\" width=\"755\" height=\"498\" srcset=\"https:\/\/www.startlap.hu\/utazas\/uploads\/sites\/3\/2024\/06\/Domotor_Szalkai_102-755x498.jpg 755w, https:\/\/www.startlap.hu\/utazas\/uploads\/sites\/3\/2024\/06\/Domotor_Szalkai_102-1536x1013.jpg 1536w, https:\/\/www.startlap.hu\/utazas\/uploads\/sites\/3\/2024\/06\/Domotor_Szalkai_102-2048x1350.jpg 2048w, https:\/\/www.startlap.hu\/utazas\/uploads\/sites\/3\/2024\/06\/Domotor_Szalkai_102-250x165.jpg 250w, https:\/\/www.startlap.hu\/utazas\/uploads\/sites\/3\/2024\/06\/Domotor_Szalkai_102-531x350.jpg 531w\" sizes=\"auto, (max-width: 755px) 100vw, 755px\" \/><figcaption id=\"caption-attachment-73616\" class=\"wp-caption-text\">Szalkai G\u00e1bor \u00e9s D\u00f6m\u00f6t\u00f6r Zsolt egy t\u00far\u00e1juk sor\u00e1n a s\u00e1torban. Fot\u00f3: Szalkai G\u00e1bor<\/figcaption><\/figure>\n<p><strong>Mi\u00e9rt pont a erre a hegys\u00e9gre esett a v\u00e1laszt\u00e1s?<\/strong><\/p>\n<p>Mert itt van <em>(nevet)<\/em>. Nagyon \u00e9rdekelt mindkett\u0151nket a K\u00e1rp\u00e1t-medence, a hat\u00e1rok meg a hegyek. K\u00e9zenfekv\u0151 volt, mert itt minden egyben megvan, amit szeret\u00fcnk.<\/p>\n<p><strong>Mi vonzott titeket a K\u00e1rp\u00e1tokba?<\/strong><\/p>\n<p>R\u00e9szben a j\u00e1ratlans\u00e1g. Amikor kezdt\u00fck, nagyon kezdetleges volt az infrastrukt\u00fara. Nemhogy GPS nem volt, hanem kiadott turistat\u00e9rk\u00e9pek sem. Izgalmas volt, hogy a <strong>Hadt\u00f6rt\u00e9neti Int\u00e9zet T\u00e9rk\u00e9pt\u00e1r\u00e1ba<\/strong> kellett j\u00e1rnunk, ahol r\u00e9gi magyar katonai felm\u00e9r\u00e9si t\u00e9rk\u00e9peket lehetett f\u00e9nym\u00e1solni: azokkal kezdt\u00fck a t\u00far\u00e1z\u00e1st. A K\u00e1rp\u00e1tok a j\u00e1ratlans\u00e1guk miatt el\u00e9gg\u00e9 felt\u00e1ratlanok voltak akkoriban, \u00e9s <strong>ennek volt romantik\u00e1ja, hogy valami olyan helyre megy\u00fcnk, ahol sokkal kevesebb ember j\u00e1rt, mint manaps\u00e1g.<\/strong><\/p>\n<figure id=\"attachment_72428\" aria-describedby=\"caption-attachment-72428\" style=\"width: 755px\" class=\"wp-caption alignnone\"><img loading=\"lazy\" decoding=\"async\" class=\"size-article-size-large-image wp-image-72428\" src=\"https:\/\/www.startlap.hu\/utazas\/uploads\/sites\/3\/2024\/05\/Liptoi-havasok-755x566.jpg\" alt=\"A Lipt\u00f3i-havasok.\" width=\"755\" height=\"566\" srcset=\"https:\/\/www.startlap.hu\/utazas\/uploads\/sites\/3\/2024\/05\/Liptoi-havasok-755x566.jpg 755w, https:\/\/www.startlap.hu\/utazas\/uploads\/sites\/3\/2024\/05\/Liptoi-havasok-1536x1152.jpg 1536w, https:\/\/www.startlap.hu\/utazas\/uploads\/sites\/3\/2024\/05\/Liptoi-havasok-85x65.jpg 85w, https:\/\/www.startlap.hu\/utazas\/uploads\/sites\/3\/2024\/05\/Liptoi-havasok-467x350.jpg 467w, https:\/\/www.startlap.hu\/utazas\/uploads\/sites\/3\/2024\/05\/Liptoi-havasok.JPG 2048w\" sizes=\"auto, (max-width: 755px) 100vw, 755px\" \/><figcaption id=\"caption-attachment-72428\" class=\"wp-caption-text\">A Lipt\u00f3i-havasok. Fot\u00f3: Szalkai G\u00e1bor<\/figcaption><\/figure>\n<blockquote><p>A K\u00e1rp\u00e1tokban rengeteg helyen m\u00e9g ma is l\u00e9tez\u0151 \u00e1llamhat\u00e1rokon vezet az \u00fat, \u00e9s az elej\u00e9n k\u00e9rd\u00e9ses volt, hogy ezeken hogyan tudunk \u00e1tjutni. Illetve tudtuk azt is, hogy rengeteg helyen f\u00f6nt vannak m\u00e9g a r\u00e9gi hat\u00e1rk\u00f6vek, \u00e9s azokat is l\u00e1tni akartuk.<\/p><\/blockquote>\n<p><strong>Mikor kezdted a t\u00far\u00e1z\u00e1st?<\/strong><\/p>\n<p>Gyerekkorom \u00f3ta t\u00far\u00e1zom, a csal\u00e1dommal kezdtem, de azt a keretet egy id\u0151 ut\u00e1n kin\u0151ttem. <strong>Az exped\u00edci\u00f3val p\u00e1rhuzamosan az Orsz\u00e1gos K\u00e9kt\u00far\u00e1t, majd az eg\u00e9sz K\u00e9kk\u00f6rt megcsin\u00e1ltam.<\/strong> Azt kor\u00e1bban kezdtem, mint ezt, de az is h\u00fasz \u00e9vbe tellett, ameddig siker\u00fclt k\u00f6rbej\u00e1rnom. Teh\u00e1t t\u00far\u00e1ztam el\u0151tte \u00e9s k\u00f6zben is, de nyilv\u00e1n ez egy m\u00e1s kaliber volt.<\/p>\n<p><strong>Mennyi id\u0151re volt sz\u00fcks\u00e9getek az eg\u00e9sz K\u00e1rp\u00e1t-traverz teljes\u00edt\u00e9s\u00e9hez?<\/strong><\/p>\n<p>M\u00e9g nincsen k\u00e9sz, folyamatban van.<\/p>\n<blockquote><p>Egyel\u0151re sz\u00e1z napn\u00e1l tartunk, \u00e9s m\u00e9g h\u00e1travan az\u00e9rt j\u00f3 p\u00e1r.<\/p><\/blockquote>\n<p><strong>Eddig mik voltak a legnagyobb neh\u00e9zs\u00e9gek a t\u00fara sor\u00e1n?<\/strong><\/p>\n<p>Voltak fizikai neh\u00e9zs\u00e9gek, mondjuk <strong>a leghosszabb szakaszok 300 kilom\u00e9ter f\u00f6l\u00f6tt voltak.<\/strong> Ezekre fel kell k\u00e9sz\u00fclni: meg kell tervezni, mennyi \u00e9telt visz mag\u00e1val az ember, milyen h\u00e1tizs\u00e1kban. Er\u0151nl\u00e9tileg is nagy kih\u00edv\u00e1s egy ilyen \u00fat, teh\u00e1t el\u0151tte r\u00e1 kell edzeni.<\/p>\n<figure id=\"attachment_72430\" aria-describedby=\"caption-attachment-72430\" style=\"width: 755px\" class=\"wp-caption alignnone\"><img loading=\"lazy\" decoding=\"async\" class=\"size-article-size-large-image wp-image-72430\" src=\"https:\/\/www.startlap.hu\/utazas\/uploads\/sites\/3\/2024\/05\/Olt-volgye-755x566.jpg\" alt=\"Az Olt-foly\u00f3 a K\u00e1rp\u00e1tok vonal\u00e1n halad v\u00e9gig, egy ponton keresztezi azt.\" width=\"755\" height=\"566\" srcset=\"https:\/\/www.startlap.hu\/utazas\/uploads\/sites\/3\/2024\/05\/Olt-volgye-755x566.jpg 755w, https:\/\/www.startlap.hu\/utazas\/uploads\/sites\/3\/2024\/05\/Olt-volgye-1536x1152.jpg 1536w, https:\/\/www.startlap.hu\/utazas\/uploads\/sites\/3\/2024\/05\/Olt-volgye-2048x1536.jpg 2048w, https:\/\/www.startlap.hu\/utazas\/uploads\/sites\/3\/2024\/05\/Olt-volgye-85x65.jpg 85w, https:\/\/www.startlap.hu\/utazas\/uploads\/sites\/3\/2024\/05\/Olt-volgye-467x350.jpg 467w\" sizes=\"auto, (max-width: 755px) 100vw, 755px\" \/><figcaption id=\"caption-attachment-72430\" class=\"wp-caption-text\">Az Olt-foly\u00f3 a K\u00e1rp\u00e1tok vonal\u00e1n halad v\u00e9gig, egy ponton keresztezi azt. Fot\u00f3: Szalkai G\u00e1bor<\/figcaption><\/figure>\n<p>Az is gondot jelentett n\u00e9ha, hogy honnan szerz\u00fcnk vizet, de olyan m\u00e9g nem volt, hogy v\u00edz n\u00e9lk\u00fcl maradtunk. Ha olyan helyen alszunk, ahol nincs forr\u00e1s, akkor le kell menni \u2013 ak\u00e1r t\u00f6bb sz\u00e1z m\u00e9tert is, rossz esetben \u2013 de ezeket pr\u00f3b\u00e1ljuk megtervezni \u00fagy, hogy olyan helyen t\u00e1borozzunk le, ahol v\u00e1rhat\u00f3an lesz v\u00edzv\u00e9teli lehet\u0151s\u00e9g.<\/p>\n<blockquote><p>A t\u00e9nyleges neh\u00e9zs\u00e9get a hat\u00e1rszakaszok jelentett\u00e9k. Sok hat\u00e1r\u0151rs\u00e9ggel volt m\u00e1r konfliktusunk, t\u00f6bb helyen be is vittek.<\/p><\/blockquote>\n<p>Volt olyan szakasz, amit emiatt nem tudtunk befejezni. <strong>Az ukr\u00e1n-lengyel hat\u00e1ron p\u00e9ld\u00e1ul egy 60 m\u00e9teres szakaszunk hi\u00e1nyzik, mert ott hat\u00e1rs\u00e9rt\u00e9s n\u00e9lk\u00fcl nem tud \u00e1thaladni az ember.<\/strong> Amikor ott voltunk, nem mertem kock\u00e1ztatni, mert m\u00e1snap utaztam valahova, \u00e9s \u00e9pp nem volt id\u0151m arra, hogy letart\u00f3ztassanak. Teh\u00e1t ha szigor\u00faan vessz\u00fck a folyamatos teljes\u00edt\u00e9st, akkor m\u00e9g a mai \u00e1llamhat\u00e1rok is okoznak neh\u00e9zs\u00e9geket.<\/p>\n<p><strong>Mi volt a legeml\u00e9kezetesebb hat\u00e1rs\u00e9rt\u0151s t\u00f6rt\u00e9neted?<\/strong><\/p>\n<p>Az ukr\u00e1n-rom\u00e1n hat\u00e1ron t\u00f6bbsz\u00f6r akadtak probl\u00e9m\u00e1ink. El\u0151z\u0151leg k\u00e9tszer pr\u00f3b\u00e1lkoztunk Rom\u00e1ni\u00e1b\u00f3l, de m\u00e9g \u00edgy is maradt egy hi\u00e1nyz\u00f3 r\u00e9sz, amit megpr\u00f3b\u00e1ltunk az ukr\u00e1n oldalr\u00f3l teljes\u00edteni. El\u00e9g lehetetlen k\u00f6r\u00fclm\u00e9nyek k\u00f6z\u00f6tt jutottunk oda: <strong>egy hegyi kunyh\u00f3ban aludtunk egy moln\u00e1rn\u00e1l, aki a semmi k\u00f6zep\u00e9n lakott n\u00e9gy kisgyerekkel meg a feles\u00e9g\u00e9vel.<\/strong> Nagyon szeg\u00e9nyek voltak, de m\u00e9gis adtak nek\u00fcnk sz\u00e1ll\u00e1st egy \u00e9jszak\u00e1ra. Vastag palacsintat\u00e9szt\u00e1t s\u00fct\u00f6ttek, mert semmi m\u00e1s nem volt, csak liszt, de azt megosztott\u00e1k vel\u00fcnk.<\/p>\n<figure id=\"attachment_72424\" aria-describedby=\"caption-attachment-72424\" style=\"width: 755px\" class=\"wp-caption alignnone\"><img loading=\"lazy\" decoding=\"async\" class=\"size-article-size-large-image wp-image-72424\" src=\"https:\/\/www.startlap.hu\/utazas\/uploads\/sites\/3\/2024\/05\/esztena_Lotru-755x566.jpg\" alt=\"Esztena (hegyi tanya) a K\u00e1rp\u00e1tokban.\" width=\"755\" height=\"566\" srcset=\"https:\/\/www.startlap.hu\/utazas\/uploads\/sites\/3\/2024\/05\/esztena_Lotru-755x566.jpg 755w, https:\/\/www.startlap.hu\/utazas\/uploads\/sites\/3\/2024\/05\/esztena_Lotru-1536x1152.jpg 1536w, https:\/\/www.startlap.hu\/utazas\/uploads\/sites\/3\/2024\/05\/esztena_Lotru-2048x1536.jpg 2048w, https:\/\/www.startlap.hu\/utazas\/uploads\/sites\/3\/2024\/05\/esztena_Lotru-85x65.jpg 85w, https:\/\/www.startlap.hu\/utazas\/uploads\/sites\/3\/2024\/05\/esztena_Lotru-467x350.jpg 467w\" sizes=\"auto, (max-width: 755px) 100vw, 755px\" \/><figcaption id=\"caption-attachment-72424\" class=\"wp-caption-text\">Esztena (hegyi tanya) a K\u00e1rp\u00e1tokban. Fot\u00f3: Szalkai G\u00e1bor<\/figcaption><\/figure>\n<p>Teh\u00e1t m\u00e1r az odajut\u00e1s is \u00e9rdekes volt.<\/p>\n<blockquote><p>\u00c9s ott, amikor az utols\u00f3 v\u00f6lgynek a kapuj\u00e1ban \u00e1lltunk, egyszer csak j\u00f6tt egy gumicsizm\u00e1s paraszt, \u00e9s el\u0151h\u00fazott egy igazolv\u00e1nyt, hogy \u0151 egy ukr\u00e1n \u201e\u00f6nk\u00e9ntes\u201d hat\u00e1r\u0151r, \u00e9s maradjunk ott, mert h\u00edvja a hat\u00e1r\u0151rs\u00e9get.<\/p><\/blockquote>\n<p>Ut\u00e1na egy-k\u00e9t \u00f3ra m\u00falva megjelent egy tiszt, aki megk\u00e9rdezte, mit szeretn\u00e9nk. Nagyon sok nyelvet keverve elmagyar\u00e1ztuk neki, hogy t\u00far\u00e1z\u00f3k vagyunk. Ezut\u00e1n bek\u00eds\u00e9rt minket abba a laktany\u00e1ba, ahol \u00e1llom\u00e1sozott, \u00e9s azt mondta, hogy akkor m\u00e1snap megbesz\u00e9lj\u00fck a tov\u00e1bbiakat.<\/p>\n<p>Adtak vacsor\u00e1t \u2013 \u00fcres kenyeret, v\u00e1rtuk, hogy majd hozz\u00e1k mell\u00e9 a virslit vagy a lekv\u00e1rt vagy valamit, de nem hoztak semmit. \u0150k azt gondolt\u00e1k, hogy nem vagyunk \u00e9hesek, az\u00e9rt nem esz\u00fcnk, \u00e9s elvitt\u00e9k a kenyeret is. Akkor esett le nek\u00fcnk, hogy az lett volna a vacsora.&nbsp; &nbsp;Ott aludtunk, ebben a romos laktany\u00e1ban, egerek m\u00e1szk\u00e1ltak a falban.<\/p>\n<p>M\u00e1snap \u00f6ssze\u00fclt a tan\u00e1cs, hogy megbesz\u00e9lj\u00fck, mi legyen vel\u00fcnk. Kider\u00fclt, hogy a parancsnokot nem tudj\u00e1k el\u00e9rni, mert nem m\u0171k\u00f6dik a katonai telefonvonal, \u00e9s ez\u00e9rt \u00e1t kell menn\u00fcnk abba a laktany\u00e1ba, ahol \u0151 \u00e1llom\u00e1sozik.<\/p>\n<p>Itt egy 16 kilom\u00e9teres gyalogl\u00e1s k\u00f6vetkezett, ahol ugyanez a tiszt k\u00eds\u00e9rt minket, de m\u00e1r egy g\u00e9pfegyveres kiskatona is j\u00f6tt m\u00f6g\u00f6tt\u00fcnk.<\/p>\n<blockquote><p>Itt volt egy st\u00edlusv\u00e1lt\u00e1s, ekkor m\u00e1r \u0151rizetben voltunk.<\/p><\/blockquote>\n<p>Amikor el\u00e9rt\u00fck a legels\u0151 utat, lestoppoltak egy aut\u00f3t. A kiskatona nem f\u00e9rt be, \u00fagyhogy \u0151t h\u00e1tra hagytuk, \u00e9s elment\u00fcnk a parancsnokhoz. Itt egy kigy\u00fart, feh\u00e9r trik\u00f3s katona \u00fcv\u00f6lt\u00f6z\u00f6tt vel\u00fcnk, hogy k\u00e9mek vagyunk, mert l\u00e1tta a tavalyi fot\u00f3inkat a t\u00far\u00e1nkr\u00f3l. Mindennek tetej\u00e9be tal\u00e1ltak n\u00e1lunk egy t\u00e1bl\u00e1zatot, amiben a magunkkal hozott \u00e9teleket list\u00e1ztuk r\u00f6vid\u00edtve, azt hitt\u00e9k, ez a k\u00f3dnyelv\u00fcnk. <strong>El kellett magyar\u00e1znunk, hogy az S azt jelenti, spagetti, az R meg azt, hogy rizs.<\/strong> Ahogy az \u00e9teleket pakoltuk ki az asztalra, r\u00e1j\u00f6ttek, hogy nem titkos k\u00f3dt\u00e1bl\u00e1zat van n\u00e1lunk.<\/p>\n<p>Ekkor m\u00e9g mindig nem volt v\u00e9ge a t\u00f6rt\u00e9netnek, mert b\u00e1r b\u00fcntet\u00e9st nem kaptunk, nem engedtek el minket. Az volt a probl\u00e9m\u00e1juk, hogy nem regisztr\u00e1ltunk t\u00edz napon bel\u00fcl az Ukrajn\u00e1ba val\u00f3 bel\u00e9p\u00e9s ut\u00e1n. K\u00e9t m\u00e1sik kiskatona elk\u00eds\u00e9rt minket gyalog egy k\u00f6vetkez\u0151 bels\u0151 ellen\u0151rz\u0151pontig, ahol leraktak, \u00e9s megmondt\u00e1k az ottaniaknak, hogy mi legyen vel\u00fcnk. Ut\u00e1na be\u00fcltettek minket egy id\u0151s ukr\u00e1n h\u00e1zasp\u00e1r aut\u00f3j\u00e1ba, akik elvittek a legk\u00f6zelebbi rend\u0151rs\u00e9gre, ami t\u00f6bb \u00f3ra volt, \u00e9s <strong>m\u00e1r teljesen m\u00e1shol voltunk, mint ahova a t\u00far\u00e1nk vezetett volna.<\/strong> Vas\u00e1rnap volt, a rend\u0151rs\u00e9g nem volt nyitva, de az \u00fatleveleinket elvett\u00e9k, \u00e9s <strong>v\u00e9g\u00fcl a k\u00f6vetkez\u0151 nap volt egy kihallgat\u00e1s<\/strong>. Egy \u00f3r\u00e1n kereszt\u00fcl vallattak minket, \u00e9s a v\u00e9g\u00e9n l\u00e1tt\u00e1k, hogy nem tudnak vel\u00fcnk mit kezdeni, akkor elengedtek. Teh\u00e1t semmilyen pap\u00edrmunka vagy b\u00fcntet\u00e9s nem lett az \u00fcgyb\u0151l, de elment h\u00e1rom napunk.<\/p>\n<figure id=\"attachment_72436\" aria-describedby=\"caption-attachment-72436\" style=\"width: 755px\" class=\"wp-caption alignnone\"><img loading=\"lazy\" decoding=\"async\" class=\"size-article-size-large-image wp-image-72436\" src=\"https:\/\/www.startlap.hu\/utazas\/uploads\/sites\/3\/2024\/05\/birkak_Lotru-755x566.jpg\" alt=\"Birkacsorda a hegyoldalban.\" width=\"755\" height=\"566\" srcset=\"https:\/\/www.startlap.hu\/utazas\/uploads\/sites\/3\/2024\/05\/birkak_Lotru-755x566.jpg 755w, https:\/\/www.startlap.hu\/utazas\/uploads\/sites\/3\/2024\/05\/birkak_Lotru-1536x1152.jpg 1536w, https:\/\/www.startlap.hu\/utazas\/uploads\/sites\/3\/2024\/05\/birkak_Lotru-2048x1536.jpg 2048w, https:\/\/www.startlap.hu\/utazas\/uploads\/sites\/3\/2024\/05\/birkak_Lotru-85x65.jpg 85w, https:\/\/www.startlap.hu\/utazas\/uploads\/sites\/3\/2024\/05\/birkak_Lotru-467x350.jpg 467w\" sizes=\"auto, (max-width: 755px) 100vw, 755px\" \/><figcaption id=\"caption-attachment-72436\" class=\"wp-caption-text\">Birkacsorda a hegyoldalban. Fot\u00f3: Szalkai G\u00e1bor<\/figcaption><\/figure>\n<p><strong>Egy ilyen \u00e9lm\u00e9ny ut\u00e1n hogyan szerezt\u00e9tek vissza az \u00f6nbizalmat, hogy folytass\u00e1tok?<\/strong><\/p>\n<p>Ut\u00e1na r\u00f6gt\u00f6n folytattuk, csak m\u00e1r nem a hat\u00e1rra ment\u00fcnk vissza, hanem oda, ahol lekanyarodik a K\u00e1rp\u00e1tok az ukr\u00e1n-rom\u00e1n hat\u00e1rr\u00f3l. Addigra m\u00e1r sok tapasztalatunk volt a rom\u00e1n hat\u00e1r\u0151r\u00f6kkel, s\u0151t, addigra m\u00e1r t\u00fal voltunk a lengyel, meg a szlov\u00e1k hat\u00e1r\u0151r\u00f6k\u00f6n is. Mindenhol az l\u00e1tszott, hogy balh\u00e9znak, de igazi k\u00f6vetkezm\u00e9nye nincsen, maximum egy p\u00e9nzb\u00fcntet\u00e9s.<\/p>\n<blockquote><p>Megtanultuk, hogy ezeket az embereket hogy kell kezelni.<\/p><\/blockquote>\n<p>Persze, pr\u00f3b\u00e1lj\u00e1k kifejezni a hat\u00f3s\u00e1gi szerep\u00fcket, de val\u00f3j\u00e1ban \u0151k sem akarnak maguknak plusz munk\u00e1t. Mivel ez a legalapvet\u0151bb jellemz\u0151j\u00fck, hogy nem akarnak dolgozni, tudtuk, hogy id\u0151vel \u00fagyis elengednek.<\/p>\n<p><strong>Schengen \u00f3ta mennyiben v\u00e1ltozott ez a helyzet?<\/strong><\/p>\n<p>A szabad hat\u00e1r\u00e1tkel\u00e9s nagy k\u00f6nnyebbs\u00e9g. A szlov\u00e1k-lengyel hat\u00e1ron kor\u00e1bban voltak neh\u00e9zs\u00e9gek: Lengyelorsz\u00e1g fel\u0151l \u00e9rkezt\u00fcnk, \u00e9s <strong>\u00e1tmentem az \u00f6t m\u00e9terrel t\u00e1volabbi boltba Szlov\u00e1ki\u00e1ba. Ut\u00e1na j\u00f6tt a lengyel hat\u00e1r\u0151r, \u00e9s ebb\u0151l gond lett.<\/strong> Ma m\u00e1r szerencs\u00e9re ilyenek nincsenek, teljesen rugalmass\u00e1 v\u00e1lt az \u00e1tkel\u00e9s, \u00e9s ez egy kicsit elveszi a romantik\u00e1j\u00e1t a dolgoknak, de \u00f6sszess\u00e9g\u00e9ben k\u00f6nnyebb \u00edgy. Kor\u00e1bban volt olyan, hogy t\u00f6bben s\u00e1toroztunk: a fele t\u00e1rsas\u00e1g a szlov\u00e1k, a m\u00e1sik fele a lengyel oldalon. <strong>Itt az nyert, aki a szlov\u00e1k oldalon volt, mert reggel j\u00f6tt a lengyel katona, \u00e9s mindenkit megb\u00fcntetett a lengyel oldalon.<\/strong> Most m\u00e1r nem kell ezzel foglalkozni: volt, hogy a hat\u00e1rk\u0151 a s\u00e1trunkban volt, \u00e9s arra pakoltunk. B\u00e1rmit lehet, de egy picit sajn\u00e1ljuk, mert \u00edgy kevesebb a sztori.<\/p>\n<figure id=\"attachment_73617\" aria-describedby=\"caption-attachment-73617\" style=\"width: 755px\" class=\"wp-caption alignnone\"><img loading=\"lazy\" decoding=\"async\" class=\"size-article-size-large-image wp-image-73617\" src=\"https:\/\/www.startlap.hu\/utazas\/uploads\/sites\/3\/2024\/06\/P1210206kozos-755x566.jpg\" alt=\"\" width=\"755\" height=\"566\" srcset=\"https:\/\/www.startlap.hu\/utazas\/uploads\/sites\/3\/2024\/06\/P1210206kozos-755x566.jpg 755w, https:\/\/www.startlap.hu\/utazas\/uploads\/sites\/3\/2024\/06\/P1210206kozos-1536x1151.jpg 1536w, https:\/\/www.startlap.hu\/utazas\/uploads\/sites\/3\/2024\/06\/P1210206kozos-2048x1535.jpg 2048w, https:\/\/www.startlap.hu\/utazas\/uploads\/sites\/3\/2024\/06\/P1210206kozos-85x65.jpg 85w, https:\/\/www.startlap.hu\/utazas\/uploads\/sites\/3\/2024\/06\/P1210206kozos-467x350.jpg 467w\" sizes=\"auto, (max-width: 755px) 100vw, 755px\" \/><figcaption id=\"caption-attachment-73617\" class=\"wp-caption-text\">D\u00f6me \u00e9s G\u00e1bor a Gerlachfalvi-cs\u00facsn\u00e1l. Fot\u00f3: Szalkai G\u00e1bor<\/figcaption><\/figure>\n<p><strong>A hat\u00e1r\u0151r\u00f6ket lesz\u00e1m\u00edtva milyen fogadtat\u00e1sban r\u00e9szes\u00fcltetek \u00fatk\u00f6zben?<\/strong><\/p>\n<p>A hegyi emberek k\u00f6z\u00f6tt van egy saj\u00e1ts\u00e1gos felfog\u00e1s: ez egy sokkal kitettebb hely, \u00e9s mindenhol nagyon bar\u00e1ts\u00e1gosan fogadtak minket, ak\u00e1r Rom\u00e1ni\u00e1ban, ak\u00e1r K\u00e1rp\u00e1talj\u00e1n. A nyelvi neh\u00e9zs\u00e9gek ellen\u00e9re meg lehetett besz\u00e9lni, hogy merre \u00e9rdemes menni: megmutattuk a t\u00e9rk\u00e9pet, \u00e9s elmondt\u00e1k, amit \u0151k tudtak r\u00f3la.<\/p>\n<p><strong>Akkor t\u00e9rj\u00fcnk r\u00e1 egy kicsit a hat\u00e1rk\u00f6vekre: nekik mi volt eredetileg a funkci\u00f3juk, \u00e9s mi lett bel\u0151l\u00fck?<\/strong><\/p>\n<p>Sok\u00e1ig nem voltak megjel\u00f6lve a hat\u00e1rok: a kor\u00e1bbi sz\u00e1zadokban ink\u00e1bb a gyep\u0171ter\u00fcletek voltak jellemz\u0151k, \u00e9s a K\u00e1rp\u00e1tok legnagyobb r\u00e9sze nem is volt k\u00fcls\u0151 orsz\u00e1ghat\u00e1r. A Habsburg Birodalomban csak a Rom\u00e1ni\u00e1val val\u00f3 hat\u00e1rszakasz volt t\u00e9nyleges k\u00f6zigazgat\u00e1si hat\u00e1r: a t\u00f6bbi bels\u0151 hat\u00e1r volt. Az 1800-as \u00e9vek v\u00e9g\u00e9n kezd\u0151d\u00f6tt a hat\u00e1r megjel\u00f6l\u00e9se. Ezek a hat\u00e1rk\u00f6vek m\u00e9g nagy, asztal m\u00e9ret\u0171, f\u00e9lg\u00f6mb alak\u00fa alkot\u00e1sok voltak. Kicsit a magyar korona alakj\u00e1ra hajaztak, de nem tudom, hogy volt-e vele b\u00e1rmi \u00f6sszef\u00fcgg\u00e9s. Ezekkel jel\u00f6lt\u00e9k meg el\u0151sz\u00f6r a hat\u00e1rt.<\/p>\n<blockquote><p>A K\u00e1rp\u00e1tokban m\u00e9g belefuthatunk ilyen XVIII., XIX. sz\u00e1zadi magyar hat\u00e1rk\u00f6vekbe vagy birtokjelekbe.<\/p><\/blockquote>\n<p>Van egy, amit n\u00e9h\u00e1ny \u00e9ve fel is \u00faj\u00edtottak: az egyik ilyen k\u0151 pont Lengyelorsz\u00e1gba esett, ahol kev\u00e9sb\u00e9 probl\u00e9m\u00e1s egy magyar eml\u00e9k, magyar c\u00edmerrel. Amikor ott t\u00far\u00e1ztunk, m\u00e9g csak egy romos k\u0151 volt, \u00e9s k\u00e9s\u0151bb olvastuk, hogy az\u00f3ta renov\u00e1lt\u00e1k.<\/p>\n<figure id=\"attachment_72432\" aria-describedby=\"caption-attachment-72432\" style=\"width: 755px\" class=\"wp-caption alignnone\"><img loading=\"lazy\" decoding=\"async\" class=\"size-article-size-large-image wp-image-72432\" src=\"https:\/\/www.startlap.hu\/utazas\/uploads\/sites\/3\/2024\/05\/regi_magy_rom_hatarko-755x566.jpg\" alt=\"Egy r\u00e9gi magyar-rom\u00e1n hat\u00e1rk\u0151 maradv\u00e1nyai.\" width=\"755\" height=\"566\" srcset=\"https:\/\/www.startlap.hu\/utazas\/uploads\/sites\/3\/2024\/05\/regi_magy_rom_hatarko-755x566.jpg 755w, https:\/\/www.startlap.hu\/utazas\/uploads\/sites\/3\/2024\/05\/regi_magy_rom_hatarko-1536x1152.jpg 1536w, https:\/\/www.startlap.hu\/utazas\/uploads\/sites\/3\/2024\/05\/regi_magy_rom_hatarko-85x65.jpg 85w, https:\/\/www.startlap.hu\/utazas\/uploads\/sites\/3\/2024\/05\/regi_magy_rom_hatarko-467x350.jpg 467w, https:\/\/www.startlap.hu\/utazas\/uploads\/sites\/3\/2024\/05\/regi_magy_rom_hatarko.JPG 2048w\" sizes=\"auto, (max-width: 755px) 100vw, 755px\" \/><figcaption id=\"caption-attachment-72432\" class=\"wp-caption-text\">Egy r\u00e9gi magyar-rom\u00e1n hat\u00e1rk\u0151 maradv\u00e1nyai. Fot\u00f3: Szalkai G\u00e1bor<\/figcaption><\/figure>\n<p>Mikor az els\u0151 vil\u00e1gh\u00e1bor\u00fa lezajlott, \u00e9s voltak hat\u00e1rv\u00e1ltoz\u00e1sok, akkor lett megjel\u00f6lve a t\u00f6bbi hat\u00e1r is. A rom\u00e1nok a r\u00e9gebbi hat\u00e1rk\u00f6vek nagy r\u00e9sz\u00e9t felrobbantott\u00e1k, de az\u00e9rt maradtak m\u00e9g bel\u0151l\u00fck a K\u00e1rp\u00e1tokban, a f\u00e9lrees\u0151bb helyeken.<\/p>\n<p>A M\u00e1ramarosi-havasok egyik szakasza csehszlov\u00e1k-lengyel, a m\u00e1sik szakasza meg rom\u00e1n-lengyel hat\u00e1r lett. A k\u00e9t vil\u00e1gh\u00e1bor\u00fa k\u00f6z\u00f6tt, am\u00edg le nem rohanta N\u00e9metorsz\u00e1g Lengyelorsz\u00e1got, ez \u00edgy volt. Abb\u00f3l az id\u0151b\u0151l a m\u00e1ramarosi hat\u00e1rs\u00e1vokban m\u00e9g fent vannak a rom\u00e1n-lengyel hat\u00e1rjelek, ami egy nagyon \u00e9rdekes dolog, mert ha <strong>ma r\u00e1n\u00e9z\u00fcnk a t\u00e9rk\u00e9pre, akkor k\u00e9t, viszonylag t\u00e1voli orsz\u00e1gr\u00f3l besz\u00e9l\u00fcnk, ami k\u00f6z\u00f6tt m\u00e9g elhelyezkedik t\u00f6bb m\u00e1sik orsz\u00e1g is.<\/strong> De r\u00e9gen ez a k\u00e9t orsz\u00e1g hat\u00e1ros volt, \u00e9s ezt nagy vasoszlopok jel\u00f6lik. Egy\u00e9bk\u00e9nt mindegyik orsz\u00e1g m\u00e1sfajta hat\u00e1rjeleket haszn\u00e1l: itt p\u00e9ld\u00e1ul vasoszlopokat helyeztek ki, amiknek a tetej\u00e9n l\u00e9v\u0151 \u00f6ntv\u00e9nyen egy P meg egy R bet\u0171 van. Ezekb\u0151l m\u00e9g el\u00e9g sok f\u00f6nt van az egykori hat\u00e1ron.<\/p>\n<figure id=\"attachment_72433\" aria-describedby=\"caption-attachment-72433\" style=\"width: 755px\" class=\"wp-caption alignnone\"><img loading=\"lazy\" decoding=\"async\" class=\"size-article-size-large-image wp-image-72433\" src=\"https:\/\/www.startlap.hu\/utazas\/uploads\/sites\/3\/2024\/05\/regi_roman_lengyel_hat_Maramaros-755x481.jpg\" alt=\"Rom\u00e1n-lengyel hat\u00e1rk\u0151 M\u00e1ramaros megy\u00e9ben.\" width=\"755\" height=\"481\" srcset=\"https:\/\/www.startlap.hu\/utazas\/uploads\/sites\/3\/2024\/05\/regi_roman_lengyel_hat_Maramaros-755x481.jpg 755w, https:\/\/www.startlap.hu\/utazas\/uploads\/sites\/3\/2024\/05\/regi_roman_lengyel_hat_Maramaros-1536x979.jpg 1536w, https:\/\/www.startlap.hu\/utazas\/uploads\/sites\/3\/2024\/05\/regi_roman_lengyel_hat_Maramaros-2048x1306.jpg 2048w, https:\/\/www.startlap.hu\/utazas\/uploads\/sites\/3\/2024\/05\/regi_roman_lengyel_hat_Maramaros-549x350.jpg 549w\" sizes=\"auto, (max-width: 755px) 100vw, 755px\" \/><figcaption id=\"caption-attachment-72433\" class=\"wp-caption-text\">Rom\u00e1n-lengyel hat\u00e1rk\u0151 M\u00e1ramaros megy\u00e9ben. Fot\u00f3: Szalkai G\u00e1bor<\/figcaption><\/figure>\n<p>Az egykori csehszlov\u00e1k-lengyel hat\u00e1r \u00e9rdekess\u00e9ge, hogy amikor N\u00e9metorsz\u00e1g elfoglalta &#8217;39-ben Lengyelorsz\u00e1got, ez szlov\u00e1k-n\u00e9met hat\u00e1rr\u00e1 v\u00e1lt. Ezek a hat\u00e1rk\u00f6vek abb\u00f3l az id\u0151szakb\u00f3l szint\u00e9n ott vannak. Vannak k\u00f6zt\u00fck olyanok, amiken a D-bet\u0171h\u00f6z faragtak egy sz\u00e1rat, \u00e9s lett bel\u0151le P-bet\u0171, \u00edgy a lengyelek \u00fajra tudt\u00e1k hasznos\u00edtani \u0151ket.<\/p>\n<blockquote><p>De m\u00e1shogy is haszn\u00e1lj\u00e1k az \u00e9rv\u00e9nyess\u00e9g\u00fcket vesztett hat\u00e1rk\u00f6veket: van, ahol l\u00e9pcs\u0151t csin\u00e1ltak bel\u0151l\u00fck.<\/p><\/blockquote>\n<p>Ezeket \u00e9rdekes megfigyelni: olyan, mintha a t\u00f6rt\u00e9nelm\u00fcnk megelevenedne. A magyar-osztr\u00e1k hat\u00e1ron is tal\u00e1ltam magyar-n\u00e9met hat\u00e1rk\u00f6vet. Amikor Ausztri\u00e1t szint\u00e9n megsz\u00e1llt\u00e1k &#8217;38-ban, akkor ez n\u00e9met-magyar hat\u00e1r lett.<\/p>\n<figure id=\"attachment_72429\" aria-describedby=\"caption-attachment-72429\" style=\"width: 755px\" class=\"wp-caption alignnone\"><img loading=\"lazy\" decoding=\"async\" class=\"size-article-size-large-image wp-image-72429\" src=\"https:\/\/www.startlap.hu\/utazas\/uploads\/sites\/3\/2024\/05\/nemet_hatarko_Babia_Gora_jav-755x604.jpg\" alt=\"N\u00e9met hat\u00e1rk\u0151 az \u00fatburkolat r\u00e9szek\u00e9nt \u00fajrahasznos\u00edtva.\" width=\"755\" height=\"604\" srcset=\"https:\/\/www.startlap.hu\/utazas\/uploads\/sites\/3\/2024\/05\/nemet_hatarko_Babia_Gora_jav-755x604.jpg 755w, https:\/\/www.startlap.hu\/utazas\/uploads\/sites\/3\/2024\/05\/nemet_hatarko_Babia_Gora_jav-1536x1229.jpg 1536w, https:\/\/www.startlap.hu\/utazas\/uploads\/sites\/3\/2024\/05\/nemet_hatarko_Babia_Gora_jav-2048x1638.jpg 2048w, https:\/\/www.startlap.hu\/utazas\/uploads\/sites\/3\/2024\/05\/nemet_hatarko_Babia_Gora_jav-438x350.jpg 438w\" sizes=\"auto, (max-width: 755px) 100vw, 755px\" \/><figcaption id=\"caption-attachment-72429\" class=\"wp-caption-text\">N\u00e9met hat\u00e1rk\u0151 az \u00fatburkolat r\u00e9szek\u00e9nt \u00fajrahasznos\u00edtva, a Babia G\u00f3ra hegys\u00e9gben, Lengyelorsz\u00e1g \u00e9s Szlov\u00e1kia hat\u00e1r\u00e1n. Fot\u00f3: Szalkai G\u00e1bor<\/figcaption><\/figure>\n<p><strong>Ezeknek a hat\u00e1rk\u00f6veknek ma is van m\u00e9g funkci\u00f3juk? Lehetne hivatkozni r\u00e1juk egy hat\u00e1rvit\u00e1ban?<\/strong><\/p>\n<p>A jelenlegi hat\u00e1rokon \u00e1ll\u00f3 hat\u00e1rk\u00f6vek most is haszn\u00e1latban vannak. Ezeket tov\u00e1bbra is karbantartj\u00e1k, teh\u00e1t \u00e1llamilag v\u00e9dett objektumoknak sz\u00e1m\u00edtanak. Az egyik szerep\u00fck, hogy l\u00e1sd, mikor l\u00e9ped \u00e1t a hat\u00e1rt. De ma m\u00e1r ez nem pontosan a hat\u00e1r vonala, mert nem minden apr\u00f3 t\u00f6r\u00e9spont van megjel\u00f6lve.<\/p>\n<blockquote><p>Nyilv\u00e1n cs\u00f6kkent a hat\u00e1rk\u00f6vek jelent\u0151s\u00e9ge, mi\u00f3ta van GPS, \u00e9s l\u00e1thatjuk rajta a koordin\u00e1ta szerint r\u00f6gz\u00edtett hat\u00e1rt.<\/p><\/blockquote>\n<p>De a hat\u00e1rk\u00f6veket a mai napig a f\u00f6ld alatt r\u00f6gz\u00edtik. Ennek az a l\u00e9nyege, hogyha valamilyen okb\u00f3l megrong\u00e1l\u00f3dn\u00e1nak, a f\u00f6ld feletti r\u00e9sz\u00fck k\u00f6nnyen vissza\u00e1ll\u00edthat\u00f3 legyen. Sz\u00f3val a hat\u00e1rk\u00f6vek tov\u00e1bbra is \u00e9letben vannak, \u00e9s legt\u00f6bbsz\u00f6r aktualiz\u00e1lj\u00e1k \u0151ket: az egykori csehszlov\u00e1k hat\u00e1rk\u00f6vek a K\u00e1rp\u00e1tokban p\u00e9ld\u00e1ul ma m\u00e1r Szlov\u00e1ki\u00e1t jelzik.<\/p>\n<p><strong>A \u201elej\u00e1rt\u201d hat\u00e1rk\u00f6vekkel mi t\u00f6rt\u00e9nik?<\/strong><\/p>\n<p>R\u00e1juk k\u00fcl\u00f6nb\u00f6z\u0151 sorsok v\u00e1rnak. Ahogy mondtam, \u00fajra lehet \u0151ket hasznos\u00edtani: <strong>csin\u00e1lhatnak bel\u0151le l\u00e9pcs\u0151t, vagy f\u00f6lhaszn\u00e1lhatj\u00e1k \u00fajra, lev\u00e9sik vagy hozz\u00e1rajzolnak, ak\u00e1r \u00faj hat\u00e1rk\u0151k\u00e9nt is m\u0171k\u00f6dhetnek.<\/strong> Van olyan, ahol csak egyszer\u0171en otthagyj\u00e1k, \u00e9s nincs semmilyen funkci\u00f3ja. De l\u00e1ttunk olyat is, hogy temet\u0151be vitt\u00e9k a hat\u00e1rk\u00f6vet, \u00e9s s\u00edrk\u0151nek haszn\u00e1lt\u00e1k. Ha valaki \u00f6sszeszedegette ezeket, akkor ak\u00e1r mag\u00e1nh\u00e1zakban el\u0151fordulhatnak. F\u0151leg olyan esetben, miut\u00e1n a hat\u00e1r v\u00e1ltozik, mert ut\u00e1na m\u00e1r az \u00e1llamnak kev\u00e9sb\u00e9 fontos a hat\u00e1rk\u0151 fenntart\u00e1sa.<\/p>\n<p><strong>Mi volt a legmeglep\u0151bb felhaszn\u00e1l\u00e1sa egy hat\u00e1rk\u0151nek, amit valaha l\u00e1tt\u00e1l?<\/strong><\/p>\n<p>A s\u00edrk\u0151. Ezt egy k\u00e1rp\u00e1taljai temet\u0151ben l\u00e1ttuk viszonylag messze, 10-15 kilom\u00e9terre a hat\u00e1rt\u00f3l.<\/p>\n<figure id=\"attachment_72427\" aria-describedby=\"caption-attachment-72427\" style=\"width: 755px\" class=\"wp-caption alignnone\"><img loading=\"lazy\" decoding=\"async\" class=\"size-article-size-large-image wp-image-72427\" src=\"https:\/\/www.startlap.hu\/utazas\/uploads\/sites\/3\/2024\/05\/lengyel_hatarko_karpataljai_temetoben_jav-755x604.jpg\" alt=\"Lengyel hat\u00e1rk\u0151 egy k\u00e1rp\u00e1taljai temet\u0151ben.\" width=\"755\" height=\"604\" srcset=\"https:\/\/www.startlap.hu\/utazas\/uploads\/sites\/3\/2024\/05\/lengyel_hatarko_karpataljai_temetoben_jav-755x604.jpg 755w, https:\/\/www.startlap.hu\/utazas\/uploads\/sites\/3\/2024\/05\/lengyel_hatarko_karpataljai_temetoben_jav-437x350.jpg 437w, https:\/\/www.startlap.hu\/utazas\/uploads\/sites\/3\/2024\/05\/lengyel_hatarko_karpataljai_temetoben_jav.JPG 1352w\" sizes=\"auto, (max-width: 755px) 100vw, 755px\" \/><figcaption id=\"caption-attachment-72427\" class=\"wp-caption-text\">Lengyel hat\u00e1rk\u0151 egy k\u00e1rp\u00e1taljai temet\u0151ben. Fot\u00f3: Szalkai G\u00e1bor<\/figcaption><\/figure>\n<p><strong>Mit tan\u00e1csolsz az olyan t\u00far\u00e1z\u00f3knak, akik ilyen \u00e9lm\u00e9nyekre v\u00e1gynak \u00e9s ilyen projektekbe v\u00e1gn\u00e1nak, mint ti?<\/strong><\/p>\n<p>Ha szeretn\u00e9nek hat\u00e1ron t\u00far\u00e1zni, ne a K\u00e1rp\u00e1tokban kezdj\u00e9k. A mai magyar hat\u00e1rnak is van hegyeken \u00e1thalad\u00f3 szakasza az \u00c9szaki-k\u00f6z\u00e9phegys\u00e9gben, sz\u00e9p helyeken. Ha a hat\u00e1rk\u00f6vek \u00e9rdekelnek valakit, \u00e9rdemes ezt a k\u00f6rny\u00e9ket is felfedezni. Ha valaki a K\u00e1rp\u00e1tokban szeretne elmenni t\u00far\u00e1zni, akkor nagyon fontos, hogy el\u0151re tervezze meg az utat. Gondolja \u00e1t, hogy merre akar menni, m\u00e9rje fel a saj\u00e1t fizikai \u00e1llapot\u00e1t. <strong>A hat\u00e1rok kapcs\u00e1n fontos tudni, hogy nem a t\u00fara\u00fatvonalakat, vagy a hegygerincet k\u00f6vetik: sokszor meg van h\u00fazva egy vonal, ami megy mindenen kereszt\u00fcl.<\/strong><\/p>\n<p>A hat\u00e1rt k\u00f6vetve gyakran nem turista\u00faton, hanem a semmi k\u00f6zep\u00e9n t\u00far\u00e1zunk: ha van egy meredek lejt\u0151, akkor ott kell lemenni.<\/p>\n<blockquote><p>N\u00e9ha patakok v\u00f6lgy\u00e9ben haladunk, vagy a boz\u00f3tosban.<\/p><\/blockquote>\n<p>Mindenkinek f\u00f6l kell m\u00e9rnie, mire k\u00e9pes, \u00e9s edzenie kell r\u00e1. A felszerel\u00e9sre is \u00e9rdemes odafigyelni: \u00e1t kell gondolni, hogy milyen h\u0151m\u00e9rs\u00e9klet lesz, milyen h\u00e1l\u00f3zs\u00e1k, s\u00e1tor kell.<\/p>\n<figure id=\"attachment_73615\" aria-describedby=\"caption-attachment-73615\" style=\"width: 755px\" class=\"wp-caption alignnone\"><img loading=\"lazy\" decoding=\"async\" class=\"size-article-size-large-image wp-image-73615\" src=\"https:\/\/www.startlap.hu\/utazas\/uploads\/sites\/3\/2024\/06\/211_P1210342kajak-755x566.jpg\" alt=\"\" width=\"755\" height=\"566\" srcset=\"https:\/\/www.startlap.hu\/utazas\/uploads\/sites\/3\/2024\/06\/211_P1210342kajak-755x566.jpg 755w, https:\/\/www.startlap.hu\/utazas\/uploads\/sites\/3\/2024\/06\/211_P1210342kajak-1536x1151.jpg 1536w, https:\/\/www.startlap.hu\/utazas\/uploads\/sites\/3\/2024\/06\/211_P1210342kajak-2048x1535.jpg 2048w, https:\/\/www.startlap.hu\/utazas\/uploads\/sites\/3\/2024\/06\/211_P1210342kajak-85x65.jpg 85w, https:\/\/www.startlap.hu\/utazas\/uploads\/sites\/3\/2024\/06\/211_P1210342kajak-467x350.jpg 467w\" sizes=\"auto, (max-width: 755px) 100vw, 755px\" \/><figcaption id=\"caption-attachment-73615\" class=\"wp-caption-text\">A hat\u00e1rt n\u00e9h\u00e1ny helyen foly\u00f3k jelzik, ilyenkor k\u00fcl\u00f6nleges m\u00f3dszerekhez kell folyamodni. Fot\u00f3: Szalkai G\u00e1bor<\/figcaption><\/figure>\n<p>Illetve \u00e9rdemes megn\u00e9zni a K\u00e1rp\u00e1tok h\u00e1rmashat\u00e1r-pontjait. Nem gyakori, hogy h\u00e1rom orsz\u00e1g tal\u00e1lkozik, de a K\u00e1rp\u00e1tokban ilyen a lengyel-szlov\u00e1k-cseh hat\u00e1rpont \u00e9s a lengyel-ukr\u00e1n-szlov\u00e1k hat\u00e1rpont is. Illetve foly\u00f3v\u00edzben tal\u00e1lhat\u00f3 a szlov\u00e1k-osztr\u00e1k-cseh hat\u00e1rpont. Ezek meg vannak jel\u00f6lve, \u00e9s \u00e1ltal\u00e1ban turisztikailag ki\u00e9p\u00edtett helyek. Itt nem csak egy sima hat\u00e1rk\u0151 van, hanem sz\u00e9p d\u00edszes \u00e9p\u00edtm\u00e9ny, aminek h\u00e1rom oldala van, \u00e9s a h\u00e1rom orsz\u00e1g fel\u00e9 mutat. Itt egyszerre lehetsz h\u00e1rom orsz\u00e1gban, \u00e9s ezek pont emiatt \u00e1ltal\u00e1ban felkapott, jobban megk\u00f6zel\u00edthet\u0151 helyek.<\/p>\n<div class=\"o-widget m-readMoreWidget -readMore u-shortDecorLineAfter row widget-container _ce_measure_widget bigdata-widget read-more\" data-ce-measure-widget=\"olvass tov\u00e1bb\">\n\t<div class=\"m-readMoreWidget__imgWrapper image-wrapper col-12 col-md-4 no-p\">\n\t\t<a class=\"m-readMoreWidget__imgLink\" href=\"https:\/\/www.startlap.hu\/utazas\/nemzeti-osszetartozas-hid-uveg-satoraljaujhely\/\" >\n\t\t\t<img decoding=\"async\" src=\"https:\/\/www.startlap.hu\/utazas\/uploads\/sites\/3\/2024\/06\/osszetartozas_hidja6-350x285.jpg\" class=\"m-readMoreWidget__img\">\n\t\t<\/a>\n\t<\/div>\n\t<div class=\"m-readMoreWidget__titleWrapper title-wrapper col-12 col-md-8\">\n\t\t<span class=\"m-readMoreWidget__titleLabel u-shortDecorLineBefore label hidden-sm-up\">Ez is \u00e9rdekelhet:<\/span>\n\t\t<h3 class=\"m-readMoreWidget__title title\">\n\t\t\t<a class=\"m-readMoreWidget__titleLink -secondFont u-bold u-upperCase\" href=\"https:\/\/www.startlap.hu\/utazas\/nemzeti-osszetartozas-hid-uveg-satoraljaujhely\/\" >Fot\u00f3kon a Nemzeti \u00d6sszetartoz\u00e1s H\u00eddj\u00e1nak avat\u00e1sa<\/a>\n\t\t<\/h3>\n\t\t<a class=\"m-readMoreWidget__btn -coloredBack u-tC link\" href=\"https:\/\/www.startlap.hu\/utazas\/nemzeti-osszetartozas-hid-uveg-satoraljaujhely\/\" >Elolvasom<\/a>\n\t<\/div>\n<\/div>\n","protected":false},"excerpt":{"rendered":"<p>A K\u00e1rp\u00e1tok hegyl\u00e1nca t\u00f6bbsz\u00f6r is gazd\u00e1t cser\u00e9lt az elm\u00falt \u00e9vsz\u00e1zadban. A viharos t\u00f6rt\u00e9nelem nyomait kutatja Szalkai G\u00e1bor, az ELTE geogr\u00e1fus oktat\u00f3ja, t\u00far\u00e1z\u00f3: interj\u00fankban k\u00e1rp\u00e1ti kalandjair\u00f3l k\u00e9rdezt\u00fck, \u0151 pedig t\u00f6bbek k\u00f6z\u00f6tt kiskaton\u00e1kr\u00f3l, kihallgat\u00e1sr\u00f3l, hat\u00e1r\u00e1tl\u00e9p\u00e9sekr\u0151l, vastag palacsint\u00e1r\u00f3l, \u00e9s csod\u00e1s hegygerincr\u0151l, patakok v\u00f6lgy\u00e9r\u0151l mes\u00e9lt nek\u00fcnk. <\/p>\n","protected":false},"author":63,"featured_media":73617,"comment_status":"closed","ping_status":"closed","sticky":false,"template":"","format":"standard","meta":{"footnotes":""},"categories":[9],"tags":[7247],"class_list":["post-72105","post","type-post","status-publish","format-standard","has-post-thumbnail","hentry","category-utazok","tag-karpatok"],"aioseo_notices":[],"_links":{"self":[{"href":"https:\/\/www.startlap.hu\/utazas\/wp-json\/wp\/v2\/posts\/72105","targetHints":{"allow":["GET"]}}],"collection":[{"href":"https:\/\/www.startlap.hu\/utazas\/wp-json\/wp\/v2\/posts"}],"about":[{"href":"https:\/\/www.startlap.hu\/utazas\/wp-json\/wp\/v2\/types\/post"}],"author":[{"embeddable":true,"href":"https:\/\/www.startlap.hu\/utazas\/wp-json\/wp\/v2\/users\/63"}],"replies":[{"embeddable":true,"href":"https:\/\/www.startlap.hu\/utazas\/wp-json\/wp\/v2\/comments?post=72105"}],"version-history":[{"count":10,"href":"https:\/\/www.startlap.hu\/utazas\/wp-json\/wp\/v2\/posts\/72105\/revisions"}],"predecessor-version":[{"id":74008,"href":"https:\/\/www.startlap.hu\/utazas\/wp-json\/wp\/v2\/posts\/72105\/revisions\/74008"}],"wp:featuredmedia":[{"embeddable":true,"href":"https:\/\/www.startlap.hu\/utazas\/wp-json\/wp\/v2\/media\/73617"}],"wp:attachment":[{"href":"https:\/\/www.startlap.hu\/utazas\/wp-json\/wp\/v2\/media?parent=72105"}],"wp:term":[{"taxonomy":"category","embeddable":true,"href":"https:\/\/www.startlap.hu\/utazas\/wp-json\/wp\/v2\/categories?post=72105"},{"taxonomy":"post_tag","embeddable":true,"href":"https:\/\/www.startlap.hu\/utazas\/wp-json\/wp\/v2\/tags?post=72105"}],"curies":[{"name":"wp","href":"https:\/\/api.w.org\/{rel}","templated":true}]}}