{"id":71704,"date":"2024-04-29T06:03:15","date_gmt":"2024-04-29T04:03:15","guid":{"rendered":"https:\/\/www.startlap.hu\/utazas\/?p=71704"},"modified":"2024-04-26T12:44:13","modified_gmt":"2024-04-26T10:44:13","slug":"tourdehongrie-kerekpar-verseny-korverseny-2024","status":"publish","type":"post","link":"https:\/\/www.startlap.hu\/utazas\/tourdehongrie-kerekpar-verseny-korverseny-2024\/","title":{"rendered":"5 szakasz a Tour de Hongrie-\u00fatvonalon, ami kiruccan\u00e1shoz is ide\u00e1lis"},"content":{"rendered":"<p>A 851 kilom\u00e9teres versenyt\u00e1v alatt k\u00f6zel 8000 m\u00e9ter szintemelked\u00e9s \u2013 ez a vil\u00e1g 20. legmagasabb hegycs\u00facs\u00e1nak megfelel\u0151 emelked\u0151 \u2013 v\u00e1rja a ker\u00e9kp\u00e1rosokat &#8211; <a href=\"https:\/\/tdh.hu\/\" target=\"_blank\" target=\"_blank\" rel=\"noopener noreferrer\">olvashat\u00f3 a verseny hivatalos honlapj\u00e1n<\/a>.<\/p>\n<p>A <strong>Tour de Hongrie<\/strong> 2015-\u00f6s visszat\u00e9r\u00e9se \u00f3ta egyetlen \u00e9vben sem volt m\u00e9g ekkora a t\u00e1v szintemelked\u00e9se. Nem lehet v\u00e9letlen, hogy a 45. Magyar Ker\u00e9kp\u00e1ros K\u00f6rverseny el\u0151zetes n\u00e9vsora szerint <strong>az indul\u00f3k k\u00f6z\u00f6tt a 34-szeres Tour de France szakaszgy\u0151ztes Mark Cavendish \u00e9s a h\u00e1romszoros vil\u00e1gbajnok Peter Sagan is szerepel. <\/strong>Noha a keretet csak a m\u00e1jusi csapatakkredit\u00e1ci\u00f3 ut\u00e1n lehet biztosra venni, az el\u0151zetes n\u00e9vsorb\u00f3l is sok minden kider\u00fcl.<\/p>\n<blockquote class=\"article__extraTxt\"><p>Ennek alapj\u00e1n a 120 f\u0151b\u0151l a legt\u00f6bben az olaszok, a spanyolok \u00e9s a magyarok k\u00e9pviseltetik magukat.<\/p><\/blockquote>\n<figure id=\"attachment_71707\" aria-describedby=\"caption-attachment-71707\" style=\"width: 755px\" class=\"wp-caption alignnone\"><img loading=\"lazy\" decoding=\"async\" class=\"size-article-size-large-image wp-image-71707\" src=\"https:\/\/www.startlap.hu\/utazas\/uploads\/sites\/3\/2024\/04\/tourdehongrie-755x503.jpg\" alt=\"A Tour de Hongrie egyik futama, fot\u00f3 a ker\u00e9kp\u00e1ros-karav\u00e1nr\u00f3l\" width=\"755\" height=\"503\" srcset=\"https:\/\/www.startlap.hu\/utazas\/uploads\/sites\/3\/2024\/04\/tourdehongrie-755x503.jpg 755w, https:\/\/www.startlap.hu\/utazas\/uploads\/sites\/3\/2024\/04\/tourdehongrie-525x350.jpg 525w, https:\/\/www.startlap.hu\/utazas\/uploads\/sites\/3\/2024\/04\/tourdehongrie.jpg 1152w\" sizes=\"auto, (max-width: 755px) 100vw, 755px\" \/><figcaption id=\"caption-attachment-71707\" class=\"wp-caption-text\">Fot\u00f3: tdh.hu<\/figcaption><\/figure>\n<h2><strong>Izgalmasnak \u00edg\u00e9rkezik a 2024-es \u00fatvonal<\/strong><\/h2>\n<p>Gy\u00f6ny\u00f6r\u0171 t\u00e1jakon visz v\u00e9gig az idei verseny is. Ha valaki n\u00e9z\u0151k\u00e9nt csatlakozik az egyes szakaszokhoz, ak\u00e1r egy kis kir\u00e1ndul\u00e1ssal, v\u00e1rosn\u00e9z\u00e9ssel is \u00f6sszek\u00f6theti a szurkol\u00e1st. Al\u00e1bbiakban azt is el\u00e1ruljuk, melyik etap k\u00f6rny\u00e9k\u00e9n mit \u00e9rdemes m\u00e9g megl\u00e1togatni.<\/p>\n<h2><strong>1.szakasz: Karcag &#8211; Hajd\u00faszoboszl\u00f3 (166 km) <\/strong><\/h2>\n<p><strong>Rajt:<\/strong>&nbsp;2024. m\u00e1jus 8. (szerda) 12:50, Karcag, Karcag Kincse M\u0171v\u00e9szeti \u00e9s Konferencia K\u00f6zpont<br \/>\n<strong>Befut\u00f3:<\/strong>&nbsp;16:30, Hajd\u00faszoboszl\u00f3, Szent Istv\u00e1n Park<\/p>\n<p>Az idei mez\u0151ny a Nagykuns\u00e1g f\u0151v\u00e1ros\u00e1b\u00f3l, azaz Karcagr\u00f3l indul \u00fatnak. A versenyz\u0151k a Hortob\u00e1gyon kereszt\u00fcl \u00e9rkeznek majd Hajd\u00faszoboszl\u00f3ra. Itt ker\u00fcl majd sor a csapatbemutat\u00f3ra is.<\/p>\n<p>Karcagon j\u00e1rva \u00e9rdemes lehet megn\u00e9zni az \u00e9pen maradt&nbsp; m\u0171eml\u00e9k-sz\u00e9lmalmot vagy az eg\u00e9sz \u00e9vben ingyenesen l\u00e1togathat\u00f3 interakt\u00edv <a href=\"https:\/\/www.nefag.hu\/okoturisztika\/karcagi-parkerdo-es-lombkorona-setany\/\" target=\"_blank\" target=\"_blank\" rel=\"noopener noreferrer\">lombkorona s\u00e9t\u00e1nyt<\/a>. A s\u00e9t\u00e1ny 6-7 m\u00e9ter magasan fut a f\u00e1k lombozat\u00e1ban,&nbsp; 40 interakt\u00edv \u00e1llom\u00e1ssal bemutatva a r\u00e9gi\u00f3 \u00e9l\u0151vil\u00e1g\u00e1t. Az els\u0151 szakasz szurkol\u00f3i az izgalmakat ak\u00e1r a h\u00edres <a href=\"https:\/\/hungarospa.hu\/\" target=\"_blank\" target=\"_blank\" rel=\"noopener noreferrer\">hajd\u00faszoboszl\u00f3i gy\u00f3gyf\u00fcrd\u0151ben<\/a> is kipihenhetik.<\/p>\n<h2><strong>2. szakasz: Tokaj \u2013 Kazincbarcika (162 km)<\/strong><\/h2>\n<p><strong>Rajt:&nbsp;<\/strong>2024. m\u00e1jus 9. (cs\u00fct\u00f6rt\u00f6k) 12:40, Tokaj, Fesztiv\u00e1lkatlan<\/p>\n<p><strong>Befut\u00f3:<\/strong>&nbsp;16:30, Kazincbarcika, \u00c9p\u00edt\u0151k \u00fatja<\/p>\n<p>A m\u00e1sodik szakasz Tokajr\u00f3l rajtol. Innen a mez\u0151ny el\u0151bb a Zempl\u00e9n, majd Kazincbarcika fel\u00e9 indul. Ez az etap k\u00e9t kategoriz\u00e1lt emelked\u0151t \u00e9s 1000 m\u00e9ternyi szintemelked\u00e9st tartalmaz.<\/p>\n<p>A k\u00f6rny\u00e9ken a legszebb telep\u00fcl\u00e9s M\u00e1d, ahol a h\u00edres m\u00e1di zsinag\u00f3ga is tal\u00e1lhat\u00f3. 2004-ben fel\u00faj\u00edt\u00e1son esett \u00e1t az \u00e9p\u00fclet, \u00edgy az\u00f3ta \u00fajra r\u00e9gi pomp\u00e1j\u00e1ban t\u00fcnd\u00f6k\u00f6l. Ki ne hallott volna a h\u00edres <a href=\"https:\/\/tokaj.hu\/bor\/a-tokaji-bor\" target=\"_blank\" target=\"_blank\" rel=\"noopener noreferrer\">tokaji borokr\u00f3l<\/a>? Akik est\u00e9re is maradn\u00e1nak a k\u00f6rny\u00e9ken, azoknak \u00e9rdemes benevezni\u00fck egy bort\u00far\u00e1ra vagy bork\u00f3stol\u00f3ra!<\/p>\n<h2><strong>3. szakasz: Kazincbarcika \u2013 Gy\u00f6ngy\u00f6s-K\u00e9kestet\u0151 (183 km)<\/strong><\/h2>\n<p><strong>Rajt:<\/strong>&nbsp;2024. m\u00e1jus 10. (p\u00e9ntek) 11:45, Kazincbarcika, V\u00e1rosh\u00e1za<\/p>\n<p><strong>Befut\u00f3:<\/strong>&nbsp;16:30, Gy\u00f6ngy\u00f6s-K\u00e9kestet\u0151, parkol\u00f3<\/p>\n<p>A kir\u00e1lyetapon a versenyz\u0151k Kazincbarcik\u00e1r\u00f3l indulnak \u00e9s Eger \u00e9rint\u00e9s\u00e9vel \u00e9rkeznek majd meg a M\u00e1tra l\u00e1b\u00e1hoz, hogy azt\u00e1n egy hegyi k\u00f6rt letekerve a <a href=\"https:\/\/www.startlap.hu\/utazas\/fotok-kekesteto-matra-ho-hohatar\/\" target=\"_blank\" rel=\"noopener noreferrer\">K\u00e9kestet\u0151<\/a> cs\u00facs\u00e1n \u00e9rjenek c\u00e9lba. A K\u00e9kestet\u0151 haz\u00e1n legnehezebb hegye, az 5,5 sz\u00e1zal\u00e9kos kaptat\u00f3 id\u00e9n tizenharmadik alkalommal r\u00e9sze a Tour de Hongrie \u00fatvonal\u00e1nak.<\/p>\n<p>Ha belef\u00e9r a futam el\u0151tt, a kazincbarcikai cs\u00f3nak\u00e1z\u00f3 t\u00f3 egy val\u00f3di gy\u00f6ngyszem, ahol a l\u00e1togat\u00f3k ak\u00e1r v\u00edzre is sz\u00e1llhatnak. Az igaz\u00e1n elsz\u00e1ntak az az orsz\u00e1g legmagasabb pontj\u00e1ra (K\u00e9kestet\u0151- 1014 m\u00e9ter)&nbsp; is k\u00f6vethetik a karav\u00e1nt. A toronykil\u00e1t\u00f3 semmivel sem \u00f6sszehasonl\u00edthat\u00f3 panor\u00e1m\u00e1t k\u00edn\u00e1l a magasb\u00f3l. A kil\u00e1t\u00f3t\u00f3l alig n\u00e9h\u00e1ny perc s\u00e9ta a legend\u00e1s, nemzeti sz\u00edn\u0171re festett cs\u00facsk\u0151. 1985 \u00f3ta jelzi az orsz\u00e1g legmagasabb pontj\u00e1t.<\/p>\n<h2><strong>4. szakasz: Budapest \u2013 Etyek (167 km)<\/strong><\/h2>\n<p><strong>Rajt:<\/strong>&nbsp;2024. m\u00e1jus 11. (szombat) 12:20, Budapest, H\u0151s\u00f6k tere<\/p>\n<p><strong>Befut\u00f3:<\/strong>&nbsp;16:30, Etyek, Korda St\u00fadi\u00f3<\/p>\n<p>M\u00e1jus 11-\u00e9n a verseny egyik legtr\u00fckk\u00f6sebb szakasz\u00e1ra \u00e9rnek a versenyz\u0151k. A H\u0151s\u00f6k ter\u00e9r\u0151l az Andr\u00e1ssy \u00fat, a L\u00e1nch\u00edd \u00e9s a V\u00e1rkert Baz\u00e1r fel\u00e9 vezet majd az \u00fatjuk, innen pedig Etyekre kell tekerni\u00fck.<\/p>\n<p>B\u00e1r a verseny hev\u00e9ben erre kev\u00e9sb\u00e9 lehet majd figyelni, a H\u0151s\u00f6k tere a vil\u00e1g\u00f6r\u00f6ks\u00e9g r\u00e9sze. Ezt a teret az 1896-os milleniumi \u00fcnneps\u00e9gre \u00e9p\u00edtett\u00e9k, \u00e9s a magyarok ezer\u00e9ves t\u00f6rt\u00e9nelm\u00e9t eleven\u00edti fel. 14 t\u00f6rt\u00e9nelmi ikon szobr\u00e1t fedezhetj\u00fck fel a t\u00e9ren, amely 1900-ban a p\u00e1rizsi vil\u00e1gki\u00e1ll\u00edt\u00e1s nagyd\u00edj\u00e1t is elnyerte. A futamot z\u00e1r\u00f3 helysz\u00edn, Etyek a <a href=\"https:\/\/kordafilmpark.hu\/\" target=\"_blank\" target=\"_blank\" rel=\"noopener noreferrer\">Korda Filmparkr\u00f3l<\/a> h\u00edres. Itt bizonyos id\u0151k\u00f6z\u00f6nk\u00e9nt l\u00e1tv\u00e1nyos \u00e9lm\u00e9nyt\u00far\u00e1kon leshetnek be a l\u00e1togat\u00f3k nemzetk\u00f6zi szuperprodukci\u00f3k gy\u00e1rt\u00e1si folyamataiba.<a title=\"Nemzeti V\u00e1gta\" href=\"http:\/\/hu.wikipedia.org\/wiki\/Nemzeti_V%C3%A1gta\" target=\"_blank\" rel=\"noopener noreferrer\"><br \/>\n<\/a><\/p>\n<h2><strong>5. szakasz: Si\u00f3fok \u2013 P\u00e9cs (173 km)<\/strong><\/h2>\n<p><strong>Rajt<\/strong>: 2024. m\u00e1jus 12. (vas\u00e1rnap) 12:10, Si\u00f3fok, F\u0151 t\u00e9r<\/p>\n<p><strong>Befut\u00f3<\/strong>: 16:30, P\u00e9cs, \u00c1llatkert<\/p>\n<p>A 2024-es Magyar Ker\u00e9kp\u00e1ros&nbsp;K\u00f6rverseny minden bizonnyal az utols\u00f3 szakaszon, a Mecsekn\u00e9l d\u0151l majd el. A befut\u00f3 helysz\u00edne a tavalyi versenyhez hasonl\u00f3an ism\u00e9t a csaknem h\u00fasz sz\u00e1zal\u00e9kos meredeks\u00e9g\u0171 B\u00e1r\u00e1ny \u00fati emelked\u0151 tetej\u00e9n, a p\u00e9csi \u00c1llatkertn\u00e9l lesz.<\/p>\n<p>Aki k\u00f6rben\u00e9zne Si\u00f3fokon, annak kihagyhatatlan c\u00e9lpont a <a href=\"https:\/\/siofok.hu\/latnivalok\/muzeumok\/viztorony\" target=\"_blank\" target=\"_blank\" rel=\"noopener noreferrer\">si\u00f3foki v\u00edztorony<\/a>. A 45 m\u00e9teres \u00e9p\u00edtm\u00e9ny Si\u00f3fok k\u00f6zpontj\u00e1ban magasodik, m\u00e1r 1912 \u00f3ta, \u00e9s a v\u00e1ros jelk\u00e9pek\u00e9nt tartj\u00e1k sz\u00e1mon. Nyitott terasz\u00e1r\u00f3l l\u00e9legzetel\u00e1ll\u00edt\u00f3 kil\u00e1t\u00e1s ny\u00edlik a Balatonra. Ha a v\u00e9ghajr\u00e1 ut\u00e1n valaki P\u00e9csett sz\u00e1ll meg, m\u00e1snapra klassz program lehet Magyarorsz\u00e1g legmagasabban fekv\u0151 \u00e1llatkertje. A Mecsek oldal\u00e1ban tal\u00e1lhat\u00f3 \u00e1llatkert egyik f\u0151 l\u00e1tv\u00e1nyoss\u00e1ga a <a href=\"https:\/\/pecszoo.hu\/halak-gerintelenek\/\" target=\"_blank\" target=\"_blank\" rel=\"noopener noreferrer\">100.000 literes c\u00e1p\u00e1s akv\u00e1rium<\/a>.<\/p>\n<h2>Nagyon er\u0151s lesz az idei mez\u0151ny<\/h2>\n<p>A magyar ker\u00e9kp\u00e1rosok k\u00f6z\u00fcl hatan: Dina M\u00e1rton, Pe\u00e1k Barnab\u00e1s, Kusztor P\u00e9ter, Szij\u00e1rt\u00f3 Z\u00e9t\u00e9ny, Feldhoffer B\u00e1lint \u00e9s Filut\u00e1s Viktor a magyar v\u00e1logatottban, \u00f6ten: Karl \u00c1d\u00e1m, R\u00f3zsa Bal\u00e1zs, Istlstekker Zsolt, G\u00f6nczy Gerg\u0151 \u00e9s \u00c1rvai Krist\u00f3f az Epronexben, ketten :Lepold Zolt\u00e1n \u00e9s Valent M\u00e1rk az MBH Bank Colpack Ballanban \u00e1llnak rajthoz, &nbsp;Fetter Erik pedig a Polti \u2013 Kometa mez\u00e9t viselheti.<\/p>\n<blockquote class=\"article__extraTxt\"><p>A verseny t\u00f6rt\u00e9net\u00e9ben el\u0151sz\u00f6r fordul el\u0151, hogy feln\u0151tt elit mez\u0151nyverseny vil\u00e1gbajnok is indul, r\u00e1ad\u00e1sul kett\u0151 is: Mark Cavendishr\u0151l &nbsp;\u00e9s Peter Sagan.<\/p><\/blockquote>\n<p>Kor\u00e1bbi Tour de Hongrie- \u00f6sszetett gy\u0151ztesekkel is tal\u00e1lkozhatunk majd a mez\u0151nyben, a c\u00edmv\u00e9d\u0151 Marc Hirschi mellett a 2021-es bajnok, Damien Howson is indul. A sprintszakaszok legnagyobb es\u00e9lyesei: Cavendish, Groenewegen, Viviani \u00e9s Meeus, valamint a P\u00e1rizs-Nizza szakaszgy\u0151ztes, Mil\u00e1n\u00f3-Torin\u00f3 gy\u0151ztes Arvid de Kleijn. Az \u00f6sszetett leges\u00e9lyesebb versenyz\u0151i Hirschi, Howson, Rodriguez, Voisard, Ethan Hayter \u00e9s Sylvain Moniquet lehetnek.<\/p>\n<div class='iframe-wrapper youtube'><iframe loading=\"lazy\" title=\"Mood | Tour de Hongrie | 2024\" width=\"500\" height=\"281\" src=\"https:\/\/www.youtube.com\/embed\/_YR6De9iPms?feature=oembed\" frameborder=\"0\" allow=\"accelerometer; autoplay; clipboard-write; encrypted-media; gyroscope; picture-in-picture; web-share\" referrerpolicy=\"strict-origin-when-cross-origin\" allowfullscreen><\/iframe><\/div>\n<p><strong>A m\u00e1jus 8-\u00e1n elrajtol\u00f3, \u00f6tnapos verseny a f\u0151v\u00e1ros mellett 9 v\u00e1rmegye 81 telep\u00fcl\u00e9s\u00e9t \u00e9rinti<\/strong>: J\u00e1sz-Nagykun-Szolnok, Hajd\u00fa-Bihar, Borsod-Aba\u00faj-Zempl\u00e9n, Heves, Peste, Fej\u00e9r, Somogy, Tolna \u00e9s Baranya. A hagyom\u00e1nynak megfelel\u0151en id\u00e9n is 15 gyorsas\u00e1gi hajr\u00e1ra lehet sz\u00e1m\u00edtani, ahol a versenyz\u0151k pontokat \u00e9s b\u00f3nuszm\u00e1sodperceket gy\u0171jthetnek majd.<\/p>\n<p><strong>A piros trik\u00f3\u00e9rt versenybe sz\u00e1ll\u00f3knak 10 kategoriz\u00e1lt emelked\u0151 \u00e1ll majd a rendelkez\u00e9s\u00fckre pontszerz\u00e9sre.<\/strong><\/p>\n<figure id=\"attachment_71708\" aria-describedby=\"caption-attachment-71708\" style=\"width: 755px\" class=\"wp-caption alignnone\"><img loading=\"lazy\" decoding=\"async\" class=\"size-article-size-large-image wp-image-71708\" src=\"https:\/\/www.startlap.hu\/utazas\/uploads\/sites\/3\/2024\/04\/tourdehongrie4-755x518.jpg\" alt=\"A Tour de Hongrie 2024-es \u00fatvonala\" width=\"755\" height=\"518\" srcset=\"https:\/\/www.startlap.hu\/utazas\/uploads\/sites\/3\/2024\/04\/tourdehongrie4-755x518.jpg 755w, https:\/\/www.startlap.hu\/utazas\/uploads\/sites\/3\/2024\/04\/tourdehongrie4-511x350.jpg 511w, https:\/\/www.startlap.hu\/utazas\/uploads\/sites\/3\/2024\/04\/tourdehongrie4.jpg 1507w\" sizes=\"auto, (max-width: 755px) 100vw, 755px\" \/><figcaption id=\"caption-attachment-71708\" class=\"wp-caption-text\">Fot\u00f3: tdh.hu<\/figcaption><\/figure>\n<h2><strong>Sz\u00ednes trik\u00f3k a mez\u0151nyben<\/strong><\/h2>\n<p>1927 \u00f3ta visel megk\u00fcl\u00f6nb\u00f6ztet\u0151 mezt a ker\u00e9kp\u00e1rsportban a vil\u00e1gbajnok, ezt nevezik feh\u00e9r trik\u00f3nak. De minden orsz\u00e1g nemzeti bajnok\u00e1nak saj\u00e1t meze van, amit addig viselhet, am\u00edg valaki meg nem fosztja t\u0151le. Az els\u0151 Tour de France-on sz\u00ednes karszalagokkal k\u00fcl\u00f6nb\u00f6ztett\u00e9k meg a mez\u0151ny legjobbjait, \u00e1m ez a szponzorok szerint nem volt el\u00e9g felt\u0171n\u0151. Ez\u00e9rt 1919-ben bevezett\u00e9k a s\u00e1rga trik\u00f3t, amit mindig a legjobban \u00e1ll\u00f3 versenyz\u0151 h\u00fazhat fel. Egy\u00e9bk\u00e9nt m\u00e1r kor\u00e1bban is megpr\u00f3b\u00e1lkoztak a szok\u00e1s meghonos\u00edt\u00e1s\u00e1val, de akkor a belga Philippe Thys egyszer\u0171en nem volt hajland\u00f3 felvenni.<\/p>\n<h2><strong>Ezt jelentik a sz\u00ednek<\/strong><\/h2>\n<p>s\u00e1rga- az \u00f6sszetett egy\u00e9ni versenyben legjobb helyen \u00e1ll\u00f3 versenyz\u0151<\/p>\n<p>z\u00f6ld \u2013 a pontversenyben vezet\u0151 ker\u00e9kp\u00e1ros<\/p>\n<p>piros \u2013 a hegyi pontverseny els\u0151 helyezettje<\/p>\n<p>feh\u00e9r \u2013 az \u00f6sszetett versenyben legjobb 23 \u00e9vn\u00e9l fiatalabb versenyz\u0151 viseli a nemzetk\u00f6zi versenyeken, a Tour de Hongrien viszont a legjobb hazai versenyz\u0151<\/p>\n<p>celeste-k\u00e9k trik\u00f3 \u2013 az \u00f6sszetettben legjobb magyar<\/p>\n<p>Az \u00f6tszakaszos verseny id\u00e9n k\u00e9t klasszikus sprinteretappal, 10 kategoriz\u00e1lt emelked\u0151vel, csaknem 860 km hosszan v\u00e1rja versenyz\u0151it.<\/p>\n<figure id=\"attachment_71709\" aria-describedby=\"caption-attachment-71709\" style=\"width: 755px\" class=\"wp-caption alignnone\"><img loading=\"lazy\" decoding=\"async\" class=\"size-article-size-large-image wp-image-71709\" src=\"https:\/\/www.startlap.hu\/utazas\/uploads\/sites\/3\/2024\/04\/tourdehongrie_2-755x504.jpg\" alt=\"A Tour de Hongrie tavalyi verseny\u00e9n egy befut\u00f3 versenyz\u0151 k\u00e9k mezben\" width=\"755\" height=\"504\" srcset=\"https:\/\/www.startlap.hu\/utazas\/uploads\/sites\/3\/2024\/04\/tourdehongrie_2-755x504.jpg 755w, https:\/\/www.startlap.hu\/utazas\/uploads\/sites\/3\/2024\/04\/tourdehongrie_2-1536x1025.jpg 1536w, https:\/\/www.startlap.hu\/utazas\/uploads\/sites\/3\/2024\/04\/tourdehongrie_2-524x350.jpg 524w, https:\/\/www.startlap.hu\/utazas\/uploads\/sites\/3\/2024\/04\/tourdehongrie_2.jpg 2048w\" sizes=\"auto, (max-width: 755px) 100vw, 755px\" \/><figcaption id=\"caption-attachment-71709\" class=\"wp-caption-text\">Fot\u00f3: tdh.hu<\/figcaption><\/figure>\n<h2><strong>\u00d6nk\u00e9nteseket keresnek<\/strong><\/h2>\n<p>\u00c1prilis 30-ig m\u00e9g <a href=\"https:\/\/tdh.hu\/a-tour\/12-onkentesseg\" target=\"_blank\" target=\"_blank\" rel=\"noopener noreferrer\">v\u00e1rj\u00e1k a szervez\u0151k \u00f6nk\u00e9ntesek jelentkez\u00e9s\u00e9t<\/a> is, az al\u00e1bbi v\u00e1rosokb\u00f3l: Hajd\u00faszoboszl\u00f3, Budapest, Etyek, Si\u00f3fok, P\u00e9cs.<\/p>\n<p>Az \u00f6nk\u00e9ntesek r\u00e9szt vesznek majd a szurkol\u00f3k t\u00e1j\u00e9koztat\u00e1s\u00e1ban, \u00e9s az \u00fatvonal biztos\u00edt\u00e1s\u00e1ban a gyalog\u00e1tkel\u0151kn\u00e9l \u00e9s mell\u00e9kutc\u00e1kn\u00e1l.<\/p>\n<p>\u00d6nk\u00e9ntes seg\u00edt\u0151nek b\u00e1rki jelentkezhet, aki: hat\u00e1rozott, rendelkezik helyismerettel az adott telep\u00fcl\u00e9sen \u00e9s bet\u00f6lt\u00f6tte a 16. \u00e9let\u00e9v\u00e9t.<\/p>\n<div class=\"o-widget m-readMoreWidget -readMore u-shortDecorLineAfter row widget-container _ce_measure_widget bigdata-widget read-more\" data-ce-measure-widget=\"olvass tov\u00e1bb\">\n\t<div class=\"m-readMoreWidget__imgWrapper image-wrapper col-12 col-md-4 no-p\">\n\t\t<a class=\"m-readMoreWidget__imgLink\" href=\"https:\/\/www.startlap.hu\/utazas\/velencei-to-kornyeke-legjobb-latnivalok-tippek\/\" >\n\t\t\t<img decoding=\"async\" src=\"https:\/\/www.startlap.hu\/utazas\/uploads\/sites\/3\/2020\/07\/velencei-to-1-350x285.jpg\" class=\"m-readMoreWidget__img\">\n\t\t<\/a>\n\t<\/div>\n\t<div class=\"m-readMoreWidget__titleWrapper title-wrapper col-12 col-md-8\">\n\t\t<span class=\"m-readMoreWidget__titleLabel u-shortDecorLineBefore label hidden-sm-up\">Ez is \u00e9rdekelhet:<\/span>\n\t\t<h3 class=\"m-readMoreWidget__title title\">\n\t\t\t<a class=\"m-readMoreWidget__titleLink -secondFont u-bold u-upperCase\" href=\"https:\/\/www.startlap.hu\/utazas\/velencei-to-kornyeke-legjobb-latnivalok-tippek\/\" >Top 25 l\u00e1tnival\u00f3 a Velencei-t\u00f3 k\u00f6rny\u00e9k\u00e9n<\/a>\n\t\t<\/h3>\n\t\t<a class=\"m-readMoreWidget__btn -coloredBack u-tC link\" href=\"https:\/\/www.startlap.hu\/utazas\/velencei-to-kornyeke-legjobb-latnivalok-tippek\/\" >Elolvasom<\/a>\n\t<\/div>\n<\/div>\n","protected":false},"excerpt":{"rendered":"<p>Az idei, m\u00e1jus 8-t\u00f3l m\u00e1jus 12-ig tart\u00f3 Tour de Hongrie az \u00fatvonal alapj\u00e1n minden id\u0151k egyik legkem\u00e9nyebbje lesz. A versenyz\u0151ket t\u00f6bb meredek is szakasz v\u00e1rja: p\u00e9ld\u00e1ul a K\u00e9kestet\u0151 vagy a tavalyr\u00f3l m\u00e1r ismer\u0151s p\u00e9csi B\u00e1r\u00e1ny \u00fat. A versenyen k\u00e9sz\u00fclnek majd fel a legrangosabb ker\u00e9kp\u00e1rosok a Tour de France-ra.<\/p>\n","protected":false},"author":64,"featured_media":71707,"comment_status":"closed","ping_status":"closed","sticky":false,"template":"","format":"standard","meta":{"footnotes":""},"categories":[6],"tags":[804,1347],"class_list":["post-71704","post","type-post","status-publish","format-standard","has-post-thumbnail","hentry","category-tippek","tag-kerekpar","tag-verseny"],"aioseo_notices":[],"_links":{"self":[{"href":"https:\/\/www.startlap.hu\/utazas\/wp-json\/wp\/v2\/posts\/71704","targetHints":{"allow":["GET"]}}],"collection":[{"href":"https:\/\/www.startlap.hu\/utazas\/wp-json\/wp\/v2\/posts"}],"about":[{"href":"https:\/\/www.startlap.hu\/utazas\/wp-json\/wp\/v2\/types\/post"}],"author":[{"embeddable":true,"href":"https:\/\/www.startlap.hu\/utazas\/wp-json\/wp\/v2\/users\/64"}],"replies":[{"embeddable":true,"href":"https:\/\/www.startlap.hu\/utazas\/wp-json\/wp\/v2\/comments?post=71704"}],"version-history":[{"count":11,"href":"https:\/\/www.startlap.hu\/utazas\/wp-json\/wp\/v2\/posts\/71704\/revisions"}],"predecessor-version":[{"id":71728,"href":"https:\/\/www.startlap.hu\/utazas\/wp-json\/wp\/v2\/posts\/71704\/revisions\/71728"}],"wp:featuredmedia":[{"embeddable":true,"href":"https:\/\/www.startlap.hu\/utazas\/wp-json\/wp\/v2\/media\/71707"}],"wp:attachment":[{"href":"https:\/\/www.startlap.hu\/utazas\/wp-json\/wp\/v2\/media?parent=71704"}],"wp:term":[{"taxonomy":"category","embeddable":true,"href":"https:\/\/www.startlap.hu\/utazas\/wp-json\/wp\/v2\/categories?post=71704"},{"taxonomy":"post_tag","embeddable":true,"href":"https:\/\/www.startlap.hu\/utazas\/wp-json\/wp\/v2\/tags?post=71704"}],"curies":[{"name":"wp","href":"https:\/\/api.w.org\/{rel}","templated":true}]}}