{"id":71601,"date":"2024-04-23T20:20:33","date_gmt":"2024-04-23T18:20:33","guid":{"rendered":"https:\/\/www.startlap.hu\/utazas\/?p=71601"},"modified":"2024-04-24T15:29:18","modified_gmt":"2024-04-24T13:29:18","slug":"restauraljak-az-oreg-mihalyt-tobb-mint-harom-tonna","status":"publish","type":"post","link":"https:\/\/www.startlap.hu\/utazas\/restauraljak-az-oreg-mihalyt-tobb-mint-harom-tonna\/","title":{"rendered":"Restaur\u00e1lj\u00e1k az \u00d6reg Mih\u00e1lyt, t\u00f6bb mint h\u00e1rom tonna"},"content":{"rendered":"<p>Most Bal\u00e1zs elmondta, hogy a mintegy <strong>3400 kilogrammos harangot<\/strong> az elm\u00falt h\u00e1romsz\u00e1z \u00e9vben egyszer sem mozd\u00edtott\u00e1k el a hely\u00e9r\u0151l. Egy 1930-as \u00e9vekben t\u00f6rt\u00e9nt beavatkoz\u00e1s k\u00f6vetkezt\u00e9ben azonban megv\u00e1ltozott a hangz\u00e1sa, amikor \u00faj harangnyelvet, harangsz\u00e9ket \u00e9s j\u00e1rmot k\u00e9sz\u00edtettek hozz\u00e1.<\/p>\n<h2>P\u00e1ratlan m\u00f3don zajlik a fel\u00faj\u00edt\u00e1s<\/h2>\n<p>A jelenlegi restaur\u00e1l\u00e1s sor\u00e1n egy speci\u00e1lis m\u00f3dszerrel heteken \u00e1t <strong>hev\u00edtik a harangtestet 800 Celsius-fokosra<\/strong>, \u00e9s egy h\u0151pajzs alatt tartva, k\u00fcl\u00f6nleges hegeszt\u00e9si m\u00f3dszerrel \u00faj\u00edtj\u00e1k meg. A nagyharangnak a jav\u00edt\u00e1st k\u00f6vet\u0151en \u00faj harangsz\u00e9ket, -j\u00e1rmot \u00e9s -nyelvet k\u00e9sz\u00edtenek, \u00edgy visszanyeri majd eredeti hangz\u00e1s\u00e1t &#8211; tette hozz\u00e1.<\/p>\n<figure id=\"attachment_71602\" aria-describedby=\"caption-attachment-71602\" style=\"width: 755px\" class=\"wp-caption alignnone\"><img loading=\"lazy\" decoding=\"async\" class=\"size-article-size-large-image wp-image-71602\" src=\"https:\/\/www.startlap.hu\/utazas\/uploads\/sites\/3\/2024\/04\/veszprem_foszekesegyhaz-755x502.jpg\" alt=\"A fel\u00faj\u00edt\u00e1s alatt \u00e1ll\u00f3 veszpr\u00e9mi Szent Mih\u00e1ly F\u0151sz\u00e9kesegyh\u00e1z\" width=\"755\" height=\"502\" srcset=\"https:\/\/www.startlap.hu\/utazas\/uploads\/sites\/3\/2024\/04\/veszprem_foszekesegyhaz-755x502.jpg 755w, https:\/\/www.startlap.hu\/utazas\/uploads\/sites\/3\/2024\/04\/veszprem_foszekesegyhaz-250x165.jpg 250w, https:\/\/www.startlap.hu\/utazas\/uploads\/sites\/3\/2024\/04\/veszprem_foszekesegyhaz-526x350.jpg 526w, https:\/\/www.startlap.hu\/utazas\/uploads\/sites\/3\/2024\/04\/veszprem_foszekesegyhaz.jpg 1200w\" sizes=\"auto, (max-width: 755px) 100vw, 755px\" \/><figcaption id=\"caption-attachment-71602\" class=\"wp-caption-text\">Fot\u00f3: MTI\/Vasv\u00e1ri Tam\u00e1s<\/figcaption><\/figure>\n<p><em>A <strong><a href=\"https:\/\/www.startlap.hu\/utazas\/london-szent-pal-konyvtar-airbnb\/\" target=\"_blank\" rel=\"noopener noreferrer\">f\u0151sz\u00e9kesegyh\u00e1z<\/a><\/strong> \u00e9szaki torny\u00e1ban 47 m\u00e9ter magasan f\u00fcgg\u0151 harang gr\u00f3f Esterh\u00e1zy Imre veszpr\u00e9mi p\u00fcsp\u00f6k, k\u00e9s\u0151bbi esztergomi \u00e9rsek megrendel\u00e9s\u00e9re Franz Ulrich Scheichel harang\u00f6nt\u0151 mester b\u00e9csi m\u0171hely\u00e9ben k\u00e9sz\u00fclt 1723 \u00e9s 1725 k\u00f6z\u00f6tt<\/em> &#8211; id\u00e9zte fel Most Bal\u00e1zs.<\/p>\n<p>&nbsp;<\/p>\n<blockquote><p>Az \u00d6reg Mih\u00e1lyk\u00e9nt is emlegetett harang Magyarorsz\u00e1g nagyharangjai k\u00f6z\u00fcl a legid\u0151sebb, t\u00f6meg\u00e9r\u0151l nincsenek pontos adatok, becsl\u00e9sek szerint k\u00f6r\u00fclbel\u00fcl 3400 kilogrammos lehet, als\u00f3 \u00e1tm\u00e9r\u0151je pedig meghaladja a 177 centim\u00e9tert<\/p><\/blockquote>\n<p>&nbsp;<\/p>\n<p>&#8211; f\u0171zte hozz\u00e1.<\/p>\n<h2>A harangok visszat\u00e9rnek<\/h2>\n<p>A v\u00e1rnegyed h\u00e1rom templom\u00e1ban eredetileg tizenk\u00e9t harang volt, a f\u0151sz\u00e9kesegyh\u00e1zban hat, a Szent Imre- \u00e9s a Szent Istv\u00e1n-templomban tov\u00e1bbi h\u00e1rom-h\u00e1rom, legt\u00f6bbj\u00fck azonban nem v\u00e9szelte \u00e1t a k\u00e9t vil\u00e1gh\u00e1bor\u00fat. A ferences templom torny\u00e1b\u00f3l a m\u00e1sodik vil\u00e1gh\u00e1bor\u00fa idej\u00e9n k\u00e9t harangot is elvittek, \u00edgy jelenleg csak a legkisebb, 1932-ben k\u00e9sz\u00edtett harang sz\u00f3l.<\/p>\n<p>Ugyan\u00edgy maradt mag\u00e1ra a Szent Imre-templom egyik harangja is, <strong>amely 1839-ben ker\u00fclt a hely\u00e9re<\/strong>. A 200 kilogramm s\u00faly\u00fa, eredeti \u00e1llapotban megmaradt harang k\u00fcl\u00f6nlegess\u00e9ge, hogy a mai napig hagyom\u00e1nyos m\u00f3don, k\u00e9zi er\u0151vel lehet megsz\u00f3laltatni &#8211; mondta el harangszak\u00e9rt\u0151.<\/p>\n<p>J\u00f6v\u0151re a h\u00e1rom templomba mind a 12 harang visszaker\u00fcl, a ferences \u00e9s a piarista templom tornyaiba \u00faj harangsz\u00e9keket helyeznek el, \u00e9s kicser\u00e9lik a harangokat mozgat\u00f3 berendez\u00e9seket, valamint az \u00f3ra\u00fct\u0151 kalap\u00e1csokat is. A beruh\u00e1z\u00e1st k\u00f6vet\u0151en a v\u00e1rnegyed harangjait a f\u0151sz\u00e9kesegyh\u00e1zb\u00f3l k\u00f6zpontilag is lehet majd m\u0171k\u00f6dtetni, \u00edgy k\u00fcl\u00f6nleges zenei \u00e9lm\u00e9nyben lesz r\u00e9sz\u00fck a v\u00e1rba l\u00e1togat\u00f3knak &#8211; magyar\u00e1zta Most Bal\u00e1zs.<\/p>\n<h2>A fel\u00faj\u00edt\u00e1s m\u00e1r turistaprogramm\u00e1 v\u00e1lt<\/h2>\n<p>Tavaly elk\u00e9sz\u00fclt a v\u00e1rnegyed meg\u00faj\u00edt\u00e1s\u00e1ban \u00e9rintett 18 \u00e9p\u00fclet homlokzati \u00e9s tet\u0151szerkezeti munk\u00e1ja. Az \u00e9v m\u00e1sodik fel\u00e9ben 13 \u00e9p\u00fcletben zajlottak restaur\u00e1tori, illetve a bels\u0151 tereket \u00e9rint\u0151 munk\u00e1latok.<\/p>\n<p>Jelent\u0151s el\u0151rehalad\u00e1st \u00e9rtek el a <strong>Piarista Rendh\u00e1zban, a Ferences Rendh\u00e1zban, a Szent Istv\u00e1n-templomban<\/strong> \u00e9s a Kisszemin\u00e1riumban, m\u00edg a Szent Mih\u00e1ly-f\u0151sz\u00e9kesegyh\u00e1zban az altemplomban zajlottak restaur\u00e1tori kutat\u00e1sok.<\/p>\n<p>Id\u00e9n tov\u00e1bb haladnak a munk\u00e1latok, ezzel p\u00e1rhuzamosan folytat\u00f3dik a Veszpr\u00e9mi F\u0151egyh\u00e1zmegye \u00e1ltal ind\u00edtott Work in Progress programsorozat, amely a v\u00e1rnegyed meg\u00faj\u00edt\u00e1si munk\u00e1latainak kulissz\u00e1i m\u00f6g\u00e9 enged betekint\u00e9st <strong>vezetett s\u00e9t\u00e1kkal \u00e9s ki\u00e1ll\u00edt\u00e1sokkal<\/strong> &#8211; tette hozz\u00e1 Most Bal\u00e1zs.<\/p>\n<div class=\"o-widget m-readMoreWidget -readMore u-shortDecorLineAfter row widget-container _ce_measure_widget bigdata-widget read-more\" data-ce-measure-widget=\"olvass tov\u00e1bb\">\n\t<div class=\"m-readMoreWidget__imgWrapper image-wrapper col-12 col-md-4 no-p\">\n\t\t<a class=\"m-readMoreWidget__imgLink\" href=\"https:\/\/www.startlap.hu\/utazas\/notre-dame-fodem-foto\/\" >\n\t\t\t<img decoding=\"async\" src=\"https:\/\/www.startlap.hu\/utazas\/uploads\/sites\/3\/2024\/03\/000_34KZ4K2-350x285.jpg\" class=\"m-readMoreWidget__img\">\n\t\t<\/a>\n\t<\/div>\n\t<div class=\"m-readMoreWidget__titleWrapper title-wrapper col-12 col-md-8\">\n\t\t<span class=\"m-readMoreWidget__titleLabel u-shortDecorLineBefore label hidden-sm-up\">Ez is \u00e9rdekelhet:<\/span>\n\t\t<h3 class=\"m-readMoreWidget__title title\">\n\t\t\t<a class=\"m-readMoreWidget__titleLink -secondFont u-bold u-upperCase\" href=\"https:\/\/www.startlap.hu\/utazas\/notre-dame-fodem-foto\/\" >Ilyen lett a p\u00e1rizsi Notre-Dame fel\u00faj\u00edtott f\u00f6d\u00e9mszerkezete<\/a>\n\t\t<\/h3>\n\t\t<a class=\"m-readMoreWidget__btn -coloredBack u-tC link\" href=\"https:\/\/www.startlap.hu\/utazas\/notre-dame-fodem-foto\/\" >Elolvasom<\/a>\n\t<\/div>\n<\/div>\n","protected":false},"excerpt":{"rendered":"<p> A veszpr\u00e9mi v\u00e1rnegyed fel\u00faj\u00edt\u00e1s\u00e1nak \u00e9gisze alatt restaur\u00e1lj\u00e1k a Szent Mih\u00e1ly-f\u0151sz\u00e9kesegyh\u00e1z t\u00f6rt\u00e9nelmi harangj\u00e1t.<\/p>\n","protected":false},"author":8,"featured_media":71602,"comment_status":"closed","ping_status":"closed","sticky":false,"template":"","format":"standard","meta":{"footnotes":""},"categories":[7],"tags":[5008,1416],"class_list":["post-71601","post","type-post","status-publish","format-standard","has-post-thumbnail","hentry","category-belfold-utazas","tag-harang","tag-veszprem"],"aioseo_notices":[],"_links":{"self":[{"href":"https:\/\/www.startlap.hu\/utazas\/wp-json\/wp\/v2\/posts\/71601","targetHints":{"allow":["GET"]}}],"collection":[{"href":"https:\/\/www.startlap.hu\/utazas\/wp-json\/wp\/v2\/posts"}],"about":[{"href":"https:\/\/www.startlap.hu\/utazas\/wp-json\/wp\/v2\/types\/post"}],"author":[{"embeddable":true,"href":"https:\/\/www.startlap.hu\/utazas\/wp-json\/wp\/v2\/users\/8"}],"replies":[{"embeddable":true,"href":"https:\/\/www.startlap.hu\/utazas\/wp-json\/wp\/v2\/comments?post=71601"}],"version-history":[{"count":3,"href":"https:\/\/www.startlap.hu\/utazas\/wp-json\/wp\/v2\/posts\/71601\/revisions"}],"predecessor-version":[{"id":71605,"href":"https:\/\/www.startlap.hu\/utazas\/wp-json\/wp\/v2\/posts\/71601\/revisions\/71605"}],"wp:featuredmedia":[{"embeddable":true,"href":"https:\/\/www.startlap.hu\/utazas\/wp-json\/wp\/v2\/media\/71602"}],"wp:attachment":[{"href":"https:\/\/www.startlap.hu\/utazas\/wp-json\/wp\/v2\/media?parent=71601"}],"wp:term":[{"taxonomy":"category","embeddable":true,"href":"https:\/\/www.startlap.hu\/utazas\/wp-json\/wp\/v2\/categories?post=71601"},{"taxonomy":"post_tag","embeddable":true,"href":"https:\/\/www.startlap.hu\/utazas\/wp-json\/wp\/v2\/tags?post=71601"}],"curies":[{"name":"wp","href":"https:\/\/api.w.org\/{rel}","templated":true}]}}