{"id":71513,"date":"2024-04-21T15:03:57","date_gmt":"2024-04-21T13:03:57","guid":{"rendered":"https:\/\/www.startlap.hu\/utazas\/?p=71513"},"modified":"2024-04-21T15:03:57","modified_gmt":"2024-04-21T13:03:57","slug":"horgaszfelszereles-kiszamoltak","status":"publish","type":"post","link":"https:\/\/www.startlap.hu\/utazas\/horgaszfelszereles-kiszamoltak\/","title":{"rendered":"Kisz\u00e1molt\u00e1k, h\u00e1ny horg\u00e1szfelszerel\u00e9s h\u00e1nykol\u00f3dhat a magyar vizek m\u00e9ly\u00e9n"},"content":{"rendered":"<p>Izgalmas m\u00f3dszerrel becs\u00fclt\u00e9k meg a HUN-REN \u00d6kol\u00f3giai Kutat\u00f3k\u00f6zpont (HUN-REN \u00d6K) munkat\u00e1rsai azt, hogy h\u00e1ny darab \u00e9s milyen t\u00edpus\u00fa horg\u00e1szfelszerel\u00e9s s\u00fcllyedhetett el a magyar vizekben: a kutat\u00f3k f\u00e9mt\u00e1rgyak v\u00edzb\u0151l val\u00f3 kiemel\u00e9s\u00e9re specializ\u00e1l\u00f3dott m\u00e1gneshorg\u00e1szok k\u00f6z\u00f6ss\u00e9gim\u00e9dia-bejegyz\u00e9sei alapj\u00e1n sz\u00e1moltak &#8211; \u00edrja az&nbsp;<a href=\"https:\/\/www.hirstart.hu\/site\/relocate.php?rssid=1516&amp;rsspid=3&amp;ctype=rss&amp;id=29589019&amp;chk=0a4af3adc40140ec8ac3234e7c517574&amp;url=https%3A%2F%2Finfostart.hu%2Fbelfold%2F2024%2F04%2F21%2Fkiszamoltak-mennyi-horgaszfelszereles-lehet-a-magyar-vizek-melyen\" target=\"_blank\" target=\"_blank\" rel=\"noopener noreferrer\"><strong>Infostart<\/strong><\/a>.<\/p>\n<p>A tanulm\u00e1ny szerint, amely a Hydrobiologia c\u00edm\u0171 tudom\u00e1nyos foly\u00f3iratban jelent meg, \u00f3vatos becsl\u00e9ssel is minimum n\u00e9h\u00e1ny t\u00edzezer, de ak\u00e1r t\u00f6bb sz\u00e1zezer horg\u00e1szfelszerel\u00e9s is a magyar tavak \u00e9s foly\u00f3k viz\u00e9ben landolhatott, r\u00e1ad\u00e1sul mindez egy\u00e9b f\u00e9mtartalm\u00fa hullad\u00e9kok mellett, amelyek a m\u00e1gneshorg\u00e1szok feldolgozott ter\u00edt\u00e9keinek t\u00falnyom\u00f3 t\u00f6bbs\u00e9g\u00e9t (65,8 sz\u00e1zal\u00e9k) alkott\u00e1k. Az \u00f6sszes elemz\u00e9sbe bevont fog\u00e1s 11,4 sz\u00e1zal\u00e9k\u00e1ban fordult el\u0151 kimondottan horg\u00e1szattal \u00f6sszef\u00fcgg\u0151 szem\u00e9t.<\/p>\n<p>L\u00f6ki Viktor, a HUN-REN \u00d6K Vizes \u00c9l\u0151helyek Funkcion\u00e1lis \u00d6kol\u00f3giai Kutat\u00f3csoportj\u00e1nak tudom\u00e1nyos munkat\u00e1rsa, valamint koll\u00e9g\u00e1i \u00e9s doktoranduszhallgat\u00f3k<\/p>\n<blockquote class=\"article__extraTxt\"><p>a vil\u00e1gon el\u0151sz\u00f6r alkalmazt\u00e1k a rekre\u00e1ci\u00f3s m\u00e1gneshorg\u00e1szok k\u00f6z\u00f6ss\u00e9gi m\u00e9diaprofiljait \u00f6kol\u00f3giai, v\u00edzmin\u0151s\u00e9get \u00e9rint\u0151 tudom\u00e1nyos kutat\u00e1sban. A kutat\u00f3k hat \u00e9vet n\u00e9ztek v\u00e9gig a magyar m\u00e1gneshorg\u00e1szok egy\u00e9ni \u00e9s csoportos k\u00f6z\u00f6ss\u00e9gim\u00e9dia-oldalain, ami \u00f6sszesen 2889 posztot jelent a Facebookon, az Instagramon \u00e9s a YouTube-on.<\/p><\/blockquote>\n<figure id=\"attachment_71514\" aria-describedby=\"caption-attachment-71514\" style=\"width: 755px\" class=\"wp-caption alignnone\"><img loading=\"lazy\" decoding=\"async\" class=\"size-article-size-large-image wp-image-71514\" src=\"https:\/\/www.startlap.hu\/utazas\/uploads\/sites\/3\/2024\/04\/080_HL_QTOP_2317949-755x502.jpg\" alt=\"\" width=\"755\" height=\"502\" srcset=\"https:\/\/www.startlap.hu\/utazas\/uploads\/sites\/3\/2024\/04\/080_HL_QTOP_2317949-755x502.jpg 755w, https:\/\/www.startlap.hu\/utazas\/uploads\/sites\/3\/2024\/04\/080_HL_QTOP_2317949-250x165.jpg 250w, https:\/\/www.startlap.hu\/utazas\/uploads\/sites\/3\/2024\/04\/080_HL_QTOP_2317949-526x350.jpg 526w, https:\/\/www.startlap.hu\/utazas\/uploads\/sites\/3\/2024\/04\/080_HL_QTOP_2317949.jpg 1024w\" sizes=\"auto, (max-width: 755px) 100vw, 755px\" \/><figcaption id=\"caption-attachment-71514\" class=\"wp-caption-text\">Fot\u00f3: AFP<\/figcaption><\/figure>\n<p>V\u00e9geredm\u00e9nyk\u00e9nt <strong>a kutat\u00f3k 31 k\u00fcl\u00f6nb\u00f6z\u0151 t\u00edpusba sorolhat\u00f3, \u00f6sszesen 2018 db horg\u00e1szfelszerel\u00e9st azonos\u00edtottak 330 helysz\u00ednr\u0151l<\/strong>, tov\u00e1bb\u00e1 \u00e9szrevett\u00e9k, hogy a foly\u00f3kban szignifik\u00e1nsan magasabb volt az elvesz\u00edtett felszerel\u00e9sek ar\u00e1nya a csatorn\u00e1khoz k\u00e9pest, felt\u0171n\u0151en magasabb a halastavakhoz k\u00e9pest, valamint sokkal t\u00f6bb perget\u0151 eszk\u00f6z ker\u00fclt el\u0151 foly\u00f3vizekb\u0151l.<\/p>\n<p>A horg\u00e1szat k\u00f6vetkezt\u00e9ben leggyakrabban hal\u00e1szh\u00e1l\u00f3k, de zsin\u00f3rok, b\u00f3j\u00e1k, horgok, m\u0171csalik, halcsapd\u00e1k, valamint m\u0171anyag \u00e9s mikrom\u0171anyag fragmentek is beker\u00fclnek a vizekbe.&nbsp;<\/p>\n<blockquote class=\"article__extraTxt\"><p>A leggyakoribb kihal\u00e1szott f\u00e9mt\u00e1rgyakat a konzervdobozok, s\u00f6r\u00f6skupakok, k\u00fcl\u00f6nf\u00e9le f\u00e9mdarabok, sz\u00f6gek, \u00e9rm\u00e9k jelentik, de a nagy erej\u0171 m\u00e1gneseknek k\u00f6sz\u00f6nhet\u0151en nem ritk\u00e1k a v\u00edzb\u0151l kiemelt mobiltelefonok, ker\u00e9kp\u00e1rok vagy alkatr\u00e9szeik, illetve ak\u00e1r l\u0151szerek, fegyverek sem.<\/p><\/blockquote>\n<p>A <strong>v\u00edzi \u00f6kosziszt\u00e9m\u00e1kra komoly vesz\u00e9lyt jelentenek<\/strong> az elvesz\u00edtett hal\u00e1sz- \u00e9s horg\u00e1szfelszerel\u00e9sek, k\u00fcl\u00f6n\u00f6sen az \u00f3lomtartalm\u00fa eszk\u00f6z\u00f6k.<\/p>\n<p>L\u00f6ki Viktor jelenleg azon dolgozik a k\u00f6z\u00f6ss\u00e9gi m\u00e9dia vizsg\u00e1lat\u00e1nak seg\u00edts\u00e9g\u00e9vel, hogy kider\u00edtse, milyen \u00e9l\u0151l\u00e9nyek akadnak bele a horg\u00e1szok elhagyott felszerel\u00e9seibe. Friss adatai alapj\u00e1n legal\u00e1bb 66 k\u00fcl\u00f6nb\u00f6z\u0151 fajba tartoz\u00f3 mad\u00e1r, h\u00fcll\u0151, k\u00e9t\u00e9lt\u0171, illetve eml\u0151s egyedeinek nehez\u00edtette az \u00e9let\u00e9t a hal\u00e1szatb\u00f3l sz\u00e1rmaz\u00f3 szem\u00e9t.<\/p>\n<div class=\"o-widget m-readMoreWidget -readMore u-shortDecorLineAfter row widget-container _ce_measure_widget bigdata-widget read-more\" data-ce-measure-widget=\"olvass tov\u00e1bb\">\n\t<div class=\"m-readMoreWidget__imgWrapper image-wrapper col-12 col-md-4 no-p\">\n\t\t<a class=\"m-readMoreWidget__imgLink\" href=\"https:\/\/www.startlap.hu\/utazas\/mav-volan-talalt-targyak\/\" >\n\t\t\t<img decoding=\"async\" src=\"https:\/\/www.startlap.hu\/utazas\/uploads\/sites\/3\/2024\/01\/000_Par1745264-350x285.jpg\" class=\"m-readMoreWidget__img\">\n\t\t<\/a>\n\t<\/div>\n\t<div class=\"m-readMoreWidget__titleWrapper title-wrapper col-12 col-md-8\">\n\t\t<span class=\"m-readMoreWidget__titleLabel u-shortDecorLineBefore label hidden-sm-up\">Ez is \u00e9rdekelhet:<\/span>\n\t\t<h3 class=\"m-readMoreWidget__title title\">\n\t\t\t<a class=\"m-readMoreWidget__titleLink -secondFont u-bold u-upperCase\" href=\"https:\/\/www.startlap.hu\/utazas\/mav-volan-talalt-targyak\/\" >El\u00e1rulta a M\u00c1V, milyen t\u00e1rgyakat hagytunk el tavaly a vonatokon \u00e9s buszokon<\/a>\n\t\t<\/h3>\n\t\t<a class=\"m-readMoreWidget__btn -coloredBack u-tC link\" href=\"https:\/\/www.startlap.hu\/utazas\/mav-volan-talalt-targyak\/\" >Elolvasom<\/a>\n\t<\/div>\n<\/div>\n","protected":false},"excerpt":{"rendered":"<p>K\u00fcl\u00f6nleges m\u00f3dszert alkalmaztak a magyar kutat\u00f3k, \u00e9s az is kider\u00fclt, az els\u00fcllyedt ker\u00e9kp\u00e1rok sem ritk\u00e1k.<\/p>\n","protected":false},"author":14,"featured_media":71514,"comment_status":"closed","ping_status":"closed","sticky":false,"template":"","format":"standard","meta":{"footnotes":""},"categories":[7],"tags":[632],"class_list":["post-71513","post","type-post","status-publish","format-standard","has-post-thumbnail","hentry","category-belfold-utazas","tag-horgaszat"],"aioseo_notices":[],"_links":{"self":[{"href":"https:\/\/www.startlap.hu\/utazas\/wp-json\/wp\/v2\/posts\/71513","targetHints":{"allow":["GET"]}}],"collection":[{"href":"https:\/\/www.startlap.hu\/utazas\/wp-json\/wp\/v2\/posts"}],"about":[{"href":"https:\/\/www.startlap.hu\/utazas\/wp-json\/wp\/v2\/types\/post"}],"author":[{"embeddable":true,"href":"https:\/\/www.startlap.hu\/utazas\/wp-json\/wp\/v2\/users\/14"}],"replies":[{"embeddable":true,"href":"https:\/\/www.startlap.hu\/utazas\/wp-json\/wp\/v2\/comments?post=71513"}],"version-history":[{"count":4,"href":"https:\/\/www.startlap.hu\/utazas\/wp-json\/wp\/v2\/posts\/71513\/revisions"}],"predecessor-version":[{"id":71524,"href":"https:\/\/www.startlap.hu\/utazas\/wp-json\/wp\/v2\/posts\/71513\/revisions\/71524"}],"wp:featuredmedia":[{"embeddable":true,"href":"https:\/\/www.startlap.hu\/utazas\/wp-json\/wp\/v2\/media\/71514"}],"wp:attachment":[{"href":"https:\/\/www.startlap.hu\/utazas\/wp-json\/wp\/v2\/media?parent=71513"}],"wp:term":[{"taxonomy":"category","embeddable":true,"href":"https:\/\/www.startlap.hu\/utazas\/wp-json\/wp\/v2\/categories?post=71513"},{"taxonomy":"post_tag","embeddable":true,"href":"https:\/\/www.startlap.hu\/utazas\/wp-json\/wp\/v2\/tags?post=71513"}],"curies":[{"name":"wp","href":"https:\/\/api.w.org\/{rel}","templated":true}]}}