{"id":71297,"date":"2024-04-15T12:02:36","date_gmt":"2024-04-15T10:02:36","guid":{"rendered":"https:\/\/www.startlap.hu\/utazas\/?p=71297"},"modified":"2024-04-15T12:02:36","modified_gmt":"2024-04-15T10:02:36","slug":"interrail-vonatjegy-europa-ingyen","status":"publish","type":"post","link":"https:\/\/www.startlap.hu\/utazas\/interrail-vonatjegy-europa-ingyen\/","title":{"rendered":"\u00dajabb ingyenes eur\u00f3pai vonatjegyet ad fiataloknak az EU"},"content":{"rendered":"<p>\u00dajabb p\u00e1ly\u00e1zati k\u00f6r ny\u00edlik meg kedden az Eur\u00f3pai Uni\u00f3 ingyenes InterRail-b\u00e9rleteket biztos\u00edt\u00f3, \u00fagynevezett DiscoverEU-programja keret\u00e9ben, id\u00e9n k\u00f6zel 800 magyar fiatal nyerhet ingyenes eur\u00f3pai vonatb\u00e9rletet &#8211; jelentette be <strong>Ujhelyi Istv\u00e1n <\/strong>h\u00e9tf\u0151n.<\/p>\n<p>A program idei els\u0151 ki\u00edr\u00e1s\u00e1ban <strong>35 500 ingyenes b\u00e9rletet oszt ki az Eur\u00f3pai Uni\u00f3<\/strong>, ebb\u0151l az el\u0151zetes kv\u00f3ta alapj\u00e1n 779 jut majd a tizennyolc \u00e9ves magyar fiataloknak. A magyar fiataloknak j\u00e1r\u00f3 kv\u00f3ta k\u00e9s\u0151bbi megemel\u00e9se id\u00e9n is v\u00e1rhat\u00f3, k\u00f6sz\u00f6nhet\u0151en annak, hogy Magyarorsz\u00e1gon rendszeres a t\u00faljelentkez\u00e9s az ingyenes utaz\u00e1si lehet\u0151s\u00e9gre &#8211; k\u00f6z\u00f6lte a szoci\u00e1ldemokrata EP-k\u00e9pvisel\u0151, a program mentora.<\/p>\n<blockquote class=\"article__extraTxt\"><p>Az \u00e9rintett fiataloknak \u00e1prilis v\u00e9g\u00e9ig le kell adniuk jelentkez\u00e9s\u00fcket az Eur\u00f3pai Bizotts\u00e1g erre a c\u00e9lra k\u00e9sz\u00edtett online fel\u00fclet\u00e9n. Ebben a k\u00f6rben azok a fiatalok p\u00e1ly\u00e1zhatnak, akik 2005. j\u00falius 1. \u00e9s 2006. j\u00fanius 30. k\u00f6z\u00f6tt sz\u00fclettek, ezt a k\u00e9t d\u00e1tumot is bele\u00e9rtve.<\/p><\/blockquote>\n<p>Az uni\u00f3s tagorsz\u00e1gok \u00e1llampolg\u00e1rai mellett ez\u00fattal is jelentkezhetnek az Erasmus+ programhoz t\u00e1rsult nem uni\u00f3s orsz\u00e1gokban \u00e9l\u0151 fiatalok is, \u00edgy p\u00e9ld\u00e1ul \u00c9szak-Maced\u00f3ni\u00e1b\u00f3l, Izlandr\u00f3l, Liechtensteinb\u0151l, Norv\u00e9gi\u00e1b\u00f3l, Szerbi\u00e1b\u00f3l vagy T\u00f6r\u00f6korsz\u00e1gb\u00f3l is fogadnak p\u00e1ly\u00e1zatokat.<\/p>\n<figure id=\"attachment_71298\" aria-describedby=\"caption-attachment-71298\" style=\"width: 755px\" class=\"wp-caption alignnone\"><img loading=\"lazy\" decoding=\"async\" class=\"size-article-size-large-image wp-image-71298\" src=\"https:\/\/www.startlap.hu\/utazas\/uploads\/sites\/3\/2024\/04\/043_dpa-pa_190912-99-841770_dpai-755x503.jpg\" alt=\"\" width=\"755\" height=\"503\" srcset=\"https:\/\/www.startlap.hu\/utazas\/uploads\/sites\/3\/2024\/04\/043_dpa-pa_190912-99-841770_dpai-755x503.jpg 755w, https:\/\/www.startlap.hu\/utazas\/uploads\/sites\/3\/2024\/04\/043_dpa-pa_190912-99-841770_dpai-526x350.jpg 526w, https:\/\/www.startlap.hu\/utazas\/uploads\/sites\/3\/2024\/04\/043_dpa-pa_190912-99-841770_dpai.jpg 1024w\" sizes=\"auto, (max-width: 755px) 100vw, 755px\" \/><figcaption id=\"caption-attachment-71298\" class=\"wp-caption-text\">Fot\u00f3: AFP<\/figcaption><\/figure>\n<p>Azok, akiket ebben a p\u00e1ly\u00e1zati k\u00f6rben kiv\u00e1lasztanak \u00e9s ingyenes InterRail-b\u00e9rletet nyernek, legfeljebb <strong>harminc napig utazhatnak majd Eur\u00f3p\u00e1ban a 2024. j\u00falius \u00e9s 2025. szeptember k\u00f6z\u00f6tti id\u0151szakban<\/strong>.<\/p>\n<p>Ez lesz a kilencedik p\u00e1ly\u00e1zati fordul\u00f3. Eddig t\u00f6bb mint egymilli\u00f3 eur\u00f3pai fiatal \u00e9lt m\u00e1r a lehet\u0151s\u00e9ggel, Magyarorsz\u00e1gr\u00f3l pedig k\u00f6zel harmincezren p\u00e1ly\u00e1ztak, \u00e9s a kv\u00f3ta alapj\u00e1n eddig valamivel t\u00f6bb mint hatezren utaztak is m\u00e1r a vonatb\u00e9rlettel. Ujhelyi hangs\u00falyozta, hogy a DiscoverEU program finansz\u00edroz\u00e1sa \u00e9s j\u00f6v\u0151je hossz\u00fa t\u00e1von biztos\u00edtott.<\/p>\n<p>Az uni\u00f3s program keret\u00e9ben kiv\u00e1lasztott fiatalok legfeljebb \u00f6tf\u0151s csoportokban utazhatnak, a fogyat\u00e9koss\u00e1ggal \u00e9l\u0151 vagy eg\u00e9szs\u00e9g\u00fcgyi probl\u00e9m\u00e1kkal k\u00fczd\u0151 r\u00e9sztvev\u0151k k\u00eds\u00e9r\u0151ket is vihetnek magukkal. Annak \u00e9rdek\u00e9ben, hogy min\u00e9l t\u00f6bb helyre eljuthassanak az EU-ban, a r\u00e9sztvev\u0151k <strong>m\u00e1s k\u00f6zleked\u00e9si eszk\u00f6z\u00f6ket is ig\u00e9nybe vehetnek<\/strong>, buszt vagy kompot is p\u00e9ld\u00e1ul, illetve kiv\u00e9teles esetekben a rep\u00fcl\u0151jegyre is felhaszn\u00e1lhat\u00f3 az igazolv\u00e1ny.<\/p>\n<p>(MTI)<\/p>\n<div class=\"o-widget m-readMoreWidget -readMore u-shortDecorLineAfter row widget-container _ce_measure_widget bigdata-widget read-more\" data-ce-measure-widget=\"olvass tov\u00e1bb\">\n\t<div class=\"m-readMoreWidget__imgWrapper image-wrapper col-12 col-md-4 no-p\">\n\t\t<a class=\"m-readMoreWidget__imgLink\" href=\"https:\/\/www.startlap.hu\/utazas\/fertotaj-vonat-magyarorszag-ausztria\/\" >\n\t\t\t<img decoding=\"async\" src=\"https:\/\/www.startlap.hu\/utazas\/uploads\/sites\/3\/2024\/04\/vonat_sebes-350x285.jpg\" class=\"m-readMoreWidget__img\">\n\t\t<\/a>\n\t<\/div>\n\t<div class=\"m-readMoreWidget__titleWrapper title-wrapper col-12 col-md-8\">\n\t\t<span class=\"m-readMoreWidget__titleLabel u-shortDecorLineBefore label hidden-sm-up\">Ez is \u00e9rdekelhet:<\/span>\n\t\t<h3 class=\"m-readMoreWidget__title title\">\n\t\t\t<a class=\"m-readMoreWidget__titleLink -secondFont u-bold u-upperCase\" href=\"https:\/\/www.startlap.hu\/utazas\/fertotaj-vonat-magyarorszag-ausztria\/\" >Ausztria \u00e9s Magyarorsz\u00e1g k\u00f6z\u00f6tt ilyen vonat m\u00e9g soha sem j\u00e1rt<\/a>\n\t\t<\/h3>\n\t\t<a class=\"m-readMoreWidget__btn -coloredBack u-tC link\" href=\"https:\/\/www.startlap.hu\/utazas\/fertotaj-vonat-magyarorszag-ausztria\/\" >Elolvasom<\/a>\n\t<\/div>\n<\/div>\n","protected":false},"excerpt":{"rendered":"<p>Kedden indul a haz\u00e1nkban rendre t\u00faljelentkez\u00e9ssel j\u00e1r\u00f3 InterRail-b\u00e9rleteket biztos\u00edt\u00f3 uni\u00f3s program \u00fajabb p\u00e1ly\u00e1zati szakasza.<\/p>\n","protected":false},"author":14,"featured_media":71298,"comment_status":"closed","ping_status":"closed","sticky":false,"template":"","format":"standard","meta":{"footnotes":""},"categories":[70],"tags":[2847,4857,179,1289],"class_list":["post-71297","post","type-post","status-publish","format-standard","has-post-thumbnail","hentry","category-vilag","tag-eu","tag-interrail","tag-mav","tag-vonatjegy"],"aioseo_notices":[],"_links":{"self":[{"href":"https:\/\/www.startlap.hu\/utazas\/wp-json\/wp\/v2\/posts\/71297","targetHints":{"allow":["GET"]}}],"collection":[{"href":"https:\/\/www.startlap.hu\/utazas\/wp-json\/wp\/v2\/posts"}],"about":[{"href":"https:\/\/www.startlap.hu\/utazas\/wp-json\/wp\/v2\/types\/post"}],"author":[{"embeddable":true,"href":"https:\/\/www.startlap.hu\/utazas\/wp-json\/wp\/v2\/users\/14"}],"replies":[{"embeddable":true,"href":"https:\/\/www.startlap.hu\/utazas\/wp-json\/wp\/v2\/comments?post=71297"}],"version-history":[{"count":2,"href":"https:\/\/www.startlap.hu\/utazas\/wp-json\/wp\/v2\/posts\/71297\/revisions"}],"predecessor-version":[{"id":71300,"href":"https:\/\/www.startlap.hu\/utazas\/wp-json\/wp\/v2\/posts\/71297\/revisions\/71300"}],"wp:featuredmedia":[{"embeddable":true,"href":"https:\/\/www.startlap.hu\/utazas\/wp-json\/wp\/v2\/media\/71298"}],"wp:attachment":[{"href":"https:\/\/www.startlap.hu\/utazas\/wp-json\/wp\/v2\/media?parent=71297"}],"wp:term":[{"taxonomy":"category","embeddable":true,"href":"https:\/\/www.startlap.hu\/utazas\/wp-json\/wp\/v2\/categories?post=71297"},{"taxonomy":"post_tag","embeddable":true,"href":"https:\/\/www.startlap.hu\/utazas\/wp-json\/wp\/v2\/tags?post=71297"}],"curies":[{"name":"wp","href":"https:\/\/api.w.org\/{rel}","templated":true}]}}