{"id":71177,"date":"2024-04-09T17:51:23","date_gmt":"2024-04-09T15:51:23","guid":{"rendered":"https:\/\/www.startlap.hu\/utazas\/?p=71177"},"modified":"2024-04-09T18:06:25","modified_gmt":"2024-04-09T16:06:25","slug":"sajat-festmenyet-tette-ki-a-muzeumban-lebukott","status":"publish","type":"post","link":"https:\/\/www.startlap.hu\/utazas\/sajat-festmenyet-tette-ki-a-muzeumban-lebukott\/","title":{"rendered":"Saj\u00e1t festm\u00e9ny\u00e9t tette ki a m\u00fazeumban, lebukott"},"content":{"rendered":"<p>Az 51 \u00e9ves f\u00e9rfi ellen, aki a m\u00fcncheni Modern M\u0171v\u00e9szeti M\u00fazeum technikai szem\u00e9lyzet\u00e9hez tartozott, <strong>tulajdon megrong\u00e1l\u00e1sa miatt indult elj\u00e1r\u00e1s<\/strong>, ugyanis a 60 cm x 120 cm nagys\u00e1g\u00fa k\u00e9p felf\u00fcggeszt\u00e9s\u00e9hez lyukakat f\u00fart a falba.<\/p>\n<p>A rend\u0151rs\u00e9g h\u00e9tf\u0151i k\u00f6zl\u00e9se szerint a mag\u00e1t m\u0171v\u00e9sznek vall\u00f3 f\u00e9rfit az motiv\u00e1lhatta, hogy <strong>\u00edgy akart \u00e1tt\u00f6r\u00e9st el\u00e9rni m\u0171v\u00e9szeti p\u00e1lyafut\u00e1s\u00e1ban<\/strong>. A ki\u00e1ll\u00edt\u00f3termekbe r\u00e1ad\u00e1sul nyitvatart\u00e1si id\u0151n k\u00edv\u00fcl is bejutott, \u00e9s \u00edgy \u00e9szrev\u00e9tlen\u00fcl rakhatta ki a k\u00e9p\u00e9t.<\/p>\n<figure id=\"attachment_71180\" aria-describedby=\"caption-attachment-71180\" style=\"width: 755px\" class=\"wp-caption alignnone\"><img loading=\"lazy\" decoding=\"async\" class=\"size-article-size-large-image wp-image-71180\" src=\"https:\/\/www.startlap.hu\/utazas\/uploads\/sites\/3\/2024\/04\/festmeny_bujo_no-755x503.jpg\" alt=\"Egy alak egy festm\u00e9ny m\u00f6g\u00e9 b\u00fajik\" width=\"755\" height=\"503\" srcset=\"https:\/\/www.startlap.hu\/utazas\/uploads\/sites\/3\/2024\/04\/festmeny_bujo_no-755x503.jpg 755w, https:\/\/www.startlap.hu\/utazas\/uploads\/sites\/3\/2024\/04\/festmeny_bujo_no-1536x1024.jpg 1536w, https:\/\/www.startlap.hu\/utazas\/uploads\/sites\/3\/2024\/04\/festmeny_bujo_no-2048x1365.jpg 2048w, https:\/\/www.startlap.hu\/utazas\/uploads\/sites\/3\/2024\/04\/festmeny_bujo_no-525x350.jpg 525w\" sizes=\"auto, (max-width: 755px) 100vw, 755px\" \/><figcaption id=\"caption-attachment-71180\" class=\"wp-caption-text\">Fot\u00f3: Getty Images<\/figcaption><\/figure>\n<p>A <strong><a href=\"https:\/\/www.startlap.hu\/utazas\/szepmuveszeti-muzeum-puzzle-kirakos\/\" target=\"_blank\" rel=\"noopener noreferrer\">m\u00fazeum<\/a><\/strong> sz\u00f3viv\u0151je a m\u00e9g febru\u00e1r v\u00e9g\u00e9n t\u00f6rt\u00e9nt incidensr\u0151l h\u00e9tf\u0151n besz\u00e1mol\u00f3 S\u00fcddeutsche Zeitung c\u00edm\u0171 lapnak elmondta, hogy az alkot\u00e1s nem l\u00f3ghatott t\u00fal sok\u00e1ig a falon, mert mint fogalmazott: a m\u00fazeum\u0151r\u00f6k &#8222;azonnal \u00e9szreveszik az ilyesmit&#8221;.<\/p>\n<p>A titokban kiakasztott festm\u00e9nyr\u0151l a rend\u0151ri \u00e9s a m\u00fazeumi k\u00f6zlem\u00e9nyb\u0151l sem der\u00fclt ki t\u00f6bb r\u00e9szlet. Az \u00fajs\u00e1g azonban hozz\u00e1f\u0171zte, hogy <strong>a f\u00e9rfit nem v\u00e1dolj\u00e1k b\u0171ncselekm\u00e9nnyel<\/strong>, a k\u00e9p\u00e9t visszakapta, de az \u00e1ll\u00e1s\u00e1b\u00f3l elbocs\u00e1tott\u00e1k.<\/p>\n<p>(MTI)<\/p>\n<div class=\"o-widget m-readMoreWidget -readMore u-shortDecorLineAfter row widget-container _ce_measure_widget bigdata-widget read-more\" data-ce-measure-widget=\"olvass tov\u00e1bb\">\n\t<div class=\"m-readMoreWidget__imgWrapper image-wrapper col-12 col-md-4 no-p\">\n\t\t<a class=\"m-readMoreWidget__imgLink\" href=\"https:\/\/www.startlap.hu\/utazas\/oroszorszag-gatszakadas-aradas-orszk-ural-folyo\/\" >\n\t\t\t<img decoding=\"async\" src=\"https:\/\/www.startlap.hu\/utazas\/uploads\/sites\/3\/2024\/04\/orszk-aradas-04-350x285.jpg\" class=\"m-readMoreWidget__img\">\n\t\t<\/a>\n\t<\/div>\n\t<div class=\"m-readMoreWidget__titleWrapper title-wrapper col-12 col-md-8\">\n\t\t<span class=\"m-readMoreWidget__titleLabel u-shortDecorLineBefore label hidden-sm-up\">Ez is \u00e9rdekelhet:<\/span>\n\t\t<h3 class=\"m-readMoreWidget__title title\">\n\t\t\t<a class=\"m-readMoreWidget__titleLink -secondFont u-bold u-upperCase\" href=\"https:\/\/www.startlap.hu\/utazas\/oroszorszag-gatszakadas-aradas-orszk-ural-folyo\/\" >G\u00e1tszakad\u00e1s: \u00edgy n\u00e9z ki a v\u00edz al\u00e1 ker\u00fclt 230 ezres orosz v\u00e1ros<\/a>\n\t\t<\/h3>\n\t\t<a class=\"m-readMoreWidget__btn -coloredBack u-tC link\" href=\"https:\/\/www.startlap.hu\/utazas\/oroszorszag-gatszakadas-aradas-orszk-ural-folyo\/\" >Elolvasom<\/a>\n\t<\/div>\n<\/div>\n","protected":false},"excerpt":{"rendered":"<p>Rong\u00e1l\u00e1s miatt indult elj\u00e1r\u00e1s egy m\u00fcncheni m\u00fazeum alkalmazottja ellen, aki a ki\u00e1ll\u00edt\u00f3t\u00e9rben titokban kif\u00fcggesztette egy saj\u00e1t alkot\u00e1s\u00e1t.<\/p>\n","protected":false},"author":8,"featured_media":71180,"comment_status":"closed","ping_status":"closed","sticky":false,"template":"","format":"standard","meta":{"footnotes":""},"categories":[70],"tags":[3363,358,156],"class_list":["post-71177","post","type-post","status-publish","format-standard","has-post-thumbnail","hentry","category-vilag","tag-festmeny","tag-munchen","tag-muzeum"],"aioseo_notices":[],"_links":{"self":[{"href":"https:\/\/www.startlap.hu\/utazas\/wp-json\/wp\/v2\/posts\/71177","targetHints":{"allow":["GET"]}}],"collection":[{"href":"https:\/\/www.startlap.hu\/utazas\/wp-json\/wp\/v2\/posts"}],"about":[{"href":"https:\/\/www.startlap.hu\/utazas\/wp-json\/wp\/v2\/types\/post"}],"author":[{"embeddable":true,"href":"https:\/\/www.startlap.hu\/utazas\/wp-json\/wp\/v2\/users\/8"}],"replies":[{"embeddable":true,"href":"https:\/\/www.startlap.hu\/utazas\/wp-json\/wp\/v2\/comments?post=71177"}],"version-history":[{"count":2,"href":"https:\/\/www.startlap.hu\/utazas\/wp-json\/wp\/v2\/posts\/71177\/revisions"}],"predecessor-version":[{"id":71181,"href":"https:\/\/www.startlap.hu\/utazas\/wp-json\/wp\/v2\/posts\/71177\/revisions\/71181"}],"wp:featuredmedia":[{"embeddable":true,"href":"https:\/\/www.startlap.hu\/utazas\/wp-json\/wp\/v2\/media\/71180"}],"wp:attachment":[{"href":"https:\/\/www.startlap.hu\/utazas\/wp-json\/wp\/v2\/media?parent=71177"}],"wp:term":[{"taxonomy":"category","embeddable":true,"href":"https:\/\/www.startlap.hu\/utazas\/wp-json\/wp\/v2\/categories?post=71177"},{"taxonomy":"post_tag","embeddable":true,"href":"https:\/\/www.startlap.hu\/utazas\/wp-json\/wp\/v2\/tags?post=71177"}],"curies":[{"name":"wp","href":"https:\/\/api.w.org\/{rel}","templated":true}]}}