{"id":71065,"date":"2024-04-08T11:13:04","date_gmt":"2024-04-08T09:13:04","guid":{"rendered":"https:\/\/www.startlap.hu\/utazas\/?p=71065"},"modified":"2024-04-08T11:31:39","modified_gmt":"2024-04-08T09:31:39","slug":"friss-kepeken-a-nemzeti-osszetartozas-hidja","status":"publish","type":"post","link":"https:\/\/www.startlap.hu\/utazas\/friss-kepeken-a-nemzeti-osszetartozas-hidja\/","title":{"rendered":"Friss k\u00e9peken a Nemzeti \u00d6sszetartoz\u00e1s H\u00eddja"},"content":{"rendered":"<p>M\u00e1r a terhel\u00e9ses pr\u00f3b\u00e1k zajlanak a Nemzeti \u00d6sszetartoz\u00e1s H\u00eddj\u00e1n S\u00e1toralja\u00fajhelyen \u2013 k\u00f6z\u00f6lte a korm\u00e1ny a Facebook-oldal\u00e1n.<\/p>\n<p>Konkr\u00e9t id\u0151pontot m\u00e9g nem \u00edrnak, de azt \u00edg\u00e9rik, hogy hamarosan \u00e1tadj\u00e1k a <strong>700 m\u00e9ter hossz\u00fa gyalogos k\u00f6t\u00e9lh\u00edd<\/strong>, amely a Sz\u00e1rhegyet \u00e9s a V\u00e1rhegyet k\u00f6ti \u00f6ssze.<\/p>\n<p>A vil\u00e1g egyik leghosszabb k\u00f6t\u00e9lh\u00eddj\u00e1r\u00f3l friss fot\u00f3kat is mutattak:<\/p>\n<p><iframe loading=\"lazy\" width=\"720\" height=\"903\" frameborder=\"0\" src=\"https:\/\/www.facebook.com\/plugins\/post.php?href=https%3A%2F%2Fwww.facebook.com%2Fkormanyzat%2Fposts%2Fpfbid0zza5qbpgRQXayoQGn4wyJ6b85rt3217WLPn1MFbGCMjLLgptE1r6fvsBUEAeYY4Ul&amp;show_text=true&amp;width=720\"><\/iframe><\/p>\n<p>A h\u00edd f\u00e9mb\u0151l k\u00e9sz\u00fclt, hat ac\u00e9lsodrony k\u00f6t\u00e9l tartja nagy magass\u00e1gban, a leveg\u0151ben a k\u00e9t hegy k\u00f6z\u00f6tt, ett\u0151l vil\u00e1gszinten is t\u00f6bb szempontb\u00f3l egyedi. Ezzel a technol\u00f3gi\u00e1val Magyarorsz\u00e1gon, de a hossz\u00e1t figyelembe v\u00e9ve a vil\u00e1gon ez a leghosszabb \u00e9p\u00edtett ilyenfajta h\u00edd, teh\u00e1t ez egyedi, rekordh\u00edd \u2013 mondta m\u00e9g febru\u00e1rban S\u00e1toralja\u00fajhely polg\u00e1rmestere.<\/p>\n<p>A 4 milli\u00e1rd forintb\u00f3l \u00e9p\u00fcl\u0151 h\u00edd \u2013 amelynek a k\u00f6zep\u00e9re hatalmas \u00fcveglapok ker\u00fcltek \u2013 a tervek szerint \u00e1prilis k\u00f6rny\u00e9k\u00e9n k\u00e9sz\u00fclhet el teljesen, \u00e9s legk\u00e9s\u0151bb ny\u00e1r elej\u00e9t\u0151l m\u00e1r v\u00e9gigmehetnek rajta a l\u00e1togat\u00f3k \u2013 \u00edrta m\u00e9g febru\u00e1rban a <a href=\"https:\/\/www.hirstart.hu\/site\/relocate.php?rssid=124&amp;rsspid=3&amp;ctype=rss&amp;id=27948535&amp;chk=46f513801d7960d7fe10e9b61a0a6b22&amp;url=https%3A%2F%2Fmagyarnemzet.hu%2Fbelfold%2F2024%2F02%2Fkotelhid-a-zemplenben-epul-a-vilag-leghosszabb-kotelhidja-kozel-mar-az-atadas-video4%3Futm_source%3Dhirstart%26utm_medium%3Dreferral%26utm_campaign%3Dhiraggregator\" target=\"_blank\" target=\"_blank\" rel=\"noopener noreferrer\">Magyar Nemzet<\/a>.<\/p>\n<p>&nbsp;<\/p>\n<div class=\"o-widget m-readMoreWidget -readMore u-shortDecorLineAfter row widget-container _ce_measure_widget bigdata-widget read-more\" data-ce-measure-widget=\"olvass tov\u00e1bb\">\n\t<div class=\"m-readMoreWidget__imgWrapper image-wrapper col-12 col-md-4 no-p\">\n\t\t<a class=\"m-readMoreWidget__imgLink\" href=\"https:\/\/www.startlap.hu\/utazas\/oroszorszag-gatszakadas-aradas-orszk-ural-folyo\/\" >\n\t\t\t<img decoding=\"async\" src=\"https:\/\/www.startlap.hu\/utazas\/uploads\/sites\/3\/2024\/04\/orszk-aradas-04-350x285.jpg\" class=\"m-readMoreWidget__img\">\n\t\t<\/a>\n\t<\/div>\n\t<div class=\"m-readMoreWidget__titleWrapper title-wrapper col-12 col-md-8\">\n\t\t<span class=\"m-readMoreWidget__titleLabel u-shortDecorLineBefore label hidden-sm-up\">Ez is \u00e9rdekelhet:<\/span>\n\t\t<h3 class=\"m-readMoreWidget__title title\">\n\t\t\t<a class=\"m-readMoreWidget__titleLink -secondFont u-bold u-upperCase\" href=\"https:\/\/www.startlap.hu\/utazas\/oroszorszag-gatszakadas-aradas-orszk-ural-folyo\/\" >G\u00e1tszakad\u00e1s: \u00edgy n\u00e9z ki a v\u00edz al\u00e1 ker\u00fclt 230 ezres orosz v\u00e1ros<\/a>\n\t\t<\/h3>\n\t\t<a class=\"m-readMoreWidget__btn -coloredBack u-tC link\" href=\"https:\/\/www.startlap.hu\/utazas\/oroszorszag-gatszakadas-aradas-orszk-ural-folyo\/\" >Elolvasom<\/a>\n\t<\/div>\n<\/div>\n","protected":false},"excerpt":{"rendered":"<p>A 4 milli\u00e1rd forintb\u00f3l \u00e9p\u00fcl\u0151 h\u00eddra a tervek szerint legk\u00e9s\u0151bb ny\u00e1r elej\u00e9t\u0151l mer\u00e9szkedhetnek fel a l\u00e1togat\u00f3k.<\/p>\n","protected":false},"author":7,"featured_media":71069,"comment_status":"closed","ping_status":"closed","sticky":false,"template":"","format":"standard","meta":{"footnotes":""},"categories":[7],"tags":[6127,4845],"class_list":["post-71065","post","type-post","status-publish","format-standard","has-post-thumbnail","hentry","category-belfold-utazas","tag-nemzeti-osszetartozas-hidja","tag-satoraljaujhely"],"aioseo_notices":[],"_links":{"self":[{"href":"https:\/\/www.startlap.hu\/utazas\/wp-json\/wp\/v2\/posts\/71065","targetHints":{"allow":["GET"]}}],"collection":[{"href":"https:\/\/www.startlap.hu\/utazas\/wp-json\/wp\/v2\/posts"}],"about":[{"href":"https:\/\/www.startlap.hu\/utazas\/wp-json\/wp\/v2\/types\/post"}],"author":[{"embeddable":true,"href":"https:\/\/www.startlap.hu\/utazas\/wp-json\/wp\/v2\/users\/7"}],"replies":[{"embeddable":true,"href":"https:\/\/www.startlap.hu\/utazas\/wp-json\/wp\/v2\/comments?post=71065"}],"version-history":[{"count":4,"href":"https:\/\/www.startlap.hu\/utazas\/wp-json\/wp\/v2\/posts\/71065\/revisions"}],"predecessor-version":[{"id":71074,"href":"https:\/\/www.startlap.hu\/utazas\/wp-json\/wp\/v2\/posts\/71065\/revisions\/71074"}],"wp:featuredmedia":[{"embeddable":true,"href":"https:\/\/www.startlap.hu\/utazas\/wp-json\/wp\/v2\/media\/71069"}],"wp:attachment":[{"href":"https:\/\/www.startlap.hu\/utazas\/wp-json\/wp\/v2\/media?parent=71065"}],"wp:term":[{"taxonomy":"category","embeddable":true,"href":"https:\/\/www.startlap.hu\/utazas\/wp-json\/wp\/v2\/categories?post=71065"},{"taxonomy":"post_tag","embeddable":true,"href":"https:\/\/www.startlap.hu\/utazas\/wp-json\/wp\/v2\/tags?post=71065"}],"curies":[{"name":"wp","href":"https:\/\/api.w.org\/{rel}","templated":true}]}}