{"id":70918,"date":"2024-04-04T13:51:19","date_gmt":"2024-04-04T11:51:19","guid":{"rendered":"https:\/\/www.startlap.hu\/utazas\/?p=70918"},"modified":"2024-04-04T13:51:19","modified_gmt":"2024-04-04T11:51:19","slug":"europa-eletminoseg-miskolc-kolzsvar","status":"publish","type":"post","link":"https:\/\/www.startlap.hu\/utazas\/europa-eletminoseg-miskolc-kolzsvar\/","title":{"rendered":"\u00c9letmin\u0151s\u00e9g: Eur\u00f3pa Top10-es list\u00e1j\u00e1n 33 ezer magyar v\u00e1rosa"},"content":{"rendered":"<p>Az Eur\u00f3pai Bizotts\u00e1gnak (EB) a v\u00e1roslak\u00f3k el\u00e9gedetts\u00e9gi szintj\u00e9t vizsg\u00e1l\u00f3 2023-as felm\u00e9r\u00e9se \u00f6sszesen <strong>83 v\u00e1ros eredm\u00e9nyeit hasonl\u00edtotta \u00f6ssze<\/strong>. Az eur\u00f3pai uni\u00f3s telep\u00fcl\u00e9sek mellett brit, sv\u00e1jci, t\u00f6r\u00f6k \u00e9s nyugat-balk\u00e1ni v\u00e1rosokban is elv\u00e9gezt\u00e9k a felm\u00e9r\u00e9st.<\/p>\n<p>A v\u00e1rosi emberek el\u00e9gedetts\u00e9gi szintje, vagyis az \u00e9letmin\u0151s\u00e9g a tiszt\u00e1n anyagi szempontokon t\u00fal azokat a t\u00e9nyez\u0151ket foglalja mag\u00e1ban, amelyek azt befoly\u00e1solj\u00e1k, hogy hogyan \u00e9rz\u00e9kelik az \u00e9let\u00fcket az adott telep\u00fcl\u00e9sen. Ilyen t\u00e9nyez\u0151k p\u00e9ld\u00e1ul a lakhat\u00e1si k\u00f6lts\u00e9gek, a leveg\u0151 tisztas\u00e1ga, a kult\u00far\u00e1hoz val\u00f3 hozz\u00e1f\u00e9r\u00e9s vagy a k\u00f6zleked\u00e9si k\u00f6r\u00fclm\u00e9nyek \u2013 ismertett\u00e9k a kutat\u00e1s m\u00f3dszertan\u00e1t az eredm\u00e9nyeket k\u00f6zl\u0151 <a href=\"https:\/\/ec.europa.eu\/regional_policy\/sources\/reports\/qol2023\/2023_quality_life_european_cities_en.pdf\" target=\"_blank\" target=\"_blank\" rel=\"noopener noreferrer\">honlapon<\/a>.<\/p>\n<figure id=\"attachment_70921\" aria-describedby=\"caption-attachment-70921\" style=\"width: 755px\" class=\"wp-caption alignnone\"><img loading=\"lazy\" decoding=\"async\" class=\"size-article-size-large-image wp-image-70921\" src=\"https:\/\/www.startlap.hu\/utazas\/uploads\/sites\/3\/2024\/04\/ket-no-mosolyog-vidam-755x480.jpg\" alt=\"K\u00e9t egym\u00e1st \u00e1t\u00f6lel\u0151 vid\u00e1m n\u0151.\" width=\"755\" height=\"480\" srcset=\"https:\/\/www.startlap.hu\/utazas\/uploads\/sites\/3\/2024\/04\/ket-no-mosolyog-vidam-755x480.jpg 755w, https:\/\/www.startlap.hu\/utazas\/uploads\/sites\/3\/2024\/04\/ket-no-mosolyog-vidam-550x350.jpg 550w, https:\/\/www.startlap.hu\/utazas\/uploads\/sites\/3\/2024\/04\/ket-no-mosolyog-vidam.jpg 1200w\" sizes=\"auto, (max-width: 755px) 100vw, 755px\" \/><figcaption id=\"caption-attachment-70921\" class=\"wp-caption-text\">Getty Images<\/figcaption><\/figure>\n<h2>N\u00e9h\u00e1ny \u00e9rdekesebb adat<\/h2>\n<p>Az Eur\u00f3pai Uni\u00f3 v\u00e1rosai k\u00f6z\u00fcl a legnagyobb el\u00e9gedetts\u00e9gi szintet az az \u00e9szaki \u00e9s nyugati tag\u00e1llamok v\u00e1rosaiban m\u00e9rt\u00e9k (93% \u00e9s 90%), alacsonyabb szintet pedig a d\u00e9li tag\u00e1llamokban (81%), els\u0151sorban a g\u00f6r\u00f6g \u00e9s d\u00e9l-olasz v\u00e1rosokban.<\/p>\n<p>A kutat\u00e1s azt is meg\u00e1llap\u00edtja, hogy \u00f6sszess\u00e9g\u00e9ben a f\u0151v\u00e1rosok meg\u00edt\u00e9l\u00e9se n\u00e9mileg rosszabb (85%) az EU-ban, mint a nem f\u0151v\u00e1rosi v\u00e1rosok\u00e9 (88%), \u00e9s ugyan\u00edgy <strong>a kisebb v\u00e1rosokban \u00e9l\u0151k el\u00e9gedettebbek (86%), mint a nagyobb v\u00e1rosok lakoss\u00e1ga (79%)<\/strong>.<\/p>\n<p>2019 \u00e9s 2023 k\u00f6z\u00f6tt a v\u00e1rosi \u00e9lettel val\u00f3 el\u00e9gedetts\u00e9g m\u00e9rt\u00e9ke els\u0151sorban a Covid-19 j\u00e1rv\u00e1nynak k\u00f6sz\u00f6nhet\u0151en a legt\u00f6bb telep\u00fcl\u00e9sen enyh\u00e9n cs\u00f6kkent. A legnagyobb el\u00e9gedetts\u00e9gcs\u00f6kken\u00e9s Londonban (85%, -8 sz\u00e1zal\u00e9kpont), B\u00e9csben (87%, -6 sz\u00e1zal\u00e9kpont), Bologn\u00e1ban (87%, -6 sz\u00e1zal\u00e9kpont) \u00e9s <strong>Miskolcon (74%, -6 sz\u00e1zal\u00e9kpont)<\/strong> k\u00f6vetkezett be.<\/p>\n<blockquote class=\"article__extraTxt\"><p>Miskolc sajnos a t\u00edz legkev\u00e9sb\u00e9 \u00e9lhet\u0151 v\u00e1ros list\u00e1j\u00e1ra is felker\u00fclt, \u00e9s rosszul szerepelt a szerint a szempont szerint is, hogy <a href=\"https:\/\/www.startlap.hu\/utazas\/europai-unio-varosok-biztonsag-utazas-miskolc\/\" target=\"_blank\" rel=\"noopener noreferrer\">mennyire biztons\u00e1gos egyed\u00fcl s\u00e9t\u00e1lni \u00e9jszaka a v\u00e1ros utc\u00e1in<\/a>.<\/p><\/blockquote>\n<p>A felm\u00e9r\u00e9sben r\u00e9szt vev\u0151 83 v\u00e1ros k\u00f6z\u00fcl a sv\u00e1jci Z\u00fcrich \u00e1ll az els\u0151 helyen (97%) az el\u00e9gedetts\u00e9gi szintet tekintve. A m\u00e1sodik a d\u00e1niai Koppenh\u00e1ga \u00e9s a hollandiai Groningen egyar\u00e1nt 96%-kal.<\/p>\n<p><strong>A t\u00edz leg\u00e9lhet\u0151bb v\u00e1ros:<\/strong><\/p>\n<ol>\n<li>Z\u00fcrich, Sv\u00e1jc<\/li>\n<li>Koppenh\u00e1ga, D\u00e1nia<\/li>\n<li>Groningen, Hollandia<\/li>\n<li>Gda\u0144sk, Lengyelorsz\u00e1g<\/li>\n<li>Lipcse, N\u00e9metorsz\u00e1g<\/li>\n<li>Stockholm, Sv\u00e9dorsz\u00e1g<\/li>\n<li>Genf, Sv\u00e1jc<\/li>\n<li>Rostock, N\u00e9metorsz\u00e1g<\/li>\n<li>Kolozsv\u00e1r, Rom\u00e1nia<\/li>\n<li>Braga, Portug\u00e1lia<\/li>\n<\/ol>\n<p>Ennek a list\u00e1nak is van magyar vonatkoz\u00e1sa, hiszen <strong>Kolozsv\u00e1r nem csak t\u00f6rt\u00e9nelmileg-kultur\u00e1lisan k\u00f6t\u0151dik ezer sz\u00e1llal Magyarorsz\u00e1ghoz, de jelenleg is t\u00f6bb t\u00edzezer magyar \u2013 a 2021-es rom\u00e1niai n\u00e9psz\u00e1ml\u00e1l\u00e1s szerint 33 603 f\u0151 &#8211; \u00e9l a v\u00e1rosban<\/strong>.<\/p>\n<p><strong>A t\u00edz legkev\u00e9sb\u00e9 \u00e9lhet\u0151 v\u00e1ros:<\/strong><\/p>\n<ol>\n<li>Palermo, Olaszorsz\u00e1g<\/li>\n<li>Ath\u00e9n, G\u00f6r\u00f6gorsz\u00e1g<\/li>\n<li>Isztambul, T\u00f6r\u00f6korsz\u00e1g<\/li>\n<li>Tirana, Alb\u00e1nia<\/li>\n<li>N\u00e1poly, Olaszorsz\u00e1g<\/li>\n<li>Belgr\u00e1d, Szerbia<\/li>\n<li>R\u00f3ma, Olaszorsz\u00e1g<\/li>\n<li>Szkopje, \u00c9szak-Maced\u00f3nia<\/li>\n<li>Miskolc, Magyarorsz\u00e1g<\/li>\n<li>Podgorica, Montenegr\u00f3<\/li>\n<\/ol>\n<p>&nbsp;<\/p>\n<div class=\"o-widget m-readMoreWidget -readMore u-shortDecorLineAfter row widget-container _ce_measure_widget bigdata-widget read-more\" data-ce-measure-widget=\"olvass tov\u00e1bb\">\n\t<div class=\"m-readMoreWidget__imgWrapper image-wrapper col-12 col-md-4 no-p\">\n\t\t<a class=\"m-readMoreWidget__imgLink\" href=\"https:\/\/www.startlap.hu\/utazas\/tisza-to-tiszahalasz-romok-aradas\/\" >\n\t\t\t<img decoding=\"async\" src=\"https:\/\/www.startlap.hu\/utazas\/uploads\/sites\/3\/2024\/04\/tisza-to-350x285.jpg\" class=\"m-readMoreWidget__img\">\n\t\t<\/a>\n\t<\/div>\n\t<div class=\"m-readMoreWidget__titleWrapper title-wrapper col-12 col-md-8\">\n\t\t<span class=\"m-readMoreWidget__titleLabel u-shortDecorLineBefore label hidden-sm-up\">Ez is \u00e9rdekelhet:<\/span>\n\t\t<h3 class=\"m-readMoreWidget__title title\">\n\t\t\t<a class=\"m-readMoreWidget__titleLink -secondFont u-bold u-upperCase\" href=\"https:\/\/www.startlap.hu\/utazas\/tisza-to-tiszahalasz-romok-aradas\/\" >Lefot\u00f3zt\u00e1k a Tisza-t\u00f3ba mer\u00fclt falu maradv\u00e1nyait?<\/a>\n\t\t<\/h3>\n\t\t<a class=\"m-readMoreWidget__btn -coloredBack u-tC link\" href=\"https:\/\/www.startlap.hu\/utazas\/tisza-to-tiszahalasz-romok-aradas\/\" >Elolvasom<\/a>\n\t<\/div>\n<\/div>\n","protected":false},"excerpt":{"rendered":"<p>Sajnos Eur\u00f3pa legkev\u00e9sb\u00e9 \u00e9lhet\u0151 v\u00e1rosai k\u00f6z\u00f6tt is szerepel egy magyarok lakta nagyv\u00e1ros.<\/p>\n","protected":false},"author":7,"featured_media":70921,"comment_status":"closed","ping_status":"closed","sticky":false,"template":"","format":"standard","meta":{"footnotes":""},"categories":[70],"tags":[8938,638,2246,1003],"class_list":["post-70918","post","type-post","status-publish","format-standard","has-post-thumbnail","hentry","category-vilag","tag-eletminoseg","tag-europai-unio","tag-kolozsvar","tag-miskolc"],"aioseo_notices":[],"_links":{"self":[{"href":"https:\/\/www.startlap.hu\/utazas\/wp-json\/wp\/v2\/posts\/70918","targetHints":{"allow":["GET"]}}],"collection":[{"href":"https:\/\/www.startlap.hu\/utazas\/wp-json\/wp\/v2\/posts"}],"about":[{"href":"https:\/\/www.startlap.hu\/utazas\/wp-json\/wp\/v2\/types\/post"}],"author":[{"embeddable":true,"href":"https:\/\/www.startlap.hu\/utazas\/wp-json\/wp\/v2\/users\/7"}],"replies":[{"embeddable":true,"href":"https:\/\/www.startlap.hu\/utazas\/wp-json\/wp\/v2\/comments?post=70918"}],"version-history":[{"count":2,"href":"https:\/\/www.startlap.hu\/utazas\/wp-json\/wp\/v2\/posts\/70918\/revisions"}],"predecessor-version":[{"id":70922,"href":"https:\/\/www.startlap.hu\/utazas\/wp-json\/wp\/v2\/posts\/70918\/revisions\/70922"}],"wp:featuredmedia":[{"embeddable":true,"href":"https:\/\/www.startlap.hu\/utazas\/wp-json\/wp\/v2\/media\/70921"}],"wp:attachment":[{"href":"https:\/\/www.startlap.hu\/utazas\/wp-json\/wp\/v2\/media?parent=70918"}],"wp:term":[{"taxonomy":"category","embeddable":true,"href":"https:\/\/www.startlap.hu\/utazas\/wp-json\/wp\/v2\/categories?post=70918"},{"taxonomy":"post_tag","embeddable":true,"href":"https:\/\/www.startlap.hu\/utazas\/wp-json\/wp\/v2\/tags?post=70918"}],"curies":[{"name":"wp","href":"https:\/\/api.w.org\/{rel}","templated":true}]}}