{"id":70509,"date":"2024-03-23T06:03:18","date_gmt":"2024-03-23T05:03:18","guid":{"rendered":"https:\/\/www.startlap.hu\/utazas\/?p=70509"},"modified":"2024-03-22T14:00:52","modified_gmt":"2024-03-22T13:00:52","slug":"kviz-tenger-europai-orszag","status":"publish","type":"post","link":"https:\/\/www.startlap.hu\/utazas\/kviz-tenger-europai-orszag\/","title":{"rendered":"Kv\u00edz: van tengerpartja ezeknek az eur\u00f3pai orsz\u00e1goknak?"},"content":{"rendered":"<div id=\"quiz_d1d9211f\" class=\"o-cqp m-quiz _ce_measure_widget\" data-ce-measure-widget=\"wp-quiz\" style=\"opacity:0;--quiz-bg-color:#FFFFFF;--quiz-base-color:#008360;--quiz-btn-text-color:#FFFFFF;--quiz-text-color:#212529;--quiz-fb-btn-bg-color:#1877F2;--quiz-dark-opacity:0.1;--quiz-light-opacity:0.2;--quiz-item-progress-color:#e8e8e8;\">\n    <div class=\"_ce_measure_widget\" data-ce-measure-widget=\"Kv\u00edz: van tengerpartja ezeknek az eur\u00f3pai orsz\u00e1goknak? \">\n        <div class=\"_ce_measure_widget\" data-ce-measure-widget=\"\">\n                    <div class=\"o-cqp__padCnt -first\">\n                \n<div class=\"o-cqp__section m-cqpSection -start\">\n\t\t\t<h2 class=\"m-cqpSection__title -secondFont\">Kv\u00edz: van tengerpartja ezeknek az eur\u00f3pai orsz\u00e1goknak? <\/h2>\n\t\t\t\t<div class=\"m-cqpSection__canvas\">\n\t\t\t<img loading=\"lazy\" decoding=\"async\" width=\"1024\" height=\"683\" src=\"https:\/\/www.startlap.hu\/utazas\/uploads\/sites\/3\/2024\/03\/bulgaria_obzor_tengerpart.jpg\" class=\"m-cqpSection__canvasImg -image\" alt=\"Obzor v\u00e1ros\u00e1nak tengerpartja Bulg\u00e1ri\u00e1ban\" srcset=\"https:\/\/www.startlap.hu\/utazas\/uploads\/sites\/3\/2024\/03\/bulgaria_obzor_tengerpart.jpg 1200w, https:\/\/www.startlap.hu\/utazas\/uploads\/sites\/3\/2024\/03\/bulgaria_obzor_tengerpart-755x503.jpg 755w, https:\/\/www.startlap.hu\/utazas\/uploads\/sites\/3\/2024\/03\/bulgaria_obzor_tengerpart-525x350.jpg 525w\" sizes=\"auto, (max-width: 1024px) 100vw, 1024px\" \/>\t\t<\/div>\n\t\t\t\t<div class=\"m-cqpSection__controlWrap\">\n\t\t<button class=\"m-cqpSection__startBtn a-cqpBtn\">Ind\u00edt\u00e1s<\/button>\n\t\t<div class=\"m-cqpSection__sponsore\">\n\t\t\t\t\t<\/div>\n\t<\/div>\n<\/div>\n<div class=\"o-cqp__section m-cqpSection -questions\" style=\"display:none;\">\n\t<div class=\"m-cqpSection__listCnt\">\n\t\t\t\t\t<div class=\"m-cqpList m-cqpSection__list\" style=\"display:none;\" id=\"question0\">\n\t\t\t\t<h3 class=\"m-cqpList__title -secondFont\">\n\t\t\t\t\t\t\t\t\t\t<span class=\"m-cqpList__titleNum\">1.<\/span>\n\t\t\t\t\t\t\t\t\t\t<span class=\"m-cqpList__titleText\">A szomsz\u00e9dunknak, Szerbi\u00e1nak van tengere? (Fot\u00f3: Getty Images)<\/span>\n\t\t\t\t<\/h3>\n\n\t\t\t\t\t\t\t<div class=\"m-cqpSection__canvas -image\">\n\t\t\t\t<img loading=\"lazy\" decoding=\"async\" width=\"1200\" height=\"800\" src=\"https:\/\/www.startlap.hu\/utazas\/uploads\/sites\/3\/2024\/03\/belgrad_szent_szava_templom.jpg\" class=\"m-cqpSection__canvasImg\" alt=\"A Szent Sz\u00e1va-templom Belgr\u00e1dban\" srcset=\"https:\/\/www.startlap.hu\/utazas\/uploads\/sites\/3\/2024\/03\/belgrad_szent_szava_templom.jpg 1200w, https:\/\/www.startlap.hu\/utazas\/uploads\/sites\/3\/2024\/03\/belgrad_szent_szava_templom-755x503.jpg 755w, https:\/\/www.startlap.hu\/utazas\/uploads\/sites\/3\/2024\/03\/belgrad_szent_szava_templom-525x350.jpg 525w\" sizes=\"auto, (max-width: 1200px) 100vw, 1200px\" \/>\t\t\t\t\t\t\t<\/div>\n\t\t\t\t\t\t\t<div class=\"m-cqpList__itemCnt -answers\"\n\t\t\t\t\t data-item-count=\"3\"\n\t\t\t\t\tstyle=\"--quiz-image-list-item-width:50%\">\n\t\t\t\t\t\t\t\t\t\t\t<div class=\"m-cqpList__item -selectable _ce_measure_link\"\n\t\t\t\t\t\t\t data-id=\"1148\"\n\t\t\t\t\t\t\t data-answer-id=\"3385\"\n\t\t\t\t\t\t\t data-value=\"0\">\n\t\t\t\t\t\t\t\t\t\t\t\t\t\t<span class=\"m-cqpList__itemTextBox\">Szerbia nyugati r\u00e9sze v\u00e9gig tengerpart<\/span>\n\t\t\t\t\t\t<\/div>\n\t\t\t\t\t\t\t\t\t\t\t<div class=\"m-cqpList__item -selectable _ce_measure_link\"\n\t\t\t\t\t\t\t data-id=\"1148\"\n\t\t\t\t\t\t\t data-answer-id=\"3386\"\n\t\t\t\t\t\t\t data-value=\"0\">\n\t\t\t\t\t\t\t\t\t\t\t\t\t\t<span class=\"m-cqpList__itemTextBox\">Egy keskeny s\u00e1vban van csak tengerpartja<\/span>\n\t\t\t\t\t\t<\/div>\n\t\t\t\t\t\t\t\t\t\t\t<div class=\"m-cqpList__item -selectable _ce_measure_link\"\n\t\t\t\t\t\t\t data-id=\"1148\"\n\t\t\t\t\t\t\t data-answer-id=\"3387\"\n\t\t\t\t\t\t\t data-value=\"1\">\n\t\t\t\t\t\t\t\t\t\t\t\t\t\t<span class=\"m-cqpList__itemTextBox\">Nincs tengerpartja egy\u00e1ltal\u00e1n<\/span>\n\t\t\t\t\t\t<\/div>\n\t\t\t\t\t\t\t\t\t<\/div>\n\t\t\t<\/div>\n\t\t\t\t\t<div class=\"m-cqpList m-cqpSection__list\" style=\"display:none;\" id=\"question1\">\n\t\t\t\t<h3 class=\"m-cqpList__title -secondFont\">\n\t\t\t\t\t\t\t\t\t\t<span class=\"m-cqpList__titleNum\">2.<\/span>\n\t\t\t\t\t\t\t\t\t\t<span class=\"m-cqpList__titleText\">Bulg\u00e1ria melyik tenger partj\u00e1n fekszik? (Fot\u00f3: Getty Images)<\/span>\n\t\t\t\t<\/h3>\n\n\t\t\t\t\t\t\t<div class=\"m-cqpSection__canvas -image\">\n\t\t\t\t<img loading=\"lazy\" decoding=\"async\" width=\"1200\" height=\"800\" src=\"https:\/\/www.startlap.hu\/utazas\/uploads\/sites\/3\/2024\/03\/bulgaria_obzor_tengerpart.jpg\" class=\"m-cqpSection__canvasImg\" alt=\"Obzor v\u00e1ros\u00e1nak tengerpartja Bulg\u00e1ri\u00e1ban\" srcset=\"https:\/\/www.startlap.hu\/utazas\/uploads\/sites\/3\/2024\/03\/bulgaria_obzor_tengerpart.jpg 1200w, https:\/\/www.startlap.hu\/utazas\/uploads\/sites\/3\/2024\/03\/bulgaria_obzor_tengerpart-755x503.jpg 755w, https:\/\/www.startlap.hu\/utazas\/uploads\/sites\/3\/2024\/03\/bulgaria_obzor_tengerpart-525x350.jpg 525w\" sizes=\"auto, (max-width: 1200px) 100vw, 1200px\" \/>\t\t\t\t\t\t\t<\/div>\n\t\t\t\t\t\t\t<div class=\"m-cqpList__itemCnt -answers\"\n\t\t\t\t\t data-item-count=\"3\"\n\t\t\t\t\tstyle=\"--quiz-image-list-item-width:50%\">\n\t\t\t\t\t\t\t\t\t\t\t<div class=\"m-cqpList__item -selectable _ce_measure_link\"\n\t\t\t\t\t\t\t data-id=\"1149\"\n\t\t\t\t\t\t\t data-answer-id=\"3388\"\n\t\t\t\t\t\t\t data-value=\"0\">\n\t\t\t\t\t\t\t\t\t\t\t\t\t\t<span class=\"m-cqpList__itemTextBox\">A Feh\u00e9r-tenger partj\u00e1n<\/span>\n\t\t\t\t\t\t<\/div>\n\t\t\t\t\t\t\t\t\t\t\t<div class=\"m-cqpList__item -selectable _ce_measure_link\"\n\t\t\t\t\t\t\t data-id=\"1149\"\n\t\t\t\t\t\t\t data-answer-id=\"3389\"\n\t\t\t\t\t\t\t data-value=\"0\">\n\t\t\t\t\t\t\t\t\t\t\t\t\t\t<span class=\"m-cqpList__itemTextBox\">Bulg\u00e1ri\u00e1nak nincs tengerpartja<\/span>\n\t\t\t\t\t\t<\/div>\n\t\t\t\t\t\t\t\t\t\t\t<div class=\"m-cqpList__item -selectable _ce_measure_link\"\n\t\t\t\t\t\t\t data-id=\"1149\"\n\t\t\t\t\t\t\t data-answer-id=\"3390\"\n\t\t\t\t\t\t\t data-value=\"1\">\n\t\t\t\t\t\t\t\t\t\t\t\t\t\t<span class=\"m-cqpList__itemTextBox\">A Fekete-tenger partj\u00e1n<\/span>\n\t\t\t\t\t\t<\/div>\n\t\t\t\t\t\t\t\t\t<\/div>\n\t\t\t<\/div>\n\t\t\t\t\t<div class=\"m-cqpList m-cqpSection__list\" style=\"display:none;\" id=\"question2\">\n\t\t\t\t<h3 class=\"m-cqpList__title -secondFont\">\n\t\t\t\t\t\t\t\t\t\t<span class=\"m-cqpList__titleNum\">3.<\/span>\n\t\t\t\t\t\t\t\t\t\t<span class=\"m-cqpList__titleText\">Csehorsz\u00e1gnak van tengerpartja? (Fot\u00f3: MTI\/EPA\/Martin Divisek)<\/span>\n\t\t\t\t<\/h3>\n\n\t\t\t\t\t\t\t<div class=\"m-cqpSection__canvas -image\">\n\t\t\t\t<img loading=\"lazy\" decoding=\"async\" width=\"1200\" height=\"685\" src=\"https:\/\/www.startlap.hu\/utazas\/uploads\/sites\/3\/2024\/03\/csehorszag_praga.jpg\" class=\"m-cqpSection__canvasImg\" alt=\"A cseh f\u0151v\u00e1ros, Pr\u00e1ga\" srcset=\"https:\/\/www.startlap.hu\/utazas\/uploads\/sites\/3\/2024\/03\/csehorszag_praga.jpg 1200w, https:\/\/www.startlap.hu\/utazas\/uploads\/sites\/3\/2024\/03\/csehorszag_praga-755x431.jpg 755w, https:\/\/www.startlap.hu\/utazas\/uploads\/sites\/3\/2024\/03\/csehorszag_praga-613x350.jpg 613w\" sizes=\"auto, (max-width: 1200px) 100vw, 1200px\" \/>\t\t\t\t\t\t\t<\/div>\n\t\t\t\t\t\t\t<div class=\"m-cqpList__itemCnt -answers\"\n\t\t\t\t\t data-item-count=\"3\"\n\t\t\t\t\tstyle=\"--quiz-image-list-item-width:50%\">\n\t\t\t\t\t\t\t\t\t\t\t<div class=\"m-cqpList__item -selectable _ce_measure_link\"\n\t\t\t\t\t\t\t data-id=\"1150\"\n\t\t\t\t\t\t\t data-answer-id=\"3391\"\n\t\t\t\t\t\t\t data-value=\"1\">\n\t\t\t\t\t\t\t\t\t\t\t\t\t\t<span class=\"m-cqpList__itemTextBox\">Nincsen<\/span>\n\t\t\t\t\t\t<\/div>\n\t\t\t\t\t\t\t\t\t\t\t<div class=\"m-cqpList__item -selectable _ce_measure_link\"\n\t\t\t\t\t\t\t data-id=\"1150\"\n\t\t\t\t\t\t\t data-answer-id=\"3392\"\n\t\t\t\t\t\t\t data-value=\"0\">\n\t\t\t\t\t\t\t\t\t\t\t\t\t\t<span class=\"m-cqpList__itemTextBox\">Igen, Szlov\u00e1ki\u00e1val k\u00f6z\u00f6sen<\/span>\n\t\t\t\t\t\t<\/div>\n\t\t\t\t\t\t\t\t\t\t\t<div class=\"m-cqpList__item -selectable _ce_measure_link\"\n\t\t\t\t\t\t\t data-id=\"1150\"\n\t\t\t\t\t\t\t data-answer-id=\"3393\"\n\t\t\t\t\t\t\t data-value=\"0\">\n\t\t\t\t\t\t\t\t\t\t\t\t\t\t<span class=\"m-cqpList__itemTextBox\">Van, de nem k\u00f6z\u00f6s Szlov\u00e1ki\u00e1val<\/span>\n\t\t\t\t\t\t<\/div>\n\t\t\t\t\t\t\t\t\t<\/div>\n\t\t\t<\/div>\n\t\t\t\t\t<div class=\"m-cqpList m-cqpSection__list\" style=\"display:none;\" id=\"question3\">\n\t\t\t\t<h3 class=\"m-cqpList__title -secondFont\">\n\t\t\t\t\t\t\t\t\t\t<span class=\"m-cqpList__titleNum\">4.<\/span>\n\t\t\t\t\t\t\t\t\t\t<span class=\"m-cqpList__titleText\">Melyik tenger partj\u00e1n tal\u00e1lhat\u00f3 Lengyelorsz\u00e1g? (Fot\u00f3: MTI\/EPA\/Martin Divisek)<\/span>\n\t\t\t\t<\/h3>\n\n\t\t\t\t\t\t\t<div class=\"m-cqpSection__canvas -image\">\n\t\t\t\t<img loading=\"lazy\" decoding=\"async\" width=\"1200\" height=\"799\" src=\"https:\/\/www.startlap.hu\/utazas\/uploads\/sites\/3\/2024\/03\/lengyelorszag_tengerpart.jpg\" class=\"m-cqpSection__canvasImg\" alt=\"Strand a Balti-tenger partj\u00e1n, az \u00e9szak-lengyelorsz\u00e1gi Sopotban 2023. j\u00fanius 8-\u00e1n.\" srcset=\"https:\/\/www.startlap.hu\/utazas\/uploads\/sites\/3\/2024\/03\/lengyelorszag_tengerpart.jpg 1200w, https:\/\/www.startlap.hu\/utazas\/uploads\/sites\/3\/2024\/03\/lengyelorszag_tengerpart-755x503.jpg 755w, https:\/\/www.startlap.hu\/utazas\/uploads\/sites\/3\/2024\/03\/lengyelorszag_tengerpart-250x165.jpg 250w, https:\/\/www.startlap.hu\/utazas\/uploads\/sites\/3\/2024\/03\/lengyelorszag_tengerpart-526x350.jpg 526w\" sizes=\"auto, (max-width: 1200px) 100vw, 1200px\" \/>\t\t\t\t\t\t\t<\/div>\n\t\t\t\t\t\t\t<div class=\"m-cqpList__itemCnt -answers\"\n\t\t\t\t\t data-item-count=\"3\"\n\t\t\t\t\tstyle=\"--quiz-image-list-item-width:50%\">\n\t\t\t\t\t\t\t\t\t\t\t<div class=\"m-cqpList__item -selectable _ce_measure_link\"\n\t\t\t\t\t\t\t data-id=\"1151\"\n\t\t\t\t\t\t\t data-answer-id=\"3394\"\n\t\t\t\t\t\t\t data-value=\"0\">\n\t\t\t\t\t\t\t\t\t\t\t\t\t\t<span class=\"m-cqpList__itemTextBox\">\u00c9szaki-tenger<\/span>\n\t\t\t\t\t\t<\/div>\n\t\t\t\t\t\t\t\t\t\t\t<div class=\"m-cqpList__item -selectable _ce_measure_link\"\n\t\t\t\t\t\t\t data-id=\"1151\"\n\t\t\t\t\t\t\t data-answer-id=\"3395\"\n\t\t\t\t\t\t\t data-value=\"1\">\n\t\t\t\t\t\t\t\t\t\t\t\t\t\t<span class=\"m-cqpList__itemTextBox\">Balti-tenger<\/span>\n\t\t\t\t\t\t<\/div>\n\t\t\t\t\t\t\t\t\t\t\t<div class=\"m-cqpList__item -selectable _ce_measure_link\"\n\t\t\t\t\t\t\t data-id=\"1151\"\n\t\t\t\t\t\t\t data-answer-id=\"3396\"\n\t\t\t\t\t\t\t data-value=\"0\">\n\t\t\t\t\t\t\t\t\t\t\t\t\t\t<span class=\"m-cqpList__itemTextBox\">Kelta-tenger<\/span>\n\t\t\t\t\t\t<\/div>\n\t\t\t\t\t\t\t\t\t<\/div>\n\t\t\t<\/div>\n\t\t\t\t\t<div class=\"m-cqpList m-cqpSection__list\" style=\"display:none;\" id=\"question4\">\n\t\t\t\t<h3 class=\"m-cqpList__title -secondFont\">\n\t\t\t\t\t\t\t\t\t\t<span class=\"m-cqpList__titleNum\">5.<\/span>\n\t\t\t\t\t\t\t\t\t\t<span class=\"m-cqpList__titleText\">Feh\u00e9roroszorsz\u00e1gnak van tengerpartja? (MTI Fot\u00f3: Czegl\u00e9di Zsolt)<\/span>\n\t\t\t\t<\/h3>\n\n\t\t\t\t\t\t\t<div class=\"m-cqpSection__canvas -image\">\n\t\t\t\t<img loading=\"lazy\" decoding=\"async\" width=\"1200\" height=\"800\" src=\"https:\/\/www.startlap.hu\/utazas\/uploads\/sites\/3\/2024\/03\/feheroroszorszag_minszk.jpg\" class=\"m-cqpSection__canvasImg\" alt=\"Cs\u00f3nak\u00e1z\u00f3t\u00f3 a feh\u00e9roroszorsz\u00e1gi Minszkben 2014. augusztus 5-\u00e9n.\" srcset=\"https:\/\/www.startlap.hu\/utazas\/uploads\/sites\/3\/2024\/03\/feheroroszorszag_minszk.jpg 1200w, https:\/\/www.startlap.hu\/utazas\/uploads\/sites\/3\/2024\/03\/feheroroszorszag_minszk-755x503.jpg 755w, https:\/\/www.startlap.hu\/utazas\/uploads\/sites\/3\/2024\/03\/feheroroszorszag_minszk-525x350.jpg 525w\" sizes=\"auto, (max-width: 1200px) 100vw, 1200px\" \/>\t\t\t\t\t\t\t<\/div>\n\t\t\t\t\t\t\t<div class=\"m-cqpList__itemCnt -answers\"\n\t\t\t\t\t data-item-count=\"3\"\n\t\t\t\t\tstyle=\"--quiz-image-list-item-width:50%\">\n\t\t\t\t\t\t\t\t\t\t\t<div class=\"m-cqpList__item -selectable _ce_measure_link\"\n\t\t\t\t\t\t\t data-id=\"1152\"\n\t\t\t\t\t\t\t data-answer-id=\"3397\"\n\t\t\t\t\t\t\t data-value=\"0\">\n\t\t\t\t\t\t\t\t\t\t\t\t\t\t<span class=\"m-cqpList__itemTextBox\">Van<\/span>\n\t\t\t\t\t\t<\/div>\n\t\t\t\t\t\t\t\t\t\t\t<div class=\"m-cqpList__item -selectable _ce_measure_link\"\n\t\t\t\t\t\t\t data-id=\"1152\"\n\t\t\t\t\t\t\t data-answer-id=\"3398\"\n\t\t\t\t\t\t\t data-value=\"0\">\n\t\t\t\t\t\t\t\t\t\t\t\t\t\t<span class=\"m-cqpList__itemTextBox\">Van, de k\u00f6z\u00f6s Oroszorsz\u00e1ggal a hat\u00e1r ment\u00e9n<\/span>\n\t\t\t\t\t\t<\/div>\n\t\t\t\t\t\t\t\t\t\t\t<div class=\"m-cqpList__item -selectable _ce_measure_link\"\n\t\t\t\t\t\t\t data-id=\"1152\"\n\t\t\t\t\t\t\t data-answer-id=\"3399\"\n\t\t\t\t\t\t\t data-value=\"1\">\n\t\t\t\t\t\t\t\t\t\t\t\t\t\t<span class=\"m-cqpList__itemTextBox\">Nincs<\/span>\n\t\t\t\t\t\t<\/div>\n\t\t\t\t\t\t\t\t\t<\/div>\n\t\t\t<\/div>\n\t\t\t\t\t<div class=\"m-cqpList m-cqpSection__list\" style=\"display:none;\" id=\"question5\">\n\t\t\t\t<h3 class=\"m-cqpList__title -secondFont\">\n\t\t\t\t\t\t\t\t\t\t<span class=\"m-cqpList__titleNum\">6.<\/span>\n\t\t\t\t\t\t\t\t\t\t<span class=\"m-cqpList__titleText\">Moldova Rom\u00e1nia \u00e9s Ukrajna k\u00f6z\u00f6tt helyezkedik el. Vajon mossa a Fekete-tenger az orsz\u00e1got? (Fot\u00f3: Getty Images)<\/span>\n\t\t\t\t<\/h3>\n\n\t\t\t\t\t\t\t<div class=\"m-cqpSection__canvas -image\">\n\t\t\t\t<img loading=\"lazy\" decoding=\"async\" width=\"1200\" height=\"800\" src=\"https:\/\/www.startlap.hu\/utazas\/uploads\/sites\/3\/2024\/03\/kisinyov_moldova.jpg\" class=\"m-cqpSection__canvasImg\" alt=\"Kisinyov, Moldova f\u0151v\u00e1rosa\" srcset=\"https:\/\/www.startlap.hu\/utazas\/uploads\/sites\/3\/2024\/03\/kisinyov_moldova.jpg 1200w, https:\/\/www.startlap.hu\/utazas\/uploads\/sites\/3\/2024\/03\/kisinyov_moldova-755x503.jpg 755w, https:\/\/www.startlap.hu\/utazas\/uploads\/sites\/3\/2024\/03\/kisinyov_moldova-525x350.jpg 525w\" sizes=\"auto, (max-width: 1200px) 100vw, 1200px\" \/>\t\t\t\t\t\t\t<\/div>\n\t\t\t\t\t\t\t<div class=\"m-cqpList__itemCnt -answers\"\n\t\t\t\t\t data-item-count=\"2\"\n\t\t\t\t\tstyle=\"--quiz-image-list-item-width:50%\">\n\t\t\t\t\t\t\t\t\t\t\t<div class=\"m-cqpList__item -selectable _ce_measure_link\"\n\t\t\t\t\t\t\t data-id=\"1153\"\n\t\t\t\t\t\t\t data-answer-id=\"3400\"\n\t\t\t\t\t\t\t data-value=\"1\">\n\t\t\t\t\t\t\t\t\t\t\t\t\t\t<span class=\"m-cqpList__itemTextBox\">Nagyon k\u00f6zel van a Fekete-tengerhez az egyik hat\u00e1rszakasza, de nem \u00e9ri azt el<\/span>\n\t\t\t\t\t\t<\/div>\n\t\t\t\t\t\t\t\t\t\t\t<div class=\"m-cqpList__item -selectable _ce_measure_link\"\n\t\t\t\t\t\t\t data-id=\"1153\"\n\t\t\t\t\t\t\t data-answer-id=\"3401\"\n\t\t\t\t\t\t\t data-value=\"0\">\n\t\t\t\t\t\t\t\t\t\t\t\t\t\t<span class=\"m-cqpList__itemTextBox\">Igen<\/span>\n\t\t\t\t\t\t<\/div>\n\t\t\t\t\t\t\t\t\t<\/div>\n\t\t\t<\/div>\n\t\t\t\t\t<div class=\"m-cqpList m-cqpSection__list\" style=\"display:none;\" id=\"question6\">\n\t\t\t\t<h3 class=\"m-cqpList__title -secondFont\">\n\t\t\t\t\t\t\t\t\t\t<span class=\"m-cqpList__titleNum\">7.<\/span>\n\t\t\t\t\t\t\t\t\t\t<span class=\"m-cqpList__titleText\">Olaszorsz\u00e1gnak term\u00e9szetesen van tengerpartja, de a Tirr\u00e9n-tenger is oda tartozik? (Fot\u00f3: Getty Images)<\/span>\n\t\t\t\t<\/h3>\n\n\t\t\t\t\t\t\t<div class=\"m-cqpSection__canvas -image\">\n\t\t\t\t<img loading=\"lazy\" decoding=\"async\" width=\"1200\" height=\"899\" src=\"https:\/\/www.startlap.hu\/utazas\/uploads\/sites\/3\/2024\/03\/tirren_tenger_amalfi_olaszorszag.jpg\" class=\"m-cqpSection__canvasImg\" alt=\"A Tirr\u00e9n-tenger Olaszorsz\u00e1gn\u00e1l, Amalfi k\u00f6zel\u00e9ben\" srcset=\"https:\/\/www.startlap.hu\/utazas\/uploads\/sites\/3\/2024\/03\/tirren_tenger_amalfi_olaszorszag.jpg 1200w, https:\/\/www.startlap.hu\/utazas\/uploads\/sites\/3\/2024\/03\/tirren_tenger_amalfi_olaszorszag-755x566.jpg 755w, https:\/\/www.startlap.hu\/utazas\/uploads\/sites\/3\/2024\/03\/tirren_tenger_amalfi_olaszorszag-85x65.jpg 85w, https:\/\/www.startlap.hu\/utazas\/uploads\/sites\/3\/2024\/03\/tirren_tenger_amalfi_olaszorszag-467x350.jpg 467w\" sizes=\"auto, (max-width: 1200px) 100vw, 1200px\" \/>\t\t\t\t\t\t\t<\/div>\n\t\t\t\t\t\t\t<div class=\"m-cqpList__itemCnt -answers\"\n\t\t\t\t\t data-item-count=\"3\"\n\t\t\t\t\tstyle=\"--quiz-image-list-item-width:50%\">\n\t\t\t\t\t\t\t\t\t\t\t<div class=\"m-cqpList__item -selectable _ce_measure_link\"\n\t\t\t\t\t\t\t data-id=\"1154\"\n\t\t\t\t\t\t\t data-answer-id=\"3403\"\n\t\t\t\t\t\t\t data-value=\"0\">\n\t\t\t\t\t\t\t\t\t\t\t\t\t\t<span class=\"m-cqpList__itemTextBox\">Igen, de csak Szic\u00edlia szigete \u00e9rintkezik a Tirr\u00e9n-tengerrel<\/span>\n\t\t\t\t\t\t<\/div>\n\t\t\t\t\t\t\t\t\t\t\t<div class=\"m-cqpList__item -selectable _ce_measure_link\"\n\t\t\t\t\t\t\t data-id=\"1154\"\n\t\t\t\t\t\t\t data-answer-id=\"3404\"\n\t\t\t\t\t\t\t data-value=\"1\">\n\t\t\t\t\t\t\t\t\t\t\t\t\t\t<span class=\"m-cqpList__itemTextBox\">Igen. Olaszorsz\u00e1g egy r\u00e9sze a Tirr\u00e9n-tenger partj\u00e1n helyezkedik el<\/span>\n\t\t\t\t\t\t<\/div>\n\t\t\t\t\t\t\t\t\t\t\t<div class=\"m-cqpList__item -selectable _ce_measure_link\"\n\t\t\t\t\t\t\t data-id=\"1154\"\n\t\t\t\t\t\t\t data-answer-id=\"3405\"\n\t\t\t\t\t\t\t data-value=\"0\">\n\t\t\t\t\t\t\t\t\t\t\t\t\t\t<span class=\"m-cqpList__itemTextBox\">Olaszorsz\u00e1g nem \u00e9rintkezik a Tirr\u00e9n-tengerrel <\/span>\n\t\t\t\t\t\t<\/div>\n\t\t\t\t\t\t\t\t\t<\/div>\n\t\t\t<\/div>\n\t\t\t\t\t<div class=\"m-cqpList m-cqpSection__list\" style=\"display:none;\" id=\"question7\">\n\t\t\t\t<h3 class=\"m-cqpList__title -secondFont\">\n\t\t\t\t\t\t\t\t\t\t<span class=\"m-cqpList__titleNum\">8.<\/span>\n\t\t\t\t\t\t\t\t\t\t<span class=\"m-cqpList__titleText\">Horv\u00e1torsz\u00e1g tenger\u00e9t hogyan h\u00edvj\u00e1k? (Fot\u00f3: MTVA\/Bizom\u00e1nyosi: J\u00e1szai Csaba)<\/span>\n\t\t\t\t<\/h3>\n\n\t\t\t\t\t\t\t<div class=\"m-cqpSection__canvas -image\">\n\t\t\t\t<img loading=\"lazy\" decoding=\"async\" width=\"1200\" height=\"871\" src=\"https:\/\/www.startlap.hu\/utazas\/uploads\/sites\/3\/2024\/03\/adria_tengerpart_horvatorszag.jpg\" class=\"m-cqpSection__canvasImg\" alt=\"Turist\u00e1k s\u00e9t\u00e1lnak az \u00f3v\u00e1rost k\u00f6r\u00fcl\u00f6lel\u0151, \u00fajj\u00e1\u00e9p\u00edtett v\u00e1rfalon. Jobbra a t\u00e1volban egy utassz\u00e1ll\u00edt\u00f3 haj\u00f3 halad el az Adriai-tengeren Lokrum szigete mellett.\" srcset=\"https:\/\/www.startlap.hu\/utazas\/uploads\/sites\/3\/2024\/03\/adria_tengerpart_horvatorszag.jpg 1200w, https:\/\/www.startlap.hu\/utazas\/uploads\/sites\/3\/2024\/03\/adria_tengerpart_horvatorszag-755x548.jpg 755w, https:\/\/www.startlap.hu\/utazas\/uploads\/sites\/3\/2024\/03\/adria_tengerpart_horvatorszag-482x350.jpg 482w\" sizes=\"auto, (max-width: 1200px) 100vw, 1200px\" \/>\t\t\t\t\t\t\t<\/div>\n\t\t\t\t\t\t\t<div class=\"m-cqpList__itemCnt -answers\"\n\t\t\t\t\t data-item-count=\"3\"\n\t\t\t\t\tstyle=\"--quiz-image-list-item-width:50%\">\n\t\t\t\t\t\t\t\t\t\t\t<div class=\"m-cqpList__item -selectable _ce_measure_link\"\n\t\t\t\t\t\t\t data-id=\"1155\"\n\t\t\t\t\t\t\t data-answer-id=\"3406\"\n\t\t\t\t\t\t\t data-value=\"0\">\n\t\t\t\t\t\t\t\t\t\t\t\t\t\t<span class=\"m-cqpList__itemTextBox\">M\u00e1rv\u00e1ny-tenger<\/span>\n\t\t\t\t\t\t<\/div>\n\t\t\t\t\t\t\t\t\t\t\t<div class=\"m-cqpList__item -selectable _ce_measure_link\"\n\t\t\t\t\t\t\t data-id=\"1155\"\n\t\t\t\t\t\t\t data-answer-id=\"3407\"\n\t\t\t\t\t\t\t data-value=\"0\">\n\t\t\t\t\t\t\t\t\t\t\t\t\t\t<span class=\"m-cqpList__itemTextBox\">\u00c9gei-tenger<\/span>\n\t\t\t\t\t\t<\/div>\n\t\t\t\t\t\t\t\t\t\t\t<div class=\"m-cqpList__item -selectable _ce_measure_link\"\n\t\t\t\t\t\t\t data-id=\"1155\"\n\t\t\t\t\t\t\t data-answer-id=\"3408\"\n\t\t\t\t\t\t\t data-value=\"1\">\n\t\t\t\t\t\t\t\t\t\t\t\t\t\t<span class=\"m-cqpList__itemTextBox\">Adriai-tenger<\/span>\n\t\t\t\t\t\t<\/div>\n\t\t\t\t\t\t\t\t\t<\/div>\n\t\t\t<\/div>\n\t\t\t\t\t<div class=\"m-cqpList m-cqpSection__list\" style=\"display:none;\" id=\"question8\">\n\t\t\t\t<h3 class=\"m-cqpList__title -secondFont\">\n\t\t\t\t\t\t\t\t\t\t<span class=\"m-cqpList__titleNum\">9.<\/span>\n\t\t\t\t\t\t\t\t\t\t<span class=\"m-cqpList__titleText\">Rom\u00e1ni\u00e1nak van tengere? (Fot\u00f3: Getty Images)<\/span>\n\t\t\t\t<\/h3>\n\n\t\t\t\t\t\t\t<div class=\"m-cqpSection__canvas -image\">\n\t\t\t\t<img loading=\"lazy\" decoding=\"async\" width=\"1200\" height=\"865\" src=\"https:\/\/www.startlap.hu\/utazas\/uploads\/sites\/3\/2022\/11\/kerdojel_felho_ferfi.jpg\" class=\"m-cqpSection__canvasImg\" alt=\"K\u00e9rd\u0151jel hatalmas felh\u0151kb\u0151l\" srcset=\"https:\/\/www.startlap.hu\/utazas\/uploads\/sites\/3\/2022\/11\/kerdojel_felho_ferfi.jpg 1200w, https:\/\/www.startlap.hu\/utazas\/uploads\/sites\/3\/2022\/11\/kerdojel_felho_ferfi-755x544.jpg 755w, https:\/\/www.startlap.hu\/utazas\/uploads\/sites\/3\/2022\/11\/kerdojel_felho_ferfi-486x350.jpg 486w\" sizes=\"auto, (max-width: 1200px) 100vw, 1200px\" \/>\t\t\t\t\t\t\t<\/div>\n\t\t\t\t\t\t\t<div class=\"m-cqpList__itemCnt -answers\"\n\t\t\t\t\t data-item-count=\"2\"\n\t\t\t\t\tstyle=\"--quiz-image-list-item-width:50%\">\n\t\t\t\t\t\t\t\t\t\t\t<div class=\"m-cqpList__item -selectable _ce_measure_link\"\n\t\t\t\t\t\t\t data-id=\"1156\"\n\t\t\t\t\t\t\t data-answer-id=\"3409\"\n\t\t\t\t\t\t\t data-value=\"0\">\n\t\t\t\t\t\t\t\t\t\t\t\t\t\t<span class=\"m-cqpList__itemTextBox\">Nincs<\/span>\n\t\t\t\t\t\t<\/div>\n\t\t\t\t\t\t\t\t\t\t\t<div class=\"m-cqpList__item -selectable _ce_measure_link\"\n\t\t\t\t\t\t\t data-id=\"1156\"\n\t\t\t\t\t\t\t data-answer-id=\"3410\"\n\t\t\t\t\t\t\t data-value=\"1\">\n\t\t\t\t\t\t\t\t\t\t\t\t\t\t<span class=\"m-cqpList__itemTextBox\">Van, a Fekete-tenger<\/span>\n\t\t\t\t\t\t<\/div>\n\t\t\t\t\t\t\t\t\t<\/div>\n\t\t\t<\/div>\n\t\t\t\t\t<div class=\"m-cqpList m-cqpSection__list\" style=\"display:none;\" id=\"question9\">\n\t\t\t\t<h3 class=\"m-cqpList__title -secondFont\">\n\t\t\t\t\t\t\t\t\t\t<span class=\"m-cqpList__titleNum\">10.<\/span>\n\t\t\t\t\t\t\t\t\t\t<span class=\"m-cqpList__titleText\">Sv\u00e1jc melyik tenger partj\u00e1n ter\u00fcl el? (Fot\u00f3: Getty Images)<\/span>\n\t\t\t\t<\/h3>\n\n\t\t\t\t\t\t\t<div class=\"m-cqpSection__canvas -image\">\n\t\t\t\t<img loading=\"lazy\" decoding=\"async\" width=\"800\" height=\"541\" src=\"https:\/\/www.startlap.hu\/utazas\/uploads\/sites\/3\/2022\/07\/kerdojel_felho.jpg\" class=\"m-cqpSection__canvasImg\" alt=\"Ilyet is ritk\u00e1n l\u00e1tni: k\u00e9rd\u0151jelbe csavarod\u00f3 felh\u0151.\" srcset=\"https:\/\/www.startlap.hu\/utazas\/uploads\/sites\/3\/2022\/07\/kerdojel_felho.jpg 800w, https:\/\/www.startlap.hu\/utazas\/uploads\/sites\/3\/2022\/07\/kerdojel_felho-755x511.jpg 755w, https:\/\/www.startlap.hu\/utazas\/uploads\/sites\/3\/2022\/07\/kerdojel_felho-518x350.jpg 518w\" sizes=\"auto, (max-width: 800px) 100vw, 800px\" \/>\t\t\t\t\t\t\t<\/div>\n\t\t\t\t\t\t\t<div class=\"m-cqpList__itemCnt -answers\"\n\t\t\t\t\t data-item-count=\"2\"\n\t\t\t\t\tstyle=\"--quiz-image-list-item-width:50%\">\n\t\t\t\t\t\t\t\t\t\t\t<div class=\"m-cqpList__item -selectable _ce_measure_link\"\n\t\t\t\t\t\t\t data-id=\"1157\"\n\t\t\t\t\t\t\t data-answer-id=\"3413\"\n\t\t\t\t\t\t\t data-value=\"0\">\n\t\t\t\t\t\t\t\t\t\t\t\t\t\t<span class=\"m-cqpList__itemTextBox\">Feh\u00e9r-tenger<\/span>\n\t\t\t\t\t\t<\/div>\n\t\t\t\t\t\t\t\t\t\t\t<div class=\"m-cqpList__item -selectable _ce_measure_link\"\n\t\t\t\t\t\t\t data-id=\"1157\"\n\t\t\t\t\t\t\t data-answer-id=\"3414\"\n\t\t\t\t\t\t\t data-value=\"1\">\n\t\t\t\t\t\t\t\t\t\t\t\t\t\t<span class=\"m-cqpList__itemTextBox\">Nincs olyan tenger, melynek a partj\u00e1n Sv\u00e1jc fekszik <\/span>\n\t\t\t\t\t\t<\/div>\n\t\t\t\t\t\t\t\t\t<\/div>\n\t\t\t<\/div>\n\t\t\t<\/div>\n\t<div class=\"m-cqpSection__controlWrap\">\n\t\t<div class=\"m-cqpSection__progress m-cqpProgress\">\n\t\t\t<div class=\"m-cqpProgress__textCnt\">\n\t\t\t\t<span class=\"m-cqpProgress__text -numCurrent\">1<\/span>\n\t\t\t\t<span class=\"m-cqpProgress__text -numSeparator\">\/<\/span>\n\t\t\t\t<span class=\"m-cqpProgress__text -numTotal\">10<\/span>\n\t\t\t\t<span class=\"m-cqpProgress__text -text\">&nbsp;k\u00e9rd\u00e9s<\/span>\n\t\t\t<\/div>\n\t\t\t<div class=\"m-cqpProgress__bar\"><\/div>\n\t\t<\/div>\n\t\t<div class=\"m-cqpSection__sponsore\">\n\t\t\t\t\t<\/div>\n\t\t<div class=\"m-cqpSection__pager m-cqpPager\">\n\t\t\t<span class=\"m-cqpPager__btn -prev -disabled\"><\/span>\n\t\t\t<span class=\"m-cqpPager__btn -next -disabled\"><\/span>\n\t\t<\/div>\n\t<\/div>\n<\/div>\n\n<div class=\"o-cqp__section m-cqpSection -policy\" style=\"display:none;\">\n\t\t\t<button class=\"m-cqpSection__evalBtn a-cqpBtn\" >Ki\u00e9rt\u00e9kel\u00e9s<\/button>\n<\/div>\n\n<div class=\"o-cqp__section m-cqpSection -policy_\" style=\"display:none;\">\n<\/div>\n            <\/div>\n                    <\/div> <!-- div._ce_measure_widget -->\n    <\/div> <!-- div._ce_measure_widget -->\n<\/div>\n\n<div id=\"simple-translate\" class=\"simple-translate-system-theme\">\n<div>\n<div class=\"simple-translate-button isShow\" style=\"height: 22px; width: 22px;\">&nbsp;<\/div>\n<div class=\"simple-translate-panel \" style=\"width: 300px; height: 200px; font-size: 13px;\">\n<div class=\"simple-translate-result-wrapper\" style=\"overflow: hidden;\">\n<div class=\"simple-translate-move\">&nbsp;<\/div>\n<div class=\"simple-translate-result-contents\">\n<p class=\"simple-translate-result\" dir=\"auto\">&nbsp;<\/p>\n<p class=\"simple-translate-candidate\" dir=\"auto\">&nbsp;<\/p>\n<\/div>\n<\/div>\n<\/div>\n<\/div>\n<\/div>\n","protected":false},"excerpt":{"rendered":"<p>Ha csak egy picit figyelt\u00e9l f\u00f6ldrajz\u00f3r\u00e1n az \u00e1ltal\u00e1nos iskol\u00e1ban, akkor 10\/10 lesz neked is ez a kv\u00edz. <\/p>\n","protected":false},"author":8,"featured_media":70495,"comment_status":"closed","ping_status":"closed","sticky":false,"template":"","format":"standard","meta":{"footnotes":""},"categories":[70],"tags":[38,448,255],"class_list":["post-70509","post","type-post","status-publish","format-standard","has-post-thumbnail","hentry","category-vilag","tag-europa","tag-kviz","tag-tenger"],"aioseo_notices":[],"_links":{"self":[{"href":"https:\/\/www.startlap.hu\/utazas\/wp-json\/wp\/v2\/posts\/70509","targetHints":{"allow":["GET"]}}],"collection":[{"href":"https:\/\/www.startlap.hu\/utazas\/wp-json\/wp\/v2\/posts"}],"about":[{"href":"https:\/\/www.startlap.hu\/utazas\/wp-json\/wp\/v2\/types\/post"}],"author":[{"embeddable":true,"href":"https:\/\/www.startlap.hu\/utazas\/wp-json\/wp\/v2\/users\/8"}],"replies":[{"embeddable":true,"href":"https:\/\/www.startlap.hu\/utazas\/wp-json\/wp\/v2\/comments?post=70509"}],"version-history":[{"count":2,"href":"https:\/\/www.startlap.hu\/utazas\/wp-json\/wp\/v2\/posts\/70509\/revisions"}],"predecessor-version":[{"id":70512,"href":"https:\/\/www.startlap.hu\/utazas\/wp-json\/wp\/v2\/posts\/70509\/revisions\/70512"}],"wp:featuredmedia":[{"embeddable":true,"href":"https:\/\/www.startlap.hu\/utazas\/wp-json\/wp\/v2\/media\/70495"}],"wp:attachment":[{"href":"https:\/\/www.startlap.hu\/utazas\/wp-json\/wp\/v2\/media?parent=70509"}],"wp:term":[{"taxonomy":"category","embeddable":true,"href":"https:\/\/www.startlap.hu\/utazas\/wp-json\/wp\/v2\/categories?post=70509"},{"taxonomy":"post_tag","embeddable":true,"href":"https:\/\/www.startlap.hu\/utazas\/wp-json\/wp\/v2\/tags?post=70509"}],"curies":[{"name":"wp","href":"https:\/\/api.w.org\/{rel}","templated":true}]}}