{"id":69897,"date":"2024-03-10T09:11:01","date_gmt":"2024-03-10T08:11:01","guid":{"rendered":"https:\/\/www.startlap.hu\/utazas\/?p=69897"},"modified":"2024-03-10T09:11:01","modified_gmt":"2024-03-10T08:11:01","slug":"notre-dame-fodem-foto","status":"publish","type":"post","link":"https:\/\/www.startlap.hu\/utazas\/notre-dame-fodem-foto\/","title":{"rendered":"Ilyen lett a p\u00e1rizsi Notre-Dame fel\u00faj\u00edtott f\u00f6d\u00e9mszerkezete"},"content":{"rendered":"<p>Elk\u00e9sz\u00fclt a p\u00e1rizsi Notre-Dame-sz\u00e9kesegyh\u00e1z haj\u00f3j\u00e1nak f\u00f6d\u00e9mszerkezete, amely a husz\u00e1rtoronnyal egy\u00fctt lett a 2019. \u00e9vi t\u0171zv\u00e9sz martal\u00e9ka &#8211; jelentette be a helyre\u00e1ll\u00edt\u00e1ssal megb\u00edzott v\u00e1llalat egy f\u00e9nyk\u00e9ppel.&nbsp;A fot\u00f3, amelyet az\u00f3ta internetez\u0151k ezrei l\u00e1jkoltak, k\u00f6rbej\u00e1rta a k\u00f6z\u00f6ss\u00e9gi port\u00e1lokat, ami\u00f3ta a v\u00e1llalat p\u00e9ntek este k\u00f6zz\u00e9tette &#8222;Rebatir Notre-Dame de Paris&#8221; (A Notre-Dame \u00fajj\u00e1\u00e9p\u00edt\u00e9se) c\u00edm\u0171 Facebook- \u00e9s Instagram-oldal\u00e1n.<\/p>\n<p>A fot\u00f3n a massz\u00edv t\u00f6lgyfagerend\u00e1k k\u00f6z\u00f6tt a mesterek l\u00e1that\u00f3k v\u00e9d\u0151sisakban, a szerkezet tetej\u00e9n ott a hagyom\u00e1nyos bokr\u00e9ta.&nbsp;A szent\u00e9ly gerend\u00e1zata, amely szint\u00e9n beomlott a t\u0171zv\u00e9szben, janu\u00e1rban lett k\u00e9sz.<\/p>\n<p><iframe loading=\"lazy\" width=\"500\" height=\"660\" frameborder=\"0\" src=\"https:\/\/www.facebook.com\/plugins\/post.php?href=https%3A%2F%2Fwww.facebook.com%2Frebatirnotredamedeparis%2Fposts%2Fpfbid02MLnfqLSPNFzBEq6GAAKX138yZKVxv26BbTcVqWbsAvG9ku5zZfNn6J9LFaHQUwHTl&amp;show_text=true&amp;width=500\"><\/iframe>&nbsp;<\/p>\n<p>Befejez\u00e9s\u00e9hez k\u00f6zeledik a <a href=\"https:\/\/www.startlap.hu\/utazas\/notre-dame-kakas-fotok\/\" target=\"_blank\" rel=\"noopener noreferrer\"><strong>husz\u00e1rtorony<\/strong><\/a> is, amely azonos a XIX. sz\u00e1zadban Eugene Viollet-le-Duc \u00e1ltal tervezettel: jelenleg az \u00f3lombor\u00edt\u00e1st helyezik el, \u00e9s fokozatosan bontj\u00e1k a tornyot k\u00f6r\u00fclvev\u0151 \u00e1llv\u00e1nyzatot.<\/p>\n<blockquote class=\"article__extraTxt\"><p>A p\u00e1rizsi ny\u00e1ri olimpiai j\u00e1t\u00e9kok idej\u00e9n (j\u00falius 26. \u00e9s augusztus 11. k\u00f6z\u00f6tt) m\u00e1r szabadon l\u00e1that\u00f3 lesz a husz\u00e1rtorony P\u00e1rizs eg\u00e9n, a sz\u00e9kesegyh\u00e1z pedig v\u00e1rhat\u00f3an december 8-\u00e1n ny\u00edlik meg a nagyk\u00f6z\u00f6ns\u00e9g el\u0151tt.<\/p><\/blockquote>\n<p><strong>Rachida Dati<\/strong> kultur\u00e1lis miniszter p\u00e9nteken m\u0171v\u00e9szeti bizotts\u00e1got nevezett ki, amely kiv\u00e1lasztja majd azt a m\u0171v\u00e9szt \u00e9s \u00fcvegesmestert, aki <strong>hat modern ablak\u00fcveget k\u00e9sz\u00edt a sz\u00e9kesegyh\u00e1z egyes k\u00e1poln\u00e1iba<\/strong>. Az <strong>Emmanuel Macron<\/strong> francia eln\u00f6k k\u00edv\u00e1ns\u00e1g\u00e1ra k\u00e9sz\u00fcl\u0151 modern \u00fcvegablakokat hat k\u00e1poln\u00e1ban helyezik el, v\u00e1rhat\u00f3an 2026-n\u00e1l nem el\u0151bb.<\/p>\n<figure id=\"attachment_69898\" aria-describedby=\"caption-attachment-69898\" style=\"width: 755px\" class=\"wp-caption alignnone\"><img loading=\"lazy\" decoding=\"async\" class=\"size-article-size-large-image wp-image-69898\" src=\"https:\/\/www.startlap.hu\/utazas\/uploads\/sites\/3\/2024\/03\/000_34KZ4K2-755x503.jpg\" alt=\"\" width=\"755\" height=\"503\" srcset=\"https:\/\/www.startlap.hu\/utazas\/uploads\/sites\/3\/2024\/03\/000_34KZ4K2-755x503.jpg 755w, https:\/\/www.startlap.hu\/utazas\/uploads\/sites\/3\/2024\/03\/000_34KZ4K2-526x350.jpg 526w, https:\/\/www.startlap.hu\/utazas\/uploads\/sites\/3\/2024\/03\/000_34KZ4K2.jpg 1024w\" sizes=\"auto, (max-width: 755px) 100vw, 755px\" \/><figcaption id=\"caption-attachment-69898\" class=\"wp-caption-text\">Fot\u00f3: AFP<\/figcaption><\/figure>\n<p>A 2019. \u00e1prilisi t\u0171zv\u00e9szben megrong\u00e1l\u00f3dott sz\u00e9kesegyh\u00e1z \u00f6t\u00e9ves munka ut\u00e1n ny\u00edlik meg. Az \u00e9p\u00fclet k\u00f6rny\u00e9k\u00e9t fokozatosan \u00faj\u00edtj\u00e1k fel 2025 \u00e9s 2028 k\u00f6z\u00f6tt a p\u00e1rizsi v\u00e1rosh\u00e1za szerint.<\/p>\n<p>(MTI)<\/p>\n<div class=\"o-widget m-readMoreWidget -readMore u-shortDecorLineAfter row widget-container _ce_measure_widget bigdata-widget read-more\" data-ce-measure-widget=\"olvass tov\u00e1bb\">\n\t<div class=\"m-readMoreWidget__imgWrapper image-wrapper col-12 col-md-4 no-p\">\n\t\t<a class=\"m-readMoreWidget__imgLink\" href=\"https:\/\/www.startlap.hu\/utazas\/franciaorszag-parizs-szajna-olimpia-2023\/\" >\n\t\t\t<img decoding=\"async\" src=\"https:\/\/www.startlap.hu\/utazas\/uploads\/sites\/3\/2023\/05\/szajna_parizs-1-350x285.jpg\" class=\"m-readMoreWidget__img\">\n\t\t<\/a>\n\t<\/div>\n\t<div class=\"m-readMoreWidget__titleWrapper title-wrapper col-12 col-md-8\">\n\t\t<span class=\"m-readMoreWidget__titleLabel u-shortDecorLineBefore label hidden-sm-up\">Ez is \u00e9rdekelhet:<\/span>\n\t\t<h3 class=\"m-readMoreWidget__title title\">\n\t\t\t<a class=\"m-readMoreWidget__titleLink -secondFont u-bold u-upperCase\" href=\"https:\/\/www.startlap.hu\/utazas\/franciaorszag-parizs-szajna-olimpia-2023\/\" >100 \u00e9v ut\u00e1n \u00fajra lehet majd f\u00fcrdeni a Szajn\u00e1ban<\/a>\n\t\t<\/h3>\n\t\t<a class=\"m-readMoreWidget__btn -coloredBack u-tC link\" href=\"https:\/\/www.startlap.hu\/utazas\/franciaorszag-parizs-szajna-olimpia-2023\/\" >Elolvasom<\/a>\n\t<\/div>\n<\/div>\n","protected":false},"excerpt":{"rendered":"<p>\u00c1csok \u00e9s fafarag\u00f3k integetnek vid\u00e1man a f\u00e9nyk\u00e9pen, amelyen a sz\u00e9kesegyh\u00e1z haj\u00f3j\u00e1nak frissen elk\u00e9sz\u00fclt gerend\u00e1zata l\u00e1that\u00f3.<\/p>\n","protected":false},"author":14,"featured_media":69898,"comment_status":"closed","ping_status":"closed","sticky":false,"template":"","format":"standard","meta":{"footnotes":""},"categories":[70],"tags":[1357,586,587,298],"class_list":["post-69897","post","type-post","status-publish","format-standard","has-post-thumbnail","hentry","category-vilag","tag-felujitas","tag-notre-dame","tag-parizs","tag-tuzvesz"],"aioseo_notices":[],"_links":{"self":[{"href":"https:\/\/www.startlap.hu\/utazas\/wp-json\/wp\/v2\/posts\/69897","targetHints":{"allow":["GET"]}}],"collection":[{"href":"https:\/\/www.startlap.hu\/utazas\/wp-json\/wp\/v2\/posts"}],"about":[{"href":"https:\/\/www.startlap.hu\/utazas\/wp-json\/wp\/v2\/types\/post"}],"author":[{"embeddable":true,"href":"https:\/\/www.startlap.hu\/utazas\/wp-json\/wp\/v2\/users\/14"}],"replies":[{"embeddable":true,"href":"https:\/\/www.startlap.hu\/utazas\/wp-json\/wp\/v2\/comments?post=69897"}],"version-history":[{"count":1,"href":"https:\/\/www.startlap.hu\/utazas\/wp-json\/wp\/v2\/posts\/69897\/revisions"}],"predecessor-version":[{"id":69899,"href":"https:\/\/www.startlap.hu\/utazas\/wp-json\/wp\/v2\/posts\/69897\/revisions\/69899"}],"wp:featuredmedia":[{"embeddable":true,"href":"https:\/\/www.startlap.hu\/utazas\/wp-json\/wp\/v2\/media\/69898"}],"wp:attachment":[{"href":"https:\/\/www.startlap.hu\/utazas\/wp-json\/wp\/v2\/media?parent=69897"}],"wp:term":[{"taxonomy":"category","embeddable":true,"href":"https:\/\/www.startlap.hu\/utazas\/wp-json\/wp\/v2\/categories?post=69897"},{"taxonomy":"post_tag","embeddable":true,"href":"https:\/\/www.startlap.hu\/utazas\/wp-json\/wp\/v2\/tags?post=69897"}],"curies":[{"name":"wp","href":"https:\/\/api.w.org\/{rel}","templated":true}]}}