{"id":68531,"date":"2024-01-28T17:31:01","date_gmt":"2024-01-28T16:31:01","guid":{"rendered":"https:\/\/www.startlap.hu\/utazas\/?p=68531"},"modified":"2024-01-28T17:31:01","modified_gmt":"2024-01-28T16:31:01","slug":"ryanair-kuria-kulonado","status":"publish","type":"post","link":"https:\/\/www.startlap.hu\/utazas\/ryanair-kuria-kulonado\/","title":{"rendered":"A Ryanairnek adott igazat a K\u00faria a fogyaszt\u00f3v\u00e9delemmel szemben"},"content":{"rendered":"<p>2022-ben a korm\u00e1ny \u00e1ltal kiszabott extraprofitad\u00f3 robbantotta ki azt a botr\u00e1nny\u00e1 fajult vit\u00e1t, melynek v\u00e9g\u00e9re a h\u00e9ten <a href=\"https:\/\/kuria-birosag.hu\/hu\/sajto\/kuria-tajekoztatoja-ryanair-legitarsasag-es-budapest-fovaros-kormanyhivatala-mint\" target=\"_blank\"><strong>kihirdetett<\/strong><\/a> d\u00f6nt\u00e9s\u00e9ben pontot tett a K\u00faria. A fel\u00fclvizsg\u00e1lati elj\u00e1r\u00e1s eredm\u00e9nyek\u00e9ppen kijelentett\u00e9k, hogy a F\u0151v\u00e1rosi T\u00f6rv\u00e9nysz\u00e9k jogosan semmis\u00edtette meg a l\u00e9git\u00e1rsas\u00e1gra 2023 augusztus\u00e1ban a fogyaszt\u00f3v\u00e9delem \u00e1ltal kir\u00f3tt 736 ezer eur\u00f3s, vagyis mintegy 300 milli\u00f3s b\u00edrs\u00e1got, teh\u00e1t a Ryanair joger\u0151sen is megnyerte a pert &#8211; sz\u00farta ki a <a href=\"https:\/\/telex.hu\/gazdasag\/2024\/01\/28\/kuria-ryanair-extraado-300-millio-fogyasztovedelem-kormanyhivatal\" target=\"_blank\" target=\"_blank\" rel=\"noopener noreferrer\"><strong>Telex<\/strong><\/a>.<\/p>\n<p>A jogi hercehurc\u00e1t az ind\u00edtotta el, hogy a l\u00e9git\u00e1rsas\u00e1gokra kivetett extraprofitad\u00f3t a Ryanair az utasokkal fizettette meg egy 10 eur\u00f3s k\u00fcl\u00f6nad\u00f3 form\u00e1j\u00e1ban. Erre v\u00e1laszul j\u00f6tt a fogyaszt\u00f3v\u00e9delem 736 ezer eur\u00f3s b\u00fcntet\u00e9se, a l\u00e9git\u00e1rsas\u00e1g azonban jogi \u00faton t\u00e1madta a b\u00edrs\u00e1got. A t\u00f6rv\u00e9ny ellen alkotm\u00e1nyjogi panaszt is beny\u00fajtottak, ezt tavaly az Alkotm\u00e1nyb\u00edr\u00f3s\u00e1g elutas\u00edtotta.<\/p>\n<p>Miut\u00e1n ny\u00e1ron a F\u0151v\u00e1rosi T\u00f6rv\u00e9nysz\u00e9k v\u00e9g\u00fcl a fogyaszt\u00f3v\u00e9delem hat\u00e1rozat\u00e1t megsemmis\u00edtve <a href=\"https:\/\/www.startlap.hu\/utazas\/ryanair-birsag-dontes-fovarosi-torvenyszek\/\" target=\"_blank\" rel=\"noopener noreferrer\"><strong>t\u00f6r\u00f6lte<\/strong><\/a> a b\u00edrs\u00e1got, Budapest F\u0151v\u00e1ros Korm\u00e1nyhivatala mint fogyaszt\u00f3v\u00e9delmi hat\u00f3s\u00e1g fellebbezett, a K\u00fari\u00e1ig juttatva az \u00fcgyet.<\/p>\n<figure id=\"attachment_68532\" aria-describedby=\"caption-attachment-68532\" style=\"width: 755px\" class=\"wp-caption alignnone\"><img loading=\"lazy\" decoding=\"async\" class=\"size-article-size-large-image wp-image-68532\" src=\"https:\/\/www.startlap.hu\/utazas\/uploads\/sites\/3\/2024\/01\/000_32JB2EP-755x502.jpg\" alt=\"\" width=\"755\" height=\"502\" srcset=\"https:\/\/www.startlap.hu\/utazas\/uploads\/sites\/3\/2024\/01\/000_32JB2EP-755x502.jpg 755w, https:\/\/www.startlap.hu\/utazas\/uploads\/sites\/3\/2024\/01\/000_32JB2EP-250x165.jpg 250w, https:\/\/www.startlap.hu\/utazas\/uploads\/sites\/3\/2024\/01\/000_32JB2EP-526x350.jpg 526w, https:\/\/www.startlap.hu\/utazas\/uploads\/sites\/3\/2024\/01\/000_32JB2EP.jpg 1024w\" sizes=\"auto, (max-width: 755px) 100vw, 755px\" \/><figcaption id=\"caption-attachment-68532\" class=\"wp-caption-text\">Fot\u00f3: AFP<\/figcaption><\/figure>\n<p>A K\u00faria indokl\u00e1sa szerint azonban<\/p>\n<blockquote class=\"article__extraTxt\"><p>a l\u00e9git\u00e1rsas\u00e1g az \u00c1ltal\u00e1nos Szerz\u0151d\u00e9si Felt\u00e9teleinek megfelel\u0151en j\u00e1rt el, amikor az utasokra h\u00e1r\u00edtotta a plusz ad\u00f3t, \u00edgy a fogyaszt\u00f3k megt\u00e9veszt\u00e9se nem val\u00f3sult meg, hi\u00e1ba <a href=\"https:\/\/www.startlap.hu\/utazas\/300-millio-forintos-birsagot-kapott-a-ryanair\/\" target=\"_blank\" rel=\"noopener noreferrer\"><strong>\u00e1ll\u00edtotta<\/strong><\/a> ezt a fogyaszt\u00f3v\u00e9delmi hivatal.<\/p><\/blockquote>\n<p>A korm\u00e1nyhivatal Fogyaszt\u00f3v\u00e9delmi F\u0151oszt\u00e1lya k\u00e9s\u0151bb \u00fagy nyilatkozott, nem a k\u00fcl\u00f6nad\u00f3 \u00e1th\u00e1r\u00edt\u00e1sa miatt b\u00edrs\u00e1goltak, hanem az\u00e9rt, mert a l\u00e9git\u00e1rsas\u00e1g azt \u00e1ll\u00edtotta saj\u00e1t mag\u00e1r\u00f3l, hogy \u0151 az extraprofitad\u00f3 alanya. Ebben m\u00e1r az Alkotm\u00e1nyb\u00edr\u00f3s\u00e1g igazat adott a Ryanairnek, a K\u00faria pedig k\u00f6zlem\u00e9ny\u00e9ben megjegyzi, &#8222;a Korm\u00e1nyrendelet vonatkoz\u00f3 fejezet\u00e9nek is az a c\u00edme, hogy <em>A l\u00e9git\u00e1rsas\u00e1gok hozz\u00e1j\u00e1rul\u00e1sa&#8221;.<\/em><\/p>\n<p>A fogyaszt\u00f3v\u00e9delem fellebbez\u00e9s\u00e9ben azzal is \u00e9rvelt, hogy nem kaptak el\u00e9g id\u0151t az alkotm\u00e1nyb\u00edr\u00f3s\u00e1gi hat\u00e1rozat tanulm\u00e1nyoz\u00e1s\u00e1ra, \u00e9s az emiatt beny\u00fajtott k\u00e9relm\u00fck ellen\u00e9re nem halasztott\u00e1k a t\u00e1rgyal\u00e1st. A K\u00faria ezt a panaszt is elutas\u00edtotta, mint \u00edrj\u00e1k, &#8222;a v\u00e9gz\u00e9s kihirdet\u00e9se \u00e9s az els\u0151fok\u00fa t\u00e1rgyal\u00e1s k\u00f6z\u00f6tt 20 nap telt el, ez elegend\u0151 id\u0151 arra, hogy az alperes az AB v\u00e9gz\u00e9st megismerhesse&#8221;.<\/p>\n<p>Az extraprofitad\u00f3t\u201d a korm\u00e1ny az\u00f3ta k\u00f6rnyezetv\u00e9delmi ad\u00f3v\u00e1\u201d alak\u00edtotta, az utasad\u00f3 \u00e1r\u00e1t a Ryanair megtartotta a jegyek \u00e1r\u00e1ban.<\/p>\n<div class=\"o-widget m-readMoreWidget -readMore u-shortDecorLineAfter row widget-container _ce_measure_widget bigdata-widget read-more\" data-ce-measure-widget=\"olvass tov\u00e1bb\">\n\t<div class=\"m-readMoreWidget__imgWrapper image-wrapper col-12 col-md-4 no-p\">\n\t\t<a class=\"m-readMoreWidget__imgLink\" href=\"https:\/\/www.startlap.hu\/utazas\/wizzair-nyari-szezon-nyaralas-repules-legitarsasag\/\" >\n\t\t\t<img decoding=\"async\" src=\"https:\/\/www.startlap.hu\/utazas\/uploads\/sites\/3\/2022\/06\/wizzair-1-350x285.jpg\" class=\"m-readMoreWidget__img\">\n\t\t<\/a>\n\t<\/div>\n\t<div class=\"m-readMoreWidget__titleWrapper title-wrapper col-12 col-md-8\">\n\t\t<span class=\"m-readMoreWidget__titleLabel u-shortDecorLineBefore label hidden-sm-up\">Ez is \u00e9rdekelhet:<\/span>\n\t\t<h3 class=\"m-readMoreWidget__title title\">\n\t\t\t<a class=\"m-readMoreWidget__titleLink -secondFont u-bold u-upperCase\" href=\"https:\/\/www.startlap.hu\/utazas\/wizzair-nyari-szezon-nyaralas-repules-legitarsasag\/\" >Ide utazik majd nyaralni a legt\u00f6bb magyar a Wizz Air szerint<\/a>\n\t\t<\/h3>\n\t\t<a class=\"m-readMoreWidget__btn -coloredBack u-tC link\" href=\"https:\/\/www.startlap.hu\/utazas\/wizzair-nyari-szezon-nyaralas-repules-legitarsasag\/\" >Elolvasom<\/a>\n\t<\/div>\n<\/div>\n","protected":false},"excerpt":{"rendered":"<p>A budapesti korm\u00e1nyhivatal fogyaszt\u00f3v\u00e9delme fellebbezett \u00e9s vesztett. A Ryanair zseb\u00e9ben marad a 300 milli\u00f3s b\u00edrs\u00e1g \u00f6sszege.<\/p>\n","protected":false},"author":14,"featured_media":68532,"comment_status":"closed","ping_status":"closed","sticky":false,"template":"","format":"standard","meta":{"footnotes":""},"categories":[7],"tags":[1489,7019,767,214],"class_list":["post-68531","post","type-post","status-publish","format-standard","has-post-thumbnail","hentry","category-belfold-utazas","tag-fogyasztovedelem","tag-kulonado","tag-kuria","tag-ryanair"],"aioseo_notices":[],"_links":{"self":[{"href":"https:\/\/www.startlap.hu\/utazas\/wp-json\/wp\/v2\/posts\/68531","targetHints":{"allow":["GET"]}}],"collection":[{"href":"https:\/\/www.startlap.hu\/utazas\/wp-json\/wp\/v2\/posts"}],"about":[{"href":"https:\/\/www.startlap.hu\/utazas\/wp-json\/wp\/v2\/types\/post"}],"author":[{"embeddable":true,"href":"https:\/\/www.startlap.hu\/utazas\/wp-json\/wp\/v2\/users\/14"}],"replies":[{"embeddable":true,"href":"https:\/\/www.startlap.hu\/utazas\/wp-json\/wp\/v2\/comments?post=68531"}],"version-history":[{"count":3,"href":"https:\/\/www.startlap.hu\/utazas\/wp-json\/wp\/v2\/posts\/68531\/revisions"}],"predecessor-version":[{"id":68535,"href":"https:\/\/www.startlap.hu\/utazas\/wp-json\/wp\/v2\/posts\/68531\/revisions\/68535"}],"wp:featuredmedia":[{"embeddable":true,"href":"https:\/\/www.startlap.hu\/utazas\/wp-json\/wp\/v2\/media\/68532"}],"wp:attachment":[{"href":"https:\/\/www.startlap.hu\/utazas\/wp-json\/wp\/v2\/media?parent=68531"}],"wp:term":[{"taxonomy":"category","embeddable":true,"href":"https:\/\/www.startlap.hu\/utazas\/wp-json\/wp\/v2\/categories?post=68531"},{"taxonomy":"post_tag","embeddable":true,"href":"https:\/\/www.startlap.hu\/utazas\/wp-json\/wp\/v2\/tags?post=68531"}],"curies":[{"name":"wp","href":"https:\/\/api.w.org\/{rel}","templated":true}]}}