{"id":68350,"date":"2024-01-24T07:06:03","date_gmt":"2024-01-24T06:06:03","guid":{"rendered":"https:\/\/www.startlap.hu\/utazas\/?p=68350"},"modified":"2024-01-24T07:06:18","modified_gmt":"2024-01-24T06:06:18","slug":"nemetorszag-deutsche-bahn-vasuti-sztrajk-magyarorszag","status":"publish","type":"post","link":"https:\/\/www.startlap.hu\/utazas\/nemetorszag-deutsche-bahn-vasuti-sztrajk-magyarorszag\/","title":{"rendered":"Magyarorsz\u00e1gon \u00e1thalad\u00f3 nemzetk\u00f6zi j\u00e1ratokat is \u00e9rint a n\u00e9met vas\u00fati sztr\u00e1jk"},"content":{"rendered":"<p>Magyarorsz\u00e1got \u00e9rint\u0151 nemzetk\u00f6zi j\u00e1ratok menetrendj\u00e9t is befoly\u00e1solja a <a href=\"https:\/\/www.startlap.hu\/utazas\/deutsche-bahn-nemetorszag-vasuti-sztrajk-mav-magyarorszag\/\" target=\"_blank\" rel=\"noopener noreferrer\"><strong>n\u00e9met vasutasok szerda hajnalt\u00f3l h\u00e9tf\u0151 kora estig tervezett munkabesz\u00fcntet\u00e9se<\/strong><\/a> &#8211; k\u00f6z\u00f6lte a M\u00e1vinform kedden a Facebook-oldal\u00e1n.<\/p>\n<p>Azt \u00edrt\u00e1k, a railjet xpress vonatok a n\u00e9metorsz\u00e1gi szakaszon kimaradnak, a m\u00fcncheni j\u00e1ratok csak Budapest \u00e9s Salzburg k\u00f6z\u00f6tt k\u00f6zlekednek. A Hung\u00e1ria EuroCity vonatok csak Budapest \u00e9s Pr\u00e1ga k\u00f6z\u00f6tt j\u00e1rnak, a Metropol EuroNight vonatok pedig nem tov\u00e1bb\u00edtj\u00e1k a berlini kocsicsoportot.<\/p>\n<p>A K\u00e1lm\u00e1n Imre EuroNight vonat stuttgarti kocsicsoportja csak Budapest \u00e9s Salzburg k\u00f6z\u00f6tt k\u00f6zlekedik.<\/p>\n<figure id=\"attachment_68351\" aria-describedby=\"caption-attachment-68351\" style=\"width: 755px\" class=\"wp-caption alignnone\"><img loading=\"lazy\" decoding=\"async\" class=\"size-article-size-large-image wp-image-68351\" src=\"https:\/\/www.startlap.hu\/utazas\/uploads\/sites\/3\/2024\/01\/nemetorszag-berlin-deutsche-bahn-vonatszerelvenyek-755x445.jpg\" alt=\"A Deutsche Bahn vas\u00fati sztr\u00e1jk miatt Berlinben vesztegl\u0151 vonatszerelv\u00e9nyei 2024.01.24-\u00e9n.\" width=\"755\" height=\"445\" srcset=\"https:\/\/www.startlap.hu\/utazas\/uploads\/sites\/3\/2024\/01\/nemetorszag-berlin-deutsche-bahn-vonatszerelvenyek-755x445.jpg 755w, https:\/\/www.startlap.hu\/utazas\/uploads\/sites\/3\/2024\/01\/nemetorszag-berlin-deutsche-bahn-vonatszerelvenyek-594x350.jpg 594w, https:\/\/www.startlap.hu\/utazas\/uploads\/sites\/3\/2024\/01\/nemetorszag-berlin-deutsche-bahn-vonatszerelvenyek.jpg 1200w\" sizes=\"auto, (max-width: 755px) 100vw, 755px\" \/><figcaption id=\"caption-attachment-68351\" class=\"wp-caption-text\">AFP<\/figcaption><\/figure>\n<p>A n\u00e9met vas\u00fatt\u00e1rsas\u00e1g, a Deutsche Bahn (DB) t\u00e1j\u00e9koztat\u00e1sa szerint a sztr\u00e1jk ideje alatt <strong>a n\u00e9met vas\u00fati h\u00e1l\u00f3zaton a t\u00e1vols\u00e1gi \u00e9s region\u00e1lis forgalomban is jelent\u0151s fennakad\u00e1sokra, hosszabb eljut\u00e1si id\u0151kre kell sz\u00e1m\u00edtani<\/strong>. Azt javasolj\u00e1k az utasoknak, hogy ha tehetik, halassz\u00e1k el az utaz\u00e1sukat, vagy v\u00e1lasszanak alternat\u00edv utaz\u00e1si lehet\u0151s\u00e9get.<\/p>\n<p>A N\u00e9metorsz\u00e1g fel\u00e9 utaz\u00f3knak \u00e9rdemes t\u00e1j\u00e9koz\u00f3dniuk a DB \u00e9s a M\u00c1V t\u00e1j\u00e9koztat\u00e1si fel\u00fcletein, illetve \u00fcgyf\u00e9lszolg\u00e1latain\u00e1l &#8211; tette hozz\u00e1 a M\u00e1vinform.<\/p>\n<p>A mozdonyvezet\u0151k az\u00e9rt sztr\u00e1jkolnak, mert nincsenek megel\u00e9gedve a n\u00e9met \u00e1llami vas\u00fat\u00e1rsas\u00e1g leg\u00fajabb b\u00e9r- \u00e9s munkaid\u0151-aj\u00e1nlat\u00e1val.<\/p>\n<p>(MTI)<\/p>\n<div class=\"o-widget m-readMoreWidget -readMore u-shortDecorLineAfter row widget-container _ce_measure_widget bigdata-widget read-more\" data-ce-measure-widget=\"olvass tov\u00e1bb\">\n\t<div class=\"m-readMoreWidget__imgWrapper image-wrapper col-12 col-md-4 no-p\">\n\t\t<a class=\"m-readMoreWidget__imgLink\" href=\"https:\/\/www.startlap.hu\/utazas\/kanada-ottawa-rideau-csatorna-korcsolyapalya-tel-fotok\/\" >\n\t\t\t<img decoding=\"async\" src=\"https:\/\/www.startlap.hu\/utazas\/uploads\/sites\/3\/2024\/01\/kanada-korcsolyap\u00e1lya-350x285.jpg\" class=\"m-readMoreWidget__img\">\n\t\t<\/a>\n\t<\/div>\n\t<div class=\"m-readMoreWidget__titleWrapper title-wrapper col-12 col-md-8\">\n\t\t<span class=\"m-readMoreWidget__titleLabel u-shortDecorLineBefore label hidden-sm-up\">Ez is \u00e9rdekelhet:<\/span>\n\t\t<h3 class=\"m-readMoreWidget__title title\">\n\t\t\t<a class=\"m-readMoreWidget__titleLink -secondFont u-bold u-upperCase\" href=\"https:\/\/www.startlap.hu\/utazas\/kanada-ottawa-rideau-csatorna-korcsolyapalya-tel-fotok\/\" >K\u00e9t \u00e9v ut\u00e1n megny\u00edlt a vil\u00e1g legnagyobb korcsolyap\u00e1ly\u00e1ja<\/a>\n\t\t<\/h3>\n\t\t<a class=\"m-readMoreWidget__btn -coloredBack u-tC link\" href=\"https:\/\/www.startlap.hu\/utazas\/kanada-ottawa-rideau-csatorna-korcsolyapalya-tel-fotok\/\" >Elolvasom<\/a>\n\t<\/div>\n<\/div>\n","protected":false},"excerpt":{"rendered":"<p>Jelent\u0151s fennakad\u00e1sokra, hosszabb eljut\u00e1si id\u0151kre kell sz\u00e1m\u00edtani. Azt javasolj\u00e1k az utasoknak, hogy ha tehetik, halassz\u00e1k el az utaz\u00e1sukat, vagy v\u00e1lasszanak alternat\u00edv utaz\u00e1si lehet\u0151s\u00e9get.<\/p>\n","protected":false},"author":7,"featured_media":68351,"comment_status":"closed","ping_status":"closed","sticky":false,"template":"","format":"standard","meta":{"footnotes":""},"categories":[70],"tags":[1288,32,193,785],"class_list":["post-68350","post","type-post","status-publish","format-standard","has-post-thumbnail","hentry","category-vilag","tag-deutsche-bahn","tag-magyarorszag","tag-nemetorszag","tag-sztrajk"],"aioseo_notices":[],"_links":{"self":[{"href":"https:\/\/www.startlap.hu\/utazas\/wp-json\/wp\/v2\/posts\/68350","targetHints":{"allow":["GET"]}}],"collection":[{"href":"https:\/\/www.startlap.hu\/utazas\/wp-json\/wp\/v2\/posts"}],"about":[{"href":"https:\/\/www.startlap.hu\/utazas\/wp-json\/wp\/v2\/types\/post"}],"author":[{"embeddable":true,"href":"https:\/\/www.startlap.hu\/utazas\/wp-json\/wp\/v2\/users\/7"}],"replies":[{"embeddable":true,"href":"https:\/\/www.startlap.hu\/utazas\/wp-json\/wp\/v2\/comments?post=68350"}],"version-history":[{"count":2,"href":"https:\/\/www.startlap.hu\/utazas\/wp-json\/wp\/v2\/posts\/68350\/revisions"}],"predecessor-version":[{"id":68353,"href":"https:\/\/www.startlap.hu\/utazas\/wp-json\/wp\/v2\/posts\/68350\/revisions\/68353"}],"wp:featuredmedia":[{"embeddable":true,"href":"https:\/\/www.startlap.hu\/utazas\/wp-json\/wp\/v2\/media\/68351"}],"wp:attachment":[{"href":"https:\/\/www.startlap.hu\/utazas\/wp-json\/wp\/v2\/media?parent=68350"}],"wp:term":[{"taxonomy":"category","embeddable":true,"href":"https:\/\/www.startlap.hu\/utazas\/wp-json\/wp\/v2\/categories?post=68350"},{"taxonomy":"post_tag","embeddable":true,"href":"https:\/\/www.startlap.hu\/utazas\/wp-json\/wp\/v2\/tags?post=68350"}],"curies":[{"name":"wp","href":"https:\/\/api.w.org\/{rel}","templated":true}]}}