{"id":68321,"date":"2024-01-23T08:26:21","date_gmt":"2024-01-23T07:26:21","guid":{"rendered":"https:\/\/www.startlap.hu\/utazas\/?p=68321"},"modified":"2024-01-23T08:26:21","modified_gmt":"2024-01-23T07:26:21","slug":"deutsche-bahn-nemetorszag-vasuti-sztrajk-mav-magyarorszag","status":"publish","type":"post","link":"https:\/\/www.startlap.hu\/utazas\/deutsche-bahn-nemetorszag-vasuti-sztrajk-mav-magyarorszag\/","title":{"rendered":"N\u00e9met vas\u00fati sztr\u00e1jk: k\u00f6zlem\u00e9nyt adott ki a M\u00c1V"},"content":{"rendered":"<p>A n\u00e9met vas\u00faton a <strong>szerda hajnali 2 \u00f3r\u00e1t\u00f3l kezd\u0151d\u0151 \u00e9s h\u00e9tf\u0151 18 \u00f3r\u00e1ig tart\u00f3 munkabesz\u00fcntet\u00e9s<\/strong> miatt korl\u00e1toz\u00e1sok v\u00e1rhat\u00f3k, \u00edgy jelent\u0151s fennakad\u00e1sokra, hosszabb eljut\u00e1si id\u0151kre kell sz\u00e1m\u00edtani &#8211; k\u00f6z\u00f6lte a M\u00e1vinform a <a href=\"https:\/\/www.startlap.hu\/utazas\/mav-volan-talalt-targyak\/\" target=\"_blank\" rel=\"noopener noreferrer\">M\u00c1V csoport<\/a> honlapj\u00e1n h\u00e9tf\u0151n a n\u00e9met vas\u00fatt\u00e1rsas\u00e1g t\u00e1j\u00e9koztat\u00e1sa alapj\u00e1n.<\/p>\n<p>Azt \u00edrt\u00e1k, a munkabesz\u00fcntet\u00e9s miatti menetrendi korl\u00e1toz\u00e1sokr\u00f3l m\u00e9g egyeztetnek, amint kialakul a sztr\u00e1jk ideje alatti <a href=\"https:\/\/www.startlap.hu\/utazas\/csalagut-vasut-eurostar-2025\/\" target=\"_blank\" rel=\"noopener noreferrer\">vonatk\u00f6zleked\u00e9s<\/a>, a M\u00e1vinform t\u00e1j\u00e9koztat a N\u00e9metorsz\u00e1g \u00e9s Magyarorsz\u00e1g k\u00f6z\u00f6tti nemzetk\u00f6zi j\u00e1ratokr\u00f3l.<\/p>\n<p>Hozz\u00e1tett\u00e9k, hogy a n\u00e9met vas\u00fatt\u00e1rsas\u00e1g, a Deutsche Bahn (DB)&nbsp;az utaz\u00e1sok elhalaszt\u00e1s\u00e1t vagy m\u00e1s utaz\u00e1si m\u00f3dot javasol.<\/p>\n<p>A k\u00f6zlem\u00e9ny szerint<\/p>\n<blockquote class=\"article__extraTxt\"><p>d\u00edjmentesen visszav\u00e1lhat\u00f3k a janu\u00e1r 24-ig megv\u00e1ltott, a sztr\u00e1jk idej\u00e9n vagy el\u0151z\u0151 este N\u00e9metorsz\u00e1got \u00e9rint\u0151 utaz\u00e1sok menetjegyei \u00e9s helyfoglal\u00e1sai, illetve janu\u00e1r 22-\u00e9n \u00e9s 23-\u00e1n vagy febru\u00e1r 5-ig felhaszn\u00e1lhat\u00f3k.<\/p><\/blockquote>\n<p>Online v\u00e1s\u00e1rolt menetjegyek visszav\u00e1lt\u00e1s\u00e1t a mobil alkalmaz\u00e1sban \u00e9s az&nbsp;eszrevetel@mav-start.hu&nbsp;e-mail c\u00edmen lehet kezdem\u00e9nyezni. Menetjegyek m\u00e1s id\u0151pontra \u00e9rv\u00e9nyes\u00edt\u00e9s\u00e9t a nemzetk\u00f6zi jegyp\u00e9nzt\u00e1rak int\u00e9zik.&nbsp;&nbsp;<\/p>\n<figure id=\"attachment_68322\" aria-describedby=\"caption-attachment-68322\" style=\"width: 755px\" class=\"wp-caption alignnone\"><img loading=\"lazy\" decoding=\"async\" class=\"size-article-size-large-image wp-image-68322\" src=\"https:\/\/www.startlap.hu\/utazas\/uploads\/sites\/3\/2024\/01\/deutsche-bahn-utas-755x423.jpg\" alt=\"A Deutsche Bahn log\u00f3ja, a h\u00e1tt\u00e9rben egy f\u00e9rfi.\" width=\"755\" height=\"423\" srcset=\"https:\/\/www.startlap.hu\/utazas\/uploads\/sites\/3\/2024\/01\/deutsche-bahn-utas-755x423.jpg 755w, https:\/\/www.startlap.hu\/utazas\/uploads\/sites\/3\/2024\/01\/deutsche-bahn-utas-215x120.jpg 215w, https:\/\/www.startlap.hu\/utazas\/uploads\/sites\/3\/2024\/01\/deutsche-bahn-utas-625x350.jpg 625w, https:\/\/www.startlap.hu\/utazas\/uploads\/sites\/3\/2024\/01\/deutsche-bahn-utas.jpg 1220w\" sizes=\"auto, (max-width: 755px) 100vw, 755px\" \/><figcaption id=\"caption-attachment-68322\" class=\"wp-caption-text\">AFP<\/figcaption><\/figure>\n<p>A utasok a n\u00e9met vas\u00fatt\u00e1rsas\u00e1g \u00e9s a M\u00c1V t\u00e1j\u00e9koztat\u00e1si fel\u00fcletein \u00e9s \u00fcgyf\u00e9lszolg\u00e1latain kaphatnak felvil\u00e1gos\u00edt\u00e1st.<\/p>\n<p>(MTI)<\/p>\n<div class=\"o-widget m-readMoreWidget -readMore u-shortDecorLineAfter row widget-container _ce_measure_widget bigdata-widget read-more\" data-ce-measure-widget=\"olvass tov\u00e1bb\">\n\t<div class=\"m-readMoreWidget__imgWrapper image-wrapper col-12 col-md-4 no-p\">\n\t\t<a class=\"m-readMoreWidget__imgLink\" href=\"https:\/\/www.startlap.hu\/utazas\/kulfoldi-nyaralas-2024-dragulas-dijak-szabalyok-olimpia-foci-eb-parizs-nemetorszag\/\" >\n\t\t\t<img decoding=\"async\" src=\"https:\/\/www.startlap.hu\/utazas\/uploads\/sites\/3\/2022\/08\/velence_grande_canale2-350x285.jpg\" class=\"m-readMoreWidget__img\">\n\t\t<\/a>\n\t<\/div>\n\t<div class=\"m-readMoreWidget__titleWrapper title-wrapper col-12 col-md-8\">\n\t\t<span class=\"m-readMoreWidget__titleLabel u-shortDecorLineBefore label hidden-sm-up\">Ez is \u00e9rdekelhet:<\/span>\n\t\t<h3 class=\"m-readMoreWidget__title title\">\n\t\t\t<a class=\"m-readMoreWidget__titleLink -secondFont u-bold u-upperCase\" href=\"https:\/\/www.startlap.hu\/utazas\/kulfoldi-nyaralas-2024-dragulas-dijak-szabalyok-olimpia-foci-eb-parizs-nemetorszag\/\" >Mi v\u00e1r az utaz\u00f3kra 2024-ben? Fontos v\u00e1ltoz\u00e1sok P\u00e1rizst\u00f3l Velenc\u00e9n \u00e1t Mallorc\u00e1ig<\/a>\n\t\t<\/h3>\n\t\t<a class=\"m-readMoreWidget__btn -coloredBack u-tC link\" href=\"https:\/\/www.startlap.hu\/utazas\/kulfoldi-nyaralas-2024-dragulas-dijak-szabalyok-olimpia-foci-eb-parizs-nemetorszag\/\" >Elolvasom<\/a>\n\t<\/div>\n<\/div>\n","protected":false},"excerpt":{"rendered":"<p>A n\u00e9met vas\u00fatt\u00e1rsas\u00e1g, a Deutsche Bahn (DB) az utaz\u00e1sok elhalaszt\u00e1s\u00e1t vagy m\u00e1s utaz\u00e1si m\u00f3dot javasol a szerda hajnali 2 \u00f3r\u00e1t\u00f3l kezd\u0151d\u0151 \u00e9s h\u00e9tf\u0151 18 \u00f3r\u00e1ig tart\u00f3 munkabesz\u00fcntet\u00e9s miatt.<\/p>\n","protected":false},"author":7,"featured_media":68322,"comment_status":"closed","ping_status":"closed","sticky":false,"template":"","format":"standard","meta":{"footnotes":""},"categories":[70],"tags":[179,193,785,821],"class_list":["post-68321","post","type-post","status-publish","format-standard","has-post-thumbnail","hentry","category-vilag","tag-mav","tag-nemetorszag","tag-sztrajk","tag-vasut"],"aioseo_notices":[],"_links":{"self":[{"href":"https:\/\/www.startlap.hu\/utazas\/wp-json\/wp\/v2\/posts\/68321","targetHints":{"allow":["GET"]}}],"collection":[{"href":"https:\/\/www.startlap.hu\/utazas\/wp-json\/wp\/v2\/posts"}],"about":[{"href":"https:\/\/www.startlap.hu\/utazas\/wp-json\/wp\/v2\/types\/post"}],"author":[{"embeddable":true,"href":"https:\/\/www.startlap.hu\/utazas\/wp-json\/wp\/v2\/users\/7"}],"replies":[{"embeddable":true,"href":"https:\/\/www.startlap.hu\/utazas\/wp-json\/wp\/v2\/comments?post=68321"}],"version-history":[{"count":1,"href":"https:\/\/www.startlap.hu\/utazas\/wp-json\/wp\/v2\/posts\/68321\/revisions"}],"predecessor-version":[{"id":68323,"href":"https:\/\/www.startlap.hu\/utazas\/wp-json\/wp\/v2\/posts\/68321\/revisions\/68323"}],"wp:featuredmedia":[{"embeddable":true,"href":"https:\/\/www.startlap.hu\/utazas\/wp-json\/wp\/v2\/media\/68322"}],"wp:attachment":[{"href":"https:\/\/www.startlap.hu\/utazas\/wp-json\/wp\/v2\/media?parent=68321"}],"wp:term":[{"taxonomy":"category","embeddable":true,"href":"https:\/\/www.startlap.hu\/utazas\/wp-json\/wp\/v2\/categories?post=68321"},{"taxonomy":"post_tag","embeddable":true,"href":"https:\/\/www.startlap.hu\/utazas\/wp-json\/wp\/v2\/tags?post=68321"}],"curies":[{"name":"wp","href":"https:\/\/api.w.org\/{rel}","templated":true}]}}