{"id":68212,"date":"2024-02-24T07:33:46","date_gmt":"2024-02-24T06:33:46","guid":{"rendered":"https:\/\/www.startlap.hu\/utazas\/?p=68212"},"modified":"2024-02-23T21:17:23","modified_gmt":"2024-02-23T20:17:23","slug":"bad-ischl-ausztria-europa-2024","status":"publish","type":"post","link":"https:\/\/www.startlap.hu\/utazas\/bad-ischl-ausztria-europa-2024\/","title":{"rendered":"A cs\u00e1sz\u00e1ri hangulat\u00fa v\u00e1ros, Bad Ischl l\u00e1tnival\u00f3i"},"content":{"rendered":"<p>Bad Ischl egy t\u00f6rt\u00e9nelmi f\u00fcrd\u0151v\u00e1ros a fels\u0151-ausztriai Salzkammergut t\u00f3vid\u00e9ken. A v\u00e1roska egykor Ferenc J\u00f3zsef k\u00f6zkedvelt ny\u00e1ri pihen\u0151helye volt, egyes utc\u00e1i, \u00e9p\u00fcletei \u00e9s vend\u00e9gl\u00e1t\u00f3helyei ma is igazi 19. sz\u00e1zadi hangulatot \u00e1rasztanak.<\/p>\n<p>Sokan tal\u00e1n els\u0151re csak egy r\u00f6vid s\u00e9t\u00e1ra vagy eb\u00e9dre \u00e1lln\u00e1nak meg Bad Ischlben, ugyanakkor, ha valaki val\u00f3ban szeretne elmer\u00fclni a v\u00e1ros hangulat\u00e1ban, \u00e9rdemes legal\u00e1bb egy \u00e9jszak\u00e1t elt\u00f6ltenie ott. F\u0151leg, hogy b\u00e1r Bad Ischl a t\u00f3vid\u00e9k legnagyobb v\u00e1rosa, ezen a helyen <strong>olcs\u00f3bb sz\u00e1ll\u00e1st k\u00edn\u00e1lnak<\/strong> a k\u00f6rny\u00e9kbeli n\u00e9pszer\u0171bb v\u00e1rosokhoz, p\u00e9ld\u00e1ul Hallstatthoz k\u00e9pest.<\/p>\n<h2>Bad Ischl rengeteg l\u00e1tnival\u00f3ja<\/h2>\n<p>Bad Ischl tele van felfedez\u00e9sre v\u00e1r\u00f3 l\u00e1tnival\u00f3kkal. A v\u00e1roska legh\u00edresebb pontja a cs\u00e1sz\u00e1ri villa (Kaiservilla). <strong>A gy\u00f6ny\u00f6r\u0171 \u00e9p\u00fclet egykor Ferenc J\u00f3zsef ny\u00e1ri rezidenci\u00e1ja volt<\/strong>. \u00c9s b\u00e1r a helysz\u00ednt t\u00e9nyleg meg kell eml\u00edteni a k\u00f6telez\u0151 helyi \u00fati c\u00e9lok k\u00f6zt, a villa \u00e9s hatalmas udvar\u00e1nak bej\u00e1r\u00e1sa rengeteg id\u0151t vesz ig\u00e9nybe. Azoknak teh\u00e1t, akik csak egy-k\u00e9t \u00f3r\u00e1t tudnak a v\u00e1rosban t\u00f6lteni, tal\u00e1n \u00e9rdemesebb lehet m\u00e1s l\u00e1tnival\u00f3kn\u00e1l kezdeni.<\/p>\n<figure id=\"attachment_68229\" aria-describedby=\"caption-attachment-68229\" style=\"width: 755px\" class=\"wp-caption alignnone\"><a href=\"https:\/\/www.startlap.hu\/utazas\/uploads\/sites\/3\/2024\/01\/Bad-Ischl-1-1.jpg\"><img loading=\"lazy\" decoding=\"async\" class=\"size-article-size-large-image wp-image-68229\" src=\"https:\/\/www.startlap.hu\/utazas\/uploads\/sites\/3\/2024\/01\/Bad-Ischl-1-1-755x499.jpg\" alt=\"A Traun foly\u00f3 s\u00e9t\u00e1nya \u00e9s ott \u00e1ll\u00f3 \u00e9p\u00fcletek Bad Ischlben.\" width=\"755\" height=\"499\" srcset=\"https:\/\/www.startlap.hu\/utazas\/uploads\/sites\/3\/2024\/01\/Bad-Ischl-1-1-755x499.jpg 755w, https:\/\/www.startlap.hu\/utazas\/uploads\/sites\/3\/2024\/01\/Bad-Ischl-1-1-250x165.jpg 250w, https:\/\/www.startlap.hu\/utazas\/uploads\/sites\/3\/2024\/01\/Bad-Ischl-1-1-530x350.jpg 530w, https:\/\/www.startlap.hu\/utazas\/uploads\/sites\/3\/2024\/01\/Bad-Ischl-1-1.jpg 1250w\" sizes=\"auto, (max-width: 755px) 100vw, 755px\" \/><\/a><figcaption id=\"caption-attachment-68229\" class=\"wp-caption-text\">A Traun foly\u00f3 s\u00e9t\u00e1nya Bad Ischlben (Fot\u00f3: Barbara Gindl\/ AFP)<\/figcaption><\/figure>\n<p>Bad Ischl k\u00f6zismert az \u00e9p\u00edt\u00e9szet\u00e9r\u0151l, a legszebb pontjai k\u00f6zt szerepel a posta, a Trinkhalle, a Leharvilla illetve a sz\u00ednh\u00e1z. Ezek az \u00e9p\u00fcletek nemcsak gy\u00f6ny\u00f6r\u0171ek, de a helysz\u00edn gazdag t\u00f6rt\u00e9nelm\u00e9r\u0151l is tan\u00faskodnak.<\/p>\n<p>A helyi postahivatal egy kedves 19. sz\u00e1zadi \u00e9p\u00fclet a v\u00e1ros sz\u00edv\u00e9ben. A remekm\u0171 egy\u00e9bk\u00e9nt a l\u00e1togat\u00f3k egyik kedvenc fot\u00f3z\u00e1si helysz\u00edne.<\/p>\n<blockquote class=\"article__extraTxt\"><p>A Trinkhalle egy 1829-ben \u00e9p\u00fclt eleg\u00e1ns objektum, \u00e9s kor\u00e1bban gy\u00f3gyf\u00fcrd\u0151k\u00f6zpontk\u00e9nt szolg\u00e1lt.<\/p><\/blockquote>\n<p>A Leharvilla egykor a h\u00edres zeneszerz\u0151, Franz Lehar otthona volt. A villa ma m\u00fazeumk\u00e9nt m\u0171k\u00f6dik, de amennyiben valaki id\u0151hi\u00e1ny miatt nem tud bet\u00e9rni az \u00e9p\u00fcletbe, tekintse meg a foly\u00f3 t\u00faloldal\u00e1r\u00f3l. Innen szint\u00e9n remek k\u00e9peket lehet k\u00e9sz\u00edteni.<\/p>\n<figure id=\"attachment_68230\" aria-describedby=\"caption-attachment-68230\" style=\"width: 755px\" class=\"wp-caption alignnone\"><a href=\"https:\/\/www.startlap.hu\/utazas\/uploads\/sites\/3\/2024\/01\/Bad-Ischl-1-2.jpg\"><img loading=\"lazy\" decoding=\"async\" class=\"wp-image-68230 size-article-size-large-image\" src=\"https:\/\/www.startlap.hu\/utazas\/uploads\/sites\/3\/2024\/01\/Bad-Ischl-1-2-755x518.jpg\" alt=\" A Bad Ischl-i s\u00e9t\u00e1l\u00f3\u00f6vezet l\u00e1tk\u00e9pe\" width=\"755\" height=\"518\" srcset=\"https:\/\/www.startlap.hu\/utazas\/uploads\/sites\/3\/2024\/01\/Bad-Ischl-1-2-755x518.jpg 755w, https:\/\/www.startlap.hu\/utazas\/uploads\/sites\/3\/2024\/01\/Bad-Ischl-1-2-511x350.jpg 511w, https:\/\/www.startlap.hu\/utazas\/uploads\/sites\/3\/2024\/01\/Bad-Ischl-1-2.jpg 1250w\" sizes=\"auto, (max-width: 755px) 100vw, 755px\" \/><\/a><figcaption id=\"caption-attachment-68230\" class=\"wp-caption-text\">A Bad Ischl-i s\u00e9t\u00e1l\u00f3\u00f6vezet (Fot\u00f3: Barbara Gindl \/ AFP)<\/figcaption><\/figure>\n<p>A v\u00e1rosn\u00e9z\u00e9s sor\u00e1n \u00e9rdemes id\u0151t sz\u00e1nni tov\u00e1bb\u00e1 a Szent Mikl\u00f3s pl\u00e9b\u00e1niatemplomra, a Leh\u00e1r mozira, a Nepomuki szoborra, a Bad Ischl V\u00e1rosi M\u00fazeumra \u00e9s a hangulatos Sophiens Esplanade s\u00e9t\u00e1nyra.<\/p>\n<h2>Ha van id\u0151d, n\u00e9zd meg Kaiservill\u00e1t<\/h2>\n<p>Ugyanakkor, ha t\u00f6bb id\u0151t szeretn\u00e9l elt\u00f6lteni a v\u00e1rosban, a <a href=\"https:\/\/www.kaiservilla.at\/index.php\/en\/\" target=\"_blank\" target=\"_blank\" rel=\"noopener noreferrer\">Kaiservill\u00e1t<\/a> se hagyd le a l\u00e1tnival\u00f3k list\u00e1j\u00e1r\u00f3l. Az \u00e9p\u00fcletet \u00e9s ter\u00fclet\u00e9t \u00e1ll\u00edt\u00f3lag <strong>\u201ef\u00f6ldi mennyorsz\u00e1gk\u00e9nt\u201d emlegette Ferenc J\u00f3zsef<\/strong>, \u00e9s b\u00e1r a monarchia felboml\u00e1sa \u00f3ta m\u00e1r eltelt t\u00f6bb mint 100 \u00e9v, a villa \u00e9s kiterjedt kertjei ma is leny\u0171g\u00f6z\u0151 p\u00e9ld\u00e1i a korszak pomp\u00e1j\u00e1nak.<\/p>\n<figure id=\"attachment_68228\" aria-describedby=\"caption-attachment-68228\" style=\"width: 755px\" class=\"wp-caption alignnone\"><a href=\"https:\/\/www.startlap.hu\/utazas\/uploads\/sites\/3\/2024\/01\/Bad-Ischl-.jpg\"><img loading=\"lazy\" decoding=\"async\" class=\"size-article-size-large-image wp-image-68228\" src=\"https:\/\/www.startlap.hu\/utazas\/uploads\/sites\/3\/2024\/01\/Bad-Ischl--755x503.jpg\" alt=\"A s\u00e1rga Kaiservilla Bad Ischl v\u00e1ros\u00e1ban.\" width=\"755\" height=\"503\" srcset=\"https:\/\/www.startlap.hu\/utazas\/uploads\/sites\/3\/2024\/01\/Bad-Ischl--755x503.jpg 755w, https:\/\/www.startlap.hu\/utazas\/uploads\/sites\/3\/2024\/01\/Bad-Ischl--525x350.jpg 525w, https:\/\/www.startlap.hu\/utazas\/uploads\/sites\/3\/2024\/01\/Bad-Ischl-.jpg 1250w\" sizes=\"auto, (max-width: 755px) 100vw, 755px\" \/><\/a><figcaption id=\"caption-attachment-68228\" class=\"wp-caption-text\">A s\u00e1rga Kaiservilla Bad Ischl v\u00e1ros\u00e1ban (Fot\u00f3: Tibor Bognar \/ AFP)<\/figcaption><\/figure>\n<p>A cs\u00e1sz\u00e1ri villa bels\u0151 terei meg\u0151rizt\u00e9k eredeti \u00e1llapotukat, a bajor \u00e9s osztr\u00e1k t\u00e1jk\u00e9pek, vad\u00e1szjelenetek \u00e9s Wittelsbach Erzs\u00e9bet fot\u00f3i mellett azt az \u00edr\u00f3asztalt is meg lehet tekinteni, amelyen Ferenc J\u00f3zsef al\u00e1\u00edrta a t\u00f6rt\u00e9nelem egyik legh\u00edresebb had\u00fczenet\u00e9t 1914-ben.<\/p>\n<p>Fontos, hogy <strong>a villa belseje csak vezetett t\u00fara keret\u00e9ben tekinthet\u0151 meg<\/strong>, \u00edgy l\u00e1togat\u00e1s el\u0151tt mindenk\u00e9pp t\u00e1j\u00e9koz\u00f3dj az \u00e9p\u00fclet weboldal\u00e1n a t\u00far\u00e1k el\u00e9rhet\u0151s\u00e9g\u00e9r\u0151l \u00e9s a nyitvatart\u00e1si id\u0151kr\u0151l.<\/p>\n<blockquote class=\"article__extraTxt\"><p>A t\u00fara sor\u00e1n tilos f\u00e9nyk\u00e9pezni, ugyanakkor a l\u00e1togat\u00f3k szabadon felfedezhetik a parkot, amely fest\u0151i s\u00e9ta\u00fatvonalakat \u00e9s kil\u00e1t\u00e1st k\u00edn\u00e1l.<\/p><\/blockquote>\n<h2>Kir\u00e1ndulj egy j\u00f3t a k\u00f6rny\u00e9ken<\/h2>\n<p>Azoknak, akik val\u00f3ban t\u00f6bb id\u0151t t\u00f6lten\u00e9nek Bad Ischlben, k\u00e1r kihagyniuk a felvon\u00f3s utaz\u00e1st<strong> a Katrin-dr\u00f3tk\u00f6t\u00e9lp\u00e1ly\u00e1n<\/strong>. A felvon\u00f3z\u00e1s mind\u00f6ssze 15 percig tart, a v\u00e9g\u00e1llom\u00e1son pedig l\u00e9legzetel\u00e1ll\u00edt\u00f3 panor\u00e1ma v\u00e1r mindenkit t\u00f6bb t\u00f3ra \u00e9s a k\u00f6rnyez\u0151 hegyvonulatra.<\/p>\n<blockquote class=\"instagram-media\" style=\"background: #FFF; border: 0; border-radius: 3px; margin: 1px; max-width: 540px; min-width: 326px; padding: 0;\" data-instgrm-captioned=\"\" data-instgrm-permalink=\"https:\/\/www.instagram.com\/p\/CCrD0_mIt3b\/?utm_source=ig_embed&amp;utm_campaign=loading\" data-instgrm-version=\"14\">\n<div style=\"padding: 16px;\">\n<p>&nbsp;<\/p>\n<div style=\"flex-direction: row; align-items: center;\">\n<div style=\"background-color: #f4f4f4; border-radius: 50%; flex-grow: 0; height: 40px; margin-right: 14px; width: 40px;\">&nbsp;<\/div>\n<div style=\"flex-direction: column; flex-grow: 1; justify-content: center;\">\n<div style=\"background-color: #f4f4f4; border-radius: 4px; flex-grow: 0; height: 14px; margin-bottom: 6px; width: 100px;\">&nbsp;<\/div>\n<div style=\"background-color: #f4f4f4; border-radius: 4px; flex-grow: 0; height: 14px; width: 60px;\">&nbsp;<\/div>\n<\/div>\n<\/div>\n<div style=\"padding: 19% 0;\">&nbsp;<\/div>\n<div style=\"height: 50px; margin: 0 auto 12px; width: 50px;\">&nbsp;<\/div>\n<div style=\"padding-top: 8px;\">\n<div style=\"color: #3897f0; font-family: Arial,sans-serif; font-size: 14px; font-style: normal; font-weight: 550; line-height: 18px;\">A bejegyz\u00e9s megtekint\u00e9se az Instagramon<\/div>\n<\/div>\n<div style=\"padding: 12.5% 0;\">&nbsp;<\/div>\n<div style=\"flex-direction: row; margin-bottom: 14px; align-items: center;\">\n<div>\n<div style=\"background-color: #f4f4f4; border-radius: 50%; height: 12.5px; width: 12.5px;\">&nbsp;<\/div>\n<div style=\"background-color: #f4f4f4; height: 12.5px; width: 12.5px; flex-grow: 0; margin-right: 14px; margin-left: 2px;\">&nbsp;<\/div>\n<div style=\"background-color: #f4f4f4; border-radius: 50%; height: 12.5px; width: 12.5px;\">&nbsp;<\/div>\n<\/div>\n<div style=\"margin-left: 8px;\">\n<div style=\"background-color: #f4f4f4; border-radius: 50%; flex-grow: 0; height: 20px; width: 20px;\">&nbsp;<\/div>\n<div style=\"width: 0; height: 0; border-top: 2px solid transparent; border-left: 6px solid #f4f4f4; border-bottom: 2px solid transparent;\">&nbsp;<\/div>\n<\/div>\n<div style=\"margin-left: auto;\">\n<div style=\"width: 0px; border-top: 8px solid #F4F4F4; border-right: 8px solid transparent;\">&nbsp;<\/div>\n<div style=\"background-color: #f4f4f4; flex-grow: 0; height: 12px; width: 16px;\">&nbsp;<\/div>\n<div style=\"width: 0; height: 0; border-top: 8px solid #F4F4F4; border-left: 8px solid transparent;\">&nbsp;<\/div>\n<\/div>\n<\/div>\n<div style=\"flex-direction: column; flex-grow: 1; justify-content: center; margin-bottom: 24px;\">\n<div style=\"background-color: #f4f4f4; border-radius: 4px; flex-grow: 0; height: 14px; margin-bottom: 6px; width: 224px;\">&nbsp;<\/div>\n<div style=\"background-color: #f4f4f4; border-radius: 4px; flex-grow: 0; height: 14px; width: 144px;\">&nbsp;<\/div>\n<\/div>\n<p>&nbsp;<\/p>\n<p style=\"color: #c9c8cd; font-family: Arial,sans-serif; font-size: 14px; line-height: 17px; margin-bottom: 0; margin-top: 8px; overflow: hidden; padding: 8px 0 7px; text-align: center;\"><a style=\"color: #c9c8cd; font-family: Arial,sans-serif; font-size: 14px; font-style: normal; font-weight: normal; line-height: 17px; text-decoration: none;\" href=\"https:\/\/www.instagram.com\/p\/CCrD0_mIt3b\/?utm_source=ig_embed&amp;utm_campaign=loading\" target=\"_blank\" target=\"_blank\" rel=\"noopener noreferrer\">Ellen (@e.lena.n) \u00e1ltal megosztott bejegyz\u00e9s<\/a><\/p>\n<\/div>\n<\/blockquote>\n<p><script async=\"\" src=\"\/\/www.instagram.com\/embed.js\"><\/script>&nbsp;<\/p>\n<p>A felvon\u00f3 v\u00f6lgy\u00e1llom\u00e1s\u00e1t a v\u00e1rosk\u00f6zpontb\u00f3l 20-30 perces s\u00e9t\u00e1val \u00e9rheted el a legegyszer\u0171bben. A v\u00e9g\u00e1llom\u00e1s egy\u00e9bk\u00e9nt 1400 m\u00e9ter magasan van, a cs\u00facson egy hagyom\u00e1nyos \u00e9s szezon\u00e1lis \u00e9teleket k\u00edn\u00e1l\u00f3 \u00e9tterem \u00e9s <strong>sz\u00e1mos <a href=\"https:\/\/www.katrinseilbahn.com\/sommer\/wandern-katrin-alm\" target=\"_blank\" target=\"_blank\" rel=\"noopener noreferrer\">t\u00fara\u00fatvonal<\/a> l\u00e9tezik<\/strong>.<\/p>\n<p>A Katrin cs\u00facskereszthez p\u00e9ld\u00e1ul a k\u00e9kkel jel\u00f6lt \u00f6sv\u00e9nyen kell haladni. Mint \u00edrj\u00e1k, a hegyi \u00e1llom\u00e1st\u00f3l az \u00f6sv\u00e9ny felfel\u00e9 kanyarog (895-s sz\u00e1m\u00fa \u00f6sv\u00e9ny, kb. 40 perc) a Katrin-cs\u00facsra, ahol a t\u00f6rt\u00e9nelmi kereszt \u00e1ll. Innen 15 perces s\u00e9ta vezet fel az Elferkogelre, majd vissza (898. sz. t\u00fara\u00fatvonal, kb. 40 perc) a Katrin-felvon\u00f3 hegyi \u00e1llom\u00e1s\u00e1ra.<\/p>\n<blockquote class=\"instagram-media\" style=\"background: #FFF; border: 0; border-radius: 3px; margin: 1px; max-width: 540px; min-width: 326px; padding: 0;\" data-instgrm-captioned=\"\" data-instgrm-permalink=\"https:\/\/www.instagram.com\/p\/CB83inwIw75\/?utm_source=ig_embed&amp;utm_campaign=loading\" data-instgrm-version=\"14\">\n<div style=\"padding: 16px;\">\n<p>&nbsp;<\/p>\n<div style=\"flex-direction: row; align-items: center;\">\n<div style=\"background-color: #f4f4f4; border-radius: 50%; flex-grow: 0; height: 40px; margin-right: 14px; width: 40px;\">&nbsp;<\/div>\n<div style=\"flex-direction: column; flex-grow: 1; justify-content: center;\">\n<div style=\"background-color: #f4f4f4; border-radius: 4px; flex-grow: 0; height: 14px; margin-bottom: 6px; width: 100px;\">&nbsp;<\/div>\n<div style=\"background-color: #f4f4f4; border-radius: 4px; flex-grow: 0; height: 14px; width: 60px;\">&nbsp;<\/div>\n<\/div>\n<\/div>\n<div style=\"padding: 19% 0;\">&nbsp;<\/div>\n<div style=\"height: 50px; margin: 0 auto 12px; width: 50px;\">&nbsp;<\/div>\n<div style=\"padding-top: 8px;\">\n<div style=\"color: #3897f0; font-family: Arial,sans-serif; font-size: 14px; font-style: normal; font-weight: 550; line-height: 18px;\">A bejegyz\u00e9s megtekint\u00e9se az Instagramon<\/div>\n<\/div>\n<div style=\"padding: 12.5% 0;\">&nbsp;<\/div>\n<div style=\"flex-direction: row; margin-bottom: 14px; align-items: center;\">\n<div>\n<div style=\"background-color: #f4f4f4; border-radius: 50%; height: 12.5px; width: 12.5px;\">&nbsp;<\/div>\n<div style=\"background-color: #f4f4f4; height: 12.5px; width: 12.5px; flex-grow: 0; margin-right: 14px; margin-left: 2px;\">&nbsp;<\/div>\n<div style=\"background-color: #f4f4f4; border-radius: 50%; height: 12.5px; width: 12.5px;\">&nbsp;<\/div>\n<\/div>\n<div style=\"margin-left: 8px;\">\n<div style=\"background-color: #f4f4f4; border-radius: 50%; flex-grow: 0; height: 20px; width: 20px;\">&nbsp;<\/div>\n<div style=\"width: 0; height: 0; border-top: 2px solid transparent; border-left: 6px solid #f4f4f4; border-bottom: 2px solid transparent;\">&nbsp;<\/div>\n<\/div>\n<div style=\"margin-left: auto;\">\n<div style=\"width: 0px; border-top: 8px solid #F4F4F4; border-right: 8px solid transparent;\">&nbsp;<\/div>\n<div style=\"background-color: #f4f4f4; flex-grow: 0; height: 12px; width: 16px;\">&nbsp;<\/div>\n<div style=\"width: 0; height: 0; border-top: 8px solid #F4F4F4; border-left: 8px solid transparent;\">&nbsp;<\/div>\n<\/div>\n<\/div>\n<div style=\"flex-direction: column; flex-grow: 1; justify-content: center; margin-bottom: 24px;\">\n<div style=\"background-color: #f4f4f4; border-radius: 4px; flex-grow: 0; height: 14px; margin-bottom: 6px; width: 224px;\">&nbsp;<\/div>\n<div style=\"background-color: #f4f4f4; border-radius: 4px; flex-grow: 0; height: 14px; width: 144px;\">&nbsp;<\/div>\n<\/div>\n<p>&nbsp;<\/p>\n<p style=\"color: #c9c8cd; font-family: Arial,sans-serif; font-size: 14px; line-height: 17px; margin-bottom: 0; margin-top: 8px; overflow: hidden; padding: 8px 0 7px; text-align: center;\"><a style=\"color: #c9c8cd; font-family: Arial,sans-serif; font-size: 14px; font-style: normal; font-weight: normal; line-height: 17px; text-decoration: none;\" href=\"https:\/\/www.instagram.com\/p\/CB83inwIw75\/?utm_source=ig_embed&amp;utm_campaign=loading\" target=\"_blank\" target=\"_blank\" rel=\"noopener noreferrer\">Toni (@bergundball) \u00e1ltal megosztott bejegyz\u00e9s<\/a><\/p>\n<\/div>\n<\/blockquote>\n<p><script async=\"\" src=\"\/\/www.instagram.com\/embed.js\"><\/script>&nbsp;<\/p>\n<p>Lehet\u0151s\u00e9g van egy egy\u00f3r\u00e1s k\u00f6rt\u00far\u00e1ra is, ez a z\u00f6lddel jel\u00f6lt \u00fatvonal szint\u00e9n a hegyi \u00e1llom\u00e1st\u00f3l indul, \u00e9s a Katrin Almh\u00fctt\u00e9hez vezet le, majd egy f\u00e9l\u00f3r\u00e1s k\u00e9nyelmes s\u00e9t\u00e1val el lehet jutni a Trauntalblick kil\u00e1t\u00f3hoz. Innen leny\u0171g\u00f6z\u0151 panor\u00e1ma ny\u00edlik a Goiserer illetve az Ischl v\u00f6lgy\u00e9re \u00e9s a Dachsteinre. A kiindul\u00f3pontra ugyanezen az \u00f6sv\u00e9nyen vagy Rosenk\u00f6gerl \u00e9s Feuerk\u00f6gerl \u00e9rintetlen, vadreg\u00e9nyes vonal\u00e1n juthatsz el.<\/p>\n<h2>Rossz id\u0151 eset\u00e9n: ir\u00e1ny a f\u00fcrd\u0151!<\/h2>\n<p>Ha az id\u0151j\u00e1r\u00e1s nem \u00fagy alakul, ahogy szeretn\u00e9d, a v\u00e1rosi s\u00e9ta helyett, ir\u00e1ny az <a href=\"https:\/\/www.eurothermen.at\/bad-ischl\/\" target=\"_blank\" target=\"_blank\" rel=\"noopener noreferrer\">Eurotherme Bad Ischl<\/a>. A f\u00fcrd\u0151 k\u00f6zvetlen\u00fcl a vas\u00fat\u00e1llom\u00e1s k\u00f6zel\u00e9ben tal\u00e1lhat\u00f3. Az int\u00e9zm\u00e9ny egy\u00e9bk\u00e9nt \u00e9jf\u00e9lig nyitva tart, \u00edgy ha egy hossz\u00fa v\u00e1rosi s\u00e9ta vagy t\u00far\u00e1z\u00e1s ut\u00e1n felfriss\u00fcl\u00e9sre v\u00e1gsz, b\u0151ven lesz lehet\u0151s\u00e9ged a felt\u00f6lt\u0151d\u00e9sre.<\/p>\n<blockquote class=\"article__extraTxt\"><p>A f\u00fcrd\u0151ben a napijegy mellett 4 \u00f3r\u00e1s jegyek is vannak.<\/p><\/blockquote>\n<p>Egy eg\u00e9sz napos l\u00e1togat\u00e1s eset\u00e9n k\u00f6r\u00fclbel\u00fcl 25 eur\u00f3\u00e9rt haszn\u00e1lhat\u00f3 p\u00e9ld\u00e1ul a meleg s\u00f3s vizes medence, a pezsg\u0151f\u00fcrd\u0151k, a szabadt\u00e9ri pihen\u0151szob\u00e1k \u00e9s a szauna is.<\/p>\n<h2>\u00c9des\u00edtsd meg a kiruccan\u00e1st<\/h2>\n<p>A v\u00e1rosn\u00e9z\u00e9s mellett a gasztron\u00f3mi\u00e1ra is meg\u00e9ri id\u0151t szentelni Bad Ischlben, hiszen itt tal\u00e1lhat\u00f3 a h\u00edres Zauner k\u00e1v\u00e9z\u00f3 \u00e9s cukr\u00e1szda (Caf\u00e9-Konditorei Zauner). Ez egy hagyom\u00e1nyos osztr\u00e1k k\u00e1v\u00e9h\u00e1z, ahol a friss\u00edt\u0151 ital mellett k\u00e9rj ki egy szelet Zaunerstollent is. A nug\u00e1tb\u00f3l, csokol\u00e1d\u00e9b\u00f3l \u00e9s mogyor\u00f3b\u00f3l k\u00e9sz\u00fclt \u00e9dess\u00e9g a <strong>19. sz\u00e1zadi el\u0151kel\u0151 osztr\u00e1k t\u00e1rsas\u00e1gok egyik igazi kedvence<\/strong> volt.<\/p>\n<figure id=\"attachment_68227\" aria-describedby=\"caption-attachment-68227\" style=\"width: 755px\" class=\"wp-caption alignnone\"><a href=\"https:\/\/www.startlap.hu\/utazas\/uploads\/sites\/3\/2024\/01\/Bad-Ischl.jpg\"><img loading=\"lazy\" decoding=\"async\" class=\"size-article-size-large-image wp-image-68227\" src=\"https:\/\/www.startlap.hu\/utazas\/uploads\/sites\/3\/2024\/01\/Bad-Ischl-755x490.jpg\" alt=\"\" width=\"755\" height=\"490\" srcset=\"https:\/\/www.startlap.hu\/utazas\/uploads\/sites\/3\/2024\/01\/Bad-Ischl-755x490.jpg 755w, https:\/\/www.startlap.hu\/utazas\/uploads\/sites\/3\/2024\/01\/Bad-Ischl-539x350.jpg 539w, https:\/\/www.startlap.hu\/utazas\/uploads\/sites\/3\/2024\/01\/Bad-Ischl.jpg 1250w\" sizes=\"auto, (max-width: 755px) 100vw, 755px\" \/><\/a><figcaption id=\"caption-attachment-68227\" class=\"wp-caption-text\">A Zauner k\u00e1v\u00e9z\u00f3 bej\u00e1rata Bad Ischl v\u00e1ros\u00e1ban (Fot\u00f3: Barbara Gindl \/ AFP)<\/figcaption><\/figure>\n<p>A Konditorei Zauner a v\u00e1roshoz hasonl\u00f3an visszaadja Habsburg-monarchia b\u00e1j\u00e1t, hiszen azon kev\u00e9s helyek egyike volt, ahol a cs\u00e1sz\u00e1ri udvar tagjai \u00e9dess\u00e9get v\u00e1s\u00e1roltak. A k\u00e1v\u00e9z\u00f3t egy\u00e9bk\u00e9nt dr\u00e1ga cukr\u00e1szdak\u00e9nt tartj\u00e1k sz\u00e1mon. K\u00e9t mini Zaunerstollen k\u00f6r\u00fclbel\u00fcl 6-7 eur\u00f3ba ker\u00fcl az \u00fczletben.<\/p>\n<blockquote class=\"instagram-media\" style=\"background: #FFF; border: 0; border-radius: 3px; margin: 1px; max-width: 540px; min-width: 326px; padding: 0;\" data-instgrm-captioned=\"\" data-instgrm-permalink=\"https:\/\/www.instagram.com\/p\/CGh86aUAkAQ\/?utm_source=ig_embed&amp;utm_campaign=loading\" data-instgrm-version=\"14\">\n<div style=\"padding: 16px;\">\n<p>&nbsp;<\/p>\n<div style=\"flex-direction: row; align-items: center;\">\n<div style=\"background-color: #f4f4f4; border-radius: 50%; flex-grow: 0; height: 40px; margin-right: 14px; width: 40px;\">&nbsp;<\/div>\n<div style=\"flex-direction: column; flex-grow: 1; justify-content: center;\">\n<div style=\"background-color: #f4f4f4; border-radius: 4px; flex-grow: 0; height: 14px; margin-bottom: 6px; width: 100px;\">&nbsp;<\/div>\n<div style=\"background-color: #f4f4f4; border-radius: 4px; flex-grow: 0; height: 14px; width: 60px;\">&nbsp;<\/div>\n<\/div>\n<\/div>\n<div style=\"padding: 19% 0;\">&nbsp;<\/div>\n<div style=\"height: 50px; margin: 0 auto 12px; width: 50px;\">&nbsp;<\/div>\n<div style=\"padding-top: 8px;\">\n<div style=\"color: #3897f0; font-family: Arial,sans-serif; font-size: 14px; font-style: normal; font-weight: 550; line-height: 18px;\">A bejegyz\u00e9s megtekint\u00e9se az Instagramon<\/div>\n<\/div>\n<div style=\"padding: 12.5% 0;\">&nbsp;<\/div>\n<div style=\"flex-direction: row; margin-bottom: 14px; align-items: center;\">\n<div>\n<div style=\"background-color: #f4f4f4; border-radius: 50%; height: 12.5px; width: 12.5px;\">&nbsp;<\/div>\n<div style=\"background-color: #f4f4f4; height: 12.5px; width: 12.5px; flex-grow: 0; margin-right: 14px; margin-left: 2px;\">&nbsp;<\/div>\n<div style=\"background-color: #f4f4f4; border-radius: 50%; height: 12.5px; width: 12.5px;\">&nbsp;<\/div>\n<\/div>\n<div style=\"margin-left: 8px;\">\n<div style=\"background-color: #f4f4f4; border-radius: 50%; flex-grow: 0; height: 20px; width: 20px;\">&nbsp;<\/div>\n<div style=\"width: 0; height: 0; border-top: 2px solid transparent; border-left: 6px solid #f4f4f4; border-bottom: 2px solid transparent;\">&nbsp;<\/div>\n<\/div>\n<div style=\"margin-left: auto;\">\n<div style=\"width: 0px; border-top: 8px solid #F4F4F4; border-right: 8px solid transparent;\">&nbsp;<\/div>\n<div style=\"background-color: #f4f4f4; flex-grow: 0; height: 12px; width: 16px;\">&nbsp;<\/div>\n<div style=\"width: 0; height: 0; border-top: 8px solid #F4F4F4; border-left: 8px solid transparent;\">&nbsp;<\/div>\n<\/div>\n<\/div>\n<div style=\"flex-direction: column; flex-grow: 1; justify-content: center; margin-bottom: 24px;\">\n<div style=\"background-color: #f4f4f4; border-radius: 4px; flex-grow: 0; height: 14px; margin-bottom: 6px; width: 224px;\">&nbsp;<\/div>\n<div style=\"background-color: #f4f4f4; border-radius: 4px; flex-grow: 0; height: 14px; width: 144px;\">&nbsp;<\/div>\n<\/div>\n<p>&nbsp;<\/p>\n<p style=\"color: #c9c8cd; font-family: Arial,sans-serif; font-size: 14px; line-height: 17px; margin-bottom: 0; margin-top: 8px; overflow: hidden; padding: 8px 0 7px; text-align: center;\"><a style=\"color: #c9c8cd; font-family: Arial,sans-serif; font-size: 14px; font-style: normal; font-weight: normal; line-height: 17px; text-decoration: none;\" href=\"https:\/\/www.instagram.com\/p\/CGh86aUAkAQ\/?utm_source=ig_embed&amp;utm_campaign=loading\" target=\"_blank\" target=\"_blank\" rel=\"noopener noreferrer\">Susannella (@susannella_insta) \u00e1ltal megosztott bejegyz\u00e9s<\/a><\/p>\n<\/div>\n<\/blockquote>\n<p><script async=\"\" src=\"\/\/www.instagram.com\/embed.js\"><\/script>&nbsp;<\/p>\n<p>&nbsp;<\/p>\n<blockquote class=\"article__extraTxt\"><p>A Zauner mellet ismert vend\u00e9gl\u00e1t\u00f3helynek sz\u00e1m\u00edt a Caf\u00e9 Ramsauer Bad Ischl illetve a Caf\u00e9 Sissy is.<\/p><\/blockquote>\n<p>A nosztalgikus hangulat\u00fa Caf\u00e9 Ramsauer Bad Ischl legr\u00e9gebbi k\u00e1v\u00e9h\u00e1za, amely reggelt\u0151l k\u00e9s\u0151 d\u00e9lut\u00e1nig reggelit, eb\u00e9det, k\u00e1v\u00e9k\u00fcl\u00f6nlegess\u00e9geket \u00e9s \u00e9des finoms\u00e1gokat k\u00edn\u00e1l. A Hotel Elisabeth s\u00e1rga \u00e9p\u00fclete pedig Felix Tallachini olasz v\u00e1llalkoz\u00f3 nev\u00e9hez kapcsol\u00f3dik, \u00e9s kor\u00e1bban Hotel Tallachini n\u00e9ven volt ismert. Az \u00e9p\u00fcletet ma Hotel Elisabeth n\u00e9ven fut, a f\u00f6ldszinten tal\u00e1lhat\u00f3 Caf\u00e9 Sissyben pedig szint\u00e9n igazi 19. sz\u00e1zadi hangulat uralkodik.<\/p>\n<h2>Mennyibe ker\u00fcl az utaz\u00e1s?<\/h2>\n<p>Amennyiben \u00fagy <strong>3 h\u00f3nappal el\u0151bb el tudod int\u00e9zni a sz\u00e1ll\u00e1sfoglal\u00e1st<\/strong>, Bad Ischlben lak\u00e1st 45 ezer forint\/ \u00e9jszaka k\u00f6z\u00f6tt, m\u00edg szob\u00e1t 20 ezer forint\/ \u00e9jszaka k\u00f6r\u00fcl tudsz b\u00e9relni k\u00e9t f\u0151 sz\u00e1m\u00e1ra.<\/p>\n<p>Ami az <strong>odautaz\u00e1st<\/strong> illeti, a legegyszer\u0171bben aut\u00f3val juthatsz el Bad Ischl v\u00e1ros\u00e1ig. A magyar f\u0151v\u00e1ros illetve az osztr\u00e1k v\u00e1ros k\u00f6z\u00f6tt kicsit t\u00f6bb mint 500 kilom\u00e9ter a t\u00e1vols\u00e1g, teh\u00e1t aut\u00f3val durv\u00e1n 5 \u00f3ra alatt \u00e9rhetsz c\u00e9lba.<\/p>\n<p>A m\u00e1sik lehet\u0151s\u00e9g, ha Budapestr\u0151l Linzig v\u00e1s\u00e1rolsz buszjegyet (az \u00fat 5 \u00f3ra 10-35 percet vesz ig\u00e9nybe, a jegy \u00e1ra pedig 10 ezer forint k\u00f6r\u00fcl van), majd Linzt\u0151l vonattal m\u00e9sz el Bad Ischl v\u00e1ros\u00e1ig. Ebben az esetben a vonatoz\u00e1s (a leggyorsabb j\u00e1rattal) m\u00e9g k\u00f6r\u00fclbel\u00fcl m\u00e1sf\u00e9l \u00f3r\u00e1t vesz ig\u00e9nybe, a jegy pedig 44 eur\u00f3ba ker\u00fcl az oda\u00fatra.<\/p>\n<h2>Ekkor \u00e9lvezheted ki igaz\u00e1n Bad Ischl adotts\u00e1gait<\/h2>\n<p>Bad Ischl \u00e9ghajlata hideg \u00e9s m\u00e9rs\u00e9kelt a <a href=\"https:\/\/de.climate-data.org\/europa\/oesterreich\/oberoesterreich\/bad-ischl-23005\/?utm_content=cmp-true\" target=\"_blank\" target=\"_blank\" rel=\"noopener noreferrer\">de.climate-data.org<\/a> szerint. A v\u00e1ros k\u00f6rny\u00e9k\u00e9n eg\u00e9sz \u00e9vben jelent\u0151s mennyis\u00e9g\u0171 csapad\u00e9k hullik, ez azt jelenti, hogy m\u00e9g a legsz\u00e1razabb h\u00f3napok is es\u0151sek.<\/p>\n<p>A <strong>ny\u00e1r jellemz\u0151en j\u00fanius v\u00e9g\u00e9t\u0151l szeptember v\u00e9g\u00e9ig<\/strong> tart a v\u00e1rosban. \u00c9s mint \u00edrj\u00e1k, a legkevesebb csapad\u00e9k febru\u00e1rban, m\u00edg a legt\u00f6bb es\u0151 j\u00faliusban esik Bad Iscl felett.<\/p>\n<div class=\"o-widget m-readMoreWidget -readMore u-shortDecorLineAfter row widget-container _ce_measure_widget bigdata-widget read-more\" data-ce-measure-widget=\"olvass tov\u00e1bb\">\n\t<div class=\"m-readMoreWidget__imgWrapper image-wrapper col-12 col-md-4 no-p\">\n\t\t<a class=\"m-readMoreWidget__imgLink\" href=\"https:\/\/www.startlap.hu\/utazas\/europa-leginspiralobb-turisztikai-celpontjai-koze-kerult-egy-budapesti-epulet\/\" >\n\t\t\t<img decoding=\"async\" src=\"https:\/\/www.startlap.hu\/utazas\/uploads\/sites\/3\/2024\/01\/magyar-zene-haza2-350x285.jpg\" class=\"m-readMoreWidget__img\">\n\t\t<\/a>\n\t<\/div>\n\t<div class=\"m-readMoreWidget__titleWrapper title-wrapper col-12 col-md-8\">\n\t\t<span class=\"m-readMoreWidget__titleLabel u-shortDecorLineBefore label hidden-sm-up\">Ez is \u00e9rdekelhet:<\/span>\n\t\t<h3 class=\"m-readMoreWidget__title title\">\n\t\t\t<a class=\"m-readMoreWidget__titleLink -secondFont u-bold u-upperCase\" href=\"https:\/\/www.startlap.hu\/utazas\/europa-leginspiralobb-turisztikai-celpontjai-koze-kerult-egy-budapesti-epulet\/\" >Eur\u00f3pa leginspir\u00e1l\u00f3bb turisztikai c\u00e9lpontjai k\u00f6z\u00e9 ker\u00fclt egy budapesti \u00e9p\u00fclet<\/a>\n\t\t<\/h3>\n\t\t<a class=\"m-readMoreWidget__btn -coloredBack u-tC link\" href=\"https:\/\/www.startlap.hu\/utazas\/europa-leginspiralobb-turisztikai-celpontjai-koze-kerult-egy-budapesti-epulet\/\" >Elolvasom<\/a>\n\t<\/div>\n<\/div>\n","protected":false},"excerpt":{"rendered":"<p>2024-ben h\u00e1rom gy\u00f6ny\u00f6r\u0171 v\u00e1rost is kit\u00fcntettek az Eur\u00f3pa kultur\u00e1lis f\u0151v\u00e1rosa c\u00edmmel. Cikksorozatunkban ezeket a helysz\u00edneket mutatjuk be, els\u0151k\u00e9nt az ausztriai Bad Ischl v\u00e1ros\u00e1nak legszebb l\u00e1tnival\u00f3t vessz\u00fck g\u00f3rcs\u0151 al\u00e1. Bad Ischl egy gy\u00f6ny\u00f6r\u0171 osztr\u00e1k helysz\u00edn, ahol az utaz\u00f3k t\u00far\u00e1zhatnak, f\u00fcrd\u0151zhetnek, s\u0151t, a finom \u00e9telek mellett a 19. sz\u00e1zadb\u00f3l is kapnak egy falatot.<\/p>\n","protected":false},"author":59,"featured_media":68229,"comment_status":"closed","ping_status":"closed","sticky":false,"template":"","format":"standard","meta":{"footnotes":""},"categories":[6],"tags":[307,7628],"class_list":["post-68212","post","type-post","status-publish","format-standard","has-post-thumbnail","hentry","category-tippek","tag-ausztria","tag-bad-ischl"],"aioseo_notices":[],"_links":{"self":[{"href":"https:\/\/www.startlap.hu\/utazas\/wp-json\/wp\/v2\/posts\/68212","targetHints":{"allow":["GET"]}}],"collection":[{"href":"https:\/\/www.startlap.hu\/utazas\/wp-json\/wp\/v2\/posts"}],"about":[{"href":"https:\/\/www.startlap.hu\/utazas\/wp-json\/wp\/v2\/types\/post"}],"author":[{"embeddable":true,"href":"https:\/\/www.startlap.hu\/utazas\/wp-json\/wp\/v2\/users\/59"}],"replies":[{"embeddable":true,"href":"https:\/\/www.startlap.hu\/utazas\/wp-json\/wp\/v2\/comments?post=68212"}],"version-history":[{"count":20,"href":"https:\/\/www.startlap.hu\/utazas\/wp-json\/wp\/v2\/posts\/68212\/revisions"}],"predecessor-version":[{"id":69271,"href":"https:\/\/www.startlap.hu\/utazas\/wp-json\/wp\/v2\/posts\/68212\/revisions\/69271"}],"wp:featuredmedia":[{"embeddable":true,"href":"https:\/\/www.startlap.hu\/utazas\/wp-json\/wp\/v2\/media\/68229"}],"wp:attachment":[{"href":"https:\/\/www.startlap.hu\/utazas\/wp-json\/wp\/v2\/media?parent=68212"}],"wp:term":[{"taxonomy":"category","embeddable":true,"href":"https:\/\/www.startlap.hu\/utazas\/wp-json\/wp\/v2\/categories?post=68212"},{"taxonomy":"post_tag","embeddable":true,"href":"https:\/\/www.startlap.hu\/utazas\/wp-json\/wp\/v2\/tags?post=68212"}],"curies":[{"name":"wp","href":"https:\/\/api.w.org\/{rel}","templated":true}]}}