{"id":67605,"date":"2024-01-04T22:07:19","date_gmt":"2024-01-04T21:07:19","guid":{"rendered":"https:\/\/www.startlap.hu\/utazas\/?p=67605"},"modified":"2024-01-04T22:07:19","modified_gmt":"2024-01-04T21:07:19","slug":"legitaxi-szolgaltatas-ehang","status":"publish","type":"post","link":"https:\/\/www.startlap.hu\/utazas\/legitaxi-szolgaltatas-ehang\/","title":{"rendered":"Hamarosan elindulhat az els\u0151, pil\u00f3ta n\u00e9lk\u00fcli, k\u00e9tszem\u00e9lyes l\u00e9gitaxi-szolg\u00e1ltat\u00e1s"},"content":{"rendered":"<p>Az eVTOL gy\u00e1rt\u00f3i k\u00f6z\u00f6tt piacvezet\u0151 Ehang m\u00e1r karny\u00fajt\u00e1snyira j\u00e1r a l\u00e9gitaxi-szolg\u00e1ltat\u00e1sok kereskedelmi indul\u00e1s\u00e1hoz. December 28-\u00e1n a c\u00e9g bemutatta az EH216-S t\u00edpus\u00fa j\u00e1rm\u0171veit, amelyek <strong>auton\u00f3m m\u00f3dban, pil\u00f3ta n\u00e9lk\u00fcl sz\u00e1ll\u00edtanak k\u00e9t szem\u00e9lyt<\/strong>. Kantonban \u00e9s Hofejben m\u00e1r korm\u00e1nyzati vezet\u0151k \u00e9s lakosok is kipr\u00f3b\u00e1lhatt\u00e1k a g\u00e9pet a Csiulung T\u00f3parkban \u00e9s a Lokang Parkban -\u00edrja a <a href=\"https:\/\/www.hirstart.hu\/site\/relocate.php?rssid=1654&amp;rsspid=3&amp;ctype=rss&amp;id=27679497&amp;chk=9b66e7e7f002e3d53144834e55720279&amp;url=https%3A%2F%2Fraketa.hu%2Fev-vegere-a-legitaxi-szolgaltatas-inditasanak-kapujaba-ert-egy-evtol-gyarto%2F\" target=\"_blank\" target=\"_blank\" rel=\"noopener noreferrer\">raketa.hu<\/a>.<\/p>\n<figure id=\"attachment_67606\" aria-describedby=\"caption-attachment-67606\" style=\"width: 755px\" class=\"wp-caption aligncenter\"><img loading=\"lazy\" decoding=\"async\" class=\"size-article-size-large-image wp-image-67606\" src=\"https:\/\/www.startlap.hu\/utazas\/uploads\/sites\/3\/2024\/01\/ehang-755x502.jpg\" alt=\"K\u00e9tszem\u00e9lyes helikopter\" width=\"755\" height=\"502\" srcset=\"https:\/\/www.startlap.hu\/utazas\/uploads\/sites\/3\/2024\/01\/ehang-755x502.jpg 755w, https:\/\/www.startlap.hu\/utazas\/uploads\/sites\/3\/2024\/01\/ehang-250x165.jpg 250w, https:\/\/www.startlap.hu\/utazas\/uploads\/sites\/3\/2024\/01\/ehang-526x350.jpg 526w, https:\/\/www.startlap.hu\/utazas\/uploads\/sites\/3\/2024\/01\/ehang.jpg 1200w\" sizes=\"auto, (max-width: 755px) 100vw, 755px\" \/><figcaption id=\"caption-attachment-67606\" class=\"wp-caption-text\">Fot\u00f3: Ed JONES \/ AFP<\/figcaption><\/figure>\n<p>Az esem\u00e9ny viszont csak egy szimpla bemutat\u00f3 volt, m\u00e9g nem tekinthet\u0151 a szolg\u00e1ltat\u00e1s elind\u00edt\u00e1s\u00e1nak. Az utasok ingyen vehettek r\u00e9szt a r\u00f6vid bemutat\u00f3n, a l\u00e9gteret \u00e9s a parkok k\u00f6rny\u00e9k\u00e9t pedig lez\u00e1rt\u00e1k erre az id\u0151re.<\/p>\n<p>A mostani l\u00e9p\u00e9ssel viszont egy\u00e9rtelm\u0171en kijelenthet\u0151, hogy az Ehang az els\u0151 olyan eVTOL gy\u00e1rt\u00f3, amely igaz\u00e1n k\u00f6zel \u00e1ll &nbsp;ahhoz, hogy a l\u00e9gitaxi szolg\u00e1ltat\u00e1s\u00e1t elind\u00edtsa. A c\u00e9g okt\u00f3berben<strong> megkapta a t\u00edpusenged\u00e9lyt a pil\u00f3ta n\u00e9lk\u00fcli szem\u00e9lysz\u00e1ll\u00edt\u00e1shoz<\/strong> a K\u00ednai Polg\u00e1ri L\u00e9g\u00fcgyi Hivatalt\u00f3l.<\/p>\n<p>Az Ehang kereskedelmi j\u00e1ratait els\u0151sorban v\u00e1rosn\u00e9z\u0151 utakra \u00e9s r\u00f6videbb t\u00e1v\u00fa utassz\u00e1ll\u00edt\u00e1sra sz\u00e1nja, k\u00fcl\u00f6n\u00f6sen turisztikai c\u00e9lpontok k\u00f6zel\u00e9ben. Az EH216-S modellek 35 kilom\u00e9teres hat\u00f3t\u00e1vols\u00e1ggal rendelkeznek, ez\u00e9rt hosszabb t\u00e1v\u00fa <a href=\"https:\/\/www.startlap.hu\/utazas\/utazas-2024-nemet-borvidek-mosel-del-tirol-elzasz-bodeni-to\/\" target=\"_blank\" rel=\"noopener noreferrer\">utakhoz<\/a> nem ide\u00e1lisak.<\/p>\n<div class=\"o-widget m-readMoreWidget -readMore u-shortDecorLineAfter row widget-container _ce_measure_widget bigdata-widget read-more\" data-ce-measure-widget=\"olvass tov\u00e1bb\">\n\t<div class=\"m-readMoreWidget__imgWrapper image-wrapper col-12 col-md-4 no-p\">\n\t\t<a class=\"m-readMoreWidget__imgLink\" href=\"https:\/\/www.startlap.hu\/utazas\/legbiztonsagosabb-legitarsasagok-air-nem-zealand-qantas-ryanair-wizzair\/\" >\n\t\t\t<img decoding=\"async\" src=\"https:\/\/www.startlap.hu\/utazas\/uploads\/sites\/3\/2020\/08\/wizz-air1-350x285.jpg\" class=\"m-readMoreWidget__img\">\n\t\t<\/a>\n\t<\/div>\n\t<div class=\"m-readMoreWidget__titleWrapper title-wrapper col-12 col-md-8\">\n\t\t<span class=\"m-readMoreWidget__titleLabel u-shortDecorLineBefore label hidden-sm-up\">Ez is \u00e9rdekelhet:<\/span>\n\t\t<h3 class=\"m-readMoreWidget__title title\">\n\t\t\t<a class=\"m-readMoreWidget__titleLink -secondFont u-bold u-upperCase\" href=\"https:\/\/www.startlap.hu\/utazas\/legbiztonsagosabb-legitarsasagok-air-nem-zealand-qantas-ryanair-wizzair\/\" >Itt a lista a legbiztons\u00e1gosabb l\u00e9git\u00e1rsas\u00e1gokr\u00f3l &#8211; a WizzAir is k\u00f6zt\u00fck van<\/a>\n\t\t<\/h3>\n\t\t<a class=\"m-readMoreWidget__btn -coloredBack u-tC link\" href=\"https:\/\/www.startlap.hu\/utazas\/legbiztonsagosabb-legitarsasagok-air-nem-zealand-qantas-ryanair-wizzair\/\" >Elolvasom<\/a>\n\t<\/div>\n<\/div>\n","protected":false},"excerpt":{"rendered":"<p>Az Ehang m\u00e1r okt\u00f3berben megkapta a t\u00edpusenged\u00e9lyt a pil\u00f3ta n\u00e9lk\u00fcli szem\u00e9lysz\u00e1ll\u00edt\u00e1shoz a K\u00ednai Polg\u00e1ri L\u00e9g\u00fcgyi Hivatalt\u00f3l.<\/p>\n","protected":false},"author":58,"featured_media":67606,"comment_status":"closed","ping_status":"closed","sticky":false,"template":"","format":"standard","meta":{"footnotes":""},"categories":[70],"tags":[1455,39],"class_list":["post-67605","post","type-post","status-publish","format-standard","has-post-thumbnail","hentry","category-vilag","tag-legitaxi","tag-varosnezes"],"aioseo_notices":[],"_links":{"self":[{"href":"https:\/\/www.startlap.hu\/utazas\/wp-json\/wp\/v2\/posts\/67605","targetHints":{"allow":["GET"]}}],"collection":[{"href":"https:\/\/www.startlap.hu\/utazas\/wp-json\/wp\/v2\/posts"}],"about":[{"href":"https:\/\/www.startlap.hu\/utazas\/wp-json\/wp\/v2\/types\/post"}],"author":[{"embeddable":true,"href":"https:\/\/www.startlap.hu\/utazas\/wp-json\/wp\/v2\/users\/58"}],"replies":[{"embeddable":true,"href":"https:\/\/www.startlap.hu\/utazas\/wp-json\/wp\/v2\/comments?post=67605"}],"version-history":[{"count":2,"href":"https:\/\/www.startlap.hu\/utazas\/wp-json\/wp\/v2\/posts\/67605\/revisions"}],"predecessor-version":[{"id":67608,"href":"https:\/\/www.startlap.hu\/utazas\/wp-json\/wp\/v2\/posts\/67605\/revisions\/67608"}],"wp:featuredmedia":[{"embeddable":true,"href":"https:\/\/www.startlap.hu\/utazas\/wp-json\/wp\/v2\/media\/67606"}],"wp:attachment":[{"href":"https:\/\/www.startlap.hu\/utazas\/wp-json\/wp\/v2\/media?parent=67605"}],"wp:term":[{"taxonomy":"category","embeddable":true,"href":"https:\/\/www.startlap.hu\/utazas\/wp-json\/wp\/v2\/categories?post=67605"},{"taxonomy":"post_tag","embeddable":true,"href":"https:\/\/www.startlap.hu\/utazas\/wp-json\/wp\/v2\/tags?post=67605"}],"curies":[{"name":"wp","href":"https:\/\/api.w.org\/{rel}","templated":true}]}}