{"id":67039,"date":"2023-12-20T13:16:26","date_gmt":"2023-12-20T12:16:26","guid":{"rendered":"https:\/\/www.startlap.hu\/utazas\/?p=67039"},"modified":"2023-12-20T12:45:51","modified_gmt":"2023-12-20T11:45:51","slug":"utasbiztositas-adatok-orszagok-2023-osz","status":"publish","type":"post","link":"https:\/\/www.startlap.hu\/utazas\/utasbiztositas-adatok-orszagok-2023-osz\/","title":{"rendered":"Ez a tengerpart tarolt a magyar utaz\u00f3kn\u00e1l"},"content":{"rendered":"<p>Horv\u00e1torsz\u00e1gban megd\u0151lt minden id\u0151k magyar <a href=\"https:\/\/www.startlap.hu\/utazas\/horvatorszag-vendegejszaka-magyar-turista-rekord\/\" target=\"_blank\" rel=\"noopener noreferrer\">turistarekordja<\/a>. Augusztus v\u00e9g\u00e9n m\u00e1r 3,17 milli\u00f3n\u00e1l j\u00e1rt a vend\u00e9g\u00e9jszak\u00e1k sz\u00e1ml\u00e1l\u00f3ja, ami majdnem annyi volt, mint ah\u00e1ny \u00e9jszak\u00e1t a teljes 2019-es rekord\u00e9vben elt\u00f6lt\u00f6ttek a magyarok. A k\u00f6t\u00f6tt utasbiztos\u00edt\u00e1sok alapj\u00e1n viszont \u0151szre m\u00e1s orsz\u00e1g vette \u00e1t a vezet\u0151 helyet &#8211; \u00edrja az <a href=\"https:\/\/www.hirstart.hu\/site\/relocate.php?rssid=41&amp;rsspid=3&amp;ctype=rss&amp;id=27606903&amp;chk=458efd913c87256cde1118f70c7dd03e&amp;url=https%3A%2F%2Fmfor.hu%2Fcikkek%2Fturizmus%2Fhorvatorszag-magyar-turista-biztositas.html\" target=\"_blank\" target=\"_blank\" rel=\"noopener noreferrer\">Mfor<\/a>.<\/p>\n<figure id=\"attachment_55855\" aria-describedby=\"caption-attachment-55855\" style=\"width: 755px\" class=\"wp-caption aligncenter\"><img loading=\"lazy\" decoding=\"async\" class=\"size-article-size-large-image wp-image-55855\" src=\"https:\/\/www.startlap.hu\/utazas\/uploads\/sites\/3\/2023\/05\/messina-szoros-755x504.jpg\" alt=\"Olaszorsz\u00e1got \u00e9s Szic\u00edli\u00e1t \u00f6sszek\u00f6t\u0151 Messinai-szoros\" width=\"755\" height=\"504\" srcset=\"https:\/\/www.startlap.hu\/utazas\/uploads\/sites\/3\/2023\/05\/messina-szoros-755x504.jpg 755w, https:\/\/www.startlap.hu\/utazas\/uploads\/sites\/3\/2023\/05\/messina-szoros-525x350.jpg 525w, https:\/\/www.startlap.hu\/utazas\/uploads\/sites\/3\/2023\/05\/messina-szoros.jpg 1417w\" sizes=\"auto, (max-width: 755px) 100vw, 755px\" \/><figcaption id=\"caption-attachment-55855\" class=\"wp-caption-text\">Fot\u00f3: Getty Images<\/figcaption><\/figure>\n<p>M\u00edg ny\u00e1ron Horv\u00e1torsz\u00e1g, addig t\u00e9len Ausztria verhetetlen a magyar utaz\u00f3k k\u00f6r\u00e9ben. El\u0151bbi a tengerpartja miatt, ut\u00f3bbi a jobbn\u00e1l jobb s\u00edp\u00e1ly\u00e1k miatt keresett. Id\u00e9n \u0151sszel azonban<strong> Olaszorsz\u00e1g szerezte meg az els\u0151 helyet<\/strong> a Bank360.hu-n k\u00f6t\u00f6tt utasbiztos\u00edt\u00e1sok alapj\u00e1n.<\/p>\n<p>A szeptember \u00e9s november k\u00f6z\u00f6tt l\u00e9trej\u00f6tt biztos\u00edt\u00e1sok alapj\u00e1n 14 sz\u00e1zal\u00e9k volt az, aki Olaszorsz\u00e1got v\u00e1lasztotta \u00fati c\u00e9lnak \u00e9s mind\u00f6ssze 8 sz\u00e1zal\u00e9k utazott a biztos\u00edtottak k\u00f6z\u00fcl Horv\u00e1torsz\u00e1gba. A harmadik helyen 7 sz\u00e1zal\u00e9kkal G\u00f6r\u00f6gorsz\u00e1g v\u00e9gzett, amit Spanyolorsz\u00e1g \u00e9s <a href=\"https:\/\/www.startlap.hu\/utazas\/egynapos-autopalya-matrica-ar-magyarorszag-ausztria\/\" target=\"_blank\" rel=\"noopener noreferrer\">Ausztria<\/a> k\u00f6vetkezett fej-fej mellett 6-6 sz\u00e1zal\u00e9kos r\u00e9szesed\u00e9ssel.<\/p>\n<h2>\u0150sszel is n\u00e9pszer\u0171 a tengerpart<\/h2>\n<p>K\u00fcl\u00f6n \u00e9rdekess\u00e9g, hogy <strong>32 sz\u00e1zal\u00e9k volt az, aki m\u00e9g ebben az id\u0151szakban is tengerparti nyaral\u00e1s miatt utazott<\/strong>. \u0150k jellemz\u0151en az Egyes\u00fclt Arab Em\u00edrs\u00e9gekbe, Indon\u00e9zi\u00e1ba, Thaif\u00f6ldre, Sr\u00ed Lank\u00e1ra \u00e9s Mald\u00edv-szigetekre, illetve a karibi t\u00e9rs\u00e9gbe, p\u00e9ld\u00e1ul Dominik\u00e1ra vagy Aruba sziget\u00e9re utaztak.<\/p>\n<p>A biztos\u00edtottak 52 sz\u00e1zal\u00e9k ment v\u00e1rosn\u00e9z\u00e9sre \u00e9s 12 sz\u00e1zal\u00e9knyian \u00fczleti vagy egy\u00e9b c\u00e9lra. 3 sz\u00e1zal\u00e9ka extr\u00e9m sportolni, 1 sz\u00e1zal\u00e9ka pedig fizikai munk\u00e1t v\u00e9gezni ment k\u00fclf\u00f6ldre.&nbsp;<\/p>\n<div class=\"o-widget m-readMoreWidget -readMore u-shortDecorLineAfter row widget-container _ce_measure_widget bigdata-widget read-more\" data-ce-measure-widget=\"olvass tov\u00e1bb\">\n\t<div class=\"m-readMoreWidget__imgWrapper image-wrapper col-12 col-md-4 no-p\">\n\t\t<a class=\"m-readMoreWidget__imgLink\" href=\"https:\/\/www.startlap.hu\/utazas\/karacsony-szentendre-godollo-vors-geresdlak\/\" >\n\t\t\t<img decoding=\"async\" src=\"https:\/\/www.startlap.hu\/utazas\/uploads\/sites\/3\/2023\/12\/geresdlak-mezeskalacsfalu-1-350x285.jpg\" class=\"m-readMoreWidget__img\">\n\t\t<\/a>\n\t<\/div>\n\t<div class=\"m-readMoreWidget__titleWrapper title-wrapper col-12 col-md-8\">\n\t\t<span class=\"m-readMoreWidget__titleLabel u-shortDecorLineBefore label hidden-sm-up\">Ez is \u00e9rdekelhet:<\/span>\n\t\t<h3 class=\"m-readMoreWidget__title title\">\n\t\t\t<a class=\"m-readMoreWidget__titleLink -secondFont u-bold u-upperCase\" href=\"https:\/\/www.startlap.hu\/utazas\/karacsony-szentendre-godollo-vors-geresdlak\/\" >7 mes\u00e9s hazai helysz\u00edn, ami meghozza a kar\u00e1csonyi hangulatot<\/a>\n\t\t<\/h3>\n\t\t<a class=\"m-readMoreWidget__btn -coloredBack u-tC link\" href=\"https:\/\/www.startlap.hu\/utazas\/karacsony-szentendre-godollo-vors-geresdlak\/\" >Elolvasom<\/a>\n\t<\/div>\n<\/div>\n","protected":false},"excerpt":{"rendered":"<p>Az utasbiztos\u00edt\u00e1sokb\u00f3l kider\u00fclt, hova utaztak legink\u00e1bb a magyarok. M\u00edg ny\u00e1ron egy\u00e9rtelm\u0171en Horv\u00e1torsz\u00e1g vezette a list\u00e1t, addig \u0151sszel egy m\u00e1sik tengerparti orsz\u00e1g vette \u00e1t a vezet\u00e9st a magyar utaz\u00f3k k\u00f6r\u00e9ben.<\/p>\n","protected":false},"author":58,"featured_media":55855,"comment_status":"closed","ping_status":"closed","sticky":false,"template":"","format":"standard","meta":{"footnotes":""},"categories":[70],"tags":[15,408,2359],"class_list":["post-67039","post","type-post","status-publish","format-standard","has-post-thumbnail","hentry","category-vilag","tag-olaszorszag","tag-turizmus","tag-utasbiztositas"],"aioseo_notices":[],"_links":{"self":[{"href":"https:\/\/www.startlap.hu\/utazas\/wp-json\/wp\/v2\/posts\/67039","targetHints":{"allow":["GET"]}}],"collection":[{"href":"https:\/\/www.startlap.hu\/utazas\/wp-json\/wp\/v2\/posts"}],"about":[{"href":"https:\/\/www.startlap.hu\/utazas\/wp-json\/wp\/v2\/types\/post"}],"author":[{"embeddable":true,"href":"https:\/\/www.startlap.hu\/utazas\/wp-json\/wp\/v2\/users\/58"}],"replies":[{"embeddable":true,"href":"https:\/\/www.startlap.hu\/utazas\/wp-json\/wp\/v2\/comments?post=67039"}],"version-history":[{"count":8,"href":"https:\/\/www.startlap.hu\/utazas\/wp-json\/wp\/v2\/posts\/67039\/revisions"}],"predecessor-version":[{"id":67063,"href":"https:\/\/www.startlap.hu\/utazas\/wp-json\/wp\/v2\/posts\/67039\/revisions\/67063"}],"wp:featuredmedia":[{"embeddable":true,"href":"https:\/\/www.startlap.hu\/utazas\/wp-json\/wp\/v2\/media\/55855"}],"wp:attachment":[{"href":"https:\/\/www.startlap.hu\/utazas\/wp-json\/wp\/v2\/media?parent=67039"}],"wp:term":[{"taxonomy":"category","embeddable":true,"href":"https:\/\/www.startlap.hu\/utazas\/wp-json\/wp\/v2\/categories?post=67039"},{"taxonomy":"post_tag","embeddable":true,"href":"https:\/\/www.startlap.hu\/utazas\/wp-json\/wp\/v2\/tags?post=67039"}],"curies":[{"name":"wp","href":"https:\/\/api.w.org\/{rel}","templated":true}]}}