{"id":66073,"date":"2023-11-28T11:51:38","date_gmt":"2023-11-28T10:51:38","guid":{"rendered":"https:\/\/www.startlap.hu\/utazas\/?p=66073"},"modified":"2023-11-28T11:52:04","modified_gmt":"2023-11-28T10:52:04","slug":"eu-sztajk-spanyolorszag-nemetorszag-franciaorsza-2023-december","status":"publish","type":"post","link":"https:\/\/www.startlap.hu\/utazas\/eu-sztajk-spanyolorszag-nemetorszag-franciaorsza-2023-december\/","title":{"rendered":"Eur\u00f3pa-szerte l\u00e9gi- \u00e9s vasutassztr\u00e1jkra k\u00e9sz\u00fclnek, ami magyar j\u00e1ratokat is \u00e9rinthet"},"content":{"rendered":"<p>Magasabb b\u00e9reket k\u00f6vetlenek t\u00f6bb orsz\u00e1gban a l\u00e9gi \u00e9s vas\u00fati k\u00f6zleked\u00e9s dolgoz\u00f3i. Van, ahol m\u00e1r kit\u0171zt\u00e9k a munkabesz\u00fcntet\u00e9s pontos d\u00e1tumokait. Az <a href=\"https:\/\/www.euronews.com\/travel\/2023\/10\/10\/europes-summer-travel-strikes-when-where-and-what-disruption-you-can-expect-in-august\" target=\"_blank\" target=\"_blank\" rel=\"noopener noreferrer\">Euronews<\/a> \u00f6sszefoglalta, hol lehet sz\u00e1m\u00edtani fennakad\u00e1sokra.<\/p>\n<figure id=\"attachment_66074\" aria-describedby=\"caption-attachment-66074\" style=\"width: 755px\" class=\"wp-caption aligncenter\"><img loading=\"lazy\" decoding=\"async\" class=\"size-article-size-large-image wp-image-66074\" src=\"https:\/\/www.startlap.hu\/utazas\/uploads\/sites\/3\/2023\/11\/vasut-sztrajk-nemetorszag-db-755x386.jpg\" alt=\"Sztr\u00e1jkol\u00f3 n\u00e9met DB vonatok\" width=\"755\" height=\"386\" srcset=\"https:\/\/www.startlap.hu\/utazas\/uploads\/sites\/3\/2023\/11\/vasut-sztrajk-nemetorszag-db-755x386.jpg 755w, https:\/\/www.startlap.hu\/utazas\/uploads\/sites\/3\/2023\/11\/vasut-sztrajk-nemetorszag-db-685x350.jpg 685w, https:\/\/www.startlap.hu\/utazas\/uploads\/sites\/3\/2023\/11\/vasut-sztrajk-nemetorszag-db.jpg 1200w\" sizes=\"auto, (max-width: 755px) 100vw, 755px\" \/><figcaption id=\"caption-attachment-66074\" class=\"wp-caption-text\">Fot\u00f3: Getty Images<\/figcaption><\/figure>\n<h2>Leb\u00e9nulhatnak Spanyolorsz\u00e1g rep\u00fcl\u0151terei<\/h2>\n<p>Az <strong>Alicante-Elche rep\u00fcl\u0151t\u00e9r<\/strong> biztons\u00e1gi szem\u00e9lyzete a kifog\u00e1solhat\u00f3 munkak\u00f6r\u00fclm\u00e9nyek \u00e9s az alacsony fizet\u00e9s miatt hirdetett sztr\u00e1jkot. A magyarok k\u00f6r\u00e9ben is n\u00e9pszer\u0171 Alicante v\u00e1rosba <strong>a Wizz Air heti 4, a Ryanair pedig napi h\u00e1rom j\u00e1ratot&nbsp;<\/strong> <a href=\"https:\/\/www.startlap.hu\/utazas\/ryanair-2023-tel-birmingham-alicante\/\" target=\"_blank\" rel=\"noopener noreferrer\">k\u00f6zlekedtet<\/a> decemberben.<\/p>\n<p>A bejelent\u00e9s szerint a biztons\u00e1g\u00e9rt felel\u0151s Ilunion Seguridad alkalmazottai november 28- \u00e1n sztr\u00e1jkolnak el\u0151sz\u00f6r. Ha nem \u00e1llapodnak meg, akkor&nbsp;<strong>december 1-10, 12, 15-17, 19 \u00e9s 22-31 k\u00f6z\u00f6tt is felf\u00fcggesztik a munkav\u00e9gz\u00e9st<\/strong>. Az \u00e9v elej\u00e9re is sztr\u00e1jkot terveznek, ha addig nem sz\u00fcletik elfogadhat\u00f3 meg\u00e1llapod\u00e1s.<\/p>\n<p>A helyzetet nehez\u00edti, hogy nem csak az Alicante melletti rep\u00fcl\u0151t\u00e9r biztons\u00e1gi szem\u00e9lyzete, hanem az UGT szakszervezet tagjai is sztr\u00e1jkot hirdettek december elej\u00e9re. <strong>A pontos d\u00e1tumokat m\u00e9g nem k\u00f6z\u00f6lt\u00e9k, de v\u00e1rhat\u00f3an december 6 \u00e9s 8 k\u00f6z\u00f6tt<\/strong> ker\u00fcl sor a munkabesz\u00fcntet\u00e9sre.&nbsp;Az Aena v\u00e1llalat munkat\u00e1rsai valamennyi spanyolorsz\u00e1gi rep\u00fcl\u0151t\u00e9r \u00fczemeltet\u00e9s\u00e9\u00e9rt felelnek. A munkabesz\u00fcntet\u00e9s <strong>a barcelonai \u00e9s madridi reptereket is \u00e9rinteni fogja<\/strong>.<\/p>\n<h2>N\u00e9metorsz\u00e1gban vas\u00fati sztr\u00e1jk j\u00f6het kar\u00e1csonykor<\/h2>\n<p>A N\u00e9met Mozdonyvezet\u0151k Szakszervezete (GDL) november 15. \u00e9s 16. k\u00f6z\u00f6tt figyelmeztet\u0151 sztr\u00e1jkot tartott, azonban a k\u00f6vetel\u00e9seiket az\u00f3ta sem teljes\u00edtette a Deutsche Bahn. A t\u00e1vols\u00e1gi vonatokon szolg\u00e1l\u00f3 munkav\u00e1llal\u00f3k jobb munkak\u00f6r\u00fclm\u00e9nyeket \u00e9s magasabb fizet\u00e9seket szeretn\u00e9nek el\u00e9rni.<\/p>\n<p>A Deutsche Bahn azt k\u00e9rte a szakszervezett\u0151l, hogy a kar\u00e1csonyi id\u0151szakra k\u00f6ssenek b\u00e9kemeg\u00e1llapod\u00e1st, de ezt a vasutasok elutas\u00edtott\u00e1k. A jelenelegi inform\u00e1ci\u00f3k szerint \u00e9pp a legforgalmasabb id\u0151szakban, azaz <strong>kar\u00e1csonykor tarthatnak munkabesz\u00fcntet\u00e9st.<\/strong><\/p>\n<figure id=\"attachment_59682\" aria-describedby=\"caption-attachment-59682\" style=\"width: 755px\" class=\"wp-caption aligncenter\"><img loading=\"lazy\" decoding=\"async\" class=\"size-article-size-large-image wp-image-59682\" src=\"https:\/\/www.startlap.hu\/utazas\/uploads\/sites\/3\/2023\/07\/\u00dcres-berlini-vas\u00fat\u00e1llom\u00e1s-755x425.jpg\" alt=\"\u00dcres a berlini vas\u00fat\u00e1llom\u00e1s egy sztr\u00e1jk miatt.\" width=\"755\" height=\"425\" srcset=\"https:\/\/www.startlap.hu\/utazas\/uploads\/sites\/3\/2023\/07\/\u00dcres-berlini-vas\u00fat\u00e1llom\u00e1s-755x425.jpg 755w, https:\/\/www.startlap.hu\/utazas\/uploads\/sites\/3\/2023\/07\/\u00dcres-berlini-vas\u00fat\u00e1llom\u00e1s-215x120.jpg 215w, https:\/\/www.startlap.hu\/utazas\/uploads\/sites\/3\/2023\/07\/\u00dcres-berlini-vas\u00fat\u00e1llom\u00e1s-622x350.jpg 622w, https:\/\/www.startlap.hu\/utazas\/uploads\/sites\/3\/2023\/07\/\u00dcres-berlini-vas\u00fat\u00e1llom\u00e1s.jpg 1280w\" sizes=\"auto, (max-width: 755px) 100vw, 755px\" \/><figcaption id=\"caption-attachment-59682\" class=\"wp-caption-text\">\u00dcres berlini vas\u00fat\u00e1llom\u00e1s (Fot\u00f3: Erbil Basay \/AFP)<\/figcaption><\/figure>\n<h2>A francia vasutasok is felf\u00fcggeszten\u00e9k kar\u00e1csonykor a munkav\u00e9gz\u00e9st<\/h2>\n<p>A SudRail \u00e9s a CGT des Cheminots francia vas\u00fati szakszervezetek magasabb b\u00e9reket k\u00f6vetlenek a munk\u00e1ltat\u00f3jukt\u00f3l. Hasonl\u00f3 sztr\u00e1jkra m\u00e1r sor ker\u00fclt 2022 kar\u00e1csony\u00e1n. Akkor a megn\u00f6vekedett forgalom miatt az eg\u00e9sz orsz\u00e1gban k\u00e1osz uralkodott.<\/p>\n<p>Ha most sem siker\u00fcl meg\u00e1llapodni, akkor az \u00fcnnepek alatt, azaz <strong>kar\u00e1csonykor \u00e9s \u00faj\u00e9v napj\u00e1n is<\/strong> jelent\u0151s fennakad\u00e1sokra kell sz\u00e1m\u00edtani.<\/p>\n<div class=\"o-widget m-readMoreWidget -readMore u-shortDecorLineAfter row widget-container _ce_measure_widget bigdata-widget read-more\" data-ce-measure-widget=\"olvass tov\u00e1bb\">\n\t<div class=\"m-readMoreWidget__imgWrapper image-wrapper col-12 col-md-4 no-p\">\n\t\t<a class=\"m-readMoreWidget__imgLink\" href=\"https:\/\/www.startlap.hu\/utazas\/europa-karacsonyi-vasar-datumok-advent-2024\/\" >\n\t\t\t<img decoding=\"async\" src=\"https:\/\/www.startlap.hu\/utazas\/uploads\/sites\/3\/2023\/10\/becsi-karacsonyi-vasar-350x285.jpg\" class=\"m-readMoreWidget__img\">\n\t\t<\/a>\n\t<\/div>\n\t<div class=\"m-readMoreWidget__titleWrapper title-wrapper col-12 col-md-8\">\n\t\t<span class=\"m-readMoreWidget__titleLabel u-shortDecorLineBefore label hidden-sm-up\">Ez is \u00e9rdekelhet:<\/span>\n\t\t<h3 class=\"m-readMoreWidget__title title\">\n\t\t\t<a class=\"m-readMoreWidget__titleLink -secondFont u-bold u-upperCase\" href=\"https:\/\/www.startlap.hu\/utazas\/europa-karacsonyi-vasar-datumok-advent-2024\/\" >\u00cdme a legn\u00e9pszer\u0171bb kar\u00e1csonyi v\u00e1s\u00e1rok 2024-es d\u00e1tumai Eur\u00f3p\u00e1ban<\/a>\n\t\t<\/h3>\n\t\t<a class=\"m-readMoreWidget__btn -coloredBack u-tC link\" href=\"https:\/\/www.startlap.hu\/utazas\/europa-karacsonyi-vasar-datumok-advent-2024\/\" >Elolvasom<\/a>\n\t<\/div>\n<\/div>\n","protected":false},"excerpt":{"rendered":"<p>A spanyol rep\u00fcl\u0151tereken \u00e9s t\u00f6bb orsz\u00e1g vas\u00fati k\u00f6zleked\u00e9s\u00e9ben is sztr\u00e1jkra kell sz\u00e1m\u00edtani az \u00e9v utols\u00f3 h\u00f3napj\u00e1ban. Mutatjuk a r\u00e9szleteket.<\/p>\n","protected":false},"author":58,"featured_media":66074,"comment_status":"closed","ping_status":"closed","sticky":false,"template":"","format":"standard","meta":{"footnotes":""},"categories":[70],"tags":[1586,785,821],"class_list":["post-66073","post","type-post","status-publish","format-standard","has-post-thumbnail","hentry","category-vilag","tag-legikozlekedes","tag-sztrajk","tag-vasut"],"aioseo_notices":[],"_links":{"self":[{"href":"https:\/\/www.startlap.hu\/utazas\/wp-json\/wp\/v2\/posts\/66073","targetHints":{"allow":["GET"]}}],"collection":[{"href":"https:\/\/www.startlap.hu\/utazas\/wp-json\/wp\/v2\/posts"}],"about":[{"href":"https:\/\/www.startlap.hu\/utazas\/wp-json\/wp\/v2\/types\/post"}],"author":[{"embeddable":true,"href":"https:\/\/www.startlap.hu\/utazas\/wp-json\/wp\/v2\/users\/58"}],"replies":[{"embeddable":true,"href":"https:\/\/www.startlap.hu\/utazas\/wp-json\/wp\/v2\/comments?post=66073"}],"version-history":[{"count":12,"href":"https:\/\/www.startlap.hu\/utazas\/wp-json\/wp\/v2\/posts\/66073\/revisions"}],"predecessor-version":[{"id":66098,"href":"https:\/\/www.startlap.hu\/utazas\/wp-json\/wp\/v2\/posts\/66073\/revisions\/66098"}],"wp:featuredmedia":[{"embeddable":true,"href":"https:\/\/www.startlap.hu\/utazas\/wp-json\/wp\/v2\/media\/66074"}],"wp:attachment":[{"href":"https:\/\/www.startlap.hu\/utazas\/wp-json\/wp\/v2\/media?parent=66073"}],"wp:term":[{"taxonomy":"category","embeddable":true,"href":"https:\/\/www.startlap.hu\/utazas\/wp-json\/wp\/v2\/categories?post=66073"},{"taxonomy":"post_tag","embeddable":true,"href":"https:\/\/www.startlap.hu\/utazas\/wp-json\/wp\/v2\/tags?post=66073"}],"curies":[{"name":"wp","href":"https:\/\/api.w.org\/{rel}","templated":true}]}}