{"id":65505,"date":"2023-11-15T16:22:31","date_gmt":"2023-11-15T15:22:31","guid":{"rendered":"https:\/\/www.startlap.hu\/utazas\/?p=65505"},"modified":"2023-11-15T16:09:53","modified_gmt":"2023-11-15T15:09:53","slug":"repulojarat-new-york-belgium-elszabadult-lo-2023","status":"publish","type":"post","link":"https:\/\/www.startlap.hu\/utazas\/repulojarat-new-york-belgium-elszabadult-lo-2023\/","title":{"rendered":"Elszabadult egy l\u00f3 egy New York-i rep\u00fcl\u0151j\u00e1raton"},"content":{"rendered":"<p>Teljesen \u00e1tlagosan indult annak a Boeing 747-es g\u00e9pnek az \u00fatja, ami a napokban <strong>New Yorkb\u00f3l tartott Belgium fel\u00e9<\/strong>. A tehersz\u00e1ll\u00edt\u00f3 rep\u00fcl\u0151 m\u00e1r k\u00f6zel t\u00edzezer m\u00e9teres magass\u00e1gban rep\u00fclt \u00e9s nagyj\u00e1b\u00f3l f\u00e9l \u00f3r\u00e1ja volt a leveg\u0151ben, amikor a pil\u00f3t\u00e1k k\u00fcl\u00f6n\u00f6s hangokra lettek figyelmesek, amir\u0151l hamar kider\u00fclt, hogy<\/p>\n<blockquote class=\"article__extraTxt\"><p>az egyik &#8222;utas&#8221;, egy l\u00f3 kiszabadult a kar\u00e1mb\u00f3l \u00e9s nyugtalanul kezdett viselkedni<\/p><\/blockquote>\n<p>&#8211; \u00edrja a <a href=\"https:\/\/edition.cnn.com\/travel\/horse-escapes-on-boeing-747\/index.html\" target=\"_blank\" target=\"_blank\" rel=\"noopener noreferrer\">CNN<\/a>.&nbsp;<\/p>\n<figure id=\"attachment_62329\" aria-describedby=\"caption-attachment-62329\" style=\"width: 755px\" class=\"wp-caption alignnone\"><img loading=\"lazy\" decoding=\"async\" class=\"size-article-size-large-image wp-image-62329\" src=\"https:\/\/www.startlap.hu\/utazas\/uploads\/sites\/3\/2023\/09\/repulogep-repuloter-kifutopalya-755x503.jpg\" alt=\"Rep\u00fcl\u0151g\u00e9p v\u00e1rakozik egy kifut\u00f3p\u00e1ly\u00e1n\" width=\"755\" height=\"503\" srcset=\"https:\/\/www.startlap.hu\/utazas\/uploads\/sites\/3\/2023\/09\/repulogep-repuloter-kifutopalya-755x503.jpg 755w, https:\/\/www.startlap.hu\/utazas\/uploads\/sites\/3\/2023\/09\/repulogep-repuloter-kifutopalya-525x350.jpg 525w, https:\/\/www.startlap.hu\/utazas\/uploads\/sites\/3\/2023\/09\/repulogep-repuloter-kifutopalya.jpg 1200w\" sizes=\"auto, (max-width: 755px) 100vw, 755px\" \/><figcaption id=\"caption-attachment-62329\" class=\"wp-caption-text\">Fot\u00f3: Getty Images<\/figcaption><\/figure>\n<p>A pil\u00f3t\u00e1k ezut\u00e1n \u00e9rtes\u00edtett\u00e9k a l\u00e9giforgalmi k\u00f6zpontot, akikkel k\u00f6z\u00f6lt\u00e9k, hogy ugyan a rep\u00fcl\u00e9st tekintve minden t\u00f6k\u00e9letesen halad, de a l\u00f3 egy\u00e9rtelm\u0171en nincs biztons\u00e1gban. V\u00e9g\u00fcl \u00fagy d\u00f6nt\u00f6ttek, hogy visszafordulnak \u00e9s lesz\u00e1llnak <a href=\"https:\/\/www.startlap.hu\/utazas\/fotokon-a-kisertetvarossa-valt-new-york\/\" target=\"_blank\" rel=\"noopener noreferrer\">New Yorkban<\/a>. Miel\u0151tt azonban vissza\u00e9rtek volna, a g\u00e9pnek a biztons\u00e1gos lesz\u00e1ll\u00e1s \u00e9rdek\u00e9ben el kellett \u00e9getnie 20 tonna \u00fczemanyagot az Atlanti-\u00f3ce\u00e1n felett.<\/p>\n<p>Ez az id\u0151 pont el\u00e9gs\u00e9ges volt ahhoz, hogy a rept\u00e9rre ki\u00e9rjen egy \u00e1llatorvos is, aki szerint <strong>a l\u00f3nak &#8211; az izgalmat lesz\u00e1m\u00edtva &#8211; nem esett b\u00e1nt\u00f3d\u00e1sa.&nbsp;<\/strong><\/p>\n<div class=\"o-widget m-readMoreWidget -readMore u-shortDecorLineAfter row widget-container _ce_measure_widget bigdata-widget read-more\" data-ce-measure-widget=\"olvass tov\u00e1bb\">\n\t<div class=\"m-readMoreWidget__imgWrapper image-wrapper col-12 col-md-4 no-p\">\n\t\t<a class=\"m-readMoreWidget__imgLink\" href=\"https:\/\/www.startlap.hu\/utazas\/a-repulon-ha-elsotetul-a-fedelzet-igy-kellene-viselkedni\/\" >\n\t\t\t<img decoding=\"async\" src=\"https:\/\/www.startlap.hu\/utazas\/uploads\/sites\/3\/2023\/11\/repulo_utaster_fulke-350x285.jpg\" class=\"m-readMoreWidget__img\">\n\t\t<\/a>\n\t<\/div>\n\t<div class=\"m-readMoreWidget__titleWrapper title-wrapper col-12 col-md-8\">\n\t\t<span class=\"m-readMoreWidget__titleLabel u-shortDecorLineBefore label hidden-sm-up\">Ez is \u00e9rdekelhet:<\/span>\n\t\t<h3 class=\"m-readMoreWidget__title title\">\n\t\t\t<a class=\"m-readMoreWidget__titleLink -secondFont u-bold u-upperCase\" href=\"https:\/\/www.startlap.hu\/utazas\/a-repulon-ha-elsotetul-a-fedelzet-igy-kellene-viselkedni\/\" >A rep\u00fcl\u0151n ha els\u00f6t\u00e9t\u00fcl a fed\u00e9lzet, \u00edgy kellene viselkedni<\/a>\n\t\t<\/h3>\n\t\t<a class=\"m-readMoreWidget__btn -coloredBack u-tC link\" href=\"https:\/\/www.startlap.hu\/utazas\/a-repulon-ha-elsotetul-a-fedelzet-igy-kellene-viselkedni\/\" >Elolvasom<\/a>\n\t<\/div>\n<\/div>\n","protected":false},"excerpt":{"rendered":"<p>A Belgiumba tart\u00f3 g\u00e9pnek vissza is kellett fordulnia, miut\u00e1n egy l\u00f3 kiszabadult a kar\u00e1mj\u00e1b\u00f3l. <\/p>\n","protected":false},"author":54,"featured_media":65506,"comment_status":"closed","ping_status":"closed","sticky":false,"template":"","format":"standard","meta":{"footnotes":""},"categories":[70],"tags":[1639,445,273,7614],"class_list":["post-65505","post","type-post","status-publish","format-standard","has-post-thumbnail","hentry","category-vilag","tag-belgium","tag-new-york","tag-repulout","tag-visszafordulas"],"aioseo_notices":[],"_links":{"self":[{"href":"https:\/\/www.startlap.hu\/utazas\/wp-json\/wp\/v2\/posts\/65505","targetHints":{"allow":["GET"]}}],"collection":[{"href":"https:\/\/www.startlap.hu\/utazas\/wp-json\/wp\/v2\/posts"}],"about":[{"href":"https:\/\/www.startlap.hu\/utazas\/wp-json\/wp\/v2\/types\/post"}],"author":[{"embeddable":true,"href":"https:\/\/www.startlap.hu\/utazas\/wp-json\/wp\/v2\/users\/54"}],"replies":[{"embeddable":true,"href":"https:\/\/www.startlap.hu\/utazas\/wp-json\/wp\/v2\/comments?post=65505"}],"version-history":[{"count":3,"href":"https:\/\/www.startlap.hu\/utazas\/wp-json\/wp\/v2\/posts\/65505\/revisions"}],"predecessor-version":[{"id":65514,"href":"https:\/\/www.startlap.hu\/utazas\/wp-json\/wp\/v2\/posts\/65505\/revisions\/65514"}],"wp:featuredmedia":[{"embeddable":true,"href":"https:\/\/www.startlap.hu\/utazas\/wp-json\/wp\/v2\/media\/65506"}],"wp:attachment":[{"href":"https:\/\/www.startlap.hu\/utazas\/wp-json\/wp\/v2\/media?parent=65505"}],"wp:term":[{"taxonomy":"category","embeddable":true,"href":"https:\/\/www.startlap.hu\/utazas\/wp-json\/wp\/v2\/categories?post=65505"},{"taxonomy":"post_tag","embeddable":true,"href":"https:\/\/www.startlap.hu\/utazas\/wp-json\/wp\/v2\/tags?post=65505"}],"curies":[{"name":"wp","href":"https:\/\/api.w.org\/{rel}","templated":true}]}}