{"id":65388,"date":"2023-11-13T16:35:52","date_gmt":"2023-11-13T15:35:52","guid":{"rendered":"https:\/\/www.startlap.hu\/utazas\/?p=65388"},"modified":"2023-11-13T16:35:52","modified_gmt":"2023-11-13T15:35:52","slug":"az-ev-europai-varosa-dij-2023-hollandia-amersfoort","status":"publish","type":"post","link":"https:\/\/www.startlap.hu\/utazas\/az-ev-europai-varosa-dij-2023-hollandia-amersfoort\/","title":{"rendered":"Hangulatos telep\u00fcl\u00e9s lett az \u00c9v eur\u00f3pai v\u00e1rosa"},"content":{"rendered":"<p>Az Academy of Urbanism nonprofit szervezet zs\u0171rije kiv\u00e1lasztotta, melyik eur\u00f3pai v\u00e1ros kapja meg az idei Urbanism Awards &#8216;European City of the Year&#8217; d\u00edjat. \u00d6sszesen 14 helysz\u00ednt neveztek, magyar nem volt k\u00f6zte. A zs\u0171ri a jel\u00f6lt v\u00e1r\u00e1sokba szem\u00e9lyesen is ell\u00e1togatott, hogy megfelel\u0151 d\u00f6nt\u00e9st tudjanak hozni.<\/p>\n<p>A l\u00e1togat\u00e1sokat k\u00f6vet\u0151en \u00fagy d\u00f6nt\u00f6ttek, hogy <strong>az \u00c9v eur\u00f3pai v\u00e1rosa c\u00edmet Amersfoortnak \u00edt\u00e9lik<\/strong>. A zs\u0171ri az indokl\u00e1s\u00e1ban kiemelte, hogy a v\u00e1ros sokat tesz a magas \u00e9letmin\u0151s\u00e9g\u00e9rt, valamint a progressz\u00edv tervez\u00e9s \u00e9s az innov\u00e1ci\u00f3k mellett is <strong>meg\u0151rizte egyed\u00fcl\u00e1ll\u00f3 \u00f6r\u00f6ks\u00e9g\u00e9t \u00e9s karakter\u00e9t<\/strong>.<\/p>\n<p>Pozit\u00edvumk\u00e9nt eml\u00edtett\u00e9k m\u00e9g, hogy a v\u00e1rosvezet\u00e9s korl\u00e1tozza az aut\u00f3k haszn\u00e1lat\u00e1t, a csendes kisv\u00e1rosban pedig b\u00e1rki tal\u00e1lhat mag\u00e1nak megfizethet\u0151 \u00e9s j\u00f3 min\u0151s\u00e9g\u0171 lak\u00e1st &#8211; \u00edrja a <a href=\"https:\/\/nltimes.nl\/2023\/11\/09\/amersfoort-named-european-city-year-praised-quality-life\" target=\"_blank\" target=\"_blank\" rel=\"noopener noreferrer\">NL Times<\/a>.<\/p>\n<figure id=\"attachment_65390\" aria-describedby=\"caption-attachment-65390\" style=\"width: 755px\" class=\"wp-caption aligncenter\"><img loading=\"lazy\" decoding=\"async\" class=\"size-article-size-large-image wp-image-65390\" src=\"https:\/\/www.startlap.hu\/utazas\/uploads\/sites\/3\/2023\/11\/Amersfoort-hollandia-755x503.jpg\" alt=\"Amersfort t\u00f6rt\u00e9nelmi belv\u00e1rosa\" width=\"755\" height=\"503\" srcset=\"https:\/\/www.startlap.hu\/utazas\/uploads\/sites\/3\/2023\/11\/Amersfoort-hollandia-755x503.jpg 755w, https:\/\/www.startlap.hu\/utazas\/uploads\/sites\/3\/2023\/11\/Amersfoort-hollandia-525x350.jpg 525w, https:\/\/www.startlap.hu\/utazas\/uploads\/sites\/3\/2023\/11\/Amersfoort-hollandia.jpg 1200w\" sizes=\"auto, (max-width: 755px) 100vw, 755px\" \/><figcaption id=\"caption-attachment-65390\" class=\"wp-caption-text\">Fot\u00f3: Getty Images<\/figcaption><\/figure>\n<p>A v\u00e1ros Amszterdamt\u00f3l mintegy negyven kilom\u00e9terre tal\u00e1lhat\u00f3. B\u00e1r az ut\u00f3bbi \u00e9vtizedekben iparv\u00e1ross\u00e1 alakult, ahol f\u00e9m\u00e1rut, \u00e9lelmiszert \u00e9s vegyi anyagokat gy\u00e1rtanak, m\u00e9gis <strong>meg\u0151rizte egyed\u00fcl\u00e1ll\u00f3 hangulat\u00e1t a belv\u00e1rosi r\u00e9sze<\/strong>. K\u00f6z\u00e9pkori v\u00e1ra \u00e9s a v\u00e1rosfal a 13. sz\u00e1zadban \u00e9p\u00fclt, de mai napig szinte az eredeti \u00e1llapot\u00e1ban lehet megtekinteni.<\/p>\n<p>Amersfoort a m\u00e1sodik holland v\u00e1ros, aminek siker\u00fclt elnyerte ezt a d\u00edjat. El\u0151sz\u00f6r 2015-ben Rotterdamot v\u00e1lasztott\u00e1k az \u00e9v eur\u00f3pai v\u00e1ros\u00e1nak. A tov\u00e1bbi d\u00edjazottak k\u00f6z\u00f6tt szerepel m\u00e9g <a href=\"https:\/\/www.startlap.hu\/utazas\/berlin-fenyfesztival-fotok\/\" target=\"_blank\" rel=\"noopener noreferrer\">Berlin<\/a>, Koppenh\u00e1ga, Lisszabon, Bilbao, Antwerpen \u00e9s Edinburgh.<\/p>\n<div class=\"o-widget m-readMoreWidget -readMore u-shortDecorLineAfter row widget-container _ce_measure_widget bigdata-widget read-more\" data-ce-measure-widget=\"olvass tov\u00e1bb\">\n\t<div class=\"m-readMoreWidget__imgWrapper image-wrapper col-12 col-md-4 no-p\">\n\t\t<a class=\"m-readMoreWidget__imgLink\" href=\"https:\/\/www.startlap.hu\/utazas\/ausztria-latnivalok-ferto-to-kismarton\/\" >\n\t\t\t<img decoding=\"async\" src=\"https:\/\/www.startlap.hu\/utazas\/uploads\/sites\/3\/2023\/07\/Fert\u0151-t\u00f3-P\u00e1tfalun\u00e1l-350x285.jpg\" class=\"m-readMoreWidget__img\">\n\t\t<\/a>\n\t<\/div>\n\t<div class=\"m-readMoreWidget__titleWrapper title-wrapper col-12 col-md-8\">\n\t\t<span class=\"m-readMoreWidget__titleLabel u-shortDecorLineBefore label hidden-sm-up\">Ez is \u00e9rdekelhet:<\/span>\n\t\t<h3 class=\"m-readMoreWidget__title title\">\n\t\t\t<a class=\"m-readMoreWidget__titleLink -secondFont u-bold u-upperCase\" href=\"https:\/\/www.startlap.hu\/utazas\/ausztria-latnivalok-ferto-to-kismarton\/\" >Ausztria csod\u00e1s l\u00e1tnival\u00f3i a magyar hat\u00e1r ment\u00e9n<\/a>\n\t\t<\/h3>\n\t\t<a class=\"m-readMoreWidget__btn -coloredBack u-tC link\" href=\"https:\/\/www.startlap.hu\/utazas\/ausztria-latnivalok-ferto-to-kismarton\/\" >Elolvasom<\/a>\n\t<\/div>\n<\/div>\n","protected":false},"excerpt":{"rendered":"<p>Egy 160 ezer f\u0151s holland v\u00e1ros kapta meg 2023-ban az &#8222;\u00c9v eur\u00f3pai v\u00e1rosa&#8221; d\u00edjat, mert siker\u00fclt meg\u0151riznie az egyed\u00fcl\u00e1ll\u00f3 \u00f6r\u00f6ks\u00e9g\u00e9t \u00e9s karakter\u00e9t.<\/p>\n","protected":false},"author":58,"featured_media":65390,"comment_status":"closed","ping_status":"closed","sticky":false,"template":"","format":"standard","meta":{"footnotes":""},"categories":[70],"tags":[3404,155],"class_list":["post-65388","post","type-post","status-publish","format-standard","has-post-thumbnail","hentry","category-vilag","tag-dij","tag-hollandia"],"aioseo_notices":[],"_links":{"self":[{"href":"https:\/\/www.startlap.hu\/utazas\/wp-json\/wp\/v2\/posts\/65388","targetHints":{"allow":["GET"]}}],"collection":[{"href":"https:\/\/www.startlap.hu\/utazas\/wp-json\/wp\/v2\/posts"}],"about":[{"href":"https:\/\/www.startlap.hu\/utazas\/wp-json\/wp\/v2\/types\/post"}],"author":[{"embeddable":true,"href":"https:\/\/www.startlap.hu\/utazas\/wp-json\/wp\/v2\/users\/58"}],"replies":[{"embeddable":true,"href":"https:\/\/www.startlap.hu\/utazas\/wp-json\/wp\/v2\/comments?post=65388"}],"version-history":[{"count":6,"href":"https:\/\/www.startlap.hu\/utazas\/wp-json\/wp\/v2\/posts\/65388\/revisions"}],"predecessor-version":[{"id":65410,"href":"https:\/\/www.startlap.hu\/utazas\/wp-json\/wp\/v2\/posts\/65388\/revisions\/65410"}],"wp:featuredmedia":[{"embeddable":true,"href":"https:\/\/www.startlap.hu\/utazas\/wp-json\/wp\/v2\/media\/65390"}],"wp:attachment":[{"href":"https:\/\/www.startlap.hu\/utazas\/wp-json\/wp\/v2\/media?parent=65388"}],"wp:term":[{"taxonomy":"category","embeddable":true,"href":"https:\/\/www.startlap.hu\/utazas\/wp-json\/wp\/v2\/categories?post=65388"},{"taxonomy":"post_tag","embeddable":true,"href":"https:\/\/www.startlap.hu\/utazas\/wp-json\/wp\/v2\/tags?post=65388"}],"curies":[{"name":"wp","href":"https:\/\/api.w.org\/{rel}","templated":true}]}}