{"id":64949,"date":"2023-11-11T06:14:40","date_gmt":"2023-11-11T05:14:40","guid":{"rendered":"https:\/\/www.startlap.hu\/utazas\/?p=64949"},"modified":"2023-11-10T14:35:43","modified_gmt":"2023-11-10T13:35:43","slug":"nemetorszag-automuzeum-mercedes-bmw","status":"publish","type":"post","link":"https:\/\/www.startlap.hu\/utazas\/nemetorszag-automuzeum-mercedes-bmw\/","title":{"rendered":"T\u00edz n\u00e9met \u00fati c\u00e9l aut\u00f3rajong\u00f3knak"},"content":{"rendered":"<div class=\"m-card -authorCard m-authorCard\">\n\t<div class=\"m-card__role\">Vend\u00e9gszerz\u0151<\/div>\n\t<img decoding=\"async\" class=\"m-card__img\" src=\"https:\/\/www.startlap.hu\/utazas\/uploads\/sites\/3\/2019\/08\/Bago\u0301-Tu\u0308nde.png\" alt=\"\u00c9let S\u00f3ja\">\n\t<div class=\"m-card__wrapCnt\">\n\t\t<h3 class=\"m-card__authorName\">\u00c9let S\u00f3ja<\/h3>\n\t\t<div class=\"m-card__txt\">Bag\u00f3 T\u00fcnde az \u00c9let s\u00f3ja blog szerz\u0151je. Foglalkozott kult\u00far\u00e1val, tan\u00edt\u00e1ssal, majd \u00e1tnyargalt jog\u00e1sznak. Szereti az \u00e9let s\u00f3j\u00e1t, az utaz\u00e1sokat, a gasztron\u00f3mi\u00e1t, a kult\u00far\u00e1t, a m\u0171v\u00e9szetet, a t\u00f6rt\u00e9nelmet, s mindent, ami megf\u0171szerezi az \u00e9let\u00fcnket.<\/div>\n\t\t<a class=\"m-card__linkBtn\" href=\"https:\/\/www.startlap.hu\/utazas\/author\/eletsoja\/\">Cikkei<\/a>\n\t<\/div>\n<\/div>\n\n<p>N\u00e9metorsz\u00e1got a legnagyobb aut\u00f3s nemzetek k\u00f6z\u00f6tt tartj\u00e1k sz\u00e1mon. Eur\u00f3p\u00e1ban itt tal\u00e1lhat\u00f3 a legt\u00f6bb saj\u00e1t aut\u00f3m\u00e1rka, \u00e9s szerintem igaz\u00e1n j\u00f3l is vezetnek a n\u00e9metek.<\/p>\n<blockquote class=\"article__extraTxt\"><p>Egy ilyen orsz\u00e1gban nem csoda, ha t\u00f6bb mint 800 aut\u00f3-motor m\u00fazeum tal\u00e1lhat\u00f3.<\/p><\/blockquote>\n<p>Kit\u0171n\u0151 program \u0151szi \u00e9s t\u00e9li h\u00e9tv\u00e9g\u00e9kre, hiszen a legnagyobb m\u00e1rk\u00e1k ki\u00e1ll\u00edt\u00f3terei nem csup\u00e1n az aut\u00f3rajong\u00f3 csal\u00e1dtagok, hanem az aut\u00f3k ir\u00e1nt kev\u00e9sb\u00e9 \u00e9rdekl\u0151d\u0151k sz\u00e1m\u00e1ra is fantasztikus \u00e9lm\u00e9ny ny\u00fajtanak.&nbsp;<\/p>\n<p>Nem \u00e9rtek az aut\u00f3khoz, de szeretek vezetni. N\u0151k\u00e9nt els\u0151sorban a form\u00e1k \u00e9s a t\u00f6rt\u00e9netek vonzottak a nagy aut\u00f3s m\u00fazeumokba. A legismertebb m\u00e1rk\u00e1kn\u00e1l \u00e9s n\u00e9h\u00e1ny, m\u00e1s szempontb\u00f3l \u00e9rdekes aut\u00f3-, motorki\u00e1ll\u00edt\u00e1son j\u00e1rtam N\u00e9metorsz\u00e1gban, s ezeket aj\u00e1nlom most nektek. Le\u00edr\u00e1saimb\u00f3l j\u00f3l l\u00e1tszanak majd a kedvenceim.<\/p>\n\n\t<div id=\"cegPostCnt_1\" class=\"o-cegPostCnt -inContent\" data-title=\"T\u00edz n\u00e9met \u00fati c\u00e9l aut\u00f3rajong\u00f3knak\">\n\t\t<a class=\"o-cegPostCnt__opener m-cegOpener _ce_measure_widget _ce_measure_link\" data-ce-measure-widget=\"gallery-open\"\n   href=\"?gallery=1\/1\/Foto\u03011-Porsche-mu\u0301zeum_batch\">\n\t<img decoding=\"async\" src=\"https:\/\/www.startlap.hu\/utazas\/uploads\/sites\/3\/2023\/11\/Foto\u03011-Porsche-mu\u0301zeum_batch.jpg\" class=\"m-cegOpener__image\" alt=\"\" sizes=\"(max-width: 991px) 100vw, (max-width: 1039px) 66vw, 684px\" srcset=\"https:\/\/www.startlap.hu\/utazas\/uploads\/sites\/3\/2023\/11\/Foto\u03011-Porsche-mu\u0301zeum_batch.jpg 1280w, https:\/\/www.startlap.hu\/utazas\/uploads\/sites\/3\/2023\/11\/Foto\u03011-Porsche-mu\u0301zeum_batch-755x451.jpg 755w, https:\/\/www.startlap.hu\/utazas\/uploads\/sites\/3\/2023\/11\/Foto\u03011-Porsche-mu\u0301zeum_batch-586x350.jpg 586w\" \/>\t<div class=\"m-cegOpener__btn\"><i class=\"far fa-clone\"><\/i><\/div>\n<\/a>\n<div class=\"o-cegPostCnt__layer m-cegLayer _ce_measure_widget\" data-ce-measure-widget=\"gallery-layer\" style=\"display: none\">\n\t<div class=\"m-cegLayer__top m-cegHeader _ce_measure_widget\" data-ce-measure-widget=\"gallery-header\">\n\t\t\t\t\t<span class=\"m-cegHeader__logo\"><span class=\"a-cegLogo\"><\/span><\/span>\n\t\t\t\t<div class=\"m-cegHeader__imgCnt\">\n\t\t\t<img decoding=\"async\" src=\"https:\/\/www.startlap.hu\/utazas\/uploads\/sites\/3\/2023\/11\/Foto\u03011-Porsche-mu\u0301zeum_batch.jpg\" class=\"m-cegHeader__imgOpener\" alt=\"\" \/>\t\t<\/div>\n\t\t<h2 class=\"m-cegHeader__title a-cegGalleryTitle\"><i class=\"fa fa-angle-left\"><\/i>T\u00edz n\u00e9met \u00fati c\u00e9l aut\u00f3rajong\u00f3knak<\/h2>\n\t\t<div class=\"m-cegHeader__pagination a-cegPagination\"><\/div>\n\t\t<div class=\"m-cegHeader__closeBtn close-button nlc-icon-close _ce_measure_link _ce_measure_widget\" data-ce-measure-widget=\"gallery-close-btn\"><i class=\"fa fa-times\" aria-hidden=\"true\"><\/i><\/div>\n\t<\/div>\n\t<div class=\"m-cegLayer__screen\">\n\t\t<div class=\"m-cegLayer__carousel m-cegCarousel\">\n\t\t\t\t\t\t\t\n\t\t\t\t<div\n\t\t\t\t\tclass=\"m-cegCarousel__item\"\n\t\t\t\t\tdata-type=\"image\"\n\t\t\t\t\tdata-id=\"1\/1\/Foto\u03011-Porsche-mu\u0301zeum_batch\"\n\t\t\t\t\tdata-image-url=\"https:\/\/www.startlap.hu\/utazas\/uploads\/sites\/3\/2023\/11\/Foto\u03011-Porsche-mu\u0301zeum_batch.jpg\"\n\t\t\t\t\tdata-title=\"Foto\u03011 Porsche mu\u0301zeum_batch\"\n\t\t\t\t\tdata-desc=\"Egy ki\u00e1ll\u00edtott aut\u00f3 a Porsche m\u00fazeumban\">\n\n\t\t\t\t\t<!-- image -->\n\t\t\t\t\t<div class=\"m-cegCarousel__floatingCnt\">\n\t\t\t\t\t\t<img decoding=\"async\" src=\"https:\/\/www.startlap.hu\/utazas\/uploads\/sites\/3\/2023\/11\/Foto\u03011-Porsche-mu\u0301zeum_batch.jpg\" class=\"m-cegCarousel__image\" alt=\"\" \/>\t\t\t\t\t\t<span class=\"fa m-cegCarousel__zoom _ce_measure_link _ce_measure_widget\" data-ce-measure-widget=\"gallery-zoom-btn\"><\/span>\n\t\t\t\t\t<\/div>\n\n\t\t\t\t\t<!-- thumb icon \/ counter, caption  -->\n\t\t\t\t\t<div class=\"m-cegCarousel__captionCnt m-cegCaption\">\n\t\t\t\t\t\t<span class=\"m-cegCaption__thumbIcon a-cegThumbIcon _ce_measure_widget _ce_measure_link\"\n\t\t\t\t\t\t\t  data-ce-measure-widget=\"thumbnails-btn\"\n\t\t\t\t\t\t\t  data-ce-measure-widget=\"gallery-thumbnails\"><i class=\" fa fa-th-large\"><\/i><\/span>\n\t\t\t\t\t\t<span class=\"m-cegCaption__pagination a-cegPagination\">\n\t\t\t\t\t\t\t<span class=\"a-cegPagination__current\">1<\/span>\/12\t\t\t\t\t\t<\/span>\n\t\t\t\t\t\t<span class=\"m-cegCaption__caption\">Foto\u03011 Porsche mu\u0301zeum_batch<\/span>\n\t\t\t\t\t<\/div>\n\n\t\t\t\t\t<!-- Image description -->\n\t\t\t\t\t<div class=\"m-cegCarousel__desc a-cegDesc\">Egy ki\u00e1ll\u00edtott aut\u00f3 a Porsche m\u00fazeumban<\/div>\n\n\t\t\t\t\t<!-- Image social share icons -->\n\t\t\t\t\t<div class=\"m-cegCarousel__socialCnt m-cegSocial\">\n\t\t\t\t\t\t<span class=\"m-cegSocial__text\">Fot\u00f3 megoszt\u00e1sa:<\/span><span class=\"m-cegSocial__iconWrap\"><span class=\"m-cegSocial__icon -facebook _ce_measure_link _ce_measure_widget\" data-ce-measure-widget=\"facebookGallery-btn\"><i class=\"fab fa-facebook-f\"><\/i><\/span><span class=\"m-cegSocial__icon -pinterest _ce_measure_link _ce_measure_widget\" data-ce-measure-widget=\"printeresGallery-btn\"><i class=\"fab fa-pinterest-p\"><\/i><\/span><span class=\"m-cegSocial__icon -email _ce_measure_link _ce_measure_widget\" data-ce-measure-widget=\"emailGallery-btn\"><i class=\"far fa-envelope\"><\/i><\/span><span class=\"m-cegSocial__icon -clipboard _ce_measure_link _ce_measure_widget\" data-ce-measure-widget=\"clipboardGallery-btn\"><i class=\"fa fa-link\"><\/i><\/span><\/span>\t\t\t\t\t<\/div>\n\t\t\t\t<\/div>\n\t\t\t\t\t\t\t\n\t\t\t\t<div\n\t\t\t\t\tclass=\"m-cegCarousel__item\"\n\t\t\t\t\tdata-type=\"image\"\n\t\t\t\t\tdata-id=\"1\/2\/Foto\u03012-Mercedes-mu\u0301zeum-e\u0301pu\u0308lete_batch\"\n\t\t\t\t\tdata-image-url=\"https:\/\/www.startlap.hu\/utazas\/uploads\/sites\/3\/2023\/11\/Foto\u03012-Mercedes-mu\u0301zeum-e\u0301pu\u0308lete_batch.jpg\"\n\t\t\t\t\tdata-title=\"Foto\u03012 Mercedes mu\u0301zeum e\u0301pu\u0308lete_batch\"\n\t\t\t\t\tdata-desc=\"A Mercedes m\u00fazeum k\u00edv\u00fclr\u0151l\">\n\n\t\t\t\t\t<!-- image -->\n\t\t\t\t\t<div class=\"m-cegCarousel__floatingCnt\">\n\t\t\t\t\t\t<img decoding=\"async\" src=\"https:\/\/www.startlap.hu\/utazas\/uploads\/sites\/3\/2023\/11\/Foto\u03012-Mercedes-mu\u0301zeum-e\u0301pu\u0308lete_batch.jpg\" class=\"m-cegCarousel__image\" alt=\"\" \/>\t\t\t\t\t\t<span class=\"fa m-cegCarousel__zoom _ce_measure_link _ce_measure_widget\" data-ce-measure-widget=\"gallery-zoom-btn\"><\/span>\n\t\t\t\t\t<\/div>\n\n\t\t\t\t\t<!-- thumb icon \/ counter, caption  -->\n\t\t\t\t\t<div class=\"m-cegCarousel__captionCnt m-cegCaption\">\n\t\t\t\t\t\t<span class=\"m-cegCaption__thumbIcon a-cegThumbIcon _ce_measure_widget _ce_measure_link\"\n\t\t\t\t\t\t\t  data-ce-measure-widget=\"thumbnails-btn\"\n\t\t\t\t\t\t\t  data-ce-measure-widget=\"gallery-thumbnails\"><i class=\" fa fa-th-large\"><\/i><\/span>\n\t\t\t\t\t\t<span class=\"m-cegCaption__pagination a-cegPagination\">\n\t\t\t\t\t\t\t<span class=\"a-cegPagination__current\">2<\/span>\/12\t\t\t\t\t\t<\/span>\n\t\t\t\t\t\t<span class=\"m-cegCaption__caption\">Foto\u03012 Mercedes mu\u0301zeum e\u0301pu\u0308lete_batch<\/span>\n\t\t\t\t\t<\/div>\n\n\t\t\t\t\t<!-- Image description -->\n\t\t\t\t\t<div class=\"m-cegCarousel__desc a-cegDesc\">A Mercedes m\u00fazeum k\u00edv\u00fclr\u0151l<\/div>\n\n\t\t\t\t\t<!-- Image social share icons -->\n\t\t\t\t\t<div class=\"m-cegCarousel__socialCnt m-cegSocial\">\n\t\t\t\t\t\t<span class=\"m-cegSocial__text\">Fot\u00f3 megoszt\u00e1sa:<\/span><span class=\"m-cegSocial__iconWrap\"><span class=\"m-cegSocial__icon -facebook _ce_measure_link _ce_measure_widget\" data-ce-measure-widget=\"facebookGallery-btn\"><i class=\"fab fa-facebook-f\"><\/i><\/span><span class=\"m-cegSocial__icon -pinterest _ce_measure_link _ce_measure_widget\" data-ce-measure-widget=\"printeresGallery-btn\"><i class=\"fab fa-pinterest-p\"><\/i><\/span><span class=\"m-cegSocial__icon -email _ce_measure_link _ce_measure_widget\" data-ce-measure-widget=\"emailGallery-btn\"><i class=\"far fa-envelope\"><\/i><\/span><span class=\"m-cegSocial__icon -clipboard _ce_measure_link _ce_measure_widget\" data-ce-measure-widget=\"clipboardGallery-btn\"><i class=\"fa fa-link\"><\/i><\/span><\/span>\t\t\t\t\t<\/div>\n\t\t\t\t<\/div>\n\t\t\t\t\t\t\t\n\t\t\t\t<div\n\t\t\t\t\tclass=\"m-cegCarousel__item\"\n\t\t\t\t\tdata-type=\"image\"\n\t\t\t\t\tdata-id=\"1\/3\/Foto\u03013-Mercedes-mu\u0301zeum_re\u0301gise\u0301gek_batch\"\n\t\t\t\t\tdata-image-url=\"https:\/\/www.startlap.hu\/utazas\/uploads\/sites\/3\/2023\/11\/Foto\u03013-Mercedes-mu\u0301zeum_re\u0301gise\u0301gek_batch.jpg\"\n\t\t\t\t\tdata-title=\"Foto\u03013 Mercedes mu\u0301zeum_re\u0301gise\u0301gek_batch\"\n\t\t\t\t\tdata-desc=\"R\u00e9gis\u00e9g a Mercedes m\u00fazeumban\">\n\n\t\t\t\t\t<!-- image -->\n\t\t\t\t\t<div class=\"m-cegCarousel__floatingCnt\">\n\t\t\t\t\t\t<img decoding=\"async\" src=\"https:\/\/www.startlap.hu\/utazas\/uploads\/sites\/3\/2023\/11\/Foto\u03013-Mercedes-mu\u0301zeum_re\u0301gise\u0301gek_batch.jpg\" class=\"m-cegCarousel__image\" alt=\"\" \/>\t\t\t\t\t\t<span class=\"fa m-cegCarousel__zoom _ce_measure_link _ce_measure_widget\" data-ce-measure-widget=\"gallery-zoom-btn\"><\/span>\n\t\t\t\t\t<\/div>\n\n\t\t\t\t\t<!-- thumb icon \/ counter, caption  -->\n\t\t\t\t\t<div class=\"m-cegCarousel__captionCnt m-cegCaption\">\n\t\t\t\t\t\t<span class=\"m-cegCaption__thumbIcon a-cegThumbIcon _ce_measure_widget _ce_measure_link\"\n\t\t\t\t\t\t\t  data-ce-measure-widget=\"thumbnails-btn\"\n\t\t\t\t\t\t\t  data-ce-measure-widget=\"gallery-thumbnails\"><i class=\" fa fa-th-large\"><\/i><\/span>\n\t\t\t\t\t\t<span class=\"m-cegCaption__pagination a-cegPagination\">\n\t\t\t\t\t\t\t<span class=\"a-cegPagination__current\">3<\/span>\/12\t\t\t\t\t\t<\/span>\n\t\t\t\t\t\t<span class=\"m-cegCaption__caption\">Foto\u03013 Mercedes mu\u0301zeum_re\u0301gise\u0301gek_batch<\/span>\n\t\t\t\t\t<\/div>\n\n\t\t\t\t\t<!-- Image description -->\n\t\t\t\t\t<div class=\"m-cegCarousel__desc a-cegDesc\">R\u00e9gis\u00e9g a Mercedes m\u00fazeumban<\/div>\n\n\t\t\t\t\t<!-- Image social share icons -->\n\t\t\t\t\t<div class=\"m-cegCarousel__socialCnt m-cegSocial\">\n\t\t\t\t\t\t<span class=\"m-cegSocial__text\">Fot\u00f3 megoszt\u00e1sa:<\/span><span class=\"m-cegSocial__iconWrap\"><span class=\"m-cegSocial__icon -facebook _ce_measure_link _ce_measure_widget\" data-ce-measure-widget=\"facebookGallery-btn\"><i class=\"fab fa-facebook-f\"><\/i><\/span><span class=\"m-cegSocial__icon -pinterest _ce_measure_link _ce_measure_widget\" data-ce-measure-widget=\"printeresGallery-btn\"><i class=\"fab fa-pinterest-p\"><\/i><\/span><span class=\"m-cegSocial__icon -email _ce_measure_link _ce_measure_widget\" data-ce-measure-widget=\"emailGallery-btn\"><i class=\"far fa-envelope\"><\/i><\/span><span class=\"m-cegSocial__icon -clipboard _ce_measure_link _ce_measure_widget\" data-ce-measure-widget=\"clipboardGallery-btn\"><i class=\"fa fa-link\"><\/i><\/span><\/span>\t\t\t\t\t<\/div>\n\t\t\t\t<\/div>\n\t\t\t\t\t\t\t\t\t\t\t\t<div\n\t\t\t\t\t\tclass=\"m-cegCarousel__item -banner\"\n\t\t\t\t\t\tdata-type=\"banner\"\n\t\t\t\t\t\tdata-id=\"1\/4\/banner\"\n\t\t\t\t\t\tdata-image-url=\"\"\n\t\t\t\t\t\tdata-title=\"\"\n\t\t\t\t\t\tdata-desc=\"\">\n\n\t\t\t\t\t\t<div class=\"m-cegCarousel__floatingCnt banner-container gallery-content010\"><\/div>\n\n\t\t\t\t\t<\/div>\n\t\t\t\t\t\t\t\t\t\n\t\t\t\t<div\n\t\t\t\t\tclass=\"m-cegCarousel__item\"\n\t\t\t\t\tdata-type=\"image\"\n\t\t\t\t\tdata-id=\"1\/5\/Foto\u03014-Mercedes-mu\u0301zeum_batch\"\n\t\t\t\t\tdata-image-url=\"https:\/\/www.startlap.hu\/utazas\/uploads\/sites\/3\/2023\/11\/Foto\u03014-Mercedes-mu\u0301zeum_batch.jpg\"\n\t\t\t\t\tdata-title=\"Mercedes mu\u0301zeum\"\n\t\t\t\t\tdata-desc=\"Emil Jellinek els\u0151 h\u00e1zass\u00e1g\u00e1b\u00f3l sz\u00fcletett l\u00e1ny\u00e1r\u00f3l, Mercedesr\u0151l kapta a csapata a nev\u00e9t\">\n\n\t\t\t\t\t<!-- image -->\n\t\t\t\t\t<div class=\"m-cegCarousel__floatingCnt\">\n\t\t\t\t\t\t<img decoding=\"async\" src=\"https:\/\/www.startlap.hu\/utazas\/uploads\/sites\/3\/2023\/11\/Foto\u03014-Mercedes-mu\u0301zeum_batch.jpg\" class=\"m-cegCarousel__image\" alt=\"\" \/>\t\t\t\t\t\t<span class=\"fa m-cegCarousel__zoom _ce_measure_link _ce_measure_widget\" data-ce-measure-widget=\"gallery-zoom-btn\"><\/span>\n\t\t\t\t\t<\/div>\n\n\t\t\t\t\t<!-- thumb icon \/ counter, caption  -->\n\t\t\t\t\t<div class=\"m-cegCarousel__captionCnt m-cegCaption\">\n\t\t\t\t\t\t<span class=\"m-cegCaption__thumbIcon a-cegThumbIcon _ce_measure_widget _ce_measure_link\"\n\t\t\t\t\t\t\t  data-ce-measure-widget=\"thumbnails-btn\"\n\t\t\t\t\t\t\t  data-ce-measure-widget=\"gallery-thumbnails\"><i class=\" fa fa-th-large\"><\/i><\/span>\n\t\t\t\t\t\t<span class=\"m-cegCaption__pagination a-cegPagination\">\n\t\t\t\t\t\t\t<span class=\"a-cegPagination__current\">5<\/span>\/12\t\t\t\t\t\t<\/span>\n\t\t\t\t\t\t<span class=\"m-cegCaption__caption\">Mercedes mu\u0301zeum<\/span>\n\t\t\t\t\t<\/div>\n\n\t\t\t\t\t<!-- Image description -->\n\t\t\t\t\t<div class=\"m-cegCarousel__desc a-cegDesc\">Emil Jellinek els\u0151 h\u00e1zass\u00e1g\u00e1b\u00f3l sz\u00fcletett l\u00e1ny\u00e1r\u00f3l, Mercedesr\u0151l kapta a csapata a nev\u00e9t<\/div>\n\n\t\t\t\t\t<!-- Image social share icons -->\n\t\t\t\t\t<div class=\"m-cegCarousel__socialCnt m-cegSocial\">\n\t\t\t\t\t\t<span class=\"m-cegSocial__text\">Fot\u00f3 megoszt\u00e1sa:<\/span><span class=\"m-cegSocial__iconWrap\"><span class=\"m-cegSocial__icon -facebook _ce_measure_link _ce_measure_widget\" data-ce-measure-widget=\"facebookGallery-btn\"><i class=\"fab fa-facebook-f\"><\/i><\/span><span class=\"m-cegSocial__icon -pinterest _ce_measure_link _ce_measure_widget\" data-ce-measure-widget=\"printeresGallery-btn\"><i class=\"fab fa-pinterest-p\"><\/i><\/span><span class=\"m-cegSocial__icon -email _ce_measure_link _ce_measure_widget\" data-ce-measure-widget=\"emailGallery-btn\"><i class=\"far fa-envelope\"><\/i><\/span><span class=\"m-cegSocial__icon -clipboard _ce_measure_link _ce_measure_widget\" data-ce-measure-widget=\"clipboardGallery-btn\"><i class=\"fa fa-link\"><\/i><\/span><\/span>\t\t\t\t\t<\/div>\n\t\t\t\t<\/div>\n\t\t\t\t\t\t\t\n\t\t\t\t<div\n\t\t\t\t\tclass=\"m-cegCarousel__item\"\n\t\t\t\t\tdata-type=\"image\"\n\t\t\t\t\tdata-id=\"1\/6\/Foto\u03015-Mercedes-mu\u0301zeum_batch\"\n\t\t\t\t\tdata-image-url=\"https:\/\/www.startlap.hu\/utazas\/uploads\/sites\/3\/2023\/11\/Foto\u03015-Mercedes-mu\u0301zeum_batch.jpg\"\n\t\t\t\t\tdata-title=\"Foto\u03015 Mercedes mu\u0301zeum_batch\"\n\t\t\t\t\tdata-desc=\"Egy gy\u00f6ny\u00f6r\u0171s\u00e9g a mercedes m\u00fazeumban\">\n\n\t\t\t\t\t<!-- image -->\n\t\t\t\t\t<div class=\"m-cegCarousel__floatingCnt\">\n\t\t\t\t\t\t<img decoding=\"async\" src=\"https:\/\/www.startlap.hu\/utazas\/uploads\/sites\/3\/2023\/11\/Foto\u03015-Mercedes-mu\u0301zeum_batch.jpg\" class=\"m-cegCarousel__image\" alt=\"\" \/>\t\t\t\t\t\t<span class=\"fa m-cegCarousel__zoom _ce_measure_link _ce_measure_widget\" data-ce-measure-widget=\"gallery-zoom-btn\"><\/span>\n\t\t\t\t\t<\/div>\n\n\t\t\t\t\t<!-- thumb icon \/ counter, caption  -->\n\t\t\t\t\t<div class=\"m-cegCarousel__captionCnt m-cegCaption\">\n\t\t\t\t\t\t<span class=\"m-cegCaption__thumbIcon a-cegThumbIcon _ce_measure_widget _ce_measure_link\"\n\t\t\t\t\t\t\t  data-ce-measure-widget=\"thumbnails-btn\"\n\t\t\t\t\t\t\t  data-ce-measure-widget=\"gallery-thumbnails\"><i class=\" fa fa-th-large\"><\/i><\/span>\n\t\t\t\t\t\t<span class=\"m-cegCaption__pagination a-cegPagination\">\n\t\t\t\t\t\t\t<span class=\"a-cegPagination__current\">6<\/span>\/12\t\t\t\t\t\t<\/span>\n\t\t\t\t\t\t<span class=\"m-cegCaption__caption\">Foto\u03015 Mercedes mu\u0301zeum_batch<\/span>\n\t\t\t\t\t<\/div>\n\n\t\t\t\t\t<!-- Image description -->\n\t\t\t\t\t<div class=\"m-cegCarousel__desc a-cegDesc\">Egy gy\u00f6ny\u00f6r\u0171s\u00e9g a mercedes m\u00fazeumban<\/div>\n\n\t\t\t\t\t<!-- Image social share icons -->\n\t\t\t\t\t<div class=\"m-cegCarousel__socialCnt m-cegSocial\">\n\t\t\t\t\t\t<span class=\"m-cegSocial__text\">Fot\u00f3 megoszt\u00e1sa:<\/span><span class=\"m-cegSocial__iconWrap\"><span class=\"m-cegSocial__icon -facebook _ce_measure_link _ce_measure_widget\" data-ce-measure-widget=\"facebookGallery-btn\"><i class=\"fab fa-facebook-f\"><\/i><\/span><span class=\"m-cegSocial__icon -pinterest _ce_measure_link _ce_measure_widget\" data-ce-measure-widget=\"printeresGallery-btn\"><i class=\"fab fa-pinterest-p\"><\/i><\/span><span class=\"m-cegSocial__icon -email _ce_measure_link _ce_measure_widget\" data-ce-measure-widget=\"emailGallery-btn\"><i class=\"far fa-envelope\"><\/i><\/span><span class=\"m-cegSocial__icon -clipboard _ce_measure_link _ce_measure_widget\" data-ce-measure-widget=\"clipboardGallery-btn\"><i class=\"fa fa-link\"><\/i><\/span><\/span>\t\t\t\t\t<\/div>\n\t\t\t\t<\/div>\n\t\t\t\t\t\t\t\n\t\t\t\t<div\n\t\t\t\t\tclass=\"m-cegCarousel__item\"\n\t\t\t\t\tdata-type=\"image\"\n\t\t\t\t\tdata-id=\"1\/7\/Foto\u03016-Porsche-mu\u0301zeum-e\u0301pu\u0308lete_batch\"\n\t\t\t\t\tdata-image-url=\"https:\/\/www.startlap.hu\/utazas\/uploads\/sites\/3\/2023\/11\/Foto\u03016-Porsche-mu\u0301zeum-e\u0301pu\u0308lete_batch.jpg\"\n\t\t\t\t\tdata-title=\"Foto\u03016 Porsche mu\u0301zeum e\u0301pu\u0308lete_batch\"\n\t\t\t\t\tdata-desc=\"A Porsche m\u00fazeum\">\n\n\t\t\t\t\t<!-- image -->\n\t\t\t\t\t<div class=\"m-cegCarousel__floatingCnt\">\n\t\t\t\t\t\t<img decoding=\"async\" src=\"https:\/\/www.startlap.hu\/utazas\/uploads\/sites\/3\/2023\/11\/Foto\u03016-Porsche-mu\u0301zeum-e\u0301pu\u0308lete_batch.jpg\" class=\"m-cegCarousel__image\" alt=\"\" \/>\t\t\t\t\t\t<span class=\"fa m-cegCarousel__zoom _ce_measure_link _ce_measure_widget\" data-ce-measure-widget=\"gallery-zoom-btn\"><\/span>\n\t\t\t\t\t<\/div>\n\n\t\t\t\t\t<!-- thumb icon \/ counter, caption  -->\n\t\t\t\t\t<div class=\"m-cegCarousel__captionCnt m-cegCaption\">\n\t\t\t\t\t\t<span class=\"m-cegCaption__thumbIcon a-cegThumbIcon _ce_measure_widget _ce_measure_link\"\n\t\t\t\t\t\t\t  data-ce-measure-widget=\"thumbnails-btn\"\n\t\t\t\t\t\t\t  data-ce-measure-widget=\"gallery-thumbnails\"><i class=\" fa fa-th-large\"><\/i><\/span>\n\t\t\t\t\t\t<span class=\"m-cegCaption__pagination a-cegPagination\">\n\t\t\t\t\t\t\t<span class=\"a-cegPagination__current\">7<\/span>\/12\t\t\t\t\t\t<\/span>\n\t\t\t\t\t\t<span class=\"m-cegCaption__caption\">Foto\u03016 Porsche mu\u0301zeum e\u0301pu\u0308lete_batch<\/span>\n\t\t\t\t\t<\/div>\n\n\t\t\t\t\t<!-- Image description -->\n\t\t\t\t\t<div class=\"m-cegCarousel__desc a-cegDesc\">A Porsche m\u00fazeum<\/div>\n\n\t\t\t\t\t<!-- Image social share icons -->\n\t\t\t\t\t<div class=\"m-cegCarousel__socialCnt m-cegSocial\">\n\t\t\t\t\t\t<span class=\"m-cegSocial__text\">Fot\u00f3 megoszt\u00e1sa:<\/span><span class=\"m-cegSocial__iconWrap\"><span class=\"m-cegSocial__icon -facebook _ce_measure_link _ce_measure_widget\" data-ce-measure-widget=\"facebookGallery-btn\"><i class=\"fab fa-facebook-f\"><\/i><\/span><span class=\"m-cegSocial__icon -pinterest _ce_measure_link _ce_measure_widget\" data-ce-measure-widget=\"printeresGallery-btn\"><i class=\"fab fa-pinterest-p\"><\/i><\/span><span class=\"m-cegSocial__icon -email _ce_measure_link _ce_measure_widget\" data-ce-measure-widget=\"emailGallery-btn\"><i class=\"far fa-envelope\"><\/i><\/span><span class=\"m-cegSocial__icon -clipboard _ce_measure_link _ce_measure_widget\" data-ce-measure-widget=\"clipboardGallery-btn\"><i class=\"fa fa-link\"><\/i><\/span><\/span>\t\t\t\t\t<\/div>\n\t\t\t\t<\/div>\n\t\t\t\t\t\t\t\t\t\t\t\t<div\n\t\t\t\t\t\tclass=\"m-cegCarousel__item -banner\"\n\t\t\t\t\t\tdata-type=\"banner\"\n\t\t\t\t\t\tdata-id=\"1\/8\/banner\"\n\t\t\t\t\t\tdata-image-url=\"\"\n\t\t\t\t\t\tdata-title=\"\"\n\t\t\t\t\t\tdata-desc=\"\">\n\n\t\t\t\t\t\t<div class=\"m-cegCarousel__floatingCnt banner-container gallery-content020\"><\/div>\n\n\t\t\t\t\t<\/div>\n\t\t\t\t\t\t\t\t\t\n\t\t\t\t<div\n\t\t\t\t\tclass=\"m-cegCarousel__item\"\n\t\t\t\t\tdata-type=\"image\"\n\t\t\t\t\tdata-id=\"1\/9\/Foto\u03017_Porsche-mu\u0301zeum_sascha_batch\"\n\t\t\t\t\tdata-image-url=\"https:\/\/www.startlap.hu\/utazas\/uploads\/sites\/3\/2023\/11\/Foto\u03017_Porsche-mu\u0301zeum_sascha_batch.jpg\"\n\t\t\t\t\tdata-title=\"Foto\u03017_Porsche mu\u0301zeum_sascha_batch\"\n\t\t\t\t\tdata-desc=\"Porsche aut\u00f3ja m\u00e1r 80 km-t tudott futni egy felt\u00f6lt\u00e9ssel.\">\n\n\t\t\t\t\t<!-- image -->\n\t\t\t\t\t<div class=\"m-cegCarousel__floatingCnt\">\n\t\t\t\t\t\t<img decoding=\"async\" src=\"https:\/\/www.startlap.hu\/utazas\/uploads\/sites\/3\/2023\/11\/Foto\u03017_Porsche-mu\u0301zeum_sascha_batch.jpg\" class=\"m-cegCarousel__image\" alt=\"\" \/>\t\t\t\t\t\t<span class=\"fa m-cegCarousel__zoom _ce_measure_link _ce_measure_widget\" data-ce-measure-widget=\"gallery-zoom-btn\"><\/span>\n\t\t\t\t\t<\/div>\n\n\t\t\t\t\t<!-- thumb icon \/ counter, caption  -->\n\t\t\t\t\t<div class=\"m-cegCarousel__captionCnt m-cegCaption\">\n\t\t\t\t\t\t<span class=\"m-cegCaption__thumbIcon a-cegThumbIcon _ce_measure_widget _ce_measure_link\"\n\t\t\t\t\t\t\t  data-ce-measure-widget=\"thumbnails-btn\"\n\t\t\t\t\t\t\t  data-ce-measure-widget=\"gallery-thumbnails\"><i class=\" fa fa-th-large\"><\/i><\/span>\n\t\t\t\t\t\t<span class=\"m-cegCaption__pagination a-cegPagination\">\n\t\t\t\t\t\t\t<span class=\"a-cegPagination__current\">9<\/span>\/12\t\t\t\t\t\t<\/span>\n\t\t\t\t\t\t<span class=\"m-cegCaption__caption\">Foto\u03017_Porsche mu\u0301zeum_sascha_batch<\/span>\n\t\t\t\t\t<\/div>\n\n\t\t\t\t\t<!-- Image description -->\n\t\t\t\t\t<div class=\"m-cegCarousel__desc a-cegDesc\">Porsche aut\u00f3ja m\u00e1r 80 km-t tudott futni egy felt\u00f6lt\u00e9ssel.<\/div>\n\n\t\t\t\t\t<!-- Image social share icons -->\n\t\t\t\t\t<div class=\"m-cegCarousel__socialCnt m-cegSocial\">\n\t\t\t\t\t\t<span class=\"m-cegSocial__text\">Fot\u00f3 megoszt\u00e1sa:<\/span><span class=\"m-cegSocial__iconWrap\"><span class=\"m-cegSocial__icon -facebook _ce_measure_link _ce_measure_widget\" data-ce-measure-widget=\"facebookGallery-btn\"><i class=\"fab fa-facebook-f\"><\/i><\/span><span class=\"m-cegSocial__icon -pinterest _ce_measure_link _ce_measure_widget\" data-ce-measure-widget=\"printeresGallery-btn\"><i class=\"fab fa-pinterest-p\"><\/i><\/span><span class=\"m-cegSocial__icon -email _ce_measure_link _ce_measure_widget\" data-ce-measure-widget=\"emailGallery-btn\"><i class=\"far fa-envelope\"><\/i><\/span><span class=\"m-cegSocial__icon -clipboard _ce_measure_link _ce_measure_widget\" data-ce-measure-widget=\"clipboardGallery-btn\"><i class=\"fa fa-link\"><\/i><\/span><\/span>\t\t\t\t\t<\/div>\n\t\t\t\t<\/div>\n\t\t\t\t\t\t\t\n\t\t\t\t<div\n\t\t\t\t\tclass=\"m-cegCarousel__item\"\n\t\t\t\t\tdata-type=\"image\"\n\t\t\t\t\tdata-id=\"1\/10\/Foto\u03018-Porsche-mu\u0301zeum-Boga\u0301r_batch\"\n\t\t\t\t\tdata-image-url=\"https:\/\/www.startlap.hu\/utazas\/uploads\/sites\/3\/2023\/11\/Foto\u03018-Porsche-mu\u0301zeum-Boga\u0301r_batch.jpg\"\n\t\t\t\t\tdata-title=\"Foto\u03018 Porsche mu\u0301zeum Boga\u0301r_batch\"\n\t\t\t\t\tdata-desc=\"A b\u00e1dogostanoncb\u00f3l lett aut\u00f3gy\u00e1rt\u00f3 Porsche p\u00e1r \u00e9vtized alatt alkotott egy hibrid aut\u00f3t, p\u00e1r Mercedes modellt, a Volkswagen Bogarat, a Tigris tankot \u00e9s a h\u00edres Renault Dauphine-t.\">\n\n\t\t\t\t\t<!-- image -->\n\t\t\t\t\t<div class=\"m-cegCarousel__floatingCnt\">\n\t\t\t\t\t\t<img decoding=\"async\" src=\"https:\/\/www.startlap.hu\/utazas\/uploads\/sites\/3\/2023\/11\/Foto\u03018-Porsche-mu\u0301zeum-Boga\u0301r_batch.jpg\" class=\"m-cegCarousel__image\" alt=\"\" \/>\t\t\t\t\t\t<span class=\"fa m-cegCarousel__zoom _ce_measure_link _ce_measure_widget\" data-ce-measure-widget=\"gallery-zoom-btn\"><\/span>\n\t\t\t\t\t<\/div>\n\n\t\t\t\t\t<!-- thumb icon \/ counter, caption  -->\n\t\t\t\t\t<div class=\"m-cegCarousel__captionCnt m-cegCaption\">\n\t\t\t\t\t\t<span class=\"m-cegCaption__thumbIcon a-cegThumbIcon _ce_measure_widget _ce_measure_link\"\n\t\t\t\t\t\t\t  data-ce-measure-widget=\"thumbnails-btn\"\n\t\t\t\t\t\t\t  data-ce-measure-widget=\"gallery-thumbnails\"><i class=\" fa fa-th-large\"><\/i><\/span>\n\t\t\t\t\t\t<span class=\"m-cegCaption__pagination a-cegPagination\">\n\t\t\t\t\t\t\t<span class=\"a-cegPagination__current\">10<\/span>\/12\t\t\t\t\t\t<\/span>\n\t\t\t\t\t\t<span class=\"m-cegCaption__caption\">Foto\u03018 Porsche mu\u0301zeum Boga\u0301r_batch<\/span>\n\t\t\t\t\t<\/div>\n\n\t\t\t\t\t<!-- Image description -->\n\t\t\t\t\t<div class=\"m-cegCarousel__desc a-cegDesc\">A b\u00e1dogostanoncb\u00f3l lett aut\u00f3gy\u00e1rt\u00f3 Porsche p\u00e1r \u00e9vtized alatt alkotott egy hibrid aut\u00f3t, p\u00e1r Mercedes modellt, a Volkswagen Bogarat, a Tigris tankot \u00e9s a h\u00edres Renault Dauphine-t.<\/div>\n\n\t\t\t\t\t<!-- Image social share icons -->\n\t\t\t\t\t<div class=\"m-cegCarousel__socialCnt m-cegSocial\">\n\t\t\t\t\t\t<span class=\"m-cegSocial__text\">Fot\u00f3 megoszt\u00e1sa:<\/span><span class=\"m-cegSocial__iconWrap\"><span class=\"m-cegSocial__icon -facebook _ce_measure_link _ce_measure_widget\" data-ce-measure-widget=\"facebookGallery-btn\"><i class=\"fab fa-facebook-f\"><\/i><\/span><span class=\"m-cegSocial__icon -pinterest _ce_measure_link _ce_measure_widget\" data-ce-measure-widget=\"printeresGallery-btn\"><i class=\"fab fa-pinterest-p\"><\/i><\/span><span class=\"m-cegSocial__icon -email _ce_measure_link _ce_measure_widget\" data-ce-measure-widget=\"emailGallery-btn\"><i class=\"far fa-envelope\"><\/i><\/span><span class=\"m-cegSocial__icon -clipboard _ce_measure_link _ce_measure_widget\" data-ce-measure-widget=\"clipboardGallery-btn\"><i class=\"fa fa-link\"><\/i><\/span><\/span>\t\t\t\t\t<\/div>\n\t\t\t\t<\/div>\n\t\t\t\t\t\t\t\n\t\t\t\t<div\n\t\t\t\t\tclass=\"m-cegCarousel__item\"\n\t\t\t\t\tdata-type=\"image\"\n\t\t\t\t\tdata-id=\"1\/11\/Foto\u0301-9-Porsche-mu\u0301zeum-911_batch\"\n\t\t\t\t\tdata-image-url=\"https:\/\/www.startlap.hu\/utazas\/uploads\/sites\/3\/2023\/11\/Foto\u0301-9-Porsche-mu\u0301zeum-911_batch.jpg\"\n\t\t\t\t\tdata-title=\"Foto\u0301 9 Porsche mu\u0301zeum 911_batch\"\n\t\t\t\t\tdata-desc=\"A  h\u00edres 911-est nem Ferdinand Porsche, hanem fia, Ferry \u00e9s unok\u00e1ja, Butzy k\u00e9sz\u00edtette el.\">\n\n\t\t\t\t\t<!-- image -->\n\t\t\t\t\t<div class=\"m-cegCarousel__floatingCnt\">\n\t\t\t\t\t\t<img decoding=\"async\" src=\"https:\/\/www.startlap.hu\/utazas\/uploads\/sites\/3\/2023\/11\/Foto\u0301-9-Porsche-mu\u0301zeum-911_batch.jpg\" class=\"m-cegCarousel__image\" alt=\"\" \/>\t\t\t\t\t\t<span class=\"fa m-cegCarousel__zoom _ce_measure_link _ce_measure_widget\" data-ce-measure-widget=\"gallery-zoom-btn\"><\/span>\n\t\t\t\t\t<\/div>\n\n\t\t\t\t\t<!-- thumb icon \/ counter, caption  -->\n\t\t\t\t\t<div class=\"m-cegCarousel__captionCnt m-cegCaption\">\n\t\t\t\t\t\t<span class=\"m-cegCaption__thumbIcon a-cegThumbIcon _ce_measure_widget _ce_measure_link\"\n\t\t\t\t\t\t\t  data-ce-measure-widget=\"thumbnails-btn\"\n\t\t\t\t\t\t\t  data-ce-measure-widget=\"gallery-thumbnails\"><i class=\" fa fa-th-large\"><\/i><\/span>\n\t\t\t\t\t\t<span class=\"m-cegCaption__pagination a-cegPagination\">\n\t\t\t\t\t\t\t<span class=\"a-cegPagination__current\">11<\/span>\/12\t\t\t\t\t\t<\/span>\n\t\t\t\t\t\t<span class=\"m-cegCaption__caption\">Foto\u0301 9 Porsche mu\u0301zeum 911_batch<\/span>\n\t\t\t\t\t<\/div>\n\n\t\t\t\t\t<!-- Image description -->\n\t\t\t\t\t<div class=\"m-cegCarousel__desc a-cegDesc\">A  h\u00edres 911-est nem Ferdinand Porsche, hanem fia, Ferry \u00e9s unok\u00e1ja, Butzy k\u00e9sz\u00edtette el.<\/div>\n\n\t\t\t\t\t<!-- Image social share icons -->\n\t\t\t\t\t<div class=\"m-cegCarousel__socialCnt m-cegSocial\">\n\t\t\t\t\t\t<span class=\"m-cegSocial__text\">Fot\u00f3 megoszt\u00e1sa:<\/span><span class=\"m-cegSocial__iconWrap\"><span class=\"m-cegSocial__icon -facebook _ce_measure_link _ce_measure_widget\" data-ce-measure-widget=\"facebookGallery-btn\"><i class=\"fab fa-facebook-f\"><\/i><\/span><span class=\"m-cegSocial__icon -pinterest _ce_measure_link _ce_measure_widget\" data-ce-measure-widget=\"printeresGallery-btn\"><i class=\"fab fa-pinterest-p\"><\/i><\/span><span class=\"m-cegSocial__icon -email _ce_measure_link _ce_measure_widget\" data-ce-measure-widget=\"emailGallery-btn\"><i class=\"far fa-envelope\"><\/i><\/span><span class=\"m-cegSocial__icon -clipboard _ce_measure_link _ce_measure_widget\" data-ce-measure-widget=\"clipboardGallery-btn\"><i class=\"fa fa-link\"><\/i><\/span><\/span>\t\t\t\t\t<\/div>\n\t\t\t\t<\/div>\n\t\t\t\t\t\t\t\t\t\t\t\t<div\n\t\t\t\t\t\tclass=\"m-cegCarousel__item -banner\"\n\t\t\t\t\t\tdata-type=\"banner\"\n\t\t\t\t\t\tdata-id=\"1\/12\/banner\"\n\t\t\t\t\t\tdata-image-url=\"\"\n\t\t\t\t\t\tdata-title=\"\"\n\t\t\t\t\t\tdata-desc=\"\">\n\n\t\t\t\t\t\t<div class=\"m-cegCarousel__floatingCnt banner-container gallery-content030\"><\/div>\n\n\t\t\t\t\t<\/div>\n\t\t\t\t\t\t\t\t\t\t<\/div>\n\t\t<div class=\"m-cegLayer__thumbnails m-cegThumbList _ce_measure_widget\" data-ce-measure-widget=\"gallery-thumb-list\">\n\t\t\t\t\t\t\t\t\t\t\t<div class=\"m-cegThumbList__item\"\n\t\t\t\t\tdata-id=\"1\/1\/Foto\u03011-Porsche-mu\u0301zeum_batch\"\n\t\t\t\t\tdata-index=\"0\">\n\t\t\t\t\t<img decoding=\"async\" src=\"https:\/\/www.startlap.hu\/utazas\/uploads\/sites\/3\/2023\/11\/Foto\u03011-Porsche-mu\u0301zeum_batch.jpg\" class=\"m-cegThumbList__image _ce_measure_link\" alt=\"\" \/>\t\t\t\t<\/div>\n\t\t\t\t\t\t\t\t\t\t\t<div class=\"m-cegThumbList__item\"\n\t\t\t\t\tdata-id=\"1\/2\/Foto\u03012-Mercedes-mu\u0301zeum-e\u0301pu\u0308lete_batch\"\n\t\t\t\t\tdata-index=\"1\">\n\t\t\t\t\t<img decoding=\"async\" src=\"https:\/\/www.startlap.hu\/utazas\/uploads\/sites\/3\/2023\/11\/Foto\u03012-Mercedes-mu\u0301zeum-e\u0301pu\u0308lete_batch.jpg\" class=\"m-cegThumbList__image _ce_measure_link\" alt=\"\" \/>\t\t\t\t<\/div>\n\t\t\t\t\t\t\t\t\t\t\t<div class=\"m-cegThumbList__item\"\n\t\t\t\t\tdata-id=\"1\/3\/Foto\u03013-Mercedes-mu\u0301zeum_re\u0301gise\u0301gek_batch\"\n\t\t\t\t\tdata-index=\"2\">\n\t\t\t\t\t<img decoding=\"async\" src=\"https:\/\/www.startlap.hu\/utazas\/uploads\/sites\/3\/2023\/11\/Foto\u03013-Mercedes-mu\u0301zeum_re\u0301gise\u0301gek_batch.jpg\" class=\"m-cegThumbList__image _ce_measure_link\" alt=\"\" \/>\t\t\t\t<\/div>\n\t\t\t\t\t\t\t\t\t\t\t\t\t\t\t<div class=\"m-cegThumbList__item\"\n\t\t\t\t\tdata-id=\"1\/5\/Foto\u03014-Mercedes-mu\u0301zeum_batch\"\n\t\t\t\t\tdata-index=\"4\">\n\t\t\t\t\t<img decoding=\"async\" src=\"https:\/\/www.startlap.hu\/utazas\/uploads\/sites\/3\/2023\/11\/Foto\u03014-Mercedes-mu\u0301zeum_batch.jpg\" class=\"m-cegThumbList__image _ce_measure_link\" alt=\"\" \/>\t\t\t\t<\/div>\n\t\t\t\t\t\t\t\t\t\t\t<div class=\"m-cegThumbList__item\"\n\t\t\t\t\tdata-id=\"1\/6\/Foto\u03015-Mercedes-mu\u0301zeum_batch\"\n\t\t\t\t\tdata-index=\"5\">\n\t\t\t\t\t<img decoding=\"async\" src=\"https:\/\/www.startlap.hu\/utazas\/uploads\/sites\/3\/2023\/11\/Foto\u03015-Mercedes-mu\u0301zeum_batch.jpg\" class=\"m-cegThumbList__image _ce_measure_link\" alt=\"\" \/>\t\t\t\t<\/div>\n\t\t\t\t\t\t\t\t\t\t\t<div class=\"m-cegThumbList__item\"\n\t\t\t\t\tdata-id=\"1\/7\/Foto\u03016-Porsche-mu\u0301zeum-e\u0301pu\u0308lete_batch\"\n\t\t\t\t\tdata-index=\"6\">\n\t\t\t\t\t<img decoding=\"async\" src=\"https:\/\/www.startlap.hu\/utazas\/uploads\/sites\/3\/2023\/11\/Foto\u03016-Porsche-mu\u0301zeum-e\u0301pu\u0308lete_batch.jpg\" class=\"m-cegThumbList__image _ce_measure_link\" alt=\"\" \/>\t\t\t\t<\/div>\n\t\t\t\t\t\t\t\t\t\t\t\t\t\t\t<div class=\"m-cegThumbList__item\"\n\t\t\t\t\tdata-id=\"1\/9\/Foto\u03017_Porsche-mu\u0301zeum_sascha_batch\"\n\t\t\t\t\tdata-index=\"8\">\n\t\t\t\t\t<img decoding=\"async\" src=\"https:\/\/www.startlap.hu\/utazas\/uploads\/sites\/3\/2023\/11\/Foto\u03017_Porsche-mu\u0301zeum_sascha_batch.jpg\" class=\"m-cegThumbList__image _ce_measure_link\" alt=\"\" \/>\t\t\t\t<\/div>\n\t\t\t\t\t\t\t\t\t\t\t<div class=\"m-cegThumbList__item\"\n\t\t\t\t\tdata-id=\"1\/10\/Foto\u03018-Porsche-mu\u0301zeum-Boga\u0301r_batch\"\n\t\t\t\t\tdata-index=\"9\">\n\t\t\t\t\t<img decoding=\"async\" src=\"https:\/\/www.startlap.hu\/utazas\/uploads\/sites\/3\/2023\/11\/Foto\u03018-Porsche-mu\u0301zeum-Boga\u0301r_batch.jpg\" class=\"m-cegThumbList__image _ce_measure_link\" alt=\"\" \/>\t\t\t\t<\/div>\n\t\t\t\t\t\t\t\t\t\t\t<div class=\"m-cegThumbList__item\"\n\t\t\t\t\tdata-id=\"1\/11\/Foto\u0301-9-Porsche-mu\u0301zeum-911_batch\"\n\t\t\t\t\tdata-index=\"10\">\n\t\t\t\t\t<img decoding=\"async\" src=\"https:\/\/www.startlap.hu\/utazas\/uploads\/sites\/3\/2023\/11\/Foto\u0301-9-Porsche-mu\u0301zeum-911_batch.jpg\" class=\"m-cegThumbList__image _ce_measure_link\" alt=\"\" \/>\t\t\t\t<\/div>\n\t\t\t\t\t\t\t\t\t<\/div>\n\t<\/div>\n\t<div class=\"m-cegLayer__sidebar m-cegSidebar _ce_measure_widget\" data-ce-measure-widget=\"gallery-sidebar\">\n\n\t\t<div class=\"m-cegSidebar__desc a-cegDesc _ce_measure_widget\" data-ce-measure-widget=\"gallery-desc\"><\/div>\n\n\t\t<div class=\"m-cegSidebar__socialCnt m-cegSocial -sidebar _ce_measure_widget\" data-ce-measure-widget=\"gallery-social\">\n\t\t\t<span class=\"m-cegSocial__text\">Fot\u00f3 megoszt\u00e1sa:<\/span><span class=\"m-cegSocial__iconWrap\"><span class=\"m-cegSocial__icon -facebook _ce_measure_link _ce_measure_widget\" data-ce-measure-widget=\"facebookGallery-btn\"><i class=\"fab fa-facebook-f\"><\/i><\/span><span class=\"m-cegSocial__icon -pinterest _ce_measure_link _ce_measure_widget\" data-ce-measure-widget=\"printeresGallery-btn\"><i class=\"fab fa-pinterest-p\"><\/i><\/span><span class=\"m-cegSocial__icon -email _ce_measure_link _ce_measure_widget\" data-ce-measure-widget=\"emailGallery-btn\"><i class=\"far fa-envelope\"><\/i><\/span><span class=\"m-cegSocial__icon -clipboard _ce_measure_link _ce_measure_widget\" data-ce-measure-widget=\"clipboardGallery-btn\"><i class=\"fa fa-link\"><\/i><\/span><\/span>\t\t<\/div>\n\n\t\t<div class=\"gallery-right010 banner-container\"><\/div>\n\t\t<div class=\"gallery-right020 banner-container\"><\/div>\n\n\t<\/div>\n<\/div>\n\t<\/div>\n\n\t<script>\n\t\tjQuery(function () {\n\t\t\tvar id = '#cegPostCnt_1';\n\t\t\tjQuery( id ).articleGallery({\n\t\t\t\tonChanged: function (event) {\n\t\t\t\t\t\tthis.renderSidebarCTS( 'gallery-right010' );\n\t\t\t\t\t\tthis.renderSidebarCTS( 'gallery-right020' );\n\t\t\t\t\t\tthis.renderBannerSlideCTS(  event,\n\t\t\t\t\t\t\t\t\t\t\t\t\t[\n\t\t\t\t\t\t\t\t\t\t\t\t\t\t'gallery-content010',\n\t\t\t\t\t\t\t\t\t\t\t\t\t\t'gallery-content020',\n\t\t\t\t\t\t\t\t\t\t\t\t\t\t'gallery-content030'\n\t\t\t\t\t\t\t\t\t\t\t\t\t]);\n\t\t\t\t}\n\t\t\t});\n\t\t});\n\t<\/script>\t\n<h2>A Mercedes \u2013 egy kisl\u00e1ny \u00e9s az \u0151 lelkes pap\u00e1ja<\/h2>\n<p><strong>A stuttgarti <a href=\"https:\/\/www.mercedes-benz.com\/en\/art-and-culture\/museum\/\" target=\"_blank\" target=\"_blank\" rel=\"noopener noreferrer\">Mercedes m\u00fazeum<\/a><\/strong> \u00e9p\u00fclete k\u00edv\u00fclr\u0151l olyan, mintha egy, a 23. sz\u00e1zadban j\u00e1tsz\u00f3d\u00f3 sci-fib\u0151l pottyant volna Stuttgart k\u00f6zep\u00e9re. Nem egy tipikus m\u00fazeum\u00e9p\u00fclet, a m\u00faltba tekint\u00e9s helyett sokkal ink\u00e1bb \u00fczeni a l\u00e1togat\u00f3knak az \u00e1lland\u00f3 fejl\u0151d\u00e9st \u00e9s a modernit\u00e1st.<\/p>\n<p>A bels\u0151 t\u00e9r a Mercedes-jel egy-egy \u00e1g\u00e1n felfel\u00e9 k\u00fasz\u00f3 liftekkel, a t\u00f6bbszintes fut\u00f3szalagra hasonl\u00edt\u00f3 ki\u00e1ll\u00edt\u00e1si t\u00e9rrel, a sok-sok szem\u00e9ly- \u00e9s teheraut\u00f3val, a vizion\u00e1lt modellekkel, szimul\u00e1torokkal s a tucatnyi m\u0171szaki \u00e9rdekess\u00e9ggel \u00f3r\u00e1kra ny\u00fajt sz\u00f3rakoz\u00e1st.<\/p>\n<p>Az aut\u00f3k mellett nemcsak a Mercedes fejl\u0151d\u00e9st\u00f6rt\u00e9nete bontakozik ki, hanem felvillannak az adott kor f\u0151bb t\u00f6rt\u00e9nelmi esem\u00e9nyei is. A Daimler \u00e9s Benz c\u00e9g (eleinte k\u00fcl\u00f6n, majd egy c\u00e9g keret\u00e9ben m\u0171k\u00f6dtek) t\u00f6rt\u00e9netei k\u00f6z\u00fcl sz\u00e1momra itt a n\u00e9vad\u00e1s sztorija volt megkap\u00f3.&nbsp; <strong>A Mercedes n\u00e9v ugyanis egy, a fenti c\u00e9geken k\u00edv\u00fcli gazdag \u00fczletemberhez k\u00f6thet\u0151, aki az Osztr\u00e1k\u2013Magyar Monarchia egyik diplomat\u00e1ja is volt.<\/strong><\/p>\n<p><strong>Emil Jellinek<\/strong> meggy\u0151z\u0151d\u00e9ses fejl\u0151d\u00e9sp\u00e1rti volt, \u00e9s azt vallotta, hogy az aut\u00f3k megv\u00e1ltoztatnak mindent a k\u00f6vetkez\u0151 \u00e9vsz\u00e1zadban (a pr\u00f3f\u00e9ta sz\u00f3lt bel\u0151le). M\u00e1r 1897-ben v\u00e1s\u00e1rolt egy hat l\u00f3er\u0151s, sz\u00edjhajt\u00e1s\u00fa k\u00e9thengeres motorral ell\u00e1tott Daimler j\u00e1rm\u0171vet. R\u00f6vid aut\u00f3k\u00e1z\u00e1s ut\u00e1n k\u00f6z\u00f6lte a c\u00e9ggel, hogy a j\u00e1rm\u0171 t\u00fal lass\u00fa, szeretne valami gyorsabbat. \u00cdgy a k\u00f6vetkez\u0151 aut\u00f3ja m\u00e1r nem a 24 km\/h, hanem a 40 km\/h v\u00e9gsebess\u00e9g\u0171 aut\u00f3 lett, amelyet m\u00e1r nemcsak vezetett, hanem \u00e9rt\u00e9kes\u00edteni is kezdett. A sz\u00e1zadfordul\u00f3ra csak \u0151 maga 29 aut\u00f3t adott el \u00fczleti kapcsolatai r\u00e9v\u00e9n. Abban az id\u0151ben ez igen jelent\u0151s t\u00e9telnek sz\u00e1m\u00edtott.<\/p>\n<p>Jellinek \u00e1lland\u00f3an noszogatta a Daimler \u00e9s Benz c\u00e9get, hogy gy\u00e1rtsanak gyorsabb aut\u00f3kat versenyekre.<\/p>\n<p>\u00cdgy t\u00f6rt\u00e9nt, hogy a Nizza melletti aut\u00f3versenyeken felt\u0171nt egy Mercedes nev\u0171 csapat, amely az 1880-as \u00e9vekt\u0151l aut\u00f3kat gy\u00e1rt\u00f3 Daimler \u00e9s Benz c\u00e9g aut\u00f3ival r\u00f3tta a k\u00f6r\u00f6ket.<\/p>\n<blockquote class=\"article__extraTxt\"><p>Az aut\u00f3 vol\u00e1nj\u00e1n\u00e1l pedig Emil Jellinek \u00fclt, aki nem ismert kegyelmet, csak egyet, Mercedest, az els\u0151 h\u00e1zass\u00e1g\u00e1b\u00f3l sz\u00fcletett l\u00e1ny\u00e1t, akir\u0151l a csapat a nev\u00e9t kapta. (A Mercedes n\u00e9v spanyol eredet\u0171, \u00e9s kegyelmet jelent.)&nbsp;<\/p><\/blockquote>\n<p>Az \u00fczletember \u00f3ri\u00e1si potenci\u00e1lt l\u00e1tott az aut\u00f3\u00e9rt\u00e9kes\u00edt\u00e9sben, s j\u00f3 kapcsolatai, valamint komoly t\u0151k\u00e9je r\u00e9v\u00e9n \u00e1lland\u00f3 \u00e9rt\u00e9kes\u00edt\u0151je lett a Daimler aut\u00f3knak. A sz\u00e1zadfordul\u00f3n m\u00e1r a fejleszt\u0151k is neki dolgoztak, hiszen az els\u0151, Wilhelm Maybach \u00e1ltal kifejlesztett 35 l\u00f3er\u0151s versenyaut\u00f3t neki k\u00e9sz\u00edtett\u00e9k el, \u00e9s Mercedes n\u00e9vre keresztelt\u00e9k, amellyel Jellinek vil\u00e1grasz\u00f3l\u00f3 sikert hozott a c\u00e9gnek. K\u00e9t \u00e9vvel k\u00e9s\u0151bb m\u00e1r be is jegyezt\u00e9k a Mercedes m\u00e1rkanevet, amelyet az id\u0151k\u00f6zben fuzion\u00e1l\u00f3 c\u00e9gek aut\u00f3i az\u00f3ta is viselnek.<\/p>\n<p>A stuttgarti Mercedes m\u00fazeumban azonban a n\u00e9v mellett m\u00e9g sz\u00e1mos \u00e9rdekess\u00e9gre bukkanhatunk.<\/p>\n<p><em>Egy fontos tan\u00e1cs: csak akkor menj\u00fcnk be a m\u00fazeumba, ha legal\u00e1bb h\u00e1rom-n\u00e9gy \u00f3r\u00e1t tudunk r\u00e1sz\u00e1nni.<\/em><\/p>\n<h2>A Porsche olyan, mint Alain Delon<\/h2>\n<p>A p\u00e1r \u00e9ve megny\u00edlt <a href=\"https:\/\/www.porsche.com\/germany\/aboutporsche\/porschemuseum\/\" target=\"_blank\" target=\"_blank\" rel=\"noopener noreferrer\"><strong>stuttgarti Porsche m\u00fazeum<\/strong><\/a> \u2013 ahogyan a Mercedes is \u2013 m\u00e1r \u00e9p\u00edt\u00e9szetileg is egy csoda. Az Univerzum fel\u00e9 hajt\u00f3 Porsch\u00e9k Stuttgart-Zuffenhausenben, a nem mindennapi k\u00f6rforgalom k\u00f6zep\u00e9n csak fokozz\u00e1k a hat\u00e1st. A k\u00fcl\u00f6nlegess\u00e9g, az innov\u00e1ci\u00f3, az \u00e1tlagost\u00f3l elt\u00e9r\u0151 az, ami a l\u00e1togat\u00f3 esz\u00e9be jut, amikor meg\u00e9rkezik, na de ennek \u00edgy is kell lennie, hiszen a Porsch\u00e9r\u00f3l is ez jut esz\u00fcnkbe, nem?&nbsp;<\/p>\n<p>Az \u00e9n kedvenc Porsch\u00e9m m\u00e9g mindig a 911-es, lehet fiatal vagy id\u0151s. Szerencs\u00e9re itt D\u00e9l-N\u00e9metorsz\u00e1gban m\u00e9g nap mint nap l\u00e1tni ezeket a modelleket. Kicsit olyan \u00e9rz\u00e9sem van vele szemben, mint az olyan sz\u00edn\u00e9szikonokkal, <strong>mint Alain Delon, akiknek \u00e9ppen olyan j\u00f3l \u00e1ll az \u00f6regs\u00e9g, mint annak idej\u00e9n a fiatals\u00e1g.<\/strong><\/p>\n<p>A Porsche m\u00fazeumban azonban sokkal t\u00f6bb \u00e9rdekess\u00e9gre bukkantam, mint csup\u00e1n a Porsch\u00e9k kin\u00e9zete. \u00c9n p\u00e9ld\u00e1ul eddig nem tudtam, hogy az els\u0151 Porsche elektromos aut\u00f3 volt, \u00e9s t\u00f6bb mint sz\u00e1z \u00e9ve k\u00e9sz\u00edtette el <strong>egy magyar gy\u00f6kerekkel is rendelkez\u0151 gy\u00e1rosn\u00e1l, Egger B\u00e9l\u00e1n\u00e1l Ferdin\u00e1nd Porsche<\/strong> (aki egy\u00e9bk\u00e9nt az Osztr\u00e1k\u2013Magyar Monarchia ter\u00fclet\u00e9n, mint szud\u00e9tan\u00e9met sz\u00fcletett). Porsche aut\u00f3ja m\u00e1r 80 km-t tudott futni egy felt\u00f6lt\u00e9ssel.&nbsp;<\/p>\n<blockquote class=\"article__extraTxt\"><p>Az is meglepett, hogy a b\u00e1dogostanoncb\u00f3l lett aut\u00f3gy\u00e1rt\u00f3 Porsche p\u00e1r \u00e9vtized alatt alkotott egy hibrid aut\u00f3t, p\u00e1r Mercedes modellt, a Volkswagen Bogarat, a Tigris tankot \u00e9s a h\u00edres Renault Dauphine-t.<\/p><\/blockquote>\n<p>Hogy j\u00f6n ide a <strong>kapuz\u00e1r\u00e1si p\u00e1nik<\/strong>? Erre a v\u00e1laszt akkor kapj\u00e1tok meg, <strong>ha a m\u00fazeumban r\u00e1bukkantok a h\u00edres 911-esre.<\/strong> Annyit el\u00e1rulhatok, hogy azt m\u00e1r nem Ferdinand Porsche, hanem fia, Ferry \u00e9s unok\u00e1ja, Butzy k\u00e9sz\u00edtette el.<\/p>\n<h2>August Horch \u00e9s az Audi \u2013 Zwickaut\u00f3l Ingolstadtig<\/h2>\n<p>M\u00e9g ha nem is gondoln\u00e1nk els\u0151 r\u00e1n\u00e9z\u00e9sre vagy hall\u00e1sra, hogy a<strong> zwickaui August <a href=\"https:\/\/www.horch-museum.de\/\" target=\"_blank\" target=\"_blank\" rel=\"noopener noreferrer\">Horch m\u00fazeum<\/a> n\u00e9vad\u00f3ja az Audi n\u00e9vad\u00f3ja is<\/strong>, akkor is \u00edgy van. Horch t\u00e1jsz\u00f3l\u00e1sban a h\u00f6ren \u2013 hall, meghall ige felsz\u00f3l\u00edt\u00f3 m\u00f3dja: <strong><em>h\u00f6re!<\/em><\/strong>, <strong>amely latinul audi.<\/strong> Ugye milyen izgalmas? Akkor Horch m\u00fazeuma milyen izgalmas lehet?<\/p>\n<p>A m\u00fazeum k\u00f6z\u00e9ppontj\u00e1ban a nyugat-sz\u00e1szorsz\u00e1gi aut\u00f3t\u00f6rt\u00e9nelem \u00e1ll. 3000 n\u00e9gyzetm\u00e9teren az Audi, a Horch, a DKW t\u00f6rt\u00e9nelmi darabjait \u00e1ll\u00edtott\u00e1k ki. \u00c9rdekess\u00e9ge m\u00e9g a t\u00e1rgyak id\u0151rendi tematiz\u00e1l\u00e1sa, a kezdetek, a h\u00e1bor\u00fa, majd az \u00e9let a szovjet megsz\u00e1ll\u00e1si z\u00f3n\u00e1ban \u00e9s az NDK-ban. <strong>Term\u00e9szetesen a h\u00edres Trabi is helyet kap a ki\u00e1ll\u00edt\u00f3t\u00e9rben<\/strong>, az els\u0151 protot\u00edpust\u00f3l (P50, 1954) az 1990-ben gy\u00e1rtott 1.1-es n\u00e9gy\u00fctem\u0171ig.<\/p>\n<p>Az Audi sikert\u00f6rt\u00e9net\u00e9nek tan\u00fai azonban Ingolstadtban lehet\u00fcnk. A n\u00e9gy aut\u00f3gy\u00e1rt\u00f3b\u00f3l (Audi, DKW, Horch \u00e9s Wanderer) 1932-ben alakult Auto Union AG ugyanis ebbe a bajor v\u00e1rosba k\u00f6lt\u00f6zik \u00e1t 1949-ben. Fot\u00f310<\/p>\n<p>Az <strong><a href=\"https:\/\/www.audi.de\/de\/foren\/de\/audi-forum-ingolstadt.html\" target=\"_blank\" target=\"_blank\" rel=\"noopener noreferrer\">ingolstadti Audi m\u00fazeum<\/a><\/strong> \u00e9rdekess\u00e9ge sz\u00e1momra az aut\u00f3motorok fejl\u0151d\u00e9s\u00e9nek bemutat\u00e1sa \u00e9s az Audi t\u00e1rsadalomban elfoglalt hely\u00e9t mutatja be. Fot\u00f311<\/p>\n\n\t<div id=\"cegPostCnt_2\" class=\"o-cegPostCnt -inContent\" data-title=\"T\u00edz n\u00e9met \u00fati c\u00e9l aut\u00f3rajong\u00f3knak\">\n\t\t<a class=\"o-cegPostCnt__opener m-cegOpener _ce_measure_widget _ce_measure_link\" data-ce-measure-widget=\"gallery-open\"\n   href=\"?gallery=2\/1\/Foto\u030110-Audi-mu\u0301zeum-Ingolstadt_batch\">\n\t<img decoding=\"async\" src=\"https:\/\/www.startlap.hu\/utazas\/uploads\/sites\/3\/2023\/11\/Foto\u030110-Audi-mu\u0301zeum-Ingolstadt_batch.jpg\" class=\"m-cegOpener__image\" alt=\"\" sizes=\"(max-width: 991px) 100vw, (max-width: 1039px) 66vw, 684px\" srcset=\"https:\/\/www.startlap.hu\/utazas\/uploads\/sites\/3\/2023\/11\/Foto\u030110-Audi-mu\u0301zeum-Ingolstadt_batch.jpg 1280w, https:\/\/www.startlap.hu\/utazas\/uploads\/sites\/3\/2023\/11\/Foto\u030110-Audi-mu\u0301zeum-Ingolstadt_batch-755x566.jpg 755w, https:\/\/www.startlap.hu\/utazas\/uploads\/sites\/3\/2023\/11\/Foto\u030110-Audi-mu\u0301zeum-Ingolstadt_batch-85x65.jpg 85w, https:\/\/www.startlap.hu\/utazas\/uploads\/sites\/3\/2023\/11\/Foto\u030110-Audi-mu\u0301zeum-Ingolstadt_batch-467x350.jpg 467w\" \/>\t<div class=\"m-cegOpener__btn\"><i class=\"far fa-clone\"><\/i><\/div>\n<\/a>\n<div class=\"o-cegPostCnt__layer m-cegLayer _ce_measure_widget\" data-ce-measure-widget=\"gallery-layer\" style=\"display: none\">\n\t<div class=\"m-cegLayer__top m-cegHeader _ce_measure_widget\" data-ce-measure-widget=\"gallery-header\">\n\t\t\t\t\t<span class=\"m-cegHeader__logo\"><span class=\"a-cegLogo\"><\/span><\/span>\n\t\t\t\t<div class=\"m-cegHeader__imgCnt\">\n\t\t\t<img decoding=\"async\" src=\"https:\/\/www.startlap.hu\/utazas\/uploads\/sites\/3\/2023\/11\/Foto\u030110-Audi-mu\u0301zeum-Ingolstadt_batch.jpg\" class=\"m-cegHeader__imgOpener\" alt=\"\" \/>\t\t<\/div>\n\t\t<h2 class=\"m-cegHeader__title a-cegGalleryTitle\"><i class=\"fa fa-angle-left\"><\/i>T\u00edz n\u00e9met \u00fati c\u00e9l aut\u00f3rajong\u00f3knak<\/h2>\n\t\t<div class=\"m-cegHeader__pagination a-cegPagination\"><\/div>\n\t\t<div class=\"m-cegHeader__closeBtn close-button nlc-icon-close _ce_measure_link _ce_measure_widget\" data-ce-measure-widget=\"gallery-close-btn\"><i class=\"fa fa-times\" aria-hidden=\"true\"><\/i><\/div>\n\t<\/div>\n\t<div class=\"m-cegLayer__screen\">\n\t\t<div class=\"m-cegLayer__carousel m-cegCarousel\">\n\t\t\t\t\t\t\t\n\t\t\t\t<div\n\t\t\t\t\tclass=\"m-cegCarousel__item\"\n\t\t\t\t\tdata-type=\"image\"\n\t\t\t\t\tdata-id=\"2\/1\/Foto\u030110-Audi-mu\u0301zeum-Ingolstadt_batch\"\n\t\t\t\t\tdata-image-url=\"https:\/\/www.startlap.hu\/utazas\/uploads\/sites\/3\/2023\/11\/Foto\u030110-Audi-mu\u0301zeum-Ingolstadt_batch.jpg\"\n\t\t\t\t\tdata-title=\"Foto\u030110 Audi mu\u0301zeum Ingolstadt_batch\"\n\t\t\t\t\tdata-desc=\"Ki\u00e1ll\u00edtott aut\u00f3 az Audi m\u00fazeumban\">\n\n\t\t\t\t\t<!-- image -->\n\t\t\t\t\t<div class=\"m-cegCarousel__floatingCnt\">\n\t\t\t\t\t\t<img decoding=\"async\" src=\"https:\/\/www.startlap.hu\/utazas\/uploads\/sites\/3\/2023\/11\/Foto\u030110-Audi-mu\u0301zeum-Ingolstadt_batch.jpg\" class=\"m-cegCarousel__image\" alt=\"\" \/>\t\t\t\t\t\t<span class=\"fa m-cegCarousel__zoom _ce_measure_link _ce_measure_widget\" data-ce-measure-widget=\"gallery-zoom-btn\"><\/span>\n\t\t\t\t\t<\/div>\n\n\t\t\t\t\t<!-- thumb icon \/ counter, caption  -->\n\t\t\t\t\t<div class=\"m-cegCarousel__captionCnt m-cegCaption\">\n\t\t\t\t\t\t<span class=\"m-cegCaption__thumbIcon a-cegThumbIcon _ce_measure_widget _ce_measure_link\"\n\t\t\t\t\t\t\t  data-ce-measure-widget=\"thumbnails-btn\"\n\t\t\t\t\t\t\t  data-ce-measure-widget=\"gallery-thumbnails\"><i class=\" fa fa-th-large\"><\/i><\/span>\n\t\t\t\t\t\t<span class=\"m-cegCaption__pagination a-cegPagination\">\n\t\t\t\t\t\t\t<span class=\"a-cegPagination__current\">1<\/span>\/2\t\t\t\t\t\t<\/span>\n\t\t\t\t\t\t<span class=\"m-cegCaption__caption\">Foto\u030110 Audi mu\u0301zeum Ingolstadt_batch<\/span>\n\t\t\t\t\t<\/div>\n\n\t\t\t\t\t<!-- Image description -->\n\t\t\t\t\t<div class=\"m-cegCarousel__desc a-cegDesc\">Ki\u00e1ll\u00edtott aut\u00f3 az Audi m\u00fazeumban<\/div>\n\n\t\t\t\t\t<!-- Image social share icons -->\n\t\t\t\t\t<div class=\"m-cegCarousel__socialCnt m-cegSocial\">\n\t\t\t\t\t\t<span class=\"m-cegSocial__text\">Fot\u00f3 megoszt\u00e1sa:<\/span><span class=\"m-cegSocial__iconWrap\"><span class=\"m-cegSocial__icon -facebook _ce_measure_link _ce_measure_widget\" data-ce-measure-widget=\"facebookGallery-btn\"><i class=\"fab fa-facebook-f\"><\/i><\/span><span class=\"m-cegSocial__icon -pinterest _ce_measure_link _ce_measure_widget\" data-ce-measure-widget=\"printeresGallery-btn\"><i class=\"fab fa-pinterest-p\"><\/i><\/span><span class=\"m-cegSocial__icon -email _ce_measure_link _ce_measure_widget\" data-ce-measure-widget=\"emailGallery-btn\"><i class=\"far fa-envelope\"><\/i><\/span><span class=\"m-cegSocial__icon -clipboard _ce_measure_link _ce_measure_widget\" data-ce-measure-widget=\"clipboardGallery-btn\"><i class=\"fa fa-link\"><\/i><\/span><\/span>\t\t\t\t\t<\/div>\n\t\t\t\t<\/div>\n\t\t\t\t\t\t\t\n\t\t\t\t<div\n\t\t\t\t\tclass=\"m-cegCarousel__item\"\n\t\t\t\t\tdata-type=\"image\"\n\t\t\t\t\tdata-id=\"2\/2\/Foto\u030111-Audi-mu\u0301zeum-Ingolstadt_batch\"\n\t\t\t\t\tdata-image-url=\"https:\/\/www.startlap.hu\/utazas\/uploads\/sites\/3\/2023\/11\/Foto\u030111-Audi-mu\u0301zeum-Ingolstadt_batch.jpg\"\n\t\t\t\t\tdata-title=\"Foto\u030111 Audi mu\u0301zeum Ingolstadt_batch\"\n\t\t\t\t\tdata-desc=\"Egy z\u00f6ld j\u00e1rm\u0171 az Audi m\u00fazeumban\">\n\n\t\t\t\t\t<!-- image -->\n\t\t\t\t\t<div class=\"m-cegCarousel__floatingCnt\">\n\t\t\t\t\t\t<img decoding=\"async\" src=\"https:\/\/www.startlap.hu\/utazas\/uploads\/sites\/3\/2023\/11\/Foto\u030111-Audi-mu\u0301zeum-Ingolstadt_batch.jpg\" class=\"m-cegCarousel__image\" alt=\"\" \/>\t\t\t\t\t\t<span class=\"fa m-cegCarousel__zoom _ce_measure_link _ce_measure_widget\" data-ce-measure-widget=\"gallery-zoom-btn\"><\/span>\n\t\t\t\t\t<\/div>\n\n\t\t\t\t\t<!-- thumb icon \/ counter, caption  -->\n\t\t\t\t\t<div class=\"m-cegCarousel__captionCnt m-cegCaption\">\n\t\t\t\t\t\t<span class=\"m-cegCaption__thumbIcon a-cegThumbIcon _ce_measure_widget _ce_measure_link\"\n\t\t\t\t\t\t\t  data-ce-measure-widget=\"thumbnails-btn\"\n\t\t\t\t\t\t\t  data-ce-measure-widget=\"gallery-thumbnails\"><i class=\" fa fa-th-large\"><\/i><\/span>\n\t\t\t\t\t\t<span class=\"m-cegCaption__pagination a-cegPagination\">\n\t\t\t\t\t\t\t<span class=\"a-cegPagination__current\">2<\/span>\/2\t\t\t\t\t\t<\/span>\n\t\t\t\t\t\t<span class=\"m-cegCaption__caption\">Foto\u030111 Audi mu\u0301zeum Ingolstadt_batch<\/span>\n\t\t\t\t\t<\/div>\n\n\t\t\t\t\t<!-- Image description -->\n\t\t\t\t\t<div class=\"m-cegCarousel__desc a-cegDesc\">Egy z\u00f6ld j\u00e1rm\u0171 az Audi m\u00fazeumban<\/div>\n\n\t\t\t\t\t<!-- Image social share icons -->\n\t\t\t\t\t<div class=\"m-cegCarousel__socialCnt m-cegSocial\">\n\t\t\t\t\t\t<span class=\"m-cegSocial__text\">Fot\u00f3 megoszt\u00e1sa:<\/span><span class=\"m-cegSocial__iconWrap\"><span class=\"m-cegSocial__icon -facebook _ce_measure_link _ce_measure_widget\" data-ce-measure-widget=\"facebookGallery-btn\"><i class=\"fab fa-facebook-f\"><\/i><\/span><span class=\"m-cegSocial__icon -pinterest _ce_measure_link _ce_measure_widget\" data-ce-measure-widget=\"printeresGallery-btn\"><i class=\"fab fa-pinterest-p\"><\/i><\/span><span class=\"m-cegSocial__icon -email _ce_measure_link _ce_measure_widget\" data-ce-measure-widget=\"emailGallery-btn\"><i class=\"far fa-envelope\"><\/i><\/span><span class=\"m-cegSocial__icon -clipboard _ce_measure_link _ce_measure_widget\" data-ce-measure-widget=\"clipboardGallery-btn\"><i class=\"fa fa-link\"><\/i><\/span><\/span>\t\t\t\t\t<\/div>\n\t\t\t\t<\/div>\n\t\t\t\t\t\t\t\t<\/div>\n\t\t<div class=\"m-cegLayer__thumbnails m-cegThumbList _ce_measure_widget\" data-ce-measure-widget=\"gallery-thumb-list\">\n\t\t\t\t\t\t\t\t\t\t\t<div class=\"m-cegThumbList__item\"\n\t\t\t\t\tdata-id=\"2\/1\/Foto\u030110-Audi-mu\u0301zeum-Ingolstadt_batch\"\n\t\t\t\t\tdata-index=\"0\">\n\t\t\t\t\t<img decoding=\"async\" src=\"https:\/\/www.startlap.hu\/utazas\/uploads\/sites\/3\/2023\/11\/Foto\u030110-Audi-mu\u0301zeum-Ingolstadt_batch.jpg\" class=\"m-cegThumbList__image _ce_measure_link\" alt=\"\" \/>\t\t\t\t<\/div>\n\t\t\t\t\t\t\t\t\t\t\t<div class=\"m-cegThumbList__item\"\n\t\t\t\t\tdata-id=\"2\/2\/Foto\u030111-Audi-mu\u0301zeum-Ingolstadt_batch\"\n\t\t\t\t\tdata-index=\"1\">\n\t\t\t\t\t<img decoding=\"async\" src=\"https:\/\/www.startlap.hu\/utazas\/uploads\/sites\/3\/2023\/11\/Foto\u030111-Audi-mu\u0301zeum-Ingolstadt_batch.jpg\" class=\"m-cegThumbList__image _ce_measure_link\" alt=\"\" \/>\t\t\t\t<\/div>\n\t\t\t\t\t<\/div>\n\t<\/div>\n\t<div class=\"m-cegLayer__sidebar m-cegSidebar _ce_measure_widget\" data-ce-measure-widget=\"gallery-sidebar\">\n\n\t\t<div class=\"m-cegSidebar__desc a-cegDesc _ce_measure_widget\" data-ce-measure-widget=\"gallery-desc\"><\/div>\n\n\t\t<div class=\"m-cegSidebar__socialCnt m-cegSocial -sidebar _ce_measure_widget\" data-ce-measure-widget=\"gallery-social\">\n\t\t\t<span class=\"m-cegSocial__text\">Fot\u00f3 megoszt\u00e1sa:<\/span><span class=\"m-cegSocial__iconWrap\"><span class=\"m-cegSocial__icon -facebook _ce_measure_link _ce_measure_widget\" data-ce-measure-widget=\"facebookGallery-btn\"><i class=\"fab fa-facebook-f\"><\/i><\/span><span class=\"m-cegSocial__icon -pinterest _ce_measure_link _ce_measure_widget\" data-ce-measure-widget=\"printeresGallery-btn\"><i class=\"fab fa-pinterest-p\"><\/i><\/span><span class=\"m-cegSocial__icon -email _ce_measure_link _ce_measure_widget\" data-ce-measure-widget=\"emailGallery-btn\"><i class=\"far fa-envelope\"><\/i><\/span><span class=\"m-cegSocial__icon -clipboard _ce_measure_link _ce_measure_widget\" data-ce-measure-widget=\"clipboardGallery-btn\"><i class=\"fa fa-link\"><\/i><\/span><\/span>\t\t<\/div>\n\n\t\t<div class=\"gallery-right010 banner-container\"><\/div>\n\t\t<div class=\"gallery-right020 banner-container\"><\/div>\n\n\t<\/div>\n<\/div>\n\t<\/div>\n\n\t<script>\n\t\tjQuery(function () {\n\t\t\tvar id = '#cegPostCnt_2';\n\t\t\tjQuery( id ).articleGallery({\n\t\t\t\tonChanged: function (event) {\n\t\t\t\t\t\tthis.renderSidebarCTS( 'gallery-right010' );\n\t\t\t\t\t\tthis.renderSidebarCTS( 'gallery-right020' );\n\t\t\t\t\t\tthis.renderBannerSlideCTS(  event,\n\t\t\t\t\t\t\t\t\t\t\t\t\t[\n\t\t\t\t\t\t\t\t\t\t\t\t\t\t'gallery-content010',\n\t\t\t\t\t\t\t\t\t\t\t\t\t\t'gallery-content020',\n\t\t\t\t\t\t\t\t\t\t\t\t\t\t'gallery-content030'\n\t\t\t\t\t\t\t\t\t\t\t\t\t]);\n\t\t\t\t}\n\t\t\t});\n\t\t});\n\t<\/script>\t\n<h2>BMW, ahol az aut\u00f3kkal egy\u00fctt fejl\u0151dtek az aut\u00f3rekl\u00e1mok<\/h2>\n<p>A bajor aut\u00f3gy\u00e1r, a BMW prezent\u00e1lja az egyik legmodernebb <a href=\"https:\/\/www.bmw-welt.com\/de\/index.html\" target=\"_blank\" target=\"_blank\" rel=\"noopener noreferrer\">aut\u00f3m\u00fazeumot<\/a> tartom\u00e1nyi sz\u00e9khely\u00e9n. A BMW c\u00e9g t\u00f6rt\u00e9nete, s \u00edgy a m\u00fazeum ki\u00e1ll\u00edt\u00e1sa sem csak az aut\u00f3kr\u00f3l sz\u00f3l, hanem m\u00e1s, a c\u00e9g \u00e1ltal gy\u00e1rtott g\u00e9pekr\u0151l \u2013 turbin\u00e1k, motorok, rep\u00fcl\u0151k, motorker\u00e9kp\u00e1rok \u2013 is. M\u00e1r maga az \u00e9p\u00fclet is egy m\u0171alkot\u00e1s, a ki\u00e1ll\u00edt\u00e1s 26 f\u0151t\u00e9m\u00e1ja a technika \u00e9s a BMW fejl\u0151d\u00e9st\u00f6rt\u00e9net\u00e9nek bemutat\u00e1s\u00e1val pedig leny\u0171g\u00f6zi a l\u00e1togat\u00f3t.<\/p>\n<p>A m\u00fazeum szerintem egyik leg\u00e9rdekesebb ki\u00e1ll\u00edt\u00e1sa az 1920-as \u00e9vekt\u0151l megjelen\u0151 BMW-rekl\u00e1mokat mutatja be.<\/p>\n<p>Ezzel a ki\u00e1ll\u00edt\u00e1ssal nemcsak az \u00e9vtizedeken \u00e1t meg\u00fajul\u00f3 BMW aut\u00f3kat, motorokat ismerhetj\u00fck meg, hanem betekint\u00e9st nyerhet\u00fcnk a rekl\u00e1mok fejl\u0151d\u00e9st\u00f6rt\u00e9net\u00e9be. Az 1920-as \u00e9vek \u00fajs\u00e1ghirdet\u00e9seit\u0151l az 1950-es \u00e9vek f\u00e9nyrekl\u00e1mjain \u00e1t az 1970-es \u00e9s 1980-as \u00e9vek grandi\u00f3zus mozi- \u00e9s t\u00e9v\u00e9szpotjain \u00e1t eg\u00e9szen napjainkig szolg\u00e1l ki\u00e1ll\u00edt\u00e1si t\u00e1rgyakkal a m\u00fazeum ezen r\u00e9szlege.<\/p>\n\n\t<div id=\"cegPostCnt_3\" class=\"o-cegPostCnt -inContent\" data-title=\"T\u00edz n\u00e9met \u00fati c\u00e9l aut\u00f3rajong\u00f3knak\">\n\t\t<a class=\"o-cegPostCnt__opener m-cegOpener _ce_measure_widget _ce_measure_link\" data-ce-measure-widget=\"gallery-open\"\n   href=\"?gallery=3\/1\/bmw-muzeum-nemetorszag-4\">\n\t<img decoding=\"async\" src=\"https:\/\/www.startlap.hu\/utazas\/uploads\/sites\/3\/2023\/11\/bmw-muzeum-nemetorszag-4.jpg\" class=\"m-cegOpener__image\" alt=\"L\u00e1togat\u00f3k a BMW M\u00fazeumban M\u00fcnchenben\" sizes=\"(max-width: 991px) 100vw, (max-width: 1039px) 66vw, 684px\" srcset=\"https:\/\/www.startlap.hu\/utazas\/uploads\/sites\/3\/2023\/11\/bmw-muzeum-nemetorszag-4.jpg 1024w, https:\/\/www.startlap.hu\/utazas\/uploads\/sites\/3\/2023\/11\/bmw-muzeum-nemetorszag-4-755x504.jpg 755w, https:\/\/www.startlap.hu\/utazas\/uploads\/sites\/3\/2023\/11\/bmw-muzeum-nemetorszag-4-525x350.jpg 525w\" \/>\t<div class=\"m-cegOpener__btn\"><i class=\"far fa-clone\"><\/i><\/div>\n<\/a>\n<div class=\"o-cegPostCnt__layer m-cegLayer _ce_measure_widget\" data-ce-measure-widget=\"gallery-layer\" style=\"display: none\">\n\t<div class=\"m-cegLayer__top m-cegHeader _ce_measure_widget\" data-ce-measure-widget=\"gallery-header\">\n\t\t\t\t\t<span class=\"m-cegHeader__logo\"><span class=\"a-cegLogo\"><\/span><\/span>\n\t\t\t\t<div class=\"m-cegHeader__imgCnt\">\n\t\t\t<img decoding=\"async\" src=\"https:\/\/www.startlap.hu\/utazas\/uploads\/sites\/3\/2023\/11\/bmw-muzeum-nemetorszag-4.jpg\" class=\"m-cegHeader__imgOpener\" alt=\"L\u00e1togat\u00f3k a BMW M\u00fazeumban M\u00fcnchenben\" \/>\t\t<\/div>\n\t\t<h2 class=\"m-cegHeader__title a-cegGalleryTitle\"><i class=\"fa fa-angle-left\"><\/i>T\u00edz n\u00e9met \u00fati c\u00e9l aut\u00f3rajong\u00f3knak<\/h2>\n\t\t<div class=\"m-cegHeader__pagination a-cegPagination\"><\/div>\n\t\t<div class=\"m-cegHeader__closeBtn close-button nlc-icon-close _ce_measure_link _ce_measure_widget\" data-ce-measure-widget=\"gallery-close-btn\"><i class=\"fa fa-times\" aria-hidden=\"true\"><\/i><\/div>\n\t<\/div>\n\t<div class=\"m-cegLayer__screen\">\n\t\t<div class=\"m-cegLayer__carousel m-cegCarousel\">\n\t\t\t\t\t\t\t\n\t\t\t\t<div\n\t\t\t\t\tclass=\"m-cegCarousel__item\"\n\t\t\t\t\tdata-type=\"image\"\n\t\t\t\t\tdata-id=\"3\/1\/bmw-muzeum-nemetorszag-4\"\n\t\t\t\t\tdata-image-url=\"https:\/\/www.startlap.hu\/utazas\/uploads\/sites\/3\/2023\/11\/bmw-muzeum-nemetorszag-4.jpg\"\n\t\t\t\t\tdata-title=\"\"\n\t\t\t\t\tdata-desc=\"L\u00e1togat\u00f3k a BMW M\u00fazeumban M\u00fcnchenben (Fot\u00f3: Hemis via AFP)\">\n\n\t\t\t\t\t<!-- image -->\n\t\t\t\t\t<div class=\"m-cegCarousel__floatingCnt\">\n\t\t\t\t\t\t<img decoding=\"async\" src=\"https:\/\/www.startlap.hu\/utazas\/uploads\/sites\/3\/2023\/11\/bmw-muzeum-nemetorszag-4.jpg\" class=\"m-cegCarousel__image\" alt=\"L\u00e1togat\u00f3k a BMW M\u00fazeumban M\u00fcnchenben\" \/>\t\t\t\t\t\t<span class=\"fa m-cegCarousel__zoom _ce_measure_link _ce_measure_widget\" data-ce-measure-widget=\"gallery-zoom-btn\"><\/span>\n\t\t\t\t\t<\/div>\n\n\t\t\t\t\t<!-- thumb icon \/ counter, caption  -->\n\t\t\t\t\t<div class=\"m-cegCarousel__captionCnt m-cegCaption\">\n\t\t\t\t\t\t<span class=\"m-cegCaption__thumbIcon a-cegThumbIcon _ce_measure_widget _ce_measure_link\"\n\t\t\t\t\t\t\t  data-ce-measure-widget=\"thumbnails-btn\"\n\t\t\t\t\t\t\t  data-ce-measure-widget=\"gallery-thumbnails\"><i class=\" fa fa-th-large\"><\/i><\/span>\n\t\t\t\t\t\t<span class=\"m-cegCaption__pagination a-cegPagination\">\n\t\t\t\t\t\t\t<span class=\"a-cegPagination__current\">1<\/span>\/5\t\t\t\t\t\t<\/span>\n\t\t\t\t\t\t<span class=\"m-cegCaption__caption\"><\/span>\n\t\t\t\t\t<\/div>\n\n\t\t\t\t\t<!-- Image description -->\n\t\t\t\t\t<div class=\"m-cegCarousel__desc a-cegDesc\">L\u00e1togat\u00f3k a BMW M\u00fazeumban M\u00fcnchenben (Fot\u00f3: Hemis via AFP)<\/div>\n\n\t\t\t\t\t<!-- Image social share icons -->\n\t\t\t\t\t<div class=\"m-cegCarousel__socialCnt m-cegSocial\">\n\t\t\t\t\t\t<span class=\"m-cegSocial__text\">Fot\u00f3 megoszt\u00e1sa:<\/span><span class=\"m-cegSocial__iconWrap\"><span class=\"m-cegSocial__icon -facebook _ce_measure_link _ce_measure_widget\" data-ce-measure-widget=\"facebookGallery-btn\"><i class=\"fab fa-facebook-f\"><\/i><\/span><span class=\"m-cegSocial__icon -pinterest _ce_measure_link _ce_measure_widget\" data-ce-measure-widget=\"printeresGallery-btn\"><i class=\"fab fa-pinterest-p\"><\/i><\/span><span class=\"m-cegSocial__icon -email _ce_measure_link _ce_measure_widget\" data-ce-measure-widget=\"emailGallery-btn\"><i class=\"far fa-envelope\"><\/i><\/span><span class=\"m-cegSocial__icon -clipboard _ce_measure_link _ce_measure_widget\" data-ce-measure-widget=\"clipboardGallery-btn\"><i class=\"fa fa-link\"><\/i><\/span><\/span>\t\t\t\t\t<\/div>\n\t\t\t\t<\/div>\n\t\t\t\t\t\t\t\n\t\t\t\t<div\n\t\t\t\t\tclass=\"m-cegCarousel__item\"\n\t\t\t\t\tdata-type=\"image\"\n\t\t\t\t\tdata-id=\"3\/2\/bmw-muzeum-nemetorszag-2\"\n\t\t\t\t\tdata-image-url=\"https:\/\/www.startlap.hu\/utazas\/uploads\/sites\/3\/2023\/11\/bmw-muzeum-nemetorszag-2.jpg\"\n\t\t\t\t\tdata-title=\"BMW M\u00fazeum\"\n\t\t\t\t\tdata-desc=\"A BMW M\u00fazeum \u00e9p\u00fclete Frank (Fot\u00f3: Afp)\">\n\n\t\t\t\t\t<!-- image -->\n\t\t\t\t\t<div class=\"m-cegCarousel__floatingCnt\">\n\t\t\t\t\t\t<img decoding=\"async\" src=\"https:\/\/www.startlap.hu\/utazas\/uploads\/sites\/3\/2023\/11\/bmw-muzeum-nemetorszag-2.jpg\" class=\"m-cegCarousel__image\" alt=\"BMW M\u00fazeum\" \/>\t\t\t\t\t\t<span class=\"fa m-cegCarousel__zoom _ce_measure_link _ce_measure_widget\" data-ce-measure-widget=\"gallery-zoom-btn\"><\/span>\n\t\t\t\t\t<\/div>\n\n\t\t\t\t\t<!-- thumb icon \/ counter, caption  -->\n\t\t\t\t\t<div class=\"m-cegCarousel__captionCnt m-cegCaption\">\n\t\t\t\t\t\t<span class=\"m-cegCaption__thumbIcon a-cegThumbIcon _ce_measure_widget _ce_measure_link\"\n\t\t\t\t\t\t\t  data-ce-measure-widget=\"thumbnails-btn\"\n\t\t\t\t\t\t\t  data-ce-measure-widget=\"gallery-thumbnails\"><i class=\" fa fa-th-large\"><\/i><\/span>\n\t\t\t\t\t\t<span class=\"m-cegCaption__pagination a-cegPagination\">\n\t\t\t\t\t\t\t<span class=\"a-cegPagination__current\">2<\/span>\/5\t\t\t\t\t\t<\/span>\n\t\t\t\t\t\t<span class=\"m-cegCaption__caption\">BMW M\u00fazeum<\/span>\n\t\t\t\t\t<\/div>\n\n\t\t\t\t\t<!-- Image description -->\n\t\t\t\t\t<div class=\"m-cegCarousel__desc a-cegDesc\">A BMW M\u00fazeum \u00e9p\u00fclete Frank (Fot\u00f3: Afp)<\/div>\n\n\t\t\t\t\t<!-- Image social share icons -->\n\t\t\t\t\t<div class=\"m-cegCarousel__socialCnt m-cegSocial\">\n\t\t\t\t\t\t<span class=\"m-cegSocial__text\">Fot\u00f3 megoszt\u00e1sa:<\/span><span class=\"m-cegSocial__iconWrap\"><span class=\"m-cegSocial__icon -facebook _ce_measure_link _ce_measure_widget\" data-ce-measure-widget=\"facebookGallery-btn\"><i class=\"fab fa-facebook-f\"><\/i><\/span><span class=\"m-cegSocial__icon -pinterest _ce_measure_link _ce_measure_widget\" data-ce-measure-widget=\"printeresGallery-btn\"><i class=\"fab fa-pinterest-p\"><\/i><\/span><span class=\"m-cegSocial__icon -email _ce_measure_link _ce_measure_widget\" data-ce-measure-widget=\"emailGallery-btn\"><i class=\"far fa-envelope\"><\/i><\/span><span class=\"m-cegSocial__icon -clipboard _ce_measure_link _ce_measure_widget\" data-ce-measure-widget=\"clipboardGallery-btn\"><i class=\"fa fa-link\"><\/i><\/span><\/span>\t\t\t\t\t<\/div>\n\t\t\t\t<\/div>\n\t\t\t\t\t\t\t\n\t\t\t\t<div\n\t\t\t\t\tclass=\"m-cegCarousel__item\"\n\t\t\t\t\tdata-type=\"image\"\n\t\t\t\t\tdata-id=\"3\/3\/bmw-muzeum-nemetorszag-3\"\n\t\t\t\t\tdata-image-url=\"https:\/\/www.startlap.hu\/utazas\/uploads\/sites\/3\/2023\/11\/bmw-muzeum-nemetorszag-3.jpg\"\n\t\t\t\t\tdata-title=\"BMW M\u00fazeum\"\n\t\t\t\t\tdata-desc=\"Az 1955-\u00f6s BMW Isetta (Fot\u00f3: Afp)\">\n\n\t\t\t\t\t<!-- image -->\n\t\t\t\t\t<div class=\"m-cegCarousel__floatingCnt\">\n\t\t\t\t\t\t<img decoding=\"async\" src=\"https:\/\/www.startlap.hu\/utazas\/uploads\/sites\/3\/2023\/11\/bmw-muzeum-nemetorszag-3.jpg\" class=\"m-cegCarousel__image\" alt=\"Az 1955-\u00f6s BMW Isetta a BMW M\u00fazeumban\" \/>\t\t\t\t\t\t<span class=\"fa m-cegCarousel__zoom _ce_measure_link _ce_measure_widget\" data-ce-measure-widget=\"gallery-zoom-btn\"><\/span>\n\t\t\t\t\t<\/div>\n\n\t\t\t\t\t<!-- thumb icon \/ counter, caption  -->\n\t\t\t\t\t<div class=\"m-cegCarousel__captionCnt m-cegCaption\">\n\t\t\t\t\t\t<span class=\"m-cegCaption__thumbIcon a-cegThumbIcon _ce_measure_widget _ce_measure_link\"\n\t\t\t\t\t\t\t  data-ce-measure-widget=\"thumbnails-btn\"\n\t\t\t\t\t\t\t  data-ce-measure-widget=\"gallery-thumbnails\"><i class=\" fa fa-th-large\"><\/i><\/span>\n\t\t\t\t\t\t<span class=\"m-cegCaption__pagination a-cegPagination\">\n\t\t\t\t\t\t\t<span class=\"a-cegPagination__current\">3<\/span>\/5\t\t\t\t\t\t<\/span>\n\t\t\t\t\t\t<span class=\"m-cegCaption__caption\">BMW M\u00fazeum<\/span>\n\t\t\t\t\t<\/div>\n\n\t\t\t\t\t<!-- Image description -->\n\t\t\t\t\t<div class=\"m-cegCarousel__desc a-cegDesc\">Az 1955-\u00f6s BMW Isetta (Fot\u00f3: Afp)<\/div>\n\n\t\t\t\t\t<!-- Image social share icons -->\n\t\t\t\t\t<div class=\"m-cegCarousel__socialCnt m-cegSocial\">\n\t\t\t\t\t\t<span class=\"m-cegSocial__text\">Fot\u00f3 megoszt\u00e1sa:<\/span><span class=\"m-cegSocial__iconWrap\"><span class=\"m-cegSocial__icon -facebook _ce_measure_link _ce_measure_widget\" data-ce-measure-widget=\"facebookGallery-btn\"><i class=\"fab fa-facebook-f\"><\/i><\/span><span class=\"m-cegSocial__icon -pinterest _ce_measure_link _ce_measure_widget\" data-ce-measure-widget=\"printeresGallery-btn\"><i class=\"fab fa-pinterest-p\"><\/i><\/span><span class=\"m-cegSocial__icon -email _ce_measure_link _ce_measure_widget\" data-ce-measure-widget=\"emailGallery-btn\"><i class=\"far fa-envelope\"><\/i><\/span><span class=\"m-cegSocial__icon -clipboard _ce_measure_link _ce_measure_widget\" data-ce-measure-widget=\"clipboardGallery-btn\"><i class=\"fa fa-link\"><\/i><\/span><\/span>\t\t\t\t\t<\/div>\n\t\t\t\t<\/div>\n\t\t\t\t\t\t\t\t\t\t\t\t<div\n\t\t\t\t\t\tclass=\"m-cegCarousel__item -banner\"\n\t\t\t\t\t\tdata-type=\"banner\"\n\t\t\t\t\t\tdata-id=\"3\/4\/banner\"\n\t\t\t\t\t\tdata-image-url=\"\"\n\t\t\t\t\t\tdata-title=\"\"\n\t\t\t\t\t\tdata-desc=\"\">\n\n\t\t\t\t\t\t<div class=\"m-cegCarousel__floatingCnt banner-container gallery-content010\"><\/div>\n\n\t\t\t\t\t<\/div>\n\t\t\t\t\t\t\t\t\t\n\t\t\t\t<div\n\t\t\t\t\tclass=\"m-cegCarousel__item\"\n\t\t\t\t\tdata-type=\"image\"\n\t\t\t\t\tdata-id=\"3\/5\/bmw-muzeum-nemetorzsag\"\n\t\t\t\t\tdata-image-url=\"https:\/\/www.startlap.hu\/utazas\/uploads\/sites\/3\/2023\/11\/bmw-muzeum-nemetorzsag.jpg\"\n\t\t\t\t\tdata-title=\"BMW M\u00fazeum\"\n\t\t\t\t\tdata-desc=\"A m\u00fazeum fel\u00fclr\u0151l (Fot\u00f3: Afp)\">\n\n\t\t\t\t\t<!-- image -->\n\t\t\t\t\t<div class=\"m-cegCarousel__floatingCnt\">\n\t\t\t\t\t\t<img decoding=\"async\" src=\"https:\/\/www.startlap.hu\/utazas\/uploads\/sites\/3\/2023\/11\/bmw-muzeum-nemetorzsag.jpg\" class=\"m-cegCarousel__image\" alt=\"A BMW M\u00fazeum fel\u00fclr\u0151l\" \/>\t\t\t\t\t\t<span class=\"fa m-cegCarousel__zoom _ce_measure_link _ce_measure_widget\" data-ce-measure-widget=\"gallery-zoom-btn\"><\/span>\n\t\t\t\t\t<\/div>\n\n\t\t\t\t\t<!-- thumb icon \/ counter, caption  -->\n\t\t\t\t\t<div class=\"m-cegCarousel__captionCnt m-cegCaption\">\n\t\t\t\t\t\t<span class=\"m-cegCaption__thumbIcon a-cegThumbIcon _ce_measure_widget _ce_measure_link\"\n\t\t\t\t\t\t\t  data-ce-measure-widget=\"thumbnails-btn\"\n\t\t\t\t\t\t\t  data-ce-measure-widget=\"gallery-thumbnails\"><i class=\" fa fa-th-large\"><\/i><\/span>\n\t\t\t\t\t\t<span class=\"m-cegCaption__pagination a-cegPagination\">\n\t\t\t\t\t\t\t<span class=\"a-cegPagination__current\">5<\/span>\/5\t\t\t\t\t\t<\/span>\n\t\t\t\t\t\t<span class=\"m-cegCaption__caption\">BMW M\u00fazeum<\/span>\n\t\t\t\t\t<\/div>\n\n\t\t\t\t\t<!-- Image description -->\n\t\t\t\t\t<div class=\"m-cegCarousel__desc a-cegDesc\">A m\u00fazeum fel\u00fclr\u0151l (Fot\u00f3: Afp)<\/div>\n\n\t\t\t\t\t<!-- Image social share icons -->\n\t\t\t\t\t<div class=\"m-cegCarousel__socialCnt m-cegSocial\">\n\t\t\t\t\t\t<span class=\"m-cegSocial__text\">Fot\u00f3 megoszt\u00e1sa:<\/span><span class=\"m-cegSocial__iconWrap\"><span class=\"m-cegSocial__icon -facebook _ce_measure_link _ce_measure_widget\" data-ce-measure-widget=\"facebookGallery-btn\"><i class=\"fab fa-facebook-f\"><\/i><\/span><span class=\"m-cegSocial__icon -pinterest _ce_measure_link _ce_measure_widget\" data-ce-measure-widget=\"printeresGallery-btn\"><i class=\"fab fa-pinterest-p\"><\/i><\/span><span class=\"m-cegSocial__icon -email _ce_measure_link _ce_measure_widget\" data-ce-measure-widget=\"emailGallery-btn\"><i class=\"far fa-envelope\"><\/i><\/span><span class=\"m-cegSocial__icon -clipboard _ce_measure_link _ce_measure_widget\" data-ce-measure-widget=\"clipboardGallery-btn\"><i class=\"fa fa-link\"><\/i><\/span><\/span>\t\t\t\t\t<\/div>\n\t\t\t\t<\/div>\n\t\t\t\t\t\t\t\t<\/div>\n\t\t<div class=\"m-cegLayer__thumbnails m-cegThumbList _ce_measure_widget\" data-ce-measure-widget=\"gallery-thumb-list\">\n\t\t\t\t\t\t\t\t\t\t\t<div class=\"m-cegThumbList__item\"\n\t\t\t\t\tdata-id=\"3\/1\/bmw-muzeum-nemetorszag-4\"\n\t\t\t\t\tdata-index=\"0\">\n\t\t\t\t\t<img decoding=\"async\" src=\"https:\/\/www.startlap.hu\/utazas\/uploads\/sites\/3\/2023\/11\/bmw-muzeum-nemetorszag-4.jpg\" class=\"m-cegThumbList__image _ce_measure_link\" alt=\"L\u00e1togat\u00f3k a BMW M\u00fazeumban M\u00fcnchenben\" \/>\t\t\t\t<\/div>\n\t\t\t\t\t\t\t\t\t\t\t<div class=\"m-cegThumbList__item\"\n\t\t\t\t\tdata-id=\"3\/2\/bmw-muzeum-nemetorszag-2\"\n\t\t\t\t\tdata-index=\"1\">\n\t\t\t\t\t<img decoding=\"async\" src=\"https:\/\/www.startlap.hu\/utazas\/uploads\/sites\/3\/2023\/11\/bmw-muzeum-nemetorszag-2.jpg\" class=\"m-cegThumbList__image _ce_measure_link\" alt=\"BMW M\u00fazeum\" \/>\t\t\t\t<\/div>\n\t\t\t\t\t\t\t\t\t\t\t<div class=\"m-cegThumbList__item\"\n\t\t\t\t\tdata-id=\"3\/3\/bmw-muzeum-nemetorszag-3\"\n\t\t\t\t\tdata-index=\"2\">\n\t\t\t\t\t<img decoding=\"async\" src=\"https:\/\/www.startlap.hu\/utazas\/uploads\/sites\/3\/2023\/11\/bmw-muzeum-nemetorszag-3.jpg\" class=\"m-cegThumbList__image _ce_measure_link\" alt=\"Az 1955-\u00f6s BMW Isetta a BMW M\u00fazeumban\" \/>\t\t\t\t<\/div>\n\t\t\t\t\t\t\t\t\t\t\t\t\t\t\t<div class=\"m-cegThumbList__item\"\n\t\t\t\t\tdata-id=\"3\/5\/bmw-muzeum-nemetorzsag\"\n\t\t\t\t\tdata-index=\"4\">\n\t\t\t\t\t<img decoding=\"async\" src=\"https:\/\/www.startlap.hu\/utazas\/uploads\/sites\/3\/2023\/11\/bmw-muzeum-nemetorzsag.jpg\" class=\"m-cegThumbList__image _ce_measure_link\" alt=\"A BMW M\u00fazeum fel\u00fclr\u0151l\" \/>\t\t\t\t<\/div>\n\t\t\t\t\t<\/div>\n\t<\/div>\n\t<div class=\"m-cegLayer__sidebar m-cegSidebar _ce_measure_widget\" data-ce-measure-widget=\"gallery-sidebar\">\n\n\t\t<div class=\"m-cegSidebar__desc a-cegDesc _ce_measure_widget\" data-ce-measure-widget=\"gallery-desc\"><\/div>\n\n\t\t<div class=\"m-cegSidebar__socialCnt m-cegSocial -sidebar _ce_measure_widget\" data-ce-measure-widget=\"gallery-social\">\n\t\t\t<span class=\"m-cegSocial__text\">Fot\u00f3 megoszt\u00e1sa:<\/span><span class=\"m-cegSocial__iconWrap\"><span class=\"m-cegSocial__icon -facebook _ce_measure_link _ce_measure_widget\" data-ce-measure-widget=\"facebookGallery-btn\"><i class=\"fab fa-facebook-f\"><\/i><\/span><span class=\"m-cegSocial__icon -pinterest _ce_measure_link _ce_measure_widget\" data-ce-measure-widget=\"printeresGallery-btn\"><i class=\"fab fa-pinterest-p\"><\/i><\/span><span class=\"m-cegSocial__icon -email _ce_measure_link _ce_measure_widget\" data-ce-measure-widget=\"emailGallery-btn\"><i class=\"far fa-envelope\"><\/i><\/span><span class=\"m-cegSocial__icon -clipboard _ce_measure_link _ce_measure_widget\" data-ce-measure-widget=\"clipboardGallery-btn\"><i class=\"fa fa-link\"><\/i><\/span><\/span>\t\t<\/div>\n\n\t\t<div class=\"gallery-right010 banner-container\"><\/div>\n\t\t<div class=\"gallery-right020 banner-container\"><\/div>\n\n\t<\/div>\n<\/div>\n\t<\/div>\n\n\t<script>\n\t\tjQuery(function () {\n\t\t\tvar id = '#cegPostCnt_3';\n\t\t\tjQuery( id ).articleGallery({\n\t\t\t\tonChanged: function (event) {\n\t\t\t\t\t\tthis.renderSidebarCTS( 'gallery-right010' );\n\t\t\t\t\t\tthis.renderSidebarCTS( 'gallery-right020' );\n\t\t\t\t\t\tthis.renderBannerSlideCTS(  event,\n\t\t\t\t\t\t\t\t\t\t\t\t\t[\n\t\t\t\t\t\t\t\t\t\t\t\t\t\t'gallery-content010',\n\t\t\t\t\t\t\t\t\t\t\t\t\t\t'gallery-content020',\n\t\t\t\t\t\t\t\t\t\t\t\t\t\t'gallery-content030'\n\t\t\t\t\t\t\t\t\t\t\t\t\t]);\n\t\t\t\t}\n\t\t\t});\n\t\t});\n\t<\/script>\t\n<h2>A n\u00e9paut\u00f3 m\u00faltja \u00e9s jelene \u2013 Volkswagen Aut\u00f3m\u00fazeum, Wolfsburg<\/h2>\n<p>Nemcsak a VW m\u00e1rka tagjaival, hanem sz\u00e1mos protot\u00edpussal \u00e9s egyedi, k\u00fcl\u00f6nleges p\u00e9ld\u00e1nnyal is megismerkedhet a l\u00e1togat\u00f3 <a href=\"https:\/\/www.automuseum-volkswagen.de\/\" target=\"_blank\" target=\"_blank\" rel=\"noopener noreferrer\">Wolfsburgban<\/a>. Ilyen p\u00e9ld\u00e1ul <strong>a \u201efilmszt\u00e1r\u201d Herbie VW Bog\u00e1r vagy a teljes eg\u00e9sz\u00e9ben f\u00e1b\u00f3l k\u00e9sz\u00fclt VW Bog\u00e1r<\/strong>, s a hidraulikus \u00fasz\u00f3m\u0171v\u00f6n is k\u00f6zleked\u0151 v\u00edzi Golf. L\u00e1that\u00f3k az 50-es, 60-as \u00e9vek \u00e1lommodelljei, a Karmann Ghia, a Rometsch \u00e9s a VW Samba Bus.<\/p>\n<p>A VW Bog\u00e1r m\u00fazeumi p\u00e9ld\u00e1nyait nem lehet nem szeretni. Ahogy a h\u00edres lak\u00f3kocsi, a VW Samba Bus, r\u00f6viden Bulli egyes p\u00e9ld\u00e1nyai is annyira cukik, hogy \u00f3r\u00e1kra odaragasztj\u00e1k a l\u00e1togat\u00f3t maguk el\u00e9. A Woodstock-gener\u00e1ci\u00f3 kultikus aut\u00f3ja nem csup\u00e1n egy transporter, hanem egy korszak szimb\u00f3luma is, s ez a m\u00fazeumban is nagy hangs\u00falyt kap.<\/p>\n<p>A Balaton k\u00f6r\u00fcl is oly sokszor felt\u0171nt Golfok \u00e9s Passatok pedig benn\u00fcnket, a hetvenes \u00e9vekben sz\u00fcletett gener\u00e1ci\u00f3t t\u00f6lthetnek el nosztalgi\u00e1val a m\u00fazeumban.<\/p>\n<h2>Az utaz\u00e1s szabads\u00e1g\u00e1nak m\u00fazeuma \u2013 Hymer lak\u00f3kocsi-m\u00fazeum<\/h2>\n<p>Erwin Hymer m\u00fazeuma a d\u00e9ln\u00e9met Bad Waldsee v\u00e1rosa mellett igazi csemege egy utaz\u00f3 sz\u00e1m\u00e1ra. Az \u00fariember, aki a harmincas \u00e9vekben sz\u00fcletett \u00e9s m\u00e9rn\u00f6ki munk\u00e1val t\u00f6lt\u00f6tt \u00e9vtizedei alatt a lak\u00f3kocsik \u00e9s lak\u00f3aut\u00f3k hercege lett, miel\u0151tt elt\u00e1vozott volna a f\u00f6ldi l\u00e9tb\u0151l, \u00f6sszegy\u0171jt\u00f6tt mindent ahhoz, hogy 6000 n\u00e9gyzetm\u00e9ternyi ter\u00fcleten bej\u00e1rhassuk a vil\u00e1got lak\u00f3kocsival.&nbsp;<\/p>\n<p><strong>A tematikusan, tipikus lak\u00f3kocsis \u00fati c\u00e9lok k\u00f6r\u00e9 \u00e9p\u00edtett <a href=\"https:\/\/www.erwin-hymer-museum.de\/\" target=\"_blank\" target=\"_blank\" rel=\"noopener noreferrer\">m\u00fazeumban<\/a><\/strong> nemcsak ben\u00e9zhet\u00fcnk egy-egy lak\u00f3kocsiba \u00e9s magunkba szippanthatjuk ennek az utaz\u00e1si form\u00e1nak az illat\u00e1t (helyenk\u00e9nt a szag\u00e1t), hanem megcsapja a l\u00e1togat\u00f3t a v\u00e1ndor\u00e9let szabads\u00e1g\u00e1nak szele is.<\/p>\n\n\t<div id=\"cegPostCnt_4\" class=\"o-cegPostCnt -inContent\" data-title=\"T\u00edz n\u00e9met \u00fati c\u00e9l aut\u00f3rajong\u00f3knak\">\n\t\t<a class=\"o-cegPostCnt__opener m-cegOpener _ce_measure_widget _ce_measure_link\" data-ce-measure-widget=\"gallery-open\"\n   href=\"?gallery=4\/1\/Foto\u030115-Hymer-mu\u0301zeum_batch\">\n\t<img decoding=\"async\" src=\"https:\/\/www.startlap.hu\/utazas\/uploads\/sites\/3\/2023\/11\/Foto\u030115-Hymer-mu\u0301zeum_batch.jpg\" class=\"m-cegOpener__image\" alt=\"\" sizes=\"(max-width: 991px) 100vw, (max-width: 1039px) 66vw, 684px\" srcset=\"https:\/\/www.startlap.hu\/utazas\/uploads\/sites\/3\/2023\/11\/Foto\u030115-Hymer-mu\u0301zeum_batch.jpg 1280w, https:\/\/www.startlap.hu\/utazas\/uploads\/sites\/3\/2023\/11\/Foto\u030115-Hymer-mu\u0301zeum_batch-755x792.jpg 755w, https:\/\/www.startlap.hu\/utazas\/uploads\/sites\/3\/2023\/11\/Foto\u030115-Hymer-mu\u0301zeum_batch-334x350.jpg 334w\" \/>\t<div class=\"m-cegOpener__btn\"><i class=\"far fa-clone\"><\/i><\/div>\n<\/a>\n<div class=\"o-cegPostCnt__layer m-cegLayer _ce_measure_widget\" data-ce-measure-widget=\"gallery-layer\" style=\"display: none\">\n\t<div class=\"m-cegLayer__top m-cegHeader _ce_measure_widget\" data-ce-measure-widget=\"gallery-header\">\n\t\t\t\t\t<span class=\"m-cegHeader__logo\"><span class=\"a-cegLogo\"><\/span><\/span>\n\t\t\t\t<div class=\"m-cegHeader__imgCnt\">\n\t\t\t<img decoding=\"async\" src=\"https:\/\/www.startlap.hu\/utazas\/uploads\/sites\/3\/2023\/11\/Foto\u030115-Hymer-mu\u0301zeum_batch.jpg\" class=\"m-cegHeader__imgOpener\" alt=\"\" \/>\t\t<\/div>\n\t\t<h2 class=\"m-cegHeader__title a-cegGalleryTitle\"><i class=\"fa fa-angle-left\"><\/i>T\u00edz n\u00e9met \u00fati c\u00e9l aut\u00f3rajong\u00f3knak<\/h2>\n\t\t<div class=\"m-cegHeader__pagination a-cegPagination\"><\/div>\n\t\t<div class=\"m-cegHeader__closeBtn close-button nlc-icon-close _ce_measure_link _ce_measure_widget\" data-ce-measure-widget=\"gallery-close-btn\"><i class=\"fa fa-times\" aria-hidden=\"true\"><\/i><\/div>\n\t<\/div>\n\t<div class=\"m-cegLayer__screen\">\n\t\t<div class=\"m-cegLayer__carousel m-cegCarousel\">\n\t\t\t\t\t\t\t\n\t\t\t\t<div\n\t\t\t\t\tclass=\"m-cegCarousel__item\"\n\t\t\t\t\tdata-type=\"image\"\n\t\t\t\t\tdata-id=\"4\/1\/Foto\u030115-Hymer-mu\u0301zeum_batch\"\n\t\t\t\t\tdata-image-url=\"https:\/\/www.startlap.hu\/utazas\/uploads\/sites\/3\/2023\/11\/Foto\u030115-Hymer-mu\u0301zeum_batch.jpg\"\n\t\t\t\t\tdata-title=\"Hymer mu\u0301zeum_batch\"\n\t\t\t\t\tdata-desc=\"Lak\u00f3aut\u00f3 a Hymer m\u00fazeumban\">\n\n\t\t\t\t\t<!-- image -->\n\t\t\t\t\t<div class=\"m-cegCarousel__floatingCnt\">\n\t\t\t\t\t\t<img decoding=\"async\" src=\"https:\/\/www.startlap.hu\/utazas\/uploads\/sites\/3\/2023\/11\/Foto\u030115-Hymer-mu\u0301zeum_batch.jpg\" class=\"m-cegCarousel__image\" alt=\"\" \/>\t\t\t\t\t\t<span class=\"fa m-cegCarousel__zoom _ce_measure_link _ce_measure_widget\" data-ce-measure-widget=\"gallery-zoom-btn\"><\/span>\n\t\t\t\t\t<\/div>\n\n\t\t\t\t\t<!-- thumb icon \/ counter, caption  -->\n\t\t\t\t\t<div class=\"m-cegCarousel__captionCnt m-cegCaption\">\n\t\t\t\t\t\t<span class=\"m-cegCaption__thumbIcon a-cegThumbIcon _ce_measure_widget _ce_measure_link\"\n\t\t\t\t\t\t\t  data-ce-measure-widget=\"thumbnails-btn\"\n\t\t\t\t\t\t\t  data-ce-measure-widget=\"gallery-thumbnails\"><i class=\" fa fa-th-large\"><\/i><\/span>\n\t\t\t\t\t\t<span class=\"m-cegCaption__pagination a-cegPagination\">\n\t\t\t\t\t\t\t<span class=\"a-cegPagination__current\">1<\/span>\/5\t\t\t\t\t\t<\/span>\n\t\t\t\t\t\t<span class=\"m-cegCaption__caption\">Hymer mu\u0301zeum_batch<\/span>\n\t\t\t\t\t<\/div>\n\n\t\t\t\t\t<!-- Image description -->\n\t\t\t\t\t<div class=\"m-cegCarousel__desc a-cegDesc\">Lak\u00f3aut\u00f3 a Hymer m\u00fazeumban<\/div>\n\n\t\t\t\t\t<!-- Image social share icons -->\n\t\t\t\t\t<div class=\"m-cegCarousel__socialCnt m-cegSocial\">\n\t\t\t\t\t\t<span class=\"m-cegSocial__text\">Fot\u00f3 megoszt\u00e1sa:<\/span><span class=\"m-cegSocial__iconWrap\"><span class=\"m-cegSocial__icon -facebook _ce_measure_link _ce_measure_widget\" data-ce-measure-widget=\"facebookGallery-btn\"><i class=\"fab fa-facebook-f\"><\/i><\/span><span class=\"m-cegSocial__icon -pinterest _ce_measure_link _ce_measure_widget\" data-ce-measure-widget=\"printeresGallery-btn\"><i class=\"fab fa-pinterest-p\"><\/i><\/span><span class=\"m-cegSocial__icon -email _ce_measure_link _ce_measure_widget\" data-ce-measure-widget=\"emailGallery-btn\"><i class=\"far fa-envelope\"><\/i><\/span><span class=\"m-cegSocial__icon -clipboard _ce_measure_link _ce_measure_widget\" data-ce-measure-widget=\"clipboardGallery-btn\"><i class=\"fa fa-link\"><\/i><\/span><\/span>\t\t\t\t\t<\/div>\n\t\t\t\t<\/div>\n\t\t\t\t\t\t\t\n\t\t\t\t<div\n\t\t\t\t\tclass=\"m-cegCarousel__item\"\n\t\t\t\t\tdata-type=\"image\"\n\t\t\t\t\tdata-id=\"4\/2\/Foto\u030116-Hymer-mu\u0301zeum_batch\"\n\t\t\t\t\tdata-image-url=\"https:\/\/www.startlap.hu\/utazas\/uploads\/sites\/3\/2023\/11\/Foto\u030116-Hymer-mu\u0301zeum_batch.jpg\"\n\t\t\t\t\tdata-title=\"Hymer mu\u0301zeum_batch\"\n\t\t\t\t\tdata-desc=\"\u00c9s m\u00e9g egy lak\u00f3kocsi a Hymer m\u00fazeumban\">\n\n\t\t\t\t\t<!-- image -->\n\t\t\t\t\t<div class=\"m-cegCarousel__floatingCnt\">\n\t\t\t\t\t\t<img decoding=\"async\" src=\"https:\/\/www.startlap.hu\/utazas\/uploads\/sites\/3\/2023\/11\/Foto\u030116-Hymer-mu\u0301zeum_batch.jpg\" class=\"m-cegCarousel__image\" alt=\"\" \/>\t\t\t\t\t\t<span class=\"fa m-cegCarousel__zoom _ce_measure_link _ce_measure_widget\" data-ce-measure-widget=\"gallery-zoom-btn\"><\/span>\n\t\t\t\t\t<\/div>\n\n\t\t\t\t\t<!-- thumb icon \/ counter, caption  -->\n\t\t\t\t\t<div class=\"m-cegCarousel__captionCnt m-cegCaption\">\n\t\t\t\t\t\t<span class=\"m-cegCaption__thumbIcon a-cegThumbIcon _ce_measure_widget _ce_measure_link\"\n\t\t\t\t\t\t\t  data-ce-measure-widget=\"thumbnails-btn\"\n\t\t\t\t\t\t\t  data-ce-measure-widget=\"gallery-thumbnails\"><i class=\" fa fa-th-large\"><\/i><\/span>\n\t\t\t\t\t\t<span class=\"m-cegCaption__pagination a-cegPagination\">\n\t\t\t\t\t\t\t<span class=\"a-cegPagination__current\">2<\/span>\/5\t\t\t\t\t\t<\/span>\n\t\t\t\t\t\t<span class=\"m-cegCaption__caption\">Hymer mu\u0301zeum_batch<\/span>\n\t\t\t\t\t<\/div>\n\n\t\t\t\t\t<!-- Image description -->\n\t\t\t\t\t<div class=\"m-cegCarousel__desc a-cegDesc\">\u00c9s m\u00e9g egy lak\u00f3kocsi a Hymer m\u00fazeumban<\/div>\n\n\t\t\t\t\t<!-- Image social share icons -->\n\t\t\t\t\t<div class=\"m-cegCarousel__socialCnt m-cegSocial\">\n\t\t\t\t\t\t<span class=\"m-cegSocial__text\">Fot\u00f3 megoszt\u00e1sa:<\/span><span class=\"m-cegSocial__iconWrap\"><span class=\"m-cegSocial__icon -facebook _ce_measure_link _ce_measure_widget\" data-ce-measure-widget=\"facebookGallery-btn\"><i class=\"fab fa-facebook-f\"><\/i><\/span><span class=\"m-cegSocial__icon -pinterest _ce_measure_link _ce_measure_widget\" data-ce-measure-widget=\"printeresGallery-btn\"><i class=\"fab fa-pinterest-p\"><\/i><\/span><span class=\"m-cegSocial__icon -email _ce_measure_link _ce_measure_widget\" data-ce-measure-widget=\"emailGallery-btn\"><i class=\"far fa-envelope\"><\/i><\/span><span class=\"m-cegSocial__icon -clipboard _ce_measure_link _ce_measure_widget\" data-ce-measure-widget=\"clipboardGallery-btn\"><i class=\"fa fa-link\"><\/i><\/span><\/span>\t\t\t\t\t<\/div>\n\t\t\t\t<\/div>\n\t\t\t\t\t\t\t\n\t\t\t\t<div\n\t\t\t\t\tclass=\"m-cegCarousel__item\"\n\t\t\t\t\tdata-type=\"image\"\n\t\t\t\t\tdata-id=\"4\/3\/Foto\u030113-Hymer-mu\u0301zeum_batch\"\n\t\t\t\t\tdata-image-url=\"https:\/\/www.startlap.hu\/utazas\/uploads\/sites\/3\/2023\/11\/Foto\u030113-Hymer-mu\u0301zeum_batch.jpg\"\n\t\t\t\t\tdata-title=\"Foto\u030113 Hymer mu\u0301zeum_batch\"\n\t\t\t\t\tdata-desc=\"Lak\u00f3aut\u00f3 a m\u00fazeumban\">\n\n\t\t\t\t\t<!-- image -->\n\t\t\t\t\t<div class=\"m-cegCarousel__floatingCnt\">\n\t\t\t\t\t\t<img decoding=\"async\" src=\"https:\/\/www.startlap.hu\/utazas\/uploads\/sites\/3\/2023\/11\/Foto\u030113-Hymer-mu\u0301zeum_batch.jpg\" class=\"m-cegCarousel__image\" alt=\"\" \/>\t\t\t\t\t\t<span class=\"fa m-cegCarousel__zoom _ce_measure_link _ce_measure_widget\" data-ce-measure-widget=\"gallery-zoom-btn\"><\/span>\n\t\t\t\t\t<\/div>\n\n\t\t\t\t\t<!-- thumb icon \/ counter, caption  -->\n\t\t\t\t\t<div class=\"m-cegCarousel__captionCnt m-cegCaption\">\n\t\t\t\t\t\t<span class=\"m-cegCaption__thumbIcon a-cegThumbIcon _ce_measure_widget _ce_measure_link\"\n\t\t\t\t\t\t\t  data-ce-measure-widget=\"thumbnails-btn\"\n\t\t\t\t\t\t\t  data-ce-measure-widget=\"gallery-thumbnails\"><i class=\" fa fa-th-large\"><\/i><\/span>\n\t\t\t\t\t\t<span class=\"m-cegCaption__pagination a-cegPagination\">\n\t\t\t\t\t\t\t<span class=\"a-cegPagination__current\">3<\/span>\/5\t\t\t\t\t\t<\/span>\n\t\t\t\t\t\t<span class=\"m-cegCaption__caption\">Foto\u030113 Hymer mu\u0301zeum_batch<\/span>\n\t\t\t\t\t<\/div>\n\n\t\t\t\t\t<!-- Image description -->\n\t\t\t\t\t<div class=\"m-cegCarousel__desc a-cegDesc\">Lak\u00f3aut\u00f3 a m\u00fazeumban<\/div>\n\n\t\t\t\t\t<!-- Image social share icons -->\n\t\t\t\t\t<div class=\"m-cegCarousel__socialCnt m-cegSocial\">\n\t\t\t\t\t\t<span class=\"m-cegSocial__text\">Fot\u00f3 megoszt\u00e1sa:<\/span><span class=\"m-cegSocial__iconWrap\"><span class=\"m-cegSocial__icon -facebook _ce_measure_link _ce_measure_widget\" data-ce-measure-widget=\"facebookGallery-btn\"><i class=\"fab fa-facebook-f\"><\/i><\/span><span class=\"m-cegSocial__icon -pinterest _ce_measure_link _ce_measure_widget\" data-ce-measure-widget=\"printeresGallery-btn\"><i class=\"fab fa-pinterest-p\"><\/i><\/span><span class=\"m-cegSocial__icon -email _ce_measure_link _ce_measure_widget\" data-ce-measure-widget=\"emailGallery-btn\"><i class=\"far fa-envelope\"><\/i><\/span><span class=\"m-cegSocial__icon -clipboard _ce_measure_link _ce_measure_widget\" data-ce-measure-widget=\"clipboardGallery-btn\"><i class=\"fa fa-link\"><\/i><\/span><\/span>\t\t\t\t\t<\/div>\n\t\t\t\t<\/div>\n\t\t\t\t\t\t\t\t\t\t\t\t<div\n\t\t\t\t\t\tclass=\"m-cegCarousel__item -banner\"\n\t\t\t\t\t\tdata-type=\"banner\"\n\t\t\t\t\t\tdata-id=\"4\/4\/banner\"\n\t\t\t\t\t\tdata-image-url=\"\"\n\t\t\t\t\t\tdata-title=\"\"\n\t\t\t\t\t\tdata-desc=\"\">\n\n\t\t\t\t\t\t<div class=\"m-cegCarousel__floatingCnt banner-container gallery-content010\"><\/div>\n\n\t\t\t\t\t<\/div>\n\t\t\t\t\t\t\t\t\t\n\t\t\t\t<div\n\t\t\t\t\tclass=\"m-cegCarousel__item\"\n\t\t\t\t\tdata-type=\"image\"\n\t\t\t\t\tdata-id=\"4\/5\/Foto\u030112-Hymer-mu\u0301zeum-e\u0301pu\u0308lete_batch\"\n\t\t\t\t\tdata-image-url=\"https:\/\/www.startlap.hu\/utazas\/uploads\/sites\/3\/2023\/11\/Foto\u030112-Hymer-mu\u0301zeum-e\u0301pu\u0308lete_batch.jpg\"\n\t\t\t\t\tdata-title=\"Foto\u030112 Hymer mu\u0301zeum e\u0301pu\u0308lete_batch\"\n\t\t\t\t\tdata-desc=\"A Hymer m\u00fazeum k\u00edv\u00fclr\u0151l ((Fot\u00f3k: \u00c9let s\u00f3ja blog)\">\n\n\t\t\t\t\t<!-- image -->\n\t\t\t\t\t<div class=\"m-cegCarousel__floatingCnt\">\n\t\t\t\t\t\t<img decoding=\"async\" src=\"https:\/\/www.startlap.hu\/utazas\/uploads\/sites\/3\/2023\/11\/Foto\u030112-Hymer-mu\u0301zeum-e\u0301pu\u0308lete_batch.jpg\" class=\"m-cegCarousel__image\" alt=\"\" \/>\t\t\t\t\t\t<span class=\"fa m-cegCarousel__zoom _ce_measure_link _ce_measure_widget\" data-ce-measure-widget=\"gallery-zoom-btn\"><\/span>\n\t\t\t\t\t<\/div>\n\n\t\t\t\t\t<!-- thumb icon \/ counter, caption  -->\n\t\t\t\t\t<div class=\"m-cegCarousel__captionCnt m-cegCaption\">\n\t\t\t\t\t\t<span class=\"m-cegCaption__thumbIcon a-cegThumbIcon _ce_measure_widget _ce_measure_link\"\n\t\t\t\t\t\t\t  data-ce-measure-widget=\"thumbnails-btn\"\n\t\t\t\t\t\t\t  data-ce-measure-widget=\"gallery-thumbnails\"><i class=\" fa fa-th-large\"><\/i><\/span>\n\t\t\t\t\t\t<span class=\"m-cegCaption__pagination a-cegPagination\">\n\t\t\t\t\t\t\t<span class=\"a-cegPagination__current\">5<\/span>\/5\t\t\t\t\t\t<\/span>\n\t\t\t\t\t\t<span class=\"m-cegCaption__caption\">Foto\u030112 Hymer mu\u0301zeum e\u0301pu\u0308lete_batch<\/span>\n\t\t\t\t\t<\/div>\n\n\t\t\t\t\t<!-- Image description -->\n\t\t\t\t\t<div class=\"m-cegCarousel__desc a-cegDesc\">A Hymer m\u00fazeum k\u00edv\u00fclr\u0151l ((Fot\u00f3k: \u00c9let s\u00f3ja blog)<\/div>\n\n\t\t\t\t\t<!-- Image social share icons -->\n\t\t\t\t\t<div class=\"m-cegCarousel__socialCnt m-cegSocial\">\n\t\t\t\t\t\t<span class=\"m-cegSocial__text\">Fot\u00f3 megoszt\u00e1sa:<\/span><span class=\"m-cegSocial__iconWrap\"><span class=\"m-cegSocial__icon -facebook _ce_measure_link _ce_measure_widget\" data-ce-measure-widget=\"facebookGallery-btn\"><i class=\"fab fa-facebook-f\"><\/i><\/span><span class=\"m-cegSocial__icon -pinterest _ce_measure_link _ce_measure_widget\" data-ce-measure-widget=\"printeresGallery-btn\"><i class=\"fab fa-pinterest-p\"><\/i><\/span><span class=\"m-cegSocial__icon -email _ce_measure_link _ce_measure_widget\" data-ce-measure-widget=\"emailGallery-btn\"><i class=\"far fa-envelope\"><\/i><\/span><span class=\"m-cegSocial__icon -clipboard _ce_measure_link _ce_measure_widget\" data-ce-measure-widget=\"clipboardGallery-btn\"><i class=\"fa fa-link\"><\/i><\/span><\/span>\t\t\t\t\t<\/div>\n\t\t\t\t<\/div>\n\t\t\t\t\t\t\t\t<\/div>\n\t\t<div class=\"m-cegLayer__thumbnails m-cegThumbList _ce_measure_widget\" data-ce-measure-widget=\"gallery-thumb-list\">\n\t\t\t\t\t\t\t\t\t\t\t<div class=\"m-cegThumbList__item\"\n\t\t\t\t\tdata-id=\"4\/1\/Foto\u030115-Hymer-mu\u0301zeum_batch\"\n\t\t\t\t\tdata-index=\"0\">\n\t\t\t\t\t<img decoding=\"async\" src=\"https:\/\/www.startlap.hu\/utazas\/uploads\/sites\/3\/2023\/11\/Foto\u030115-Hymer-mu\u0301zeum_batch.jpg\" class=\"m-cegThumbList__image _ce_measure_link\" alt=\"\" \/>\t\t\t\t<\/div>\n\t\t\t\t\t\t\t\t\t\t\t<div class=\"m-cegThumbList__item\"\n\t\t\t\t\tdata-id=\"4\/2\/Foto\u030116-Hymer-mu\u0301zeum_batch\"\n\t\t\t\t\tdata-index=\"1\">\n\t\t\t\t\t<img decoding=\"async\" src=\"https:\/\/www.startlap.hu\/utazas\/uploads\/sites\/3\/2023\/11\/Foto\u030116-Hymer-mu\u0301zeum_batch.jpg\" class=\"m-cegThumbList__image _ce_measure_link\" alt=\"\" \/>\t\t\t\t<\/div>\n\t\t\t\t\t\t\t\t\t\t\t<div class=\"m-cegThumbList__item\"\n\t\t\t\t\tdata-id=\"4\/3\/Foto\u030113-Hymer-mu\u0301zeum_batch\"\n\t\t\t\t\tdata-index=\"2\">\n\t\t\t\t\t<img decoding=\"async\" src=\"https:\/\/www.startlap.hu\/utazas\/uploads\/sites\/3\/2023\/11\/Foto\u030113-Hymer-mu\u0301zeum_batch.jpg\" class=\"m-cegThumbList__image _ce_measure_link\" alt=\"\" \/>\t\t\t\t<\/div>\n\t\t\t\t\t\t\t\t\t\t\t\t\t\t\t<div class=\"m-cegThumbList__item\"\n\t\t\t\t\tdata-id=\"4\/5\/Foto\u030112-Hymer-mu\u0301zeum-e\u0301pu\u0308lete_batch\"\n\t\t\t\t\tdata-index=\"4\">\n\t\t\t\t\t<img decoding=\"async\" src=\"https:\/\/www.startlap.hu\/utazas\/uploads\/sites\/3\/2023\/11\/Foto\u030112-Hymer-mu\u0301zeum-e\u0301pu\u0308lete_batch.jpg\" class=\"m-cegThumbList__image _ce_measure_link\" alt=\"\" \/>\t\t\t\t<\/div>\n\t\t\t\t\t<\/div>\n\t<\/div>\n\t<div class=\"m-cegLayer__sidebar m-cegSidebar _ce_measure_widget\" data-ce-measure-widget=\"gallery-sidebar\">\n\n\t\t<div class=\"m-cegSidebar__desc a-cegDesc _ce_measure_widget\" data-ce-measure-widget=\"gallery-desc\"><\/div>\n\n\t\t<div class=\"m-cegSidebar__socialCnt m-cegSocial -sidebar _ce_measure_widget\" data-ce-measure-widget=\"gallery-social\">\n\t\t\t<span class=\"m-cegSocial__text\">Fot\u00f3 megoszt\u00e1sa:<\/span><span class=\"m-cegSocial__iconWrap\"><span class=\"m-cegSocial__icon -facebook _ce_measure_link _ce_measure_widget\" data-ce-measure-widget=\"facebookGallery-btn\"><i class=\"fab fa-facebook-f\"><\/i><\/span><span class=\"m-cegSocial__icon -pinterest _ce_measure_link _ce_measure_widget\" data-ce-measure-widget=\"printeresGallery-btn\"><i class=\"fab fa-pinterest-p\"><\/i><\/span><span class=\"m-cegSocial__icon -email _ce_measure_link _ce_measure_widget\" data-ce-measure-widget=\"emailGallery-btn\"><i class=\"far fa-envelope\"><\/i><\/span><span class=\"m-cegSocial__icon -clipboard _ce_measure_link _ce_measure_widget\" data-ce-measure-widget=\"clipboardGallery-btn\"><i class=\"fa fa-link\"><\/i><\/span><\/span>\t\t<\/div>\n\n\t\t<div class=\"gallery-right010 banner-container\"><\/div>\n\t\t<div class=\"gallery-right020 banner-container\"><\/div>\n\n\t<\/div>\n<\/div>\n\t<\/div>\n\n\t<script>\n\t\tjQuery(function () {\n\t\t\tvar id = '#cegPostCnt_4';\n\t\t\tjQuery( id ).articleGallery({\n\t\t\t\tonChanged: function (event) {\n\t\t\t\t\t\tthis.renderSidebarCTS( 'gallery-right010' );\n\t\t\t\t\t\tthis.renderSidebarCTS( 'gallery-right020' );\n\t\t\t\t\t\tthis.renderBannerSlideCTS(  event,\n\t\t\t\t\t\t\t\t\t\t\t\t\t[\n\t\t\t\t\t\t\t\t\t\t\t\t\t\t'gallery-content010',\n\t\t\t\t\t\t\t\t\t\t\t\t\t\t'gallery-content020',\n\t\t\t\t\t\t\t\t\t\t\t\t\t\t'gallery-content030'\n\t\t\t\t\t\t\t\t\t\t\t\t\t]);\n\t\t\t\t}\n\t\t\t});\n\t\t});\n\t<\/script>\t\n<p>A m\u00fazeum ki\u00e1ll\u00edt\u00e1si anyaga t\u00f6bb mint sz\u00e1z \u00e9vet \u00f6lel fel, \u00e9s mik\u00f6zben az id\u0151ben haladunk el\u0151re, t\u00e9rben is eljutunk az Alpokt\u00f3l az olasz Rivi\u00e9r\u00e1ig, Marokk\u00f3t\u00f3l Indi\u00e1ig, a Szahar\u00e1t\u00f3l Norv\u00e9gi\u00e1ig \u00e9s az Egyes\u00fclt \u00c1llamokig.<\/p>\n<blockquote class=\"article__extraTxt\"><p>Az \u00e9n egyik kedvencem a m\u00fazeumban az a kanyarod\u00e1si \u00fatmutat\u00f3, amely az Alpok h\u00e1g\u00f3ira aut\u00f3k ut\u00e1n k\u00f6t\u00f6tt lak\u00f3kocsival mer\u00e9szked\u0151knek ny\u00fajtott seg\u00edts\u00e9get.<\/p><\/blockquote>\n<p>Bepillantva a lak\u00f3kocsikba, lak\u00f3aut\u00f3kba, olyan \u00e9rdekess\u00e9geket fedezhet\u00fcnk fel, mint nagyany\u00e1ink rezs\u00f3j\u00e1t az 1956-os Westfalia Campingben, vagy az angol sz\u00e1llod\u00e1kban \u00e9s lak\u00e1sokban haszn\u00e1latos csaptelepeket az angol Coventry Steel Caravans Knight 49-ben.<\/p>\n<p>A hab a tort\u00e1n egy 1959-es Mikafa Reisemobil de Lux, amelynek alakj\u00e1ban egy r\u00e9gi \u00e1f\u00e9szes Robur k\u00f6sz\u00f6n vissza. Fot\u00f315 \u00e9s Fot\u00f316<\/p>\n<h2>Eur\u00f3pa legnagyobb Forma\u20131-es ki\u00e1ll\u00edt\u00e1sa \u00e9s a Maybach \u2013 Sinsheim \u00e9s Speyer<\/h2>\n<p>Heilbronn k\u00f6zel\u00e9ben tal\u00e1lhat\u00f3 a <a href=\"https:\/\/sinsheim.technik-museum.de\/\" target=\"_blank\" target=\"_blank\" rel=\"noopener noreferrer\"><strong>sinsheimi Technikai M\u00fazeum<\/strong><\/a>, ahol sportaut\u00f3kkal, oldtimerekkel, haszonj\u00e1rm\u0171vekkel, rep\u00fcl\u0151kkel, motorokkal \u00e9s Eur\u00f3pa legnagyobb Forma\u20131-es ki\u00e1ll\u00edt\u00e1s\u00e1val tal\u00e1lkozhatunk. Az oldtimerek k\u00f6z\u00f6tt igazi ritkas\u00e1gokkal szolg\u00e1lnak, mint az 1898-as Mors l\u00e1nchajt\u00e1s\u00fa, vagy az els\u0151 fut\u00f3szalagon gy\u00e1rtott Ford T-Modell-lel. Alig harmincpercnyi aut\u00f3z\u00e1sra tal\u00e1lhat\u00f3 a m\u00fazeum testv\u00e9re, a speyeri Technikai M\u00fazeum, ahol minden luxuslimuzin \u0151sapj\u00e1t, a Maybach Zeppelint (1921) csod\u00e1lhatjuk meg sz\u00e1mos egy\u00e9b oldtimer aut\u00f3 t\u00e1rsas\u00e1g\u00e1ban.&nbsp;<\/p>\n<figure id=\"attachment_64981\" aria-describedby=\"caption-attachment-64981\" style=\"width: 755px\" class=\"wp-caption aligncenter\"><img loading=\"lazy\" decoding=\"async\" class=\"size-article-size-large-image wp-image-64981\" src=\"https:\/\/www.startlap.hu\/utazas\/uploads\/sites\/3\/2023\/11\/Foto\u030117-Speyer-Technikai-mu\u0301zeum_batch-755x566.jpg\" alt=\"\" width=\"755\" height=\"566\" srcset=\"https:\/\/www.startlap.hu\/utazas\/uploads\/sites\/3\/2023\/11\/Foto\u030117-Speyer-Technikai-mu\u0301zeum_batch-755x566.jpg 755w, https:\/\/www.startlap.hu\/utazas\/uploads\/sites\/3\/2023\/11\/Foto\u030117-Speyer-Technikai-mu\u0301zeum_batch-85x65.jpg 85w, https:\/\/www.startlap.hu\/utazas\/uploads\/sites\/3\/2023\/11\/Foto\u030117-Speyer-Technikai-mu\u0301zeum_batch-467x350.jpg 467w, https:\/\/www.startlap.hu\/utazas\/uploads\/sites\/3\/2023\/11\/Foto\u030117-Speyer-Technikai-mu\u0301zeum_batch.jpg 1280w\" sizes=\"auto, (max-width: 755px) 100vw, 755px\" \/><figcaption id=\"caption-attachment-64981\" class=\"wp-caption-text\">A Speyer Technikai mu\u0301zeum (Fot\u00f3: \u00e9let s\u00f3ja blog)<\/figcaption><\/figure>\n<h2>Krimibe ill\u0151 hely \u2013 a n\u00e9met rend\u0151rs\u00e9g oldtimer m\u00fazeuma, Marburg<\/h2>\n<p>Aki ismeri \u00e9s szereti a n\u00e9met krimiket, esetleg a r\u00e9gebbieket is l\u00e1tta m\u00e1r, annak sok ismer\u0151s aut\u00f3 lesz ebben a <a href=\"https:\/\/polizeioldtimer.de\/#museum\" target=\"_blank\" target=\"_blank\" rel=\"noopener noreferrer\">m\u00fazeumban<\/a>. A rend \u0151reinek \u00e9let\u00e9ben is \u00f3ri\u00e1si szerepet j\u00e1tszott az aut\u00f3, az aut\u00f3k fejl\u0151d\u00e9se az elm\u00falt n\u00e9h\u00e1ny \u00e9vtizedben. Ezt a fejl\u0151d\u00e9st k\u00f6veti nyomon a m\u00fazeum k\u00f6zel nyolcvan aut\u00f3j\u00e1val, k\u00f6zt\u00fck olyannal, mint az 50-es \u00e9vek szt\u00e1rja, az Opel Rekord P1. L\u00e1that\u00f3ak itt ezenk\u00edv\u00fcl rend\u0151rs\u00e9gi motorok, v\u00edz\u00e1gy\u00fak, teherg\u00e9pkocsik egykori rend\u0151rs\u00e9gi szolg\u00e1latb\u00f3l.<\/p>\n<p>Ha k\u00edv\u00e1ncsiak vagytok, hogy milyen aut\u00f3m\u00fazeumok vannak m\u00e9g N\u00e9metorsz\u00e1gban, akkor a list\u00e1t <a href=\"https:\/\/de.wikipedia.org\/wiki\/Liste_von_Automuseen_in_Deutschland\" target=\"_blank\" target=\"_blank\" rel=\"noopener noreferrer\">itt<\/a> b\u00f6ng\u00e9szhetitek.<\/p>\n<div class=\"o-widget m-readMoreWidget -readMore u-shortDecorLineAfter row widget-container _ce_measure_widget bigdata-widget read-more\" data-ce-measure-widget=\"olvass tov\u00e1bb\">\n\t<div class=\"m-readMoreWidget__imgWrapper image-wrapper col-12 col-md-4 no-p\">\n\t\t<a class=\"m-readMoreWidget__imgLink\" href=\"https:\/\/www.startlap.hu\/utazas\/alvokocsi-ausztira-oebb-fotok\/\" >\n\t\t\t<img decoding=\"async\" src=\"https:\/\/www.startlap.hu\/utazas\/uploads\/sites\/3\/2023\/10\/ausztria-alvokocsi-2-350x285.jpg\" class=\"m-readMoreWidget__img\">\n\t\t<\/a>\n\t<\/div>\n\t<div class=\"m-readMoreWidget__titleWrapper title-wrapper col-12 col-md-8\">\n\t\t<span class=\"m-readMoreWidget__titleLabel u-shortDecorLineBefore label hidden-sm-up\">Ez is \u00e9rdekelhet:<\/span>\n\t\t<h3 class=\"m-readMoreWidget__title title\">\n\t\t\t<a class=\"m-readMoreWidget__titleLink -secondFont u-bold u-upperCase\" href=\"https:\/\/www.startlap.hu\/utazas\/alvokocsi-ausztira-oebb-fotok\/\" >Fot\u00f3kon az osztr\u00e1kok \u00faj alv\u00f3kocsijai, amik fel\u00e9rnek egy sz\u00e1llodai szob\u00e1val<\/a>\n\t\t<\/h3>\n\t\t<a class=\"m-readMoreWidget__btn -coloredBack u-tC link\" href=\"https:\/\/www.startlap.hu\/utazas\/alvokocsi-ausztira-oebb-fotok\/\" >Elolvasom<\/a>\n\t<\/div>\n<\/div>\n","protected":false},"excerpt":{"rendered":"<p>Kir\u0151l kapta a nev\u00e9t a Mercedes? Mi k\u00f6ze van a kapuz\u00e1r\u00e1si p\u00e1niknak a Porsche 911-hez? Hogyan kell elkanyarodni egy h\u00e1g\u00f3n lak\u00f3kocsival a h\u00e1tunk m\u00f6g\u00f6tt? Hogyan lett August Horch nev\u00e9b\u0151l az Audi n\u00e9v? Aut\u00f3s k\u00e9rd\u00e9sek, amelyekre a v\u00e1lasz ott rejt\u0151zik N\u00e9metorsz\u00e1g valamelyik, aut\u00f3kkal kapcsolatos m\u00fazeum\u00e1ban.<\/p>\n","protected":false},"author":18,"featured_media":65080,"comment_status":"closed","ping_status":"closed","sticky":false,"template":"","format":"standard","meta":{"footnotes":""},"categories":[9],"tags":[264,358,193,2769],"class_list":["post-64949","post","type-post","status-publish","format-standard","has-post-thumbnail","hentry","category-utazok","tag-lakoauto","tag-munchen","tag-nemetorszag","tag-volkswagen"],"aioseo_notices":[],"_links":{"self":[{"href":"https:\/\/www.startlap.hu\/utazas\/wp-json\/wp\/v2\/posts\/64949","targetHints":{"allow":["GET"]}}],"collection":[{"href":"https:\/\/www.startlap.hu\/utazas\/wp-json\/wp\/v2\/posts"}],"about":[{"href":"https:\/\/www.startlap.hu\/utazas\/wp-json\/wp\/v2\/types\/post"}],"author":[{"embeddable":true,"href":"https:\/\/www.startlap.hu\/utazas\/wp-json\/wp\/v2\/users\/18"}],"replies":[{"embeddable":true,"href":"https:\/\/www.startlap.hu\/utazas\/wp-json\/wp\/v2\/comments?post=64949"}],"version-history":[{"count":9,"href":"https:\/\/www.startlap.hu\/utazas\/wp-json\/wp\/v2\/posts\/64949\/revisions"}],"predecessor-version":[{"id":65180,"href":"https:\/\/www.startlap.hu\/utazas\/wp-json\/wp\/v2\/posts\/64949\/revisions\/65180"}],"wp:featuredmedia":[{"embeddable":true,"href":"https:\/\/www.startlap.hu\/utazas\/wp-json\/wp\/v2\/media\/65080"}],"wp:attachment":[{"href":"https:\/\/www.startlap.hu\/utazas\/wp-json\/wp\/v2\/media?parent=64949"}],"wp:term":[{"taxonomy":"category","embeddable":true,"href":"https:\/\/www.startlap.hu\/utazas\/wp-json\/wp\/v2\/categories?post=64949"},{"taxonomy":"post_tag","embeddable":true,"href":"https:\/\/www.startlap.hu\/utazas\/wp-json\/wp\/v2\/tags?post=64949"}],"curies":[{"name":"wp","href":"https:\/\/api.w.org\/{rel}","templated":true}]}}