{"id":63297,"date":"2023-09-23T17:28:14","date_gmt":"2023-09-23T15:28:14","guid":{"rendered":"https:\/\/www.startlap.hu\/utazas\/?p=63297"},"modified":"2023-09-23T22:30:29","modified_gmt":"2023-09-23T20:30:29","slug":"uj-hajok-a-balatonon-tihany-es-tomaj-hamarosan-forgalomba-all","status":"publish","type":"post","link":"https:\/\/www.startlap.hu\/utazas\/uj-hajok-a-balatonon-tihany-es-tomaj-hamarosan-forgalomba-all\/","title":{"rendered":"\u00daj haj\u00f3k a Balatonon: Tihany \u00e9s Tomaj hamarosan forgalomba \u00e1ll"},"content":{"rendered":"<p>Asikeres \u00fczempr\u00f3b\u00e1k ut\u00e1n megtehette els\u0151 balatoni kilom\u00e9tereit a <strong>Tihany n\u00e9vre keresztelt komp \u00e9s a Tomaj katamar\u00e1n<\/strong> &#8211; tudatta a Balatoni Haj\u00f3z\u00e1si Zrt. k\u00f6zlem\u00e9nyben az MTI-vel szombaton.<\/p>\n<p>A m\u00e1sik k\u00e9t haj\u00f3 \u00f6sszeszerel\u00e9si munk\u00e1latai is rendben haladnak,<\/p>\n<blockquote class=\"article__extraTxt\"><p>a kompok el\u0151rel\u00e1that\u00f3lag decemberben, a katamar\u00e1nok pedig a k\u00f6vetkez\u0151 haj\u00f3z\u00e1si szezon megkezd\u00e9sekor, j\u00f6v\u0151 m\u00e1rciusban kezdik meg szolg\u00e1latukat<\/p><\/blockquote>\n<p>&#8211; f\u0171zt\u00e9k hozz\u00e1.<\/p>\n<p>A k\u00f6zlem\u00e9nyben ismertetik: a 2019 \u00f3ta \u00fajra t\u00f6bbs\u00e9gi \u00e1llami tulajdonban m\u0171k\u00f6d\u0151 Balatoni Haj\u00f3z\u00e1si Zrt. a magyar korm\u00e1ny t\u00e1mogat\u00e1s\u00e1nak k\u00f6sz\u00f6nhet\u0151en tudta megv\u00e1s\u00e1rolni a haj\u00f3kat. A korszer\u0171s\u00edt\u00e9s \u00e9rdek\u00e9ben beszerzett k\u00e9t \u00faj szem\u00e9lyhaj\u00f3t \u00e9s k\u00e9t kompot a kom\u00e1romi haj\u00f3gy\u00e1rban \u00e9p\u00edtett\u00e9k meg, majd sz\u00e9tszerelve sz\u00e1ll\u00edtott\u00e1k a Balatonra j\u00faliusban.<\/p>\n<figure id=\"attachment_63299\" aria-describedby=\"caption-attachment-63299\" style=\"width: 755px\" class=\"wp-caption alignnone\"><a href=\"https:\/\/www.startlap.hu\/utazas\/uploads\/sites\/3\/2023\/09\/balaton-hajo.jpg\"><img loading=\"lazy\" decoding=\"async\" class=\"size-article-size-large-image wp-image-63299\" src=\"https:\/\/www.startlap.hu\/utazas\/uploads\/sites\/3\/2023\/09\/balaton-hajo-755x502.jpg\" alt=\"A si\u00f3foki Hotel Yacht kik\u00f6t\u0151je 2023. szeptember 22-\u00e9n. \" width=\"755\" height=\"502\" srcset=\"https:\/\/www.startlap.hu\/utazas\/uploads\/sites\/3\/2023\/09\/balaton-hajo-755x502.jpg 755w, https:\/\/www.startlap.hu\/utazas\/uploads\/sites\/3\/2023\/09\/balaton-hajo-1536x1022.jpg 1536w, https:\/\/www.startlap.hu\/utazas\/uploads\/sites\/3\/2023\/09\/balaton-hajo-2048x1362.jpg 2048w, https:\/\/www.startlap.hu\/utazas\/uploads\/sites\/3\/2023\/09\/balaton-hajo-250x165.jpg 250w, https:\/\/www.startlap.hu\/utazas\/uploads\/sites\/3\/2023\/09\/balaton-hajo-526x350.jpg 526w\" sizes=\"auto, (max-width: 755px) 100vw, 755px\" \/><\/a><figcaption id=\"caption-attachment-63299\" class=\"wp-caption-text\">A si\u00f3foki Hotel Yacht kik\u00f6t\u0151je 2023. szeptember 22-\u00e9n. Ezen a napon kifutottak els\u0151 \u00fatjukra a Balatoni Haj\u00f3z\u00e1si Zrt. (Bahart) \u00faj haj\u00f3i. Fot\u00f3: MTI\/Szigetv\u00e1ry Zsolt<\/figcaption><\/figure>\n<p>A ny\u00e1r folyam\u00e1n befejez\u0151dtek a m\u0171szaki, \u00f6sszeszerel\u00e9si \u00e9s berendez\u00e9si munk\u00e1latok, \u00edgy a n\u00e9gyb\u0151l m\u00e1r k\u00e9t haj\u00f3 megkezdhette az \u00e1ll\u00f3 (funkcion\u00e1lis)- \u00e9s fut\u00f3pr\u00f3b\u00e1kat. Ennek keret\u00e9ben vizsg\u00e1lt\u00e1k p\u00e9ld\u00e1ul a haj\u00f3k \u00fasz\u00e1shelyzet\u00e9t, korm\u00e1nyozhat\u00f3s\u00e1g\u00e1t, man\u0151verez\u00e9si k\u00e9pess\u00e9g\u00e9t, illetve a v\u00e9sz\u00fczemi funkci\u00f3kat is kipr\u00f3b\u00e1lt\u00e1k. A k\u00f6vetkez\u0151 hetekben a tov\u00e1bbi \u00fczempr\u00f3b\u00e1kat hat\u00f3s\u00e1gi szeml\u00e9k \u00e9s betanul\u00e1si folyamat k\u00f6veti, valamint folytat\u00f3dnak a m\u00e9g folyamatban l\u00e9v\u0151 komp \u00e9s katamar\u00e1n \u00f6sszeszerel\u00e9si munk\u00e1latai.<\/p>\n<p>A kompok ac\u00e9lszerkezet\u00e9nek t\u00f6mege 298 tonna, 11 kilom\u00e9ter elektromos vezet\u00e9k, k\u00f6zel 4 tonna fest\u00e9ket haszn\u00e1ltak az \u00e9p\u00edt\u00e9s sor\u00e1n. A katamar\u00e1nokhoz egyenk\u00e9nt 157 tonna ac\u00e9l, 9 tonna hegeszt\u00e9si seg\u00e9danyag, 14 kilom\u00e9ter elektromos vezet\u00e9ket haszn\u00e1ltak &#8211; ismerteti k\u00f6zlem\u00e9ny\u00e9ben a Balatoni Haj\u00f3z\u00e1si Zrt.<\/p>\n<div class=\"o-widget m-readMoreWidget -readMore u-shortDecorLineAfter row widget-container _ce_measure_widget bigdata-widget read-more\" data-ce-measure-widget=\"olvass tov\u00e1bb\">\n\t<div class=\"m-readMoreWidget__imgWrapper image-wrapper col-12 col-md-4 no-p\">\n\t\t<a class=\"m-readMoreWidget__imgLink\" href=\"https:\/\/www.startlap.hu\/utazas\/nadas-balaton-csokkenes-kornyezetvedelem-termeszetvedelem\/\" >\n\t\t\t<img decoding=\"async\" src=\"https:\/\/www.startlap.hu\/utazas\/uploads\/sites\/3\/2023\/09\/balaton_nadas-350x285.jpg\" class=\"m-readMoreWidget__img\">\n\t\t<\/a>\n\t<\/div>\n\t<div class=\"m-readMoreWidget__titleWrapper title-wrapper col-12 col-md-8\">\n\t\t<span class=\"m-readMoreWidget__titleLabel u-shortDecorLineBefore label hidden-sm-up\">Ez is \u00e9rdekelhet:<\/span>\n\t\t<h3 class=\"m-readMoreWidget__title title\">\n\t\t\t<a class=\"m-readMoreWidget__titleLink -secondFont u-bold u-upperCase\" href=\"https:\/\/www.startlap.hu\/utazas\/nadas-balaton-csokkenes-kornyezetvedelem-termeszetvedelem\/\" >Vesz\u00e9lybe ker\u00fclt a Balaton, egyre kevesebb a n\u00e1d<\/a>\n\t\t<\/h3>\n\t\t<a class=\"m-readMoreWidget__btn -coloredBack u-tC link\" href=\"https:\/\/www.startlap.hu\/utazas\/nadas-balaton-csokkenes-kornyezetvedelem-termeszetvedelem\/\" >Elolvasom<\/a>\n\t<\/div>\n<\/div>\n","protected":false},"excerpt":{"rendered":"<p>A rendszerv\u00e1lt\u00e1s \u00f3ta el\u0151sz\u00f6r \u00e9rkezett n\u00e9gy \u00faj haj\u00f3 a Balatonra, amelyek k\u00f6z\u00fcl kett\u0151 \u00f6sszeszerel\u00e9si munk\u00e1latai v\u00e9get \u00e9rtek.<\/p>\n","protected":false},"author":45,"featured_media":63299,"comment_status":"closed","ping_status":"closed","sticky":false,"template":"","format":"standard","meta":{"footnotes":""},"categories":[7],"tags":[279,8065,1483,560],"class_list":["post-63297","post","type-post","status-publish","format-standard","has-post-thumbnail","hentry","category-belfold-utazas","tag-balaton","tag-belfoldi-tavak","tag-hajo","tag-komp"],"aioseo_notices":[],"_links":{"self":[{"href":"https:\/\/www.startlap.hu\/utazas\/wp-json\/wp\/v2\/posts\/63297","targetHints":{"allow":["GET"]}}],"collection":[{"href":"https:\/\/www.startlap.hu\/utazas\/wp-json\/wp\/v2\/posts"}],"about":[{"href":"https:\/\/www.startlap.hu\/utazas\/wp-json\/wp\/v2\/types\/post"}],"author":[{"embeddable":true,"href":"https:\/\/www.startlap.hu\/utazas\/wp-json\/wp\/v2\/users\/45"}],"replies":[{"embeddable":true,"href":"https:\/\/www.startlap.hu\/utazas\/wp-json\/wp\/v2\/comments?post=63297"}],"version-history":[{"count":2,"href":"https:\/\/www.startlap.hu\/utazas\/wp-json\/wp\/v2\/posts\/63297\/revisions"}],"predecessor-version":[{"id":63300,"href":"https:\/\/www.startlap.hu\/utazas\/wp-json\/wp\/v2\/posts\/63297\/revisions\/63300"}],"wp:featuredmedia":[{"embeddable":true,"href":"https:\/\/www.startlap.hu\/utazas\/wp-json\/wp\/v2\/media\/63299"}],"wp:attachment":[{"href":"https:\/\/www.startlap.hu\/utazas\/wp-json\/wp\/v2\/media?parent=63297"}],"wp:term":[{"taxonomy":"category","embeddable":true,"href":"https:\/\/www.startlap.hu\/utazas\/wp-json\/wp\/v2\/categories?post=63297"},{"taxonomy":"post_tag","embeddable":true,"href":"https:\/\/www.startlap.hu\/utazas\/wp-json\/wp\/v2\/tags?post=63297"}],"curies":[{"name":"wp","href":"https:\/\/api.w.org\/{rel}","templated":true}]}}