{"id":6325,"date":"2020-02-05T15:50:23","date_gmt":"2020-02-05T14:50:23","guid":{"rendered":"https:\/\/www.startlap.hu\/utazas\/?p=6325"},"modified":"2020-02-05T15:51:03","modified_gmt":"2020-02-05T14:51:03","slug":"viz-ala-kerulhetnek-new-york-repuloterei","status":"publish","type":"post","link":"https:\/\/www.startlap.hu\/utazas\/viz-ala-kerulhetnek-new-york-repuloterei\/","title":{"rendered":"V\u00edz al\u00e1 ker\u00fclhetnek New York rep\u00fcl\u0151terei"},"content":{"rendered":"<p>&nbsp;A Vil\u00e1g Er\u0151forr\u00e1sai Int\u00e9zet (WRI) nev\u0171, k\u00f6rnyezetv\u00e9delemmel foglalkoz\u00f3 washingtoni agytr\u00f6szt elemz\u00e9se szerint 1 m\u00e9ternyi tengerszint emelked\u00e9s eset\u00e9n vil\u00e1gszerte 80 <a href=\"https:\/\/www.startlap.hu\/utazas\/10-legszebb-repuloter\/\" target=\"_blank\" rel=\"noopener\">rep\u00fcl\u0151teret<\/a> \u00f6ntene el a v\u00edz 2100-ig.<\/p>\n<p>Az ENSZ \u00c9ghajlatv\u00e1ltoz\u00e1si Korm\u00e1nyk\u00f6zi Test\u00fclet\u00e9nek (IPCC) 2019-es el\u0151rejelz\u00e9se szerint a glob\u00e1lis tengerszint nagyj\u00e1b\u00f3l 60-110 centim\u00e9terrel emelkedhet 2100-ig, amennyiben az \u00fcvegh\u00e1zhat\u00e1s\u00fa g\u00e1zok kibocs\u00e1t\u00e1sa tov\u00e1bb er\u0151s\u00f6dik.<\/p>\n<figure id=\"attachment_6327\" aria-describedby=\"caption-attachment-6327\" style=\"width: 755px\" class=\"wp-caption aligncenter\"><img loading=\"lazy\" decoding=\"async\" class=\"size-article-size-large-image wp-image-6327\" src=\"https:\/\/www.startlap.hu\/utazas\/uploads\/sites\/3\/2020\/02\/john_f_new-york-755x503.jpg\" alt=\"\" width=\"755\" height=\"503\" srcset=\"https:\/\/www.startlap.hu\/utazas\/uploads\/sites\/3\/2020\/02\/john_f_new-york-755x503.jpg 755w, https:\/\/www.startlap.hu\/utazas\/uploads\/sites\/3\/2020\/02\/john_f_new-york-525x350.jpg 525w, https:\/\/www.startlap.hu\/utazas\/uploads\/sites\/3\/2020\/02\/john_f_new-york.jpg 1254w\" sizes=\"auto, (max-width: 755px) 100vw, 755px\" \/><figcaption id=\"caption-attachment-6327\" class=\"wp-caption-text\">iStock<\/figcaption><\/figure>\n<p>A szakemberek szerint m\u00e9g ha siker\u00fcl is teljes\u00edteni a 2015-\u00f6s <strong>p\u00e1rizsi kl\u00edmaegyezm\u00e9ny c\u00e9lkit\u0171z\u00e9s\u00e9t<\/strong> &#8211; vagyis a F\u00f6ld felmeleged\u00e9s\u00e9t az iparosod\u00e1s el\u0151tti korszakhoz k\u00e9pest legfeljebb 2 Celsius-fokban korl\u00e1tozni -, <strong>akkor is csaknem 45 <a href=\"https:\/\/www.startlap.hu\/utazas\/10-legszebb-repuloter\/\" target=\"_blank\" rel=\"noopener\">rep\u00fcl\u0151t\u00e9r<\/a> fog v\u00edz al\u00e1 ker\u00fclni a vil\u00e1g alacsonyan fekv\u0151 ter\u00fcletein egy v\u00e1rhat\u00f3an f\u00e9l m\u00e9ternyi tengerszint-emelked\u00e9s nyom\u00e1n.<\/strong><\/p>\n<blockquote class=\"article__extraTxt\"><p>Mindez azt jelenti, hogy ha siker\u00fcl is megf\u00e9kezni a kl\u00edmav\u00e1ltoz\u00e1st, akkor is sz\u00fcks\u00e9g lesz az alkalmazkod\u00e1sra, p\u00e9ld\u00e1ul tengerparti v\u00e9d\u0151g\u00e1tak form\u00e1j\u00e1ban.<\/p><\/blockquote>\n<p>A WRI szerint az \u00e9rintett rep\u00fcl\u0151terek k\u00f6z\u00f6tt van a vil\u00e1g legforgalmasabb l\u00e9gikik\u00f6t\u0151inek egy r\u00e9sze, p\u00e9ld\u00e1ul <a href=\"https:\/\/www.startlap.hu\/utazas\/olcso-repulojegy-2020-tel-tavasz\/\" target=\"_blank\" rel=\"noopener\">New York<\/a> mindh\u00e1rom nemzetk\u00f6zi rep\u00fcl\u0151tere, valamint a k\u00ednai Jencseng Nanjang Nemzetk\u00f6zi Rep\u00fcl\u0151t\u00e9r.<\/p>\n<p>A tanulm\u00e1ny a sz\u00e9ls\u0151s\u00e9ges meleget \u00e9s a s\u00falyosbod\u00f3 term\u00e9szeti katasztr\u00f3f\u00e1kat is a rep\u00fcl\u0151tereket fenyeget\u0151, \u00e9ghajlattal \u00f6sszef\u00fcgg\u0151 t\u00e9nyez\u0151k k\u00f6z\u00e9 sorolta.<\/p>\n<p>&nbsp;<\/p>\n<p><span style=\"font-size: 10px\">(MTI)<\/span><\/p>\n","protected":false},"excerpt":{"rendered":"<p>V\u00edz al\u00e1 ker\u00fclhet a vil\u00e1g legforgalmasabb rep\u00fcl\u0151tereinek egy r\u00e9sze, k\u00f6zt\u00fck New York l\u00e9gikik\u00f6t\u0151i a sz\u00e1zad v\u00e9g\u00e9re, ha a glob\u00e1lis felmeleged\u00e9s hat\u00e1s\u00e1ra tov\u00e1bb emelkedik a tengerek szintje &#8211; figyelmeztetnek a kutat\u00f3k.<\/p>\n","protected":false},"author":36,"featured_media":6327,"comment_status":"open","ping_status":"open","sticky":false,"template":"","format":"standard","meta":{"footnotes":""},"categories":[70],"tags":[234,445,1403],"class_list":["post-6325","post","type-post","status-publish","format-standard","has-post-thumbnail","hentry","category-vilag","tag-egyesult-allamok","tag-new-york","tag-tudomany"],"aioseo_notices":[],"_links":{"self":[{"href":"https:\/\/www.startlap.hu\/utazas\/wp-json\/wp\/v2\/posts\/6325","targetHints":{"allow":["GET"]}}],"collection":[{"href":"https:\/\/www.startlap.hu\/utazas\/wp-json\/wp\/v2\/posts"}],"about":[{"href":"https:\/\/www.startlap.hu\/utazas\/wp-json\/wp\/v2\/types\/post"}],"author":[{"embeddable":true,"href":"https:\/\/www.startlap.hu\/utazas\/wp-json\/wp\/v2\/users\/36"}],"replies":[{"embeddable":true,"href":"https:\/\/www.startlap.hu\/utazas\/wp-json\/wp\/v2\/comments?post=6325"}],"version-history":[{"count":2,"href":"https:\/\/www.startlap.hu\/utazas\/wp-json\/wp\/v2\/posts\/6325\/revisions"}],"predecessor-version":[{"id":6328,"href":"https:\/\/www.startlap.hu\/utazas\/wp-json\/wp\/v2\/posts\/6325\/revisions\/6328"}],"wp:featuredmedia":[{"embeddable":true,"href":"https:\/\/www.startlap.hu\/utazas\/wp-json\/wp\/v2\/media\/6327"}],"wp:attachment":[{"href":"https:\/\/www.startlap.hu\/utazas\/wp-json\/wp\/v2\/media?parent=6325"}],"wp:term":[{"taxonomy":"category","embeddable":true,"href":"https:\/\/www.startlap.hu\/utazas\/wp-json\/wp\/v2\/categories?post=6325"},{"taxonomy":"post_tag","embeddable":true,"href":"https:\/\/www.startlap.hu\/utazas\/wp-json\/wp\/v2\/tags?post=6325"}],"curies":[{"name":"wp","href":"https:\/\/api.w.org\/{rel}","templated":true}]}}